{"id":14643,"global_id":"focolares.es\/ca?id=14643","global_id_lineage":["focolares.es\/ca?id=14643"],"author":"1","status":"publish","date":"2025-01-27 12:40:38","date_utc":"2025-01-27 11:40:38","modified":"2025-05-08 12:41:40","modified_utc":"2025-05-08 10:41:40","url":"https:\/\/focolares.es\/ca\/agenda\/el-interes-por-el-otro-y-el-crecimiento-de-la-empresa\/","rest_url":"https:\/\/focolares.es\/ca\/wp-json\/tribe\/events\/v1\/events\/14643","title":"El inter\u00e9s por el otro y el crecimiento de la empresa (online)","description":"<p><strong>Julio A. Ruiz<\/strong>, doctor en Econom\u00eda y profesor de la Universidad de Buenos Aires, expondr\u00e1 el tema <strong>El inter\u00e9s por el otro y el crecimiento de la empresa<\/strong>\u00a0en torno a un caso.<\/p>\n<p><strong>Dirigida a<\/strong>: profesionales con responsabilidades en el mundo de la gesti\u00f3n de todo tipo de empresas u organizaciones p\u00fablicas, privadas o no gubernamentales de cualquier sector, y j\u00f3venes en formaci\u00f3n en estas materias, que compartan el objetivo de poner a las personas en el centro de la empresa, as\u00ed como cualquier otra persona interesada en este campo.<\/p>\n<p><strong>Inscripci\u00f3n<\/strong>:\u00a0<a href=\"mailto:grupdegestio@focolars.org\">grupdegestio@focolars.org<\/a><\/p>","excerpt":"<p>Julio A. Ruiz expondr\u00e1 el tema \u00abEl inter\u00e9s por el otro y el crecimiento de la empresa\u00bb\u00a0en torno a un caso.<\/p>","slug":"el-interes-por-el-otro-y-el-crecimiento-de-la-empresa","image":{"url":"https:\/\/focolares.es\/wp-content\/uploads\/2025\/01\/Logo-grupo-de-Gestion-Empresarial.jpg","id":14633,"extension":"jpg","width":900,"height":600,"filesize":31405,"sizes":{"medium":{"width":300,"height":200,"mime-type":"image\/jpeg","filesize":4149,"url":"https:\/\/focolares.es\/wp-content\/uploads\/2025\/01\/Logo-grupo-de-Gestion-Empresarial-300x200.jpg"},"thumbnail":{"width":150,"height":150,"mime-type":"image\/jpeg","filesize":2227,"url":"https:\/\/focolares.es\/wp-content\/uploads\/2025\/01\/Logo-grupo-de-Gestion-Empresarial-150x150.jpg"},"medium_large":{"width":768,"height":512,"mime-type":"image\/jpeg","filesize":15576,"url":"https:\/\/focolares.es\/wp-content\/uploads\/2025\/01\/Logo-grupo-de-Gestion-Empresarial-768x512.jpg"},"trp-custom-language-flag":{"width":18,"height":12,"mime-type":"image\/jpeg","filesize":383,"url":"https:\/\/focolares.es\/wp-content\/uploads\/2025\/01\/Logo-grupo-de-Gestion-Empresarial-18x12.jpg"},"cmplz_banner_image":{"width":350,"height":100,"mime-type":"image\/jpeg","filesize":1447,"url":"https:\/\/focolares.es\/wp-content\/uploads\/2025\/01\/Logo-grupo-de-Gestion-Empresarial-350x100.jpg"}}},"all_day":false,"start_date":"2024-06-04 19:00:00","start_date_details":{"year":"2024","month":"06","day":"04","hour":"19","minutes":"00","seconds":"00"},"end_date":"2024-06-04 20:30:00","end_date_details":{"year":"2024","month":"06","day":"04","hour":"20","minutes":"30","seconds":"00"},"utc_start_date":"2024-06-04 17:00:00","utc_start_date_details":{"year":"2024","month":"06","day":"04","hour":"17","minutes":"00","seconds":"00"},"utc_end_date":"2024-06-04 18:30:00","utc_end_date_details":{"year":"2024","month":"06","day":"04","hour":"18","minutes":"30","seconds":"00"},"timezone":"Europe\/Madrid","timezone_abbr":"CEST","cost":"","cost_details":{"currency_symbol":"","currency_code":"","currency_position":"","values":[]},"website":"","show_map":false,"show_map_link":false,"hide_from_listings":false,"sticky":false,"featured":false,"categories":[],"tags":[],"venue":[],"organizer":[{"id":14636,"author":"1","status":"publish","date":"2025-01-27 11:35:46","date_utc":"2025-01-27 10:35:46","modified":"2025-01-28 12:17:34","modified_utc":"2025-01-28 11:17:34","url":"https:\/\/focolares.es\/ca\/organitzador\/grupo-de-gestion-empresarial-de-barcelona\/","organizer":"Grupo de Gesti\u00f3n Empresarial","slug":"grupo-de-gestion-empresarial-de-barcelona","website":"https:\/\/sway.cloud.microsoft\/H32Hs6UQRDhtwlYR","email":"grupdegestio@focolars.org","json_ld":{"@type":"Person","name":"Grupo de Gesti\u00f3n Empresarial","description":"","url":"https:\/\/sway.cloud.microsoft\/H32Hs6UQRDhtwlYR","telephone":"","email":"gr&#117;p&#100;&#101;ge&#115;&#116;&#105;o&#64;foc&#111;&#108;a&#114;&#115;&#46;o&#114;&#103;","sameAs":"https:\/\/sway.cloud.microsoft\/H32Hs6UQRDhtwlYR"},"global_id":"focolares.es\/ca?id=14636","global_id_lineage":["focolares.es\/ca?id=14636"]}],"custom_fields":[],"json_ld":{"@context":"http:\/\/schema.org","@type":"Event","name":"El inter\u00e9s por el otro y el crecimiento de la empresa (online)","description":"&lt;p&gt;Julio A. Ruiz expondr\u00e1 el tema &quot;El inter\u00e9s por el otro y el crecimiento de la empresa&quot;\u00a0en torno a un caso.&lt;\/p&gt;\\n","image":"https:\/\/focolares.es\/wp-content\/uploads\/2025\/01\/Logo-grupo-de-Gestion-Empresarial.jpg","url":"https:\/\/focolares.es\/ca\/agenda\/el-interes-por-el-otro-y-el-crecimiento-de-la-empresa\/","eventAttendanceMode":"https:\/\/schema.org\/OfflineEventAttendanceMode","eventStatus":"https:\/\/schema.org\/EventScheduled","startDate":"2024-06-04T19:00:00+02:00","endDate":"2024-06-04T20:30:00+02:00","organizer":{"@type":"Person","name":"Grupo de Gesti\u00f3n Empresarial","description":"","url":"https:\/\/sway.cloud.microsoft\/H32Hs6UQRDhtwlYR","telephone":"","email":"gru&#112;d&#101;ge&#115;tio&#64;foc&#111;lars&#46;o&#114;g","sameAs":"https:\/\/sway.cloud.microsoft\/H32Hs6UQRDhtwlYR"},"performer":"Organization"},"ticketed":false}