{"id":16122,"global_id":"focolares.es\/ca?id=16122","global_id_lineage":["focolares.es\/ca?id=16122"],"author":"8","status":"publish","date":"2025-05-01 14:52:30","date_utc":"2025-05-01 12:52:30","modified":"2025-05-17 16:59:28","modified_utc":"2025-05-17 14:59:28","url":"https:\/\/focolares.es\/ca\/agenda\/trastorno-limite-de-la-personalidad-tlp-online\/","rest_url":"https:\/\/focolares.es\/ca\/wp-json\/tribe\/events\/v1\/events\/16122","title":"Trastorno L\u00edmite de la personalidad (TLP) (online)","description":"<p><em>La Fundaci\u00f3n Igino Giordani<\/em>\u00a0<em>(FIG)<\/em>\u00a0y la\u00a0<em>Facultad de Educaci\u00f3n de la Universidad Complutense de Madrid (UCM)<\/em>, han puesto en marcha el proyecto<strong><a href=\"https:\/\/fundaciongiordani.org\/proyectos\/promocion-de-la-paz-y-la-fraternidad-en-la-educacion\/\" target=\"_blank\" rel=\"noopener\">\u00a0Alianza para la promoci\u00f3n de la paz y la fraternidad en la educaci\u00f3n<\/a>,\u00a0<\/strong>que fomenta el bienestar mental y la convivencia pac\u00edfica a trav\u00e9s de formaci\u00f3n, recursos pr\u00e1cticos y espacios de reflexi\u00f3n.<\/p>\n<p><strong>Quinta sesi\u00f3n:<\/strong><\/p>\n<ul>\n<li>Intervienen<strong>:<\/strong>\u00a0<strong>Malena Garc\u00eda Rubio y Nora Ftaich del Cid<\/strong><\/li>\n<\/ul>\n<p>Acceso: a trav\u00e9s del canal de\u00a0<a href=\"https:\/\/www.youtube.com\/live\/jaqEGEfITGE\" target=\"_blank\" rel=\"noopener\">YouTube<\/a>\u00a0de la FIG.<\/p>","excerpt":"<p>Quinto Webinar sobre proyecto formativo de la Fundaci\u00f3n Igino Giordani y la Universidad Complutense de Madrid<\/p>","slug":"trastorno-limite-de-la-personalidad-tlp-online","image":{"url":"https:\/\/focolares.es\/wp-content\/uploads\/2025\/05\/IMG-FIG-Proyecto-5-webinar.jpg","id":16123,"extension":"jpg","width":900,"height":600,"filesize":91396,"sizes":{"medium":{"width":300,"height":200,"mime-type":"image\/jpeg","filesize":6299,"url":"https:\/\/focolares.es\/wp-content\/uploads\/2025\/05\/IMG-FIG-Proyecto-5-webinar-300x200.jpg"},"thumbnail":{"width":150,"height":150,"mime-type":"image\/jpeg","filesize":3219,"url":"https:\/\/focolares.es\/wp-content\/uploads\/2025\/05\/IMG-FIG-Proyecto-5-webinar-150x150.jpg"},"medium_large":{"width":768,"height":512,"mime-type":"image\/jpeg","filesize":22397,"url":"https:\/\/focolares.es\/wp-content\/uploads\/2025\/05\/IMG-FIG-Proyecto-5-webinar-768x512.jpg"},"trp-custom-language-flag":{"width":18,"height":12,"mime-type":"image\/jpeg","filesize":777,"url":"https:\/\/focolares.es\/wp-content\/uploads\/2025\/05\/IMG-FIG-Proyecto-5-webinar-18x12.jpg"}}},"all_day":false,"start_date":"2025-05-29 19:00:00","start_date_details":{"year":"2025","month":"05","day":"29","hour":"19","minutes":"00","seconds":"00"},"end_date":"2025-05-29 19:30:00","end_date_details":{"year":"2025","month":"05","day":"29","hour":"19","minutes":"30","seconds":"00"},"utc_start_date":"2025-05-29 17:00:00","utc_start_date_details":{"year":"2025","month":"05","day":"29","hour":"17","minutes":"00","seconds":"00"},"utc_end_date":"2025-05-29 17:30:00","utc_end_date_details":{"year":"2025","month":"05","day":"29","hour":"17","minutes":"30","seconds":"00"},"timezone":"Europe\/Madrid","timezone_abbr":"CEST","cost":"","cost_details":{"currency_symbol":"","currency_code":"","currency_position":"","values":[]},"website":"https:\/\/fundaciongiordani.org\/proyectos\/promocion-de-la-paz-y-la-fraternidad-en-la-educacion\/","show_map":false,"show_map_link":false,"hide_from_listings":false,"sticky":false,"featured":false,"categories":[],"tags":[{"name":"Humanidades y pensamiento","slug":"humanidades-y-pensamiento","term_group":0,"term_taxonomy_id":59,"taxonomy":"post_tag","description":"","parent":0,"count":8,"filter":"raw","id":59,"urls":{"self":"https:\/\/focolares.es\/ca\/wp-json\/tribe\/events\/v1\/tags\/59","collection":"https:\/\/focolares.es\/ca\/wp-json\/tribe\/events\/v1\/tags"}}],"venue":[],"organizer":[{"id":14678,"author":"1","status":"publish","date":"2025-01-28 10:23:41","date_utc":"2025-01-28 09:23:41","modified":"2025-01-28 10:23:41","modified_utc":"2025-01-28 09:23:41","url":"https:\/\/focolares.es\/ca\/organitzador\/fundacion-igino-giordani\/","organizer":"Fundaci\u00f3n Igino Giordani","slug":"fundacion-igino-giordani","json_ld":{"@type":"Person","name":"Fundaci\u00f3n Igino Giordani","description":"","url":"","telephone":"","email":"","sameAs":""},"global_id":"focolares.es\/ca?id=14678","global_id_lineage":["focolares.es\/ca?id=14678"]}],"custom_fields":[],"json_ld":{"@context":"http:\/\/schema.org","@type":"Event","name":"Trastorno L\u00edmite de la personalidad (TLP) (online)","description":"&lt;p&gt;Quinto Webinar sobre proyecto formativo de la Fundaci\u00f3n Igino Giordani y la Universidad Complutense de Madrid&lt;\/p&gt;\\n","image":"https:\/\/focolares.es\/wp-content\/uploads\/2025\/05\/IMG-FIG-Proyecto-5-webinar.jpg","url":"https:\/\/focolares.es\/ca\/agenda\/trastorno-limite-de-la-personalidad-tlp-online\/","eventAttendanceMode":"https:\/\/schema.org\/OfflineEventAttendanceMode","eventStatus":"https:\/\/schema.org\/EventScheduled","startDate":"2025-05-29T19:00:00+02:00","endDate":"2025-05-29T19:30:00+02:00","organizer":{"@type":"Person","name":"Fundaci\u00f3n Igino Giordani","description":"","url":"","telephone":"","email":"","sameAs":""},"performer":"Organization"},"ticketed":false}