{"id":14973,"date":"2025-01-02T22:15:00","date_gmt":"2025-01-02T21:15:00","guid":{"rendered":"https:\/\/focolares.es\/?p=14973"},"modified":"2025-05-10T18:17:43","modified_gmt":"2025-05-10T16:17:43","slug":"manifest-per-la-pau-a-orient-proper","status":"publish","type":"post","link":"https:\/\/focolares.es\/ca\/manifiesto-por-la-paz-en-oriente-proximo\/","title":{"rendered":"Manifest per la Pau al Pr\u00f2xim Orient"},"content":{"rendered":"<h3 class=\"wp-block-heading\"><em>Coincidint amb la Jornada Mundial de la Pau de 1 de gener, fem p\u00fablic aquest Manifest per la Pau, sorgit de la trobada espiritual, formativa i d&#039;ampli intercanvi celebrat a Madrid, amb membres del Moviment dels Focolars procedents de tot l&#039;arc mediterrani.<\/em><\/h3>\n\n\n\n<div style=\"height:30px\" aria-hidden=\"true\" class=\"wp-block-spacer\"><\/div>\n\n\n\n<p>Al mes de desembre s&#039;ha realitzat a Madrid un rec\u00e9s espiritual amb 240 persones membres del Moviment dels Focolars, procedents de diferents regions de l&#039;\u00e0rea mediterr\u00e0nia i de diversos pa\u00efsos europeus.<\/p>\n\n\n\n<p>Aquests dies, viscuts en comuni\u00f3, han perm\u00e8s con\u00e8ixer de primera m\u00e0 els efectes devastadors que la guerra est\u00e0 tenint al Pr\u00f2xim Orient.<\/p>\n\n\n\n<p>Com a conclusi\u00f3 d&#039;aquestes jornades, els participants han considerat un deure moral subscriure el manifest seg\u00fcent, expressant el seu comprom\u00eds a favor de la pau.<\/p>\n\n\n\n<blockquote class=\"wp-block-quote is-layout-flow wp-block-quote-is-layout-flow\">\n<h3 class=\"wp-block-heading\">Manifest per la Pau al Pr\u00f2xim Orient<\/h3>\n\n\n\n<p>Nosaltres,&nbsp;<strong>240 representants del Moviment dels Focolars reunits a Madrid<\/strong>, habitants a l&#039;arc mediterrani, juntament amb alguns responsables d&#039;Europa occidental ia nivell mundial, expressem el dolor i la preocupaci\u00f3 per la persist\u00e8ncia dels conflictes armats que assolen el Pr\u00f2xim Orient i altres regions del m\u00f3n. Les veus dels qui pateixen per la barb\u00e0rie i la destrucci\u00f3 reflecteixen una hist\u00f2ria de viol\u00e8ncia que sembla destinada a perpetuar-se; es tracta de persones amb dret a viure i desenvolupar-se lliures d&#039;interessos geopol\u00edtics i militars.<\/p>\n\n\n\n<p>La hist\u00f2ria humana ens ensenya que&nbsp;<strong>sense empatia, perd\u00f3 i just\u00edcia no \u00e9s possible assolir una pau duradora<\/strong>. Per aix\u00f2, publiquem el manifest seg\u00fcent:<\/p>\n\n\n\n<p><strong>Encabir-se a la pau<\/strong><\/p>\n\n\n\n<ul class=\"wp-block-list\">\n<li><strong>Reafirmem<\/strong>&nbsp;el nostre comprom\u00eds personal i col\u00b7lectiu per la unitat i la fraternitat universal com a garantia de pau. Creiem que la conc\u00f2rdia \u00e9s urgent i requereix el reconeixement mutu, el respecte, la just\u00edcia, el di\u00e0leg sincer i la cooperaci\u00f3 entre individus, grups i pobles.<\/li>\n\n\n\n<li><strong>L&#039;experi\u00e8ncia quotidiana<\/strong>&nbsp;d&#039;acceptaci\u00f3 de la diversitat cultural i modes de vida i les hist\u00f2ries personals tirades endavant m\u00e9s enll\u00e0 de les ferides, ens empenyen a cridar.<strong>prou la guerra<\/strong>!<\/li>\n\n\n\n<li><strong>Condemnem<\/strong>&nbsp;qualsevol forma de viol\u00e8ncia, injust\u00edcia i opressi\u00f3 que atempti contra la dignitat de les persones i els pobles, perpetuant el patiment d&#039;\u00e9ssers innocents.<\/li>\n<\/ul>\n\n\n\n<p><strong>Multiplicar les microaccions per la pau<\/strong><\/p>\n\n\n\n<p>En l&#039;\u00e0mbit de la diplom\u00e0cia, la necessitat d&#039;una&nbsp;<em>microfonamentaci\u00f3<\/em>&nbsp;de les relacions internacionals \u00e9s cada cop m\u00e9s evident, ja que la pol\u00edtica exterior d&#039;un pa\u00eds s&#039;ha de basar en les decisions, les accions i les interaccions que els ciutadans corrents prenen cada dia.<\/p>\n\n\n\n<p><strong><em>La pol\u00edtica de pau<\/em><\/strong>&nbsp;requereix un canvi i&nbsp;<strong>exigeix que la pau estigui al centre de tota pol\u00edtica econ\u00f2mica, social, educativa, sanit\u00e0ria,&nbsp;<\/strong>etc., perqu\u00e8 nom\u00e9s aix\u00ed es pot convertir en una tasca global i incisiva.<\/p>\n\n\n\n<p>Per aix\u00f2, conscients que ho&nbsp;<em>macro<\/em>&nbsp;es construeix en all\u00f2&nbsp;<em>micro<\/em>, i responsables de no deixar sols els governs, que semblen incapa\u00e7os de mitigar el patiment de sencers pobles, ens comprometem a:<\/p>\n\n\n\n<ul class=\"wp-block-list\">\n<li><strong>Implementar<\/strong>&nbsp;aliances i col\u00b7laboracions entre els pobles mediterranis.<\/li>\n\n\n\n<li><strong>Intensificar<\/strong>&nbsp;xarxes de solidaritat per donar suport, en primer lloc, a les v\u00edctimes de la guerra.<\/li>\n\n\n\n<li><strong>Promoure<\/strong>&nbsp;programes educatius per reduir la bretxa intercultural i intergeneracional i&nbsp;<strong>inculcar a les noves generacions una cultura de pau, inclusi\u00f3 i no viol\u00e8ncia.<\/strong><\/li>\n\n\n\n<li><strong>Fomentar<\/strong>&nbsp;iniciatives locals i globals que promoguin el di\u00e0leg interreligi\u00f3s i intercultural.<\/li>\n<\/ul>\n\n\n\n<p><strong>Una crida a la comunitat internacional<\/strong><\/p>\n\n\n\n<p>\u00c9s urgent passar d&#039;una pol\u00edtica intergovernamental a una pol\u00edtica planet\u00e0ria que respecti els \u00e9ssers humans i el medi ambient, i que actu\u00ef&nbsp;<strong>amb responsabilitat cap a les generacions futures<\/strong>. Per aix\u00f2, fem una crida als responsables pol\u00edtics ia les organitzacions internacionals per a:<\/p>\n\n\n\n<ul class=\"wp-block-list\">\n<li><strong>Redoblar<\/strong>&nbsp;els esfor\u00e7os diplom\u00e0tics per al cessament immediat de les hostilitats.<\/li>\n\n\n\n<li><strong>Reduir<\/strong>&nbsp;urgentment la producci\u00f3 i comer\u00e7 d&#039;armes per aturar l&#039;escalada dels conflictes.<\/li>\n\n\n\n<li><strong>Proporcionar<\/strong>&nbsp;ajuda humanit\u00e0ria efica\u00e7 a les poblacions afectades.<\/li>\n\n\n\n<li><strong>Establir<\/strong>&nbsp;mecanismes justos per a la pau i la reconstrucci\u00f3 a les regions devastades.<\/li>\n<\/ul>\n\n\n\n<p><strong>Units per un futur millor<\/strong><\/p>\n\n\n\n<p>Conscients de l&#039;immens desafiament, sabem que els nostres gestos quotidians, encara que desproporcionats, contenen llavors d&#039;esperan\u00e7a per generar i estendre&nbsp;<em>una cultura de la fraternitat<\/em>, confiant que juntament amb altres persones, grups i institucions, ser\u00e0 possible alleujar el patiment i obrir nous camins de reconciliaci\u00f3.<\/p>\n\n\n\n<p>Si vivim a l&#039;\u00e8poca de la&nbsp;<strong><em>guerra mundial a trossos<\/em><\/strong>, volem somiar una&nbsp;<strong><em>pau mundial constru\u00efda tros a tros.<\/em><\/strong><\/p>\n<\/blockquote>\n\n\n\n<p class=\"has-text-align-right\"><em>240 representants del Moviment dels Focolars pertanyents als pobles de l&#039;arc mediterrani<br>Desembre de 2024<\/em><\/p>\n\n\n\n<p><a href=\"https:\/\/focolares.es\/wp-content\/uploads\/2025\/02\/ES_Manifiesto-por-la-paz-en-Oriente-Proximo_compressed.pdf\" target=\"_blank\" rel=\"noreferrer noopener\">Descarregar pdf (castell\u00e0)<\/a><\/p>\n\n\n\n<p><a href=\"https:\/\/focolares.es\/wp-content\/uploads\/2025\/02\/EN_Manifesto-for-Peace-in-the-Middle-East_compressed.pdf\" target=\"_blank\" rel=\"noreferrer noopener\">Download pdf (English)<\/a><\/p>\n\n\n\n<p><a href=\"https:\/\/focolares.es\/wp-content\/uploads\/2025\/02\/IT-Manifesto-per-la-pace-in-Medio-Oriente_compressed.pdf\" target=\"_blank\" rel=\"noreferrer noopener\">Scaricare pdf (itali\u00e0)<\/a><\/p>\n\n\n\n<p><\/p>","protected":false},"excerpt":{"rendered":"<p>Manifest per la Pau, sorgit d&#039;una trobada espiritual, formativa i de gran intercanvi celebrada a Madrid.<\/p>","protected":false},"author":8,"featured_media":14974,"comment_status":"open","ping_status":"closed","sticky":false,"template":"","format":"standard","meta":{"_price":"","_stock":"","_tribe_ticket_header":"","_tribe_default_ticket_provider":"","_tribe_ticket_capacity":"0","_ticket_start_date":"","_ticket_end_date":"","_tribe_ticket_show_description":"","_tribe_ticket_show_not_going":false,"_tribe_ticket_use_global_stock":"","_tribe_ticket_global_stock_level":"","_global_stock_mode":"","_global_stock_cap":"","_tribe_rsvp_for_event":"","_tribe_ticket_going_count":"","_tribe_ticket_not_going_count":"","_tribe_tickets_list":"[]","_tribe_ticket_has_attendee_info_fields":false,"footnotes":""},"categories":[1],"tags":[42],"class_list":["post-14973","post","type-post","status-publish","format-standard","has-post-thumbnail","hentry","category-uncategorized","tag-comunicado"],"yoast_head":"<!-- This site is optimized with the Yoast SEO plugin v27.2 - https:\/\/yoast.com\/product\/yoast-seo-wordpress\/ -->\n<title>Manifiesto por la Paz en Oriente Pr\u00f3ximo - Focolares<\/title>\n<meta name=\"description\" content=\"Manifiesto por la Paz en Oriente Pr\u00f3ximo, surgido del encuentro espiritual, formativo y de amplio intercambio celebrado en Madrid.\" \/>\n<meta name=\"robots\" content=\"index, follow, max-snippet:-1, max-image-preview:large, max-video-preview:-1\" \/>\n<link rel=\"canonical\" href=\"https:\/\/focolares.es\/ca\/manifest-per-la-pau-a-orient-proper\/\" \/>\n<meta property=\"og:locale\" content=\"ca_ES\" \/>\n<meta property=\"og:type\" content=\"article\" \/>\n<meta property=\"og:title\" content=\"Manifiesto por la Paz en Oriente Pr\u00f3ximo - Focolares\" \/>\n<meta property=\"og:description\" content=\"Manifiesto por la Paz en Oriente Pr\u00f3ximo, surgido del encuentro espiritual, formativo y de amplio intercambio celebrado en Madrid.\" \/>\n<meta property=\"og:url\" content=\"https:\/\/focolares.es\/ca\/manifest-per-la-pau-a-orient-proper\/\" \/>\n<meta property=\"og:site_name\" content=\"Movimiento de los Focolares\" \/>\n<meta property=\"article:published_time\" content=\"2025-01-02T21:15:00+00:00\" \/>\n<meta property=\"article:modified_time\" content=\"2025-05-10T16:17:43+00:00\" \/>\n<meta property=\"og:image\" content=\"https:\/\/focolares.es\/wp-content\/uploads\/2025\/02\/IMG-Dest-Retiro-2024-Foc-900x600-1.jpg\" \/>\n\t<meta property=\"og:image:width\" content=\"900\" \/>\n\t<meta property=\"og:image:height\" content=\"600\" \/>\n\t<meta property=\"og:image:type\" content=\"image\/jpeg\" \/>\n<meta name=\"author\" content=\"Sonia\" \/>\n<meta name=\"twitter:card\" content=\"summary_large_image\" \/>\n<meta name=\"twitter:label1\" content=\"Escrit per\" \/>\n\t<meta name=\"twitter:data1\" content=\"Sonia\" \/>\n\t<meta name=\"twitter:label2\" content=\"Temps estimat de lectura\" \/>\n\t<meta name=\"twitter:data2\" content=\"1 minut\" \/>\n<script type=\"application\/ld+json\" class=\"yoast-schema-graph\">{\"@context\":\"https:\/\/schema.org\",\"@graph\":[{\"@type\":\"Article\",\"@id\":\"https:\/\/focolares.es\/manifiesto-por-la-paz-en-oriente-proximo\/#article\",\"isPartOf\":{\"@id\":\"https:\/\/focolares.es\/manifiesto-por-la-paz-en-oriente-proximo\/\"},\"author\":{\"name\":\"Sonia\",\"@id\":\"https:\/\/focolares.es\/#\/schema\/person\/460a502493de84fa7b318667e9a5c289\"},\"headline\":\"Manifiesto por la Paz en Oriente Pr\u00f3ximo\",\"datePublished\":\"2025-01-02T21:15:00+00:00\",\"dateModified\":\"2025-05-10T16:17:43+00:00\",\"mainEntityOfPage\":{\"@id\":\"https:\/\/focolares.es\/manifiesto-por-la-paz-en-oriente-proximo\/\"},\"wordCount\":797,\"commentCount\":0,\"publisher\":{\"@id\":\"https:\/\/focolares.es\/#organization\"},\"image\":{\"@id\":\"https:\/\/focolares.es\/manifiesto-por-la-paz-en-oriente-proximo\/#primaryimage\"},\"thumbnailUrl\":\"https:\/\/focolares.es\/wp-content\/uploads\/2025\/02\/IMG-Dest-Retiro-2024-Foc-900x600-1.jpg\",\"keywords\":[\"Comunicado\"],\"articleSection\":[\"Uncategorized\"],\"inLanguage\":\"ca\",\"potentialAction\":[{\"@type\":\"CommentAction\",\"name\":\"Comment\",\"target\":[\"https:\/\/focolares.es\/manifiesto-por-la-paz-en-oriente-proximo\/#respond\"]}]},{\"@type\":\"WebPage\",\"@id\":\"https:\/\/focolares.es\/manifiesto-por-la-paz-en-oriente-proximo\/\",\"url\":\"https:\/\/focolares.es\/manifiesto-por-la-paz-en-oriente-proximo\/\",\"name\":\"Manifiesto por la Paz en Oriente Pr\u00f3ximo - Focolares\",\"isPartOf\":{\"@id\":\"https:\/\/focolares.es\/#website\"},\"primaryImageOfPage\":{\"@id\":\"https:\/\/focolares.es\/manifiesto-por-la-paz-en-oriente-proximo\/#primaryimage\"},\"image\":{\"@id\":\"https:\/\/focolares.es\/manifiesto-por-la-paz-en-oriente-proximo\/#primaryimage\"},\"thumbnailUrl\":\"https:\/\/focolares.es\/wp-content\/uploads\/2025\/02\/IMG-Dest-Retiro-2024-Foc-900x600-1.jpg\",\"datePublished\":\"2025-01-02T21:15:00+00:00\",\"dateModified\":\"2025-05-10T16:17:43+00:00\",\"description\":\"Manifiesto por la Paz en Oriente Pr\u00f3ximo, surgido del encuentro espiritual, formativo y de amplio intercambio celebrado en Madrid.\",\"breadcrumb\":{\"@id\":\"https:\/\/focolares.es\/manifiesto-por-la-paz-en-oriente-proximo\/#breadcrumb\"},\"inLanguage\":\"ca\",\"potentialAction\":[{\"@type\":\"ReadAction\",\"target\":[\"https:\/\/focolares.es\/manifiesto-por-la-paz-en-oriente-proximo\/\"]}]},{\"@type\":\"ImageObject\",\"inLanguage\":\"ca\",\"@id\":\"https:\/\/focolares.es\/manifiesto-por-la-paz-en-oriente-proximo\/#primaryimage\",\"url\":\"https:\/\/focolares.es\/wp-content\/uploads\/2025\/02\/IMG-Dest-Retiro-2024-Foc-900x600-1.jpg\",\"contentUrl\":\"https:\/\/focolares.es\/wp-content\/uploads\/2025\/02\/IMG-Dest-Retiro-2024-Foc-900x600-1.jpg\",\"width\":900,\"height\":600},{\"@type\":\"BreadcrumbList\",\"@id\":\"https:\/\/focolares.es\/manifiesto-por-la-paz-en-oriente-proximo\/#breadcrumb\",\"itemListElement\":[{\"@type\":\"ListItem\",\"position\":1,\"name\":\"Portada\",\"item\":\"https:\/\/focolares.es\/\"},{\"@type\":\"ListItem\",\"position\":2,\"name\":\"Manifiesto por la Paz en Oriente Pr\u00f3ximo\"}]},{\"@type\":\"WebSite\",\"@id\":\"https:\/\/focolares.es\/#website\",\"url\":\"https:\/\/focolares.es\/\",\"name\":\"Movimiento de los Focolares\",\"description\":\"\",\"publisher\":{\"@id\":\"https:\/\/focolares.es\/#organization\"},\"potentialAction\":[{\"@type\":\"SearchAction\",\"target\":{\"@type\":\"EntryPoint\",\"urlTemplate\":\"https:\/\/focolares.es\/?s={search_term_string}\"},\"query-input\":{\"@type\":\"PropertyValueSpecification\",\"valueRequired\":true,\"valueName\":\"search_term_string\"}}],\"inLanguage\":\"ca\"},{\"@type\":\"Organization\",\"@id\":\"https:\/\/focolares.es\/#organization\",\"name\":\"Movimiento de los Focolares\",\"url\":\"https:\/\/focolares.es\/\",\"logo\":{\"@type\":\"ImageObject\",\"inLanguage\":\"ca\",\"@id\":\"https:\/\/focolares.es\/#\/schema\/logo\/image\/\",\"url\":\"https:\/\/focolares.es\/wp-content\/uploads\/2024\/03\/Logo_focolares-1024x944-1.jpg\",\"contentUrl\":\"https:\/\/focolares.es\/wp-content\/uploads\/2024\/03\/Logo_focolares-1024x944-1.jpg\",\"width\":1024,\"height\":944,\"caption\":\"Movimiento de los Focolares\"},\"image\":{\"@id\":\"https:\/\/focolares.es\/#\/schema\/logo\/image\/\"}},{\"@type\":\"Person\",\"@id\":\"https:\/\/focolares.es\/#\/schema\/person\/460a502493de84fa7b318667e9a5c289\",\"name\":\"Sonia\",\"image\":{\"@type\":\"ImageObject\",\"inLanguage\":\"ca\",\"@id\":\"https:\/\/focolares.es\/wp-content\/litespeed\/avatar\/cdad09e33a37c7312cdc76ceae4bbc88.jpg?ver=1777375640\",\"url\":\"https:\/\/focolares.es\/wp-content\/litespeed\/avatar\/cdad09e33a37c7312cdc76ceae4bbc88.jpg?ver=1777375640\",\"contentUrl\":\"https:\/\/focolares.es\/wp-content\/litespeed\/avatar\/cdad09e33a37c7312cdc76ceae4bbc88.jpg?ver=1777375640\",\"caption\":\"Sonia\"},\"url\":\"https:\/\/focolares.es\/ca\/author\/sonia\/\"}]}<\/script>\n<!-- \/ Yoast SEO plugin. -->","yoast_head_json":{"title":"Manifest per la Pau al Pr\u00f2xim Orient - Focolars","description":"Manifest per la Pau al Pr\u00f2xim Orient, sorgit de la trobada espiritual, formativa i d&#039;ampli intercanvi celebrat a Madrid.","robots":{"index":"index","follow":"follow","max-snippet":"max-snippet:-1","max-image-preview":"max-image-preview:large","max-video-preview":"max-video-preview:-1"},"canonical":"https:\/\/focolares.es\/ca\/manifest-per-la-pau-a-orient-proper\/","og_locale":"ca_ES","og_type":"article","og_title":"Manifiesto por la Paz en Oriente Pr\u00f3ximo - Focolares","og_description":"Manifiesto por la Paz en Oriente Pr\u00f3ximo, surgido del encuentro espiritual, formativo y de amplio intercambio celebrado en Madrid.","og_url":"https:\/\/focolares.es\/ca\/manifest-per-la-pau-a-orient-proper\/","og_site_name":"Movimiento de los Focolares","article_published_time":"2025-01-02T21:15:00+00:00","article_modified_time":"2025-05-10T16:17:43+00:00","og_image":[{"width":900,"height":600,"url":"https:\/\/focolares.es\/wp-content\/uploads\/2025\/02\/IMG-Dest-Retiro-2024-Foc-900x600-1.jpg","type":"image\/jpeg"}],"author":"Sonia","twitter_card":"summary_large_image","twitter_misc":{"Escrit per":"Sonia","Temps estimat de lectura":"1 minut"},"schema":{"@context":"https:\/\/schema.org","@graph":[{"@type":"Article","@id":"https:\/\/focolares.es\/manifiesto-por-la-paz-en-oriente-proximo\/#article","isPartOf":{"@id":"https:\/\/focolares.es\/manifiesto-por-la-paz-en-oriente-proximo\/"},"author":{"name":"Sonia","@id":"https:\/\/focolares.es\/#\/schema\/person\/460a502493de84fa7b318667e9a5c289"},"headline":"Manifiesto por la Paz en Oriente Pr\u00f3ximo","datePublished":"2025-01-02T21:15:00+00:00","dateModified":"2025-05-10T16:17:43+00:00","mainEntityOfPage":{"@id":"https:\/\/focolares.es\/manifiesto-por-la-paz-en-oriente-proximo\/"},"wordCount":797,"commentCount":0,"publisher":{"@id":"https:\/\/focolares.es\/#organization"},"image":{"@id":"https:\/\/focolares.es\/manifiesto-por-la-paz-en-oriente-proximo\/#primaryimage"},"thumbnailUrl":"https:\/\/focolares.es\/wp-content\/uploads\/2025\/02\/IMG-Dest-Retiro-2024-Foc-900x600-1.jpg","keywords":["Comunicado"],"articleSection":["Uncategorized"],"inLanguage":"ca","potentialAction":[{"@type":"CommentAction","name":"Comment","target":["https:\/\/focolares.es\/manifiesto-por-la-paz-en-oriente-proximo\/#respond"]}]},{"@type":"WebPage","@id":"https:\/\/focolares.es\/manifiesto-por-la-paz-en-oriente-proximo\/","url":"https:\/\/focolares.es\/manifiesto-por-la-paz-en-oriente-proximo\/","name":"Manifest per la Pau al Pr\u00f2xim Orient - Focolars","isPartOf":{"@id":"https:\/\/focolares.es\/#website"},"primaryImageOfPage":{"@id":"https:\/\/focolares.es\/manifiesto-por-la-paz-en-oriente-proximo\/#primaryimage"},"image":{"@id":"https:\/\/focolares.es\/manifiesto-por-la-paz-en-oriente-proximo\/#primaryimage"},"thumbnailUrl":"https:\/\/focolares.es\/wp-content\/uploads\/2025\/02\/IMG-Dest-Retiro-2024-Foc-900x600-1.jpg","datePublished":"2025-01-02T21:15:00+00:00","dateModified":"2025-05-10T16:17:43+00:00","description":"Manifest per la Pau al Pr\u00f2xim Orient, sorgit de la trobada espiritual, formativa i d&#039;ampli intercanvi celebrat a Madrid.","breadcrumb":{"@id":"https:\/\/focolares.es\/manifiesto-por-la-paz-en-oriente-proximo\/#breadcrumb"},"inLanguage":"ca","potentialAction":[{"@type":"ReadAction","target":["https:\/\/focolares.es\/manifiesto-por-la-paz-en-oriente-proximo\/"]}]},{"@type":"ImageObject","inLanguage":"ca","@id":"https:\/\/focolares.es\/manifiesto-por-la-paz-en-oriente-proximo\/#primaryimage","url":"https:\/\/focolares.es\/wp-content\/uploads\/2025\/02\/IMG-Dest-Retiro-2024-Foc-900x600-1.jpg","contentUrl":"https:\/\/focolares.es\/wp-content\/uploads\/2025\/02\/IMG-Dest-Retiro-2024-Foc-900x600-1.jpg","width":900,"height":600},{"@type":"BreadcrumbList","@id":"https:\/\/focolares.es\/manifiesto-por-la-paz-en-oriente-proximo\/#breadcrumb","itemListElement":[{"@type":"ListItem","position":1,"name":"Portada","item":"https:\/\/focolares.es\/"},{"@type":"ListItem","position":2,"name":"Manifiesto por la Paz en Oriente Pr\u00f3ximo"}]},{"@type":"WebSite","@id":"https:\/\/focolares.es\/#website","url":"https:\/\/focolares.es\/","name":"Moviment dels Focolars","description":"","publisher":{"@id":"https:\/\/focolares.es\/#organization"},"potentialAction":[{"@type":"SearchAction","target":{"@type":"EntryPoint","urlTemplate":"https:\/\/focolares.es\/?s={search_term_string}"},"query-input":{"@type":"PropertyValueSpecification","valueRequired":true,"valueName":"search_term_string"}}],"inLanguage":"ca"},{"@type":"Organization","@id":"https:\/\/focolares.es\/#organization","name":"Moviment dels Focolars","url":"https:\/\/focolares.es\/","logo":{"@type":"ImageObject","inLanguage":"ca","@id":"https:\/\/focolares.es\/#\/schema\/logo\/image\/","url":"https:\/\/focolares.es\/wp-content\/uploads\/2024\/03\/Logo_focolares-1024x944-1.jpg","contentUrl":"https:\/\/focolares.es\/wp-content\/uploads\/2024\/03\/Logo_focolares-1024x944-1.jpg","width":1024,"height":944,"caption":"Movimiento de los Focolares"},"image":{"@id":"https:\/\/focolares.es\/#\/schema\/logo\/image\/"}},{"@type":"Person","@id":"https:\/\/focolares.es\/#\/schema\/person\/460a502493de84fa7b318667e9a5c289","name":"Sonia","image":{"@type":"ImageObject","inLanguage":"ca","@id":"https:\/\/focolares.es\/wp-content\/litespeed\/avatar\/cdad09e33a37c7312cdc76ceae4bbc88.jpg?ver=1777375640","url":"https:\/\/focolares.es\/wp-content\/litespeed\/avatar\/cdad09e33a37c7312cdc76ceae4bbc88.jpg?ver=1777375640","contentUrl":"https:\/\/focolares.es\/wp-content\/litespeed\/avatar\/cdad09e33a37c7312cdc76ceae4bbc88.jpg?ver=1777375640","caption":"Sonia"},"url":"https:\/\/focolares.es\/ca\/author\/sonia\/"}]}},"views":73,"_links":{"self":[{"href":"https:\/\/focolares.es\/ca\/wp-json\/wp\/v2\/posts\/14973","targetHints":{"allow":["GET"]}}],"collection":[{"href":"https:\/\/focolares.es\/ca\/wp-json\/wp\/v2\/posts"}],"about":[{"href":"https:\/\/focolares.es\/ca\/wp-json\/wp\/v2\/types\/post"}],"author":[{"embeddable":true,"href":"https:\/\/focolares.es\/ca\/wp-json\/wp\/v2\/users\/8"}],"replies":[{"embeddable":true,"href":"https:\/\/focolares.es\/ca\/wp-json\/wp\/v2\/comments?post=14973"}],"version-history":[{"count":7,"href":"https:\/\/focolares.es\/ca\/wp-json\/wp\/v2\/posts\/14973\/revisions"}],"predecessor-version":[{"id":16281,"href":"https:\/\/focolares.es\/ca\/wp-json\/wp\/v2\/posts\/14973\/revisions\/16281"}],"wp:featuredmedia":[{"embeddable":true,"href":"https:\/\/focolares.es\/ca\/wp-json\/wp\/v2\/media\/14974"}],"wp:attachment":[{"href":"https:\/\/focolares.es\/ca\/wp-json\/wp\/v2\/media?parent=14973"}],"wp:term":[{"taxonomy":"category","embeddable":true,"href":"https:\/\/focolares.es\/ca\/wp-json\/wp\/v2\/categories?post=14973"},{"taxonomy":"post_tag","embeddable":true,"href":"https:\/\/focolares.es\/ca\/wp-json\/wp\/v2\/tags?post=14973"}],"curies":[{"name":"wp","href":"https:\/\/api.w.org\/{rel}","templated":true}]}}