{"id":15109,"date":"2024-11-07T21:54:00","date_gmt":"2024-11-07T20:54:00","guid":{"rendered":"https:\/\/focolares.es\/?p=15109"},"modified":"2025-02-25T11:11:40","modified_gmt":"2025-02-25T10:11:40","slug":"emergencia-dona-es-el-moment-de-lamor-concret","status":"publish","type":"post","link":"https:\/\/focolares.es\/ca\/emergencia-dana-es-el-momento-del-amor-concreto\/","title":{"rendered":"Emerg\u00e8ncia DANA: \u00e9s el moment de l&#039;amor concret"},"content":{"rendered":"<h4 class=\"wp-block-heading\"><em>El Moviment dels Focolars a Espanya, com moltes persones i organitzacions, des del primer moment ha expressat la seva profunda solidaritat amb tots els afectats pel recent episodi de Depressi\u00f3 A\u00efllada a Nivells Alts (DANA) que ha ocasionat greus danys a diverses regions. A trav\u00e9s de les nostres comunitats locals, estem duent a terme accions de suport i ajuda concreta a les zones afectades. El nostre comprom\u00eds \u00e9s ser-hi presents i actius, promovent la reconstrucci\u00f3 de l&#039;esperan\u00e7a i el teixit social.<\/em><\/h4>\n\n\n\n<p>Recentment,&nbsp;<strong>Jos\u00e9 Luis Guinot<\/strong>&nbsp;es preguntava a la&nbsp;<a href=\"https:\/\/www.ciudadnueva.com\/revistalar\/riada-en-valencia-que-podemos-hacer\" target=\"_blank\" rel=\"noreferrer noopener\">Revista LAR<\/a>&nbsp;<strong>qu\u00e8 podem fer en aquesta situaci\u00f3:<\/strong><\/p>\n\n\n\n<blockquote class=\"wp-block-quote is-layout-flow wp-block-quote-is-layout-flow\">\n<p>\u201cAlguns es pregunten on \u00e9s D\u00e9u en aquests esdeveniments tr\u00e0gics.&nbsp;<strong>Cadasc\u00fa haur\u00e0 de revisar les seves creences<\/strong>&nbsp;per comprendre la seva pres\u00e8ncia real a cada \u00e9sser hum\u00e0, a cada persona que pateix o mor. I la seva pres\u00e8ncia indubtable a trav\u00e9s de les mans que ajuden a treure el fang, que recullen aliments, fan una abra\u00e7ada, consol, esperan\u00e7a. Cal pregar pels qui pateixen, i pels que tenen autoritat i per tota la societat que es construeix i s&#039;uneix m\u00e9s en els moments dif\u00edcils. Per\u00f2 la preg\u00e0ria ha d&#039;impulsar a concretar l&#039;amor,&nbsp;<strong>no n&#039;hi ha prou nom\u00e9s amb la fe i l&#039;esperan\u00e7a<\/strong>\u201d.<br><br>Recordem que estem cridats i crides a l&#039;amor concret.<\/p>\n<\/blockquote>\n\n\n\n<p>En el mateix sentit, la&nbsp;<em>Comissi\u00f3 de Coordinaci\u00f3 de la Comunitat Local&nbsp;<\/em>de Val\u00e8ncia (formada per Lourdes C, Lourdes I, Tere, Jordi i Charly) ens enviava el comunicat seg\u00fcent:<\/p>\n\n\n\n<blockquote class=\"wp-block-quote is-layout-flow wp-block-quote-is-layout-flow\">\n<p>\u201cHola a tothom!<br>Volem agrair-vos tantes mostres d&#039;afecte i disponibilitat en aquest dolor\u00f3s que ens ha deixat la DANA. Veritablement reconforten i encoratgen tants gestos d&#039;amor genu\u00ed!<br>Els dies passats hem estat acompanyant la gent afectada, per\u00f2 ara la circulaci\u00f3 est\u00e0 restringida ia m\u00e9s cal prendre precaucions sanit\u00e0ries a causa de l&#039;aigua estancada i de les restes biol\u00f2giques de tants dies.<br>Per aix\u00f2, en l&#039;afany de ser concrets,&nbsp;<strong>hem llan\u00e7at una campanya de recollida de fons<\/strong>&nbsp;al costat de la&nbsp;<em>Fundaci\u00f3 Igino Giordani<\/em>, fons que gestionarem localment per a l&#039;ajuda als damnificats. Els danys i les p\u00e8rdues materials s\u00f3n incomptables. Els supervivents han quedat sense llits, taules, neveres, rentadores, cotxes, materials de treball\u2026<br>Agra\u00efm tamb\u00e9 les vostres oracions, amb qu\u00e8 per descomptat seguim comptant.<br>A Unitat\u201d.<\/p>\n<\/blockquote>\n\n\n\n<p><strong>Tamb\u00e9 entre els joves<\/strong>&nbsp;del&nbsp;<em>Moviment<\/em>&nbsp;de tot arreu del nostre pa\u00eds estan sorgint iniciatives i accions. Com ells mateixos assenyalen:<\/p>\n\n\n\n<blockquote class=\"wp-block-quote is-layout-flow wp-block-quote-is-layout-flow\">\n<p>&quot;En aquests moments, al voltant de mig centenar de nosaltres ens estem organitzant per viatjar aquest cap de setmana a Val\u00e8ncia. Sabem que els missatges que arriben s\u00f3n molts i de vegades d&#039;opinions contradict\u00f2ries. Per aix\u00f2 ens hem posat en contacte amb la C<em>omunitat Local de Val\u00e8ncia<\/em>&nbsp;i amb voluntaris que ja treballen a la zona i que tenen un pla de treball organitzat, de manera que puguem garantir la nostra seguretat i la de la resta, de manera que puguem prestar una ajuda real en el moment present, sense entorpir altres feines o tasques de neteja que duguin a terme els serveis professionals. (\u2026)<\/p>\n\n\n\n<p>Aquesta ser\u00e0 la primera de moltes iniciatives que intentarem dur a terme els propers mesos\u201d.<\/p>\n\n\n\n<hr class=\"wp-block-separator has-alpha-channel-opacity\"\/>\n<\/blockquote>\n\n\n\n<p><em>Al Moviment dels Focolars les ajudes s&#039;estan canalitzant a trav\u00e9s de la&nbsp;<a href=\"https:\/\/fundaciongiordani.org\/proyectos\/emergencia-dana-en-espana\/\" target=\"_blank\" rel=\"noreferrer noopener\">Fundaci\u00f3 Igino Giordani<\/a><\/em><\/p>\n\n\n\n<p><em>CaixaBank: ES65 2100 5615 7902 0005 6937<\/em><\/p>\n\n\n\n<p><em>Titular: Fundaci\u00f3 Igino Giordani<\/em><\/p>\n\n\n\n<p><em>Concepte: Emerg\u00e8ncia DANA Espanya<\/em><\/p>\n\n\n\n<p><em>Si vols desgravar per la teva donaci\u00f3 envia les teves dades fiscals a&nbsp;<a href=\"mailto:info@fundaciongiordani.org\">info@fundaciongiordani.org<\/a>.<\/em><\/p>\n\n\n\n<p><\/p>","protected":false},"excerpt":{"rendered":"<p>Presentaci\u00f3 d&#039;algunes de les iniciatives i les accions relacionades amb l&#039;emerg\u00e8ncia DANA.<\/p>","protected":false},"author":8,"featured_media":15119,"comment_status":"open","ping_status":"closed","sticky":false,"template":"","format":"standard","meta":{"_price":"","_stock":"","_tribe_ticket_header":"","_tribe_default_ticket_provider":"","_tribe_ticket_capacity":"0","_ticket_start_date":"","_ticket_end_date":"","_tribe_ticket_show_description":"","_tribe_ticket_show_not_going":false,"_tribe_ticket_use_global_stock":"","_tribe_ticket_global_stock_level":"","_global_stock_mode":"","_global_stock_cap":"","_tribe_rsvp_for_event":"","_tribe_ticket_going_count":"","_tribe_ticket_not_going_count":"","_tribe_tickets_list":"[]","_tribe_ticket_has_attendee_info_fields":false,"footnotes":""},"categories":[1],"tags":[40],"class_list":["post-15109","post","type-post","status-publish","format-standard","has-post-thumbnail","hentry","category-uncategorized","tag-dialogo-y-fraternidad"],"yoast_head":"<!-- This site is optimized with the Yoast SEO plugin v27.2 - https:\/\/yoast.com\/product\/yoast-seo-wordpress\/ -->\n<title>Emergencia DANA: es el momento del amor concreto - Focolares<\/title>\n<meta name=\"description\" content=\"Presentaci\u00f3n de algunas de las iniciativas y acciones relacionadas con la emergencia DANA.\" \/>\n<meta name=\"robots\" content=\"index, follow, max-snippet:-1, max-image-preview:large, max-video-preview:-1\" \/>\n<link rel=\"canonical\" href=\"https:\/\/focolares.es\/ca\/emergencia-dona-es-el-moment-de-lamor-concret\/\" \/>\n<meta property=\"og:locale\" content=\"ca_ES\" \/>\n<meta property=\"og:type\" content=\"article\" \/>\n<meta property=\"og:title\" content=\"Emergencia DANA: es el momento del amor concreto - Focolares\" \/>\n<meta property=\"og:description\" content=\"Presentaci\u00f3n de algunas de las iniciativas y acciones relacionadas con la emergencia DANA.\" \/>\n<meta property=\"og:url\" content=\"https:\/\/focolares.es\/ca\/emergencia-dona-es-el-moment-de-lamor-concret\/\" \/>\n<meta property=\"og:site_name\" content=\"Movimiento de los Focolares\" \/>\n<meta property=\"article:published_time\" content=\"2024-11-07T20:54:00+00:00\" \/>\n<meta property=\"article:modified_time\" content=\"2025-02-25T10:11:40+00:00\" \/>\n<meta property=\"og:image\" content=\"https:\/\/focolares.es\/wp-content\/uploads\/2024\/11\/IMG-DESTACADA-Emergencia-DANA-06-11-2024-300x198-1.jpeg\" \/>\n\t<meta property=\"og:image:width\" content=\"300\" \/>\n\t<meta property=\"og:image:height\" content=\"198\" \/>\n\t<meta property=\"og:image:type\" content=\"image\/jpeg\" \/>\n<meta name=\"author\" content=\"Sonia\" \/>\n<meta name=\"twitter:card\" content=\"summary_large_image\" \/>\n<meta name=\"twitter:label1\" content=\"Escrit per\" \/>\n\t<meta name=\"twitter:data1\" content=\"Sonia\" \/>\n\t<meta name=\"twitter:label2\" content=\"Temps estimat de lectura\" \/>\n\t<meta name=\"twitter:data2\" content=\"2 minuts\" \/>\n<script type=\"application\/ld+json\" class=\"yoast-schema-graph\">{\"@context\":\"https:\/\/schema.org\",\"@graph\":[{\"@type\":\"Article\",\"@id\":\"https:\/\/focolares.es\/emergencia-dana-es-el-momento-del-amor-concreto\/#article\",\"isPartOf\":{\"@id\":\"https:\/\/focolares.es\/emergencia-dana-es-el-momento-del-amor-concreto\/\"},\"author\":{\"name\":\"Sonia\",\"@id\":\"https:\/\/focolares.es\/#\/schema\/person\/460a502493de84fa7b318667e9a5c289\"},\"headline\":\"Emergencia DANA: es el momento del amor concreto\",\"datePublished\":\"2024-11-07T20:54:00+00:00\",\"dateModified\":\"2025-02-25T10:11:40+00:00\",\"mainEntityOfPage\":{\"@id\":\"https:\/\/focolares.es\/emergencia-dana-es-el-momento-del-amor-concreto\/\"},\"wordCount\":618,\"commentCount\":0,\"publisher\":{\"@id\":\"https:\/\/focolares.es\/#organization\"},\"image\":{\"@id\":\"https:\/\/focolares.es\/emergencia-dana-es-el-momento-del-amor-concreto\/#primaryimage\"},\"thumbnailUrl\":\"https:\/\/focolares.es\/wp-content\/uploads\/2024\/11\/IMG-DESTACADA-Emergencia-DANA-06-11-2024-300x198-1.jpeg\",\"keywords\":[\"Di\u00e1logo y fraternidad\"],\"articleSection\":[\"Uncategorized\"],\"inLanguage\":\"ca\",\"potentialAction\":[{\"@type\":\"CommentAction\",\"name\":\"Comment\",\"target\":[\"https:\/\/focolares.es\/emergencia-dana-es-el-momento-del-amor-concreto\/#respond\"]}]},{\"@type\":\"WebPage\",\"@id\":\"https:\/\/focolares.es\/emergencia-dana-es-el-momento-del-amor-concreto\/\",\"url\":\"https:\/\/focolares.es\/emergencia-dana-es-el-momento-del-amor-concreto\/\",\"name\":\"Emergencia DANA: es el momento del amor concreto - Focolares\",\"isPartOf\":{\"@id\":\"https:\/\/focolares.es\/#website\"},\"primaryImageOfPage\":{\"@id\":\"https:\/\/focolares.es\/emergencia-dana-es-el-momento-del-amor-concreto\/#primaryimage\"},\"image\":{\"@id\":\"https:\/\/focolares.es\/emergencia-dana-es-el-momento-del-amor-concreto\/#primaryimage\"},\"thumbnailUrl\":\"https:\/\/focolares.es\/wp-content\/uploads\/2024\/11\/IMG-DESTACADA-Emergencia-DANA-06-11-2024-300x198-1.jpeg\",\"datePublished\":\"2024-11-07T20:54:00+00:00\",\"dateModified\":\"2025-02-25T10:11:40+00:00\",\"description\":\"Presentaci\u00f3n de algunas de las iniciativas y acciones relacionadas con la emergencia DANA.\",\"breadcrumb\":{\"@id\":\"https:\/\/focolares.es\/emergencia-dana-es-el-momento-del-amor-concreto\/#breadcrumb\"},\"inLanguage\":\"ca\",\"potentialAction\":[{\"@type\":\"ReadAction\",\"target\":[\"https:\/\/focolares.es\/emergencia-dana-es-el-momento-del-amor-concreto\/\"]}]},{\"@type\":\"ImageObject\",\"inLanguage\":\"ca\",\"@id\":\"https:\/\/focolares.es\/emergencia-dana-es-el-momento-del-amor-concreto\/#primaryimage\",\"url\":\"https:\/\/focolares.es\/wp-content\/uploads\/2024\/11\/IMG-DESTACADA-Emergencia-DANA-06-11-2024-300x198-1.jpeg\",\"contentUrl\":\"https:\/\/focolares.es\/wp-content\/uploads\/2024\/11\/IMG-DESTACADA-Emergencia-DANA-06-11-2024-300x198-1.jpeg\",\"width\":300,\"height\":198},{\"@type\":\"BreadcrumbList\",\"@id\":\"https:\/\/focolares.es\/emergencia-dana-es-el-momento-del-amor-concreto\/#breadcrumb\",\"itemListElement\":[{\"@type\":\"ListItem\",\"position\":1,\"name\":\"Portada\",\"item\":\"https:\/\/focolares.es\/\"},{\"@type\":\"ListItem\",\"position\":2,\"name\":\"Emergencia DANA: es el momento del amor concreto\"}]},{\"@type\":\"WebSite\",\"@id\":\"https:\/\/focolares.es\/#website\",\"url\":\"https:\/\/focolares.es\/\",\"name\":\"Movimiento de los Focolares\",\"description\":\"\",\"publisher\":{\"@id\":\"https:\/\/focolares.es\/#organization\"},\"potentialAction\":[{\"@type\":\"SearchAction\",\"target\":{\"@type\":\"EntryPoint\",\"urlTemplate\":\"https:\/\/focolares.es\/?s={search_term_string}\"},\"query-input\":{\"@type\":\"PropertyValueSpecification\",\"valueRequired\":true,\"valueName\":\"search_term_string\"}}],\"inLanguage\":\"ca\"},{\"@type\":\"Organization\",\"@id\":\"https:\/\/focolares.es\/#organization\",\"name\":\"Movimiento de los Focolares\",\"url\":\"https:\/\/focolares.es\/\",\"logo\":{\"@type\":\"ImageObject\",\"inLanguage\":\"ca\",\"@id\":\"https:\/\/focolares.es\/#\/schema\/logo\/image\/\",\"url\":\"https:\/\/focolares.es\/wp-content\/uploads\/2024\/03\/Logo_focolares-1024x944-1.jpg\",\"contentUrl\":\"https:\/\/focolares.es\/wp-content\/uploads\/2024\/03\/Logo_focolares-1024x944-1.jpg\",\"width\":1024,\"height\":944,\"caption\":\"Movimiento de los Focolares\"},\"image\":{\"@id\":\"https:\/\/focolares.es\/#\/schema\/logo\/image\/\"}},{\"@type\":\"Person\",\"@id\":\"https:\/\/focolares.es\/#\/schema\/person\/460a502493de84fa7b318667e9a5c289\",\"name\":\"Sonia\",\"image\":{\"@type\":\"ImageObject\",\"inLanguage\":\"ca\",\"@id\":\"https:\/\/focolares.es\/wp-content\/litespeed\/avatar\/cdad09e33a37c7312cdc76ceae4bbc88.jpg?ver=1777375640\",\"url\":\"https:\/\/focolares.es\/wp-content\/litespeed\/avatar\/cdad09e33a37c7312cdc76ceae4bbc88.jpg?ver=1777375640\",\"contentUrl\":\"https:\/\/focolares.es\/wp-content\/litespeed\/avatar\/cdad09e33a37c7312cdc76ceae4bbc88.jpg?ver=1777375640\",\"caption\":\"Sonia\"},\"url\":\"https:\/\/focolares.es\/ca\/author\/sonia\/\"}]}<\/script>\n<!-- \/ Yoast SEO plugin. -->","yoast_head_json":{"title":"Emerg\u00e8ncia DANA: \u00e9s el moment de l&#039;amor concret - Focolars","description":"Presentaci\u00f3 d&#039;algunes de les iniciatives i les accions relacionades amb l&#039;emerg\u00e8ncia DANA.","robots":{"index":"index","follow":"follow","max-snippet":"max-snippet:-1","max-image-preview":"max-image-preview:large","max-video-preview":"max-video-preview:-1"},"canonical":"https:\/\/focolares.es\/ca\/emergencia-dona-es-el-moment-de-lamor-concret\/","og_locale":"ca_ES","og_type":"article","og_title":"Emergencia DANA: es el momento del amor concreto - Focolares","og_description":"Presentaci\u00f3n de algunas de las iniciativas y acciones relacionadas con la emergencia DANA.","og_url":"https:\/\/focolares.es\/ca\/emergencia-dona-es-el-moment-de-lamor-concret\/","og_site_name":"Movimiento de los Focolares","article_published_time":"2024-11-07T20:54:00+00:00","article_modified_time":"2025-02-25T10:11:40+00:00","og_image":[{"width":300,"height":198,"url":"https:\/\/focolares.es\/wp-content\/uploads\/2024\/11\/IMG-DESTACADA-Emergencia-DANA-06-11-2024-300x198-1.jpeg","type":"image\/jpeg"}],"author":"Sonia","twitter_card":"summary_large_image","twitter_misc":{"Escrit per":"Sonia","Temps estimat de lectura":"2 minuts"},"schema":{"@context":"https:\/\/schema.org","@graph":[{"@type":"Article","@id":"https:\/\/focolares.es\/emergencia-dana-es-el-momento-del-amor-concreto\/#article","isPartOf":{"@id":"https:\/\/focolares.es\/emergencia-dana-es-el-momento-del-amor-concreto\/"},"author":{"name":"Sonia","@id":"https:\/\/focolares.es\/#\/schema\/person\/460a502493de84fa7b318667e9a5c289"},"headline":"Emergencia DANA: es el momento del amor concreto","datePublished":"2024-11-07T20:54:00+00:00","dateModified":"2025-02-25T10:11:40+00:00","mainEntityOfPage":{"@id":"https:\/\/focolares.es\/emergencia-dana-es-el-momento-del-amor-concreto\/"},"wordCount":618,"commentCount":0,"publisher":{"@id":"https:\/\/focolares.es\/#organization"},"image":{"@id":"https:\/\/focolares.es\/emergencia-dana-es-el-momento-del-amor-concreto\/#primaryimage"},"thumbnailUrl":"https:\/\/focolares.es\/wp-content\/uploads\/2024\/11\/IMG-DESTACADA-Emergencia-DANA-06-11-2024-300x198-1.jpeg","keywords":["Di\u00e1logo y fraternidad"],"articleSection":["Uncategorized"],"inLanguage":"ca","potentialAction":[{"@type":"CommentAction","name":"Comment","target":["https:\/\/focolares.es\/emergencia-dana-es-el-momento-del-amor-concreto\/#respond"]}]},{"@type":"WebPage","@id":"https:\/\/focolares.es\/emergencia-dana-es-el-momento-del-amor-concreto\/","url":"https:\/\/focolares.es\/emergencia-dana-es-el-momento-del-amor-concreto\/","name":"Emerg\u00e8ncia DANA: \u00e9s el moment de l&#039;amor concret - Focolars","isPartOf":{"@id":"https:\/\/focolares.es\/#website"},"primaryImageOfPage":{"@id":"https:\/\/focolares.es\/emergencia-dana-es-el-momento-del-amor-concreto\/#primaryimage"},"image":{"@id":"https:\/\/focolares.es\/emergencia-dana-es-el-momento-del-amor-concreto\/#primaryimage"},"thumbnailUrl":"https:\/\/focolares.es\/wp-content\/uploads\/2024\/11\/IMG-DESTACADA-Emergencia-DANA-06-11-2024-300x198-1.jpeg","datePublished":"2024-11-07T20:54:00+00:00","dateModified":"2025-02-25T10:11:40+00:00","description":"Presentaci\u00f3 d&#039;algunes de les iniciatives i les accions relacionades amb l&#039;emerg\u00e8ncia DANA.","breadcrumb":{"@id":"https:\/\/focolares.es\/emergencia-dana-es-el-momento-del-amor-concreto\/#breadcrumb"},"inLanguage":"ca","potentialAction":[{"@type":"ReadAction","target":["https:\/\/focolares.es\/emergencia-dana-es-el-momento-del-amor-concreto\/"]}]},{"@type":"ImageObject","inLanguage":"ca","@id":"https:\/\/focolares.es\/emergencia-dana-es-el-momento-del-amor-concreto\/#primaryimage","url":"https:\/\/focolares.es\/wp-content\/uploads\/2024\/11\/IMG-DESTACADA-Emergencia-DANA-06-11-2024-300x198-1.jpeg","contentUrl":"https:\/\/focolares.es\/wp-content\/uploads\/2024\/11\/IMG-DESTACADA-Emergencia-DANA-06-11-2024-300x198-1.jpeg","width":300,"height":198},{"@type":"BreadcrumbList","@id":"https:\/\/focolares.es\/emergencia-dana-es-el-momento-del-amor-concreto\/#breadcrumb","itemListElement":[{"@type":"ListItem","position":1,"name":"Portada","item":"https:\/\/focolares.es\/"},{"@type":"ListItem","position":2,"name":"Emergencia DANA: es el momento del amor concreto"}]},{"@type":"WebSite","@id":"https:\/\/focolares.es\/#website","url":"https:\/\/focolares.es\/","name":"Moviment dels Focolars","description":"","publisher":{"@id":"https:\/\/focolares.es\/#organization"},"potentialAction":[{"@type":"SearchAction","target":{"@type":"EntryPoint","urlTemplate":"https:\/\/focolares.es\/?s={search_term_string}"},"query-input":{"@type":"PropertyValueSpecification","valueRequired":true,"valueName":"search_term_string"}}],"inLanguage":"ca"},{"@type":"Organization","@id":"https:\/\/focolares.es\/#organization","name":"Moviment dels Focolars","url":"https:\/\/focolares.es\/","logo":{"@type":"ImageObject","inLanguage":"ca","@id":"https:\/\/focolares.es\/#\/schema\/logo\/image\/","url":"https:\/\/focolares.es\/wp-content\/uploads\/2024\/03\/Logo_focolares-1024x944-1.jpg","contentUrl":"https:\/\/focolares.es\/wp-content\/uploads\/2024\/03\/Logo_focolares-1024x944-1.jpg","width":1024,"height":944,"caption":"Movimiento de los Focolares"},"image":{"@id":"https:\/\/focolares.es\/#\/schema\/logo\/image\/"}},{"@type":"Person","@id":"https:\/\/focolares.es\/#\/schema\/person\/460a502493de84fa7b318667e9a5c289","name":"Sonia","image":{"@type":"ImageObject","inLanguage":"ca","@id":"https:\/\/focolares.es\/wp-content\/litespeed\/avatar\/cdad09e33a37c7312cdc76ceae4bbc88.jpg?ver=1777375640","url":"https:\/\/focolares.es\/wp-content\/litespeed\/avatar\/cdad09e33a37c7312cdc76ceae4bbc88.jpg?ver=1777375640","contentUrl":"https:\/\/focolares.es\/wp-content\/litespeed\/avatar\/cdad09e33a37c7312cdc76ceae4bbc88.jpg?ver=1777375640","caption":"Sonia"},"url":"https:\/\/focolares.es\/ca\/author\/sonia\/"}]}},"views":32,"_links":{"self":[{"href":"https:\/\/focolares.es\/ca\/wp-json\/wp\/v2\/posts\/15109","targetHints":{"allow":["GET"]}}],"collection":[{"href":"https:\/\/focolares.es\/ca\/wp-json\/wp\/v2\/posts"}],"about":[{"href":"https:\/\/focolares.es\/ca\/wp-json\/wp\/v2\/types\/post"}],"author":[{"embeddable":true,"href":"https:\/\/focolares.es\/ca\/wp-json\/wp\/v2\/users\/8"}],"replies":[{"embeddable":true,"href":"https:\/\/focolares.es\/ca\/wp-json\/wp\/v2\/comments?post=15109"}],"version-history":[{"count":6,"href":"https:\/\/focolares.es\/ca\/wp-json\/wp\/v2\/posts\/15109\/revisions"}],"predecessor-version":[{"id":15316,"href":"https:\/\/focolares.es\/ca\/wp-json\/wp\/v2\/posts\/15109\/revisions\/15316"}],"wp:featuredmedia":[{"embeddable":true,"href":"https:\/\/focolares.es\/ca\/wp-json\/wp\/v2\/media\/15119"}],"wp:attachment":[{"href":"https:\/\/focolares.es\/ca\/wp-json\/wp\/v2\/media?parent=15109"}],"wp:term":[{"taxonomy":"category","embeddable":true,"href":"https:\/\/focolares.es\/ca\/wp-json\/wp\/v2\/categories?post=15109"},{"taxonomy":"post_tag","embeddable":true,"href":"https:\/\/focolares.es\/ca\/wp-json\/wp\/v2\/tags?post=15109"}],"curies":[{"name":"wp","href":"https:\/\/api.w.org\/{rel}","templated":true}]}}