{"id":15731,"date":"2025-03-30T20:23:00","date_gmt":"2025-03-30T18:23:00","guid":{"rendered":"https:\/\/focolares.es\/?p=15731"},"modified":"2025-05-10T18:16:09","modified_gmt":"2025-05-10T16:16:09","slug":"pau-i-fraternitat-a-leducacio","status":"publish","type":"post","link":"https:\/\/focolares.es\/ca\/paz-y-fraternidad-en-la-educacion\/","title":{"rendered":"Pau i fraternitat a l&#039;educaci\u00f3"},"content":{"rendered":"<h4 class=\"wp-block-heading\"><strong>La <em>Fundaci\u00f3 Igino Giordani (FIG)<\/em> i la <em>Facultat d&#039;Educaci\u00f3 de la Universitat Complutense de Madrid (UCM)<\/em>, impulsen un projecte que fomenta el benestar mental i la conviv\u00e8ncia pac\u00edfica a trav\u00e9s de formaci\u00f3, recursos pr\u00e0ctics i espais de reflexi\u00f3.<\/strong><\/h4>\n\n\n\n<div style=\"height:30px\" aria-hidden=\"true\" class=\"wp-block-spacer\"><\/div>\n\n\n\n<p>El projecte, que porta per t\u00edtol &#039;Alian\u00e7a per a la promoci\u00f3 de la pau i la fraternitat a l&#039;educaci\u00f3&#039;, est\u00e0 pensat per proporcionar eines que ajudin a construir una conviv\u00e8ncia pac\u00edfica i fraternal, base essencial per al benestar de la persona i la societat.<\/p>\n\n\n\n<p>A trav\u00e9s d&#039;un enfocament pr\u00e0ctic i interdisciplinari, es proporcionaran eines que fomenten el benestar integral, abastant dimensions f\u00edsiques, psicol\u00f2giques i socials, facilitant estrat\u00e8gies basades en la promoci\u00f3 de la salut mental i la prevenci\u00f3 de la psicopatologia, a l&#039;\u00e0mbit de l&#039;educaci\u00f3, la comunicaci\u00f3 interpersonal i la resoluci\u00f3 de conflictes, com a mitjans de garantir conviv\u00e8ncies de pau i de pau.&nbsp;<\/p>\n\n\n\n<p>El projecte treballar\u00e0 la metodologia Aprenentatge Servei Solidari (APS), fonamentada en l&#039;aplicaci\u00f3 de coneixements te\u00f2rics a escenaris reals i seguir\u00e0 tres etapes principals:<\/p>\n\n\n\n<ul class=\"wp-block-list\">\n<li>Etapa de diagn\u00f2stic: Identificar les necessitats m\u00e9s urgents per treballar-hi usant metodologies d&#039;avaluaci\u00f3 psicol\u00f2gica i diagn\u00f2stic comunitari i elaboraci\u00f3 de material.<\/li>\n<\/ul>\n\n\n\n<ul class=\"wp-block-list\">\n<li>Etapa de formaci\u00f3: Abordatge de les problem\u00e0tiques actuals que amenacen el benestar de les persones i posen en risc la conviv\u00e8ncia i les relacions pac\u00edfiques. Es realitzar\u00e0 un cicle de webinars divulgatius de 30 minuts sobre: \n<ul class=\"wp-block-list\">\n<li>Trastorn de la Conducta Aliment\u00e0ria<\/li>\n\n\n\n<li>Addicci\u00f3 a Xarxes Socials<\/li>\n\n\n\n<li>Depressi\u00f3 i Su\u00efcidi Juvenil:<\/li>\n\n\n\n<li>Trastorn de l&#039;Ansietat Generalitzada (TAG) i Trastorn de l&#039;Ansietat Social (TAS)<\/li>\n\n\n\n<li>Trastorn L\u00edmit de la Personalitat (TLP)<\/li>\n<\/ul>\n<\/li>\n<\/ul>\n\n\n\n<ul class=\"wp-block-list\">\n<li>Etapa daplicaci\u00f3 o servei: Difusi\u00f3 i divulgaci\u00f3 del material elaborat. Avaluaci\u00f3 de limpacte en lentorn immediat.<\/li>\n<\/ul>\n\n\n\n<div style=\"height:36px\" aria-hidden=\"true\" class=\"wp-block-spacer\"><\/div>\n\n\n\n<hr class=\"wp-block-separator has-alpha-channel-opacity is-style-default\" style=\"margin-top:60;margin-bottom:60\"\/>\n\n\n\n<p><a href=\"https:\/\/fundaciongiordani.org\/proyectos\/promocion-de-la-paz-y-la-fraternidad-en-la-educacion\/\" target=\"_blank\" rel=\"noreferrer noopener\">M\u00e9s informaci\u00f3 sobre el projecte.<\/a><br><a href=\"https:\/\/fundaciongiordani.org\/calendario\/\" target=\"_blank\" rel=\"noreferrer noopener\">Calendari i enlla\u00e7os directes a cada sessi\u00f3<\/a><\/p>\n\n\n\n<p><\/p>","protected":false},"excerpt":{"rendered":"<p>Projecte formatiu de la Fundaci\u00f3 Igino Giordani en col\u00b7laboraci\u00f3 amb la Universidad Complutense de Madrid.<\/p>","protected":false},"author":8,"featured_media":15736,"comment_status":"open","ping_status":"closed","sticky":false,"template":"","format":"standard","meta":{"_price":"","_stock":"","_tribe_ticket_header":"","_tribe_default_ticket_provider":"","_tribe_ticket_capacity":"0","_ticket_start_date":"","_ticket_end_date":"","_tribe_ticket_show_description":"","_tribe_ticket_show_not_going":false,"_tribe_ticket_use_global_stock":"","_tribe_ticket_global_stock_level":"","_global_stock_mode":"","_global_stock_cap":"","_tribe_rsvp_for_event":"","_tribe_ticket_going_count":"","_tribe_ticket_not_going_count":"","_tribe_tickets_list":"[]","_tribe_ticket_has_attendee_info_fields":false,"footnotes":""},"categories":[1],"tags":[52],"class_list":["post-15731","post","type-post","status-publish","format-standard","has-post-thumbnail","hentry","category-uncategorized","tag-ciencia-humanidades-y-pensamiento"],"yoast_head":"<!-- This site is optimized with the Yoast SEO plugin v27.2 - https:\/\/yoast.com\/product\/yoast-seo-wordpress\/ -->\n<title>Paz y fraternidad en la educaci\u00f3n - Movimiento de los Focolares<\/title>\n<meta name=\"description\" content=\"Informaci\u00f3n sobre un proyecto formativo de la Fundaci\u00f3n Igino Giordani en colaboraci\u00f3n con la Universidad Complutense de Madrid.\" \/>\n<meta name=\"robots\" content=\"index, follow, max-snippet:-1, max-image-preview:large, max-video-preview:-1\" \/>\n<link rel=\"canonical\" href=\"https:\/\/focolares.es\/ca\/pau-i-fraternitat-a-leducacio\/\" \/>\n<meta property=\"og:locale\" content=\"ca_ES\" \/>\n<meta property=\"og:type\" content=\"article\" \/>\n<meta property=\"og:title\" content=\"Paz y fraternidad en la educaci\u00f3n - Movimiento de los Focolares\" \/>\n<meta property=\"og:description\" content=\"Informaci\u00f3n sobre un proyecto formativo de la Fundaci\u00f3n Igino Giordani en colaboraci\u00f3n con la Universidad Complutense de Madrid.\" \/>\n<meta property=\"og:url\" content=\"https:\/\/focolares.es\/ca\/pau-i-fraternitat-a-leducacio\/\" \/>\n<meta property=\"og:site_name\" content=\"Movimiento de los Focolares\" \/>\n<meta property=\"article:published_time\" content=\"2025-03-30T18:23:00+00:00\" \/>\n<meta property=\"article:modified_time\" content=\"2025-05-10T16:16:09+00:00\" \/>\n<meta property=\"og:image\" content=\"https:\/\/focolares.es\/wp-content\/uploads\/2025\/03\/IMG_DEST_Salud-mental-768x768-16-9.jpg\" \/>\n\t<meta property=\"og:image:width\" content=\"768\" \/>\n\t<meta property=\"og:image:height\" content=\"432\" \/>\n\t<meta property=\"og:image:type\" content=\"image\/jpeg\" \/>\n<meta name=\"author\" content=\"Sonia\" \/>\n<meta name=\"twitter:card\" content=\"summary_large_image\" \/>\n<meta name=\"twitter:label1\" content=\"Escrit per\" \/>\n\t<meta name=\"twitter:data1\" content=\"Sonia\" \/>\n\t<meta name=\"twitter:label2\" content=\"Temps estimat de lectura\" \/>\n\t<meta name=\"twitter:data2\" content=\"2 minuts\" \/>\n<script type=\"application\/ld+json\" class=\"yoast-schema-graph\">{\"@context\":\"https:\/\/schema.org\",\"@graph\":[{\"@type\":\"Article\",\"@id\":\"https:\/\/focolares.es\/paz-y-fraternidad-en-la-educacion\/#article\",\"isPartOf\":{\"@id\":\"https:\/\/focolares.es\/paz-y-fraternidad-en-la-educacion\/\"},\"author\":{\"name\":\"Sonia\",\"@id\":\"https:\/\/focolares.es\/#\/schema\/person\/460a502493de84fa7b318667e9a5c289\"},\"headline\":\"Paz y fraternidad en la educaci\u00f3n\",\"datePublished\":\"2025-03-30T18:23:00+00:00\",\"dateModified\":\"2025-05-10T16:16:09+00:00\",\"mainEntityOfPage\":{\"@id\":\"https:\/\/focolares.es\/paz-y-fraternidad-en-la-educacion\/\"},\"wordCount\":343,\"commentCount\":0,\"publisher\":{\"@id\":\"https:\/\/focolares.es\/#organization\"},\"image\":{\"@id\":\"https:\/\/focolares.es\/paz-y-fraternidad-en-la-educacion\/#primaryimage\"},\"thumbnailUrl\":\"https:\/\/focolares.es\/wp-content\/uploads\/2025\/03\/IMG_DEST_Salud-mental-768x768-16-9.jpg\",\"keywords\":[\"Ciencia, humanidades y pensamiento\"],\"articleSection\":[\"Uncategorized\"],\"inLanguage\":\"ca\",\"potentialAction\":[{\"@type\":\"CommentAction\",\"name\":\"Comment\",\"target\":[\"https:\/\/focolares.es\/paz-y-fraternidad-en-la-educacion\/#respond\"]}]},{\"@type\":\"WebPage\",\"@id\":\"https:\/\/focolares.es\/paz-y-fraternidad-en-la-educacion\/\",\"url\":\"https:\/\/focolares.es\/paz-y-fraternidad-en-la-educacion\/\",\"name\":\"Paz y fraternidad en la educaci\u00f3n - Movimiento de los Focolares\",\"isPartOf\":{\"@id\":\"https:\/\/focolares.es\/#website\"},\"primaryImageOfPage\":{\"@id\":\"https:\/\/focolares.es\/paz-y-fraternidad-en-la-educacion\/#primaryimage\"},\"image\":{\"@id\":\"https:\/\/focolares.es\/paz-y-fraternidad-en-la-educacion\/#primaryimage\"},\"thumbnailUrl\":\"https:\/\/focolares.es\/wp-content\/uploads\/2025\/03\/IMG_DEST_Salud-mental-768x768-16-9.jpg\",\"datePublished\":\"2025-03-30T18:23:00+00:00\",\"dateModified\":\"2025-05-10T16:16:09+00:00\",\"description\":\"Informaci\u00f3n sobre un proyecto formativo de la Fundaci\u00f3n Igino Giordani en colaboraci\u00f3n con la Universidad Complutense de Madrid.\",\"breadcrumb\":{\"@id\":\"https:\/\/focolares.es\/paz-y-fraternidad-en-la-educacion\/#breadcrumb\"},\"inLanguage\":\"ca\",\"potentialAction\":[{\"@type\":\"ReadAction\",\"target\":[\"https:\/\/focolares.es\/paz-y-fraternidad-en-la-educacion\/\"]}]},{\"@type\":\"ImageObject\",\"inLanguage\":\"ca\",\"@id\":\"https:\/\/focolares.es\/paz-y-fraternidad-en-la-educacion\/#primaryimage\",\"url\":\"https:\/\/focolares.es\/wp-content\/uploads\/2025\/03\/IMG_DEST_Salud-mental-768x768-16-9.jpg\",\"contentUrl\":\"https:\/\/focolares.es\/wp-content\/uploads\/2025\/03\/IMG_DEST_Salud-mental-768x768-16-9.jpg\",\"width\":768,\"height\":432},{\"@type\":\"BreadcrumbList\",\"@id\":\"https:\/\/focolares.es\/paz-y-fraternidad-en-la-educacion\/#breadcrumb\",\"itemListElement\":[{\"@type\":\"ListItem\",\"position\":1,\"name\":\"Portada\",\"item\":\"https:\/\/focolares.es\/\"},{\"@type\":\"ListItem\",\"position\":2,\"name\":\"Paz y fraternidad en la educaci\u00f3n\"}]},{\"@type\":\"WebSite\",\"@id\":\"https:\/\/focolares.es\/#website\",\"url\":\"https:\/\/focolares.es\/\",\"name\":\"Movimiento de los Focolares\",\"description\":\"\",\"publisher\":{\"@id\":\"https:\/\/focolares.es\/#organization\"},\"potentialAction\":[{\"@type\":\"SearchAction\",\"target\":{\"@type\":\"EntryPoint\",\"urlTemplate\":\"https:\/\/focolares.es\/?s={search_term_string}\"},\"query-input\":{\"@type\":\"PropertyValueSpecification\",\"valueRequired\":true,\"valueName\":\"search_term_string\"}}],\"inLanguage\":\"ca\"},{\"@type\":\"Organization\",\"@id\":\"https:\/\/focolares.es\/#organization\",\"name\":\"Movimiento de los Focolares\",\"url\":\"https:\/\/focolares.es\/\",\"logo\":{\"@type\":\"ImageObject\",\"inLanguage\":\"ca\",\"@id\":\"https:\/\/focolares.es\/#\/schema\/logo\/image\/\",\"url\":\"https:\/\/focolares.es\/wp-content\/uploads\/2024\/03\/Logo_focolares-1024x944-1.jpg\",\"contentUrl\":\"https:\/\/focolares.es\/wp-content\/uploads\/2024\/03\/Logo_focolares-1024x944-1.jpg\",\"width\":1024,\"height\":944,\"caption\":\"Movimiento de los Focolares\"},\"image\":{\"@id\":\"https:\/\/focolares.es\/#\/schema\/logo\/image\/\"}},{\"@type\":\"Person\",\"@id\":\"https:\/\/focolares.es\/#\/schema\/person\/460a502493de84fa7b318667e9a5c289\",\"name\":\"Sonia\",\"image\":{\"@type\":\"ImageObject\",\"inLanguage\":\"ca\",\"@id\":\"https:\/\/focolares.es\/wp-content\/litespeed\/avatar\/cdad09e33a37c7312cdc76ceae4bbc88.jpg?ver=1777375640\",\"url\":\"https:\/\/focolares.es\/wp-content\/litespeed\/avatar\/cdad09e33a37c7312cdc76ceae4bbc88.jpg?ver=1777375640\",\"contentUrl\":\"https:\/\/focolares.es\/wp-content\/litespeed\/avatar\/cdad09e33a37c7312cdc76ceae4bbc88.jpg?ver=1777375640\",\"caption\":\"Sonia\"},\"url\":\"https:\/\/focolares.es\/ca\/author\/sonia\/\"}]}<\/script>\n<!-- \/ Yoast SEO plugin. -->","yoast_head_json":{"title":"Pau i fraternitat a l&#039;educaci\u00f3 - Moviment dels Focolars","description":"Informaci\u00f3 sobre un projecte formatiu de la Fundaci\u00f3 Igino Giordani en col\u00b7laboraci\u00f3 amb la Universidad Complutense de Madrid.","robots":{"index":"index","follow":"follow","max-snippet":"max-snippet:-1","max-image-preview":"max-image-preview:large","max-video-preview":"max-video-preview:-1"},"canonical":"https:\/\/focolares.es\/ca\/pau-i-fraternitat-a-leducacio\/","og_locale":"ca_ES","og_type":"article","og_title":"Paz y fraternidad en la educaci\u00f3n - Movimiento de los Focolares","og_description":"Informaci\u00f3n sobre un proyecto formativo de la Fundaci\u00f3n Igino Giordani en colaboraci\u00f3n con la Universidad Complutense de Madrid.","og_url":"https:\/\/focolares.es\/ca\/pau-i-fraternitat-a-leducacio\/","og_site_name":"Movimiento de los Focolares","article_published_time":"2025-03-30T18:23:00+00:00","article_modified_time":"2025-05-10T16:16:09+00:00","og_image":[{"width":768,"height":432,"url":"https:\/\/focolares.es\/wp-content\/uploads\/2025\/03\/IMG_DEST_Salud-mental-768x768-16-9.jpg","type":"image\/jpeg"}],"author":"Sonia","twitter_card":"summary_large_image","twitter_misc":{"Escrit per":"Sonia","Temps estimat de lectura":"2 minuts"},"schema":{"@context":"https:\/\/schema.org","@graph":[{"@type":"Article","@id":"https:\/\/focolares.es\/paz-y-fraternidad-en-la-educacion\/#article","isPartOf":{"@id":"https:\/\/focolares.es\/paz-y-fraternidad-en-la-educacion\/"},"author":{"name":"Sonia","@id":"https:\/\/focolares.es\/#\/schema\/person\/460a502493de84fa7b318667e9a5c289"},"headline":"Paz y fraternidad en la educaci\u00f3n","datePublished":"2025-03-30T18:23:00+00:00","dateModified":"2025-05-10T16:16:09+00:00","mainEntityOfPage":{"@id":"https:\/\/focolares.es\/paz-y-fraternidad-en-la-educacion\/"},"wordCount":343,"commentCount":0,"publisher":{"@id":"https:\/\/focolares.es\/#organization"},"image":{"@id":"https:\/\/focolares.es\/paz-y-fraternidad-en-la-educacion\/#primaryimage"},"thumbnailUrl":"https:\/\/focolares.es\/wp-content\/uploads\/2025\/03\/IMG_DEST_Salud-mental-768x768-16-9.jpg","keywords":["Ciencia, humanidades y pensamiento"],"articleSection":["Uncategorized"],"inLanguage":"ca","potentialAction":[{"@type":"CommentAction","name":"Comment","target":["https:\/\/focolares.es\/paz-y-fraternidad-en-la-educacion\/#respond"]}]},{"@type":"WebPage","@id":"https:\/\/focolares.es\/paz-y-fraternidad-en-la-educacion\/","url":"https:\/\/focolares.es\/paz-y-fraternidad-en-la-educacion\/","name":"Pau i fraternitat a l&#039;educaci\u00f3 - Moviment dels Focolars","isPartOf":{"@id":"https:\/\/focolares.es\/#website"},"primaryImageOfPage":{"@id":"https:\/\/focolares.es\/paz-y-fraternidad-en-la-educacion\/#primaryimage"},"image":{"@id":"https:\/\/focolares.es\/paz-y-fraternidad-en-la-educacion\/#primaryimage"},"thumbnailUrl":"https:\/\/focolares.es\/wp-content\/uploads\/2025\/03\/IMG_DEST_Salud-mental-768x768-16-9.jpg","datePublished":"2025-03-30T18:23:00+00:00","dateModified":"2025-05-10T16:16:09+00:00","description":"Informaci\u00f3 sobre un projecte formatiu de la Fundaci\u00f3 Igino Giordani en col\u00b7laboraci\u00f3 amb la Universidad Complutense de Madrid.","breadcrumb":{"@id":"https:\/\/focolares.es\/paz-y-fraternidad-en-la-educacion\/#breadcrumb"},"inLanguage":"ca","potentialAction":[{"@type":"ReadAction","target":["https:\/\/focolares.es\/paz-y-fraternidad-en-la-educacion\/"]}]},{"@type":"ImageObject","inLanguage":"ca","@id":"https:\/\/focolares.es\/paz-y-fraternidad-en-la-educacion\/#primaryimage","url":"https:\/\/focolares.es\/wp-content\/uploads\/2025\/03\/IMG_DEST_Salud-mental-768x768-16-9.jpg","contentUrl":"https:\/\/focolares.es\/wp-content\/uploads\/2025\/03\/IMG_DEST_Salud-mental-768x768-16-9.jpg","width":768,"height":432},{"@type":"BreadcrumbList","@id":"https:\/\/focolares.es\/paz-y-fraternidad-en-la-educacion\/#breadcrumb","itemListElement":[{"@type":"ListItem","position":1,"name":"Portada","item":"https:\/\/focolares.es\/"},{"@type":"ListItem","position":2,"name":"Paz y fraternidad en la educaci\u00f3n"}]},{"@type":"WebSite","@id":"https:\/\/focolares.es\/#website","url":"https:\/\/focolares.es\/","name":"Moviment dels Focolars","description":"","publisher":{"@id":"https:\/\/focolares.es\/#organization"},"potentialAction":[{"@type":"SearchAction","target":{"@type":"EntryPoint","urlTemplate":"https:\/\/focolares.es\/?s={search_term_string}"},"query-input":{"@type":"PropertyValueSpecification","valueRequired":true,"valueName":"search_term_string"}}],"inLanguage":"ca"},{"@type":"Organization","@id":"https:\/\/focolares.es\/#organization","name":"Moviment dels Focolars","url":"https:\/\/focolares.es\/","logo":{"@type":"ImageObject","inLanguage":"ca","@id":"https:\/\/focolares.es\/#\/schema\/logo\/image\/","url":"https:\/\/focolares.es\/wp-content\/uploads\/2024\/03\/Logo_focolares-1024x944-1.jpg","contentUrl":"https:\/\/focolares.es\/wp-content\/uploads\/2024\/03\/Logo_focolares-1024x944-1.jpg","width":1024,"height":944,"caption":"Movimiento de los Focolares"},"image":{"@id":"https:\/\/focolares.es\/#\/schema\/logo\/image\/"}},{"@type":"Person","@id":"https:\/\/focolares.es\/#\/schema\/person\/460a502493de84fa7b318667e9a5c289","name":"Sonia","image":{"@type":"ImageObject","inLanguage":"ca","@id":"https:\/\/focolares.es\/wp-content\/litespeed\/avatar\/cdad09e33a37c7312cdc76ceae4bbc88.jpg?ver=1777375640","url":"https:\/\/focolares.es\/wp-content\/litespeed\/avatar\/cdad09e33a37c7312cdc76ceae4bbc88.jpg?ver=1777375640","contentUrl":"https:\/\/focolares.es\/wp-content\/litespeed\/avatar\/cdad09e33a37c7312cdc76ceae4bbc88.jpg?ver=1777375640","caption":"Sonia"},"url":"https:\/\/focolares.es\/ca\/author\/sonia\/"}]}},"views":115,"_links":{"self":[{"href":"https:\/\/focolares.es\/ca\/wp-json\/wp\/v2\/posts\/15731","targetHints":{"allow":["GET"]}}],"collection":[{"href":"https:\/\/focolares.es\/ca\/wp-json\/wp\/v2\/posts"}],"about":[{"href":"https:\/\/focolares.es\/ca\/wp-json\/wp\/v2\/types\/post"}],"author":[{"embeddable":true,"href":"https:\/\/focolares.es\/ca\/wp-json\/wp\/v2\/users\/8"}],"replies":[{"embeddable":true,"href":"https:\/\/focolares.es\/ca\/wp-json\/wp\/v2\/comments?post=15731"}],"version-history":[{"count":17,"href":"https:\/\/focolares.es\/ca\/wp-json\/wp\/v2\/posts\/15731\/revisions"}],"predecessor-version":[{"id":16280,"href":"https:\/\/focolares.es\/ca\/wp-json\/wp\/v2\/posts\/15731\/revisions\/16280"}],"wp:featuredmedia":[{"embeddable":true,"href":"https:\/\/focolares.es\/ca\/wp-json\/wp\/v2\/media\/15736"}],"wp:attachment":[{"href":"https:\/\/focolares.es\/ca\/wp-json\/wp\/v2\/media?parent=15731"}],"wp:term":[{"taxonomy":"category","embeddable":true,"href":"https:\/\/focolares.es\/ca\/wp-json\/wp\/v2\/categories?post=15731"},{"taxonomy":"post_tag","embeddable":true,"href":"https:\/\/focolares.es\/ca\/wp-json\/wp\/v2\/tags?post=15731"}],"curies":[{"name":"wp","href":"https:\/\/api.w.org\/{rel}","templated":true}]}}