{"id":15917,"date":"2025-04-23T19:10:52","date_gmt":"2025-04-23T17:10:52","guid":{"rendered":"https:\/\/focolares.es\/?p=15917"},"modified":"2025-05-10T18:13:35","modified_gmt":"2025-05-10T16:13:35","slug":"luciana-una-vida-per-a-la-fraternitat","status":"publish","type":"post","link":"https:\/\/focolares.es\/ca\/luciana-una-vida-para-la-fraternidad\/","title":{"rendered":"Luciana: una vida per a la fraternitat"},"content":{"rendered":"<h4 class=\"wp-block-heading\">Una de les primeres persones sense refer\u00e8ncia religiosa que des del seu primer contacte amb Chiara Lubich, va construir amb ella un cam\u00ed de di\u00e0leg profund entre persones creients i no creients, convertint-se en un veritable referent dins del Moviment dels Focolars.<\/h4>\n\n\n\n<div style=\"height:30px\" aria-hidden=\"true\" class=\"wp-block-spacer\"><\/div>\n\n\n\n<p>Al costat del seu marit Nicola va compartir una intensa hist\u00f2ria de comprom\u00eds pol\u00edtic i social, marcada per la seva milit\u00e0ncia al Partit Comunista Itali\u00e0. El 1971 va ser triada regidor municipal a Abbadia San Salvatore, la seva ciutat natal. Va viure sempre amb rigor i coher\u00e8ncia els seus ideals de just\u00edcia social.<\/p>\n\n\n\n<p>Persona sense refer\u00e8ncies religioses, va trobar en les profundes relacions amb la comunitat del Moviment dels Focolars i en la trobada personal amb Chiara Lubich, el 1995, una plena sintonia amb l&#039;Ideal de la unitat, que va abra\u00e7ar amb entusiasme fins a la seva mort el 18 de mar\u00e7 de 2025. Des d&#039;aleshores es va implicar amb decisi\u00f3. les creences.<\/p>\n\n\n\n<figure class=\"wp-block-image size-full\"><img fetchpriority=\"high\" decoding=\"async\" width=\"670\" height=\"447\" src=\"https:\/\/focolares.es\/wp-content\/uploads\/2025\/04\/Planina.jpg\" alt=\"\" class=\"wp-image-15915\" style=\"aspect-ratio:16\/9;object-fit:cover\" srcset=\"https:\/\/focolares.es\/wp-content\/uploads\/2025\/04\/Planina.jpg 670w, https:\/\/focolares.es\/wp-content\/uploads\/2025\/04\/Planina-300x200.jpg 300w, https:\/\/focolares.es\/wp-content\/uploads\/2025\/04\/Planina-18x12.jpg 18w\" sizes=\"(max-width: 670px) 100vw, 670px\" \/><figcaption class=\"wp-element-caption\">Luciana amb la Comissi\u00f3 Internacional per al Di\u00e0leg entre Persones de conviccions no religioses (Planina 2014)<\/figcaption><\/figure>\n\n\n\n<p>Va participar activament en nombroses iniciatives que buscaven estendre ponts, comen\u00e7ant amb les anomenades \u201cCirocenas\u201d: sopars tem\u00e0tics seguits de moments de reflexi\u00f3 compartida al voltant d&#039;un tema proposat. Tamb\u00e9 va col\u00b7laborar en l&#039;organitzaci\u00f3 de diversos congressos internacionals de di\u00e0leg entre persones de conviccions diverses, entre els quals: \u201cEn di\u00e0leg per la pau\u201d, \u201cLa consci\u00e8ncia i la pobresa\u201d i \u201cDones i homes cap a una societat solid\u00e0ria\u201d. Sempre amb la convicci\u00f3 que nom\u00e9s junts, tots, es pot construir un m\u00f3n m\u00e9s hum\u00e0.<\/p>\n\n\n\n<p>Luciana sentia una gran admiraci\u00f3 pel papa Francesc a qui va poder con\u00e8ixer personalment. Amb ell va compartir alguns moments, tamb\u00e9 a trav\u00e9s de cartes personals. Al costat de molts amics no creients va ser convidada pel papa Francesc a participar en una audi\u00e8ncia. L&#039;alegria i l&#039;emoci\u00f3 a tots va ser gran i profunda.<\/p>\n\n\n\n<figure class=\"wp-block-image size-full\"><img decoding=\"async\" width=\"887\" height=\"473\" src=\"https:\/\/focolares.es\/wp-content\/uploads\/2025\/04\/Audiencia.jpg\" alt=\"\" class=\"wp-image-15913\" srcset=\"https:\/\/focolares.es\/wp-content\/uploads\/2025\/04\/Audiencia.jpg 887w, https:\/\/focolares.es\/wp-content\/uploads\/2025\/04\/Audiencia-300x160.jpg 300w, https:\/\/focolares.es\/wp-content\/uploads\/2025\/04\/Audiencia-768x410.jpg 768w, https:\/\/focolares.es\/wp-content\/uploads\/2025\/04\/Audiencia-18x10.jpg 18w\" sizes=\"(max-width: 887px) 100vw, 887px\" \/><figcaption class=\"wp-element-caption\">Luciana amb amics de conviccions no religioses al Vatic\u00e0 (2021)<\/figcaption><\/figure>\n\n\n\n<p>Luciana va ser una persona molt estimada i va animar a molts a comprometre&#039;s amb la fraternitat universal. En la seva darrera conversa amb una amiga propera, li deia: \u00abSaps?, aquest di\u00e0leg entre persones de conviccions no religioses, no va n\u00e9ixer per convertir els no creients, sin\u00f3 perqu\u00e8 amb Chiara vam comprendre que un m\u00f3n unit es construeix amb tots: \u201cQue tots siguin un\u201d. Si excloem fins i tot un de sol, ja no som tots\u00bb.<\/p>\n\n\n\n<p>Deixa com a llegat una vida aut\u00e8ntica de comprom\u00eds amb els m\u00e9s vulnerables juntament amb el desig de ser instrument d&#039;unitat i fraternitat, tal com va sentir que Chiara Lubich li havia confiat. La trobada amb joves que, com ella, senten aquest comprom\u00eds, li va alegrar l&#039;\u00faltima etapa de la seva vida, conscient que aquest cam\u00ed de di\u00e0leg obert al Moviment dels Focolars, no s&#039;aturar\u00e0.<\/p>\n\n\n\n<figure class=\"wp-block-image size-full\"><img decoding=\"async\" width=\"900\" height=\"371\" src=\"https:\/\/focolares.es\/wp-content\/uploads\/2025\/04\/Lucuana_con_Raone_900.jpg\" alt=\"\" class=\"wp-image-15953\" srcset=\"https:\/\/focolares.es\/wp-content\/uploads\/2025\/04\/Lucuana_con_Raone_900.jpg 900w, https:\/\/focolares.es\/wp-content\/uploads\/2025\/04\/Lucuana_con_Raone_900-300x124.jpg 300w, https:\/\/focolares.es\/wp-content\/uploads\/2025\/04\/Lucuana_con_Raone_900-768x317.jpg 768w, https:\/\/focolares.es\/wp-content\/uploads\/2025\/04\/Lucuana_con_Raone_900-18x7.jpg 18w\" sizes=\"(max-width: 900px) 100vw, 900px\" \/><figcaption class=\"wp-element-caption\">Luciana amb Raone (2025)<\/figcaption><\/figure>\n\n\n\n<p>En els qui l&#039;han conegut, ha deixat una empremta profunda que portaran impresa als seus cors. Alguns testimonis ho reflecteixen:<\/p>\n\n\n\n<blockquote class=\"wp-block-quote is-layout-flow wp-block-quote-is-layout-flow\">\n<p><em>\u00abLuciana ve del llat\u00ed Lucianus, que vol dir \u201cllumin\u00f3s\u201d. Segurament la seva vida continuar\u00e0 ressonant a la vida de molts. Definitivament a la meva.\u00bb<\/em><\/p>\n<\/blockquote>\n\n\n\n<blockquote class=\"wp-block-quote is-layout-flow wp-block-quote-is-layout-flow\">\n<p><em>\u00abSempre hi ha hagut un gran respecte mutu entre nosaltres i encara que de vegades pens\u00e0vem de manera diferent, no discut\u00edem mai perqu\u00e8 el que ens unia era molt m\u00e9s fort: voler-nos de cor i escoltar-nos profundament. Tinc una immensa gratitud al meu cor pel regal d&#039;aquesta relaci\u00f3 amb la Luciana que m&#039;ha fet millor com a persona i com a creient.\u00bb<\/em><\/p>\n<\/blockquote>\n\n\n\n<blockquote class=\"wp-block-quote is-layout-flow wp-block-quote-is-layout-flow\">\n<p><em>\u00abAgra\u00efda per tot all\u00f2 que ens va ensenyar, per la seva fidelitat als ideals de just\u00edcia social, pau, solidaritat,\u2026 que la van portar a considerar els drets dels altres m\u00e9s importants que els propis. Un ateu que creia fermament en l&#039;\u00e9sser hum\u00e0 i en la seva capacitat de superaci\u00f3. Sensible al patiment ali\u00e8, es lliurava generosament per ajudar i acollir. Es va gastar per la fraternitat.<\/em><\/p>\n<\/blockquote>\n\n\n\n<blockquote class=\"wp-block-quote is-layout-flow wp-block-quote-is-layout-flow\">\n<p><em>\u00abPocs dies abans de morir vam anar a visitar-la des de Barcelona. Van ser moments inoblidables en qu\u00e8, tot i no tenir gaireb\u00e9 veu, no deixava d&#039;animar-nos per viure i tirar endavant aquest di\u00e0leg. No semblava un comiat, encara que ho sab\u00edem. Incansable, ens confiava el cor. La vam veure viure els seus darrers moments sense un lament i construint relacions amb tots els que s&#039;acostaven, ja fossin del personal del centre o amics, que no la van deixar sola en cap moment.\u00bb<\/em><\/p>\n<\/blockquote>\n\n\n\n<blockquote class=\"wp-block-quote has-text-align-left is-layout-flow wp-block-quote-is-layout-flow\">\n<p><\/p>\n<\/blockquote>\n\n\n\n<p><\/p>","protected":false},"excerpt":{"rendered":"<p>Luciana, un referent del di\u00e0leg entre creients i no creients dins el Moviment dels Focolars.<\/p>","protected":false},"author":1,"featured_media":15916,"comment_status":"open","ping_status":"closed","sticky":false,"template":"","format":"standard","meta":{"_price":"","_stock":"","_tribe_ticket_header":"","_tribe_default_ticket_provider":"","_tribe_ticket_capacity":"0","_ticket_start_date":"","_ticket_end_date":"","_tribe_ticket_show_description":"","_tribe_ticket_show_not_going":false,"_tribe_ticket_use_global_stock":"","_tribe_ticket_global_stock_level":"","_global_stock_mode":"","_global_stock_cap":"","_tribe_rsvp_for_event":"","_tribe_ticket_going_count":"","_tribe_ticket_not_going_count":"","_tribe_tickets_list":"[]","_tribe_ticket_has_attendee_info_fields":false,"footnotes":""},"categories":[1],"tags":[40],"class_list":["post-15917","post","type-post","status-publish","format-standard","has-post-thumbnail","hentry","category-uncategorized","tag-dialogo-y-fraternidad"],"yoast_head":"<!-- This site is optimized with the Yoast SEO plugin v27.2 - https:\/\/yoast.com\/product\/yoast-seo-wordpress\/ -->\n<title>Luciana: una vida para la fraternidad - Movimiento de los Focolares<\/title>\n<meta name=\"description\" content=\"Luciana ha sido una persona sin referencia religiosa que se ha convertido en un referente dentro de los Focolares.\" \/>\n<meta name=\"robots\" content=\"index, follow, max-snippet:-1, max-image-preview:large, max-video-preview:-1\" \/>\n<link rel=\"canonical\" href=\"https:\/\/focolares.es\/ca\/luciana-una-vida-per-a-la-fraternitat\/\" \/>\n<meta property=\"og:locale\" content=\"ca_ES\" \/>\n<meta property=\"og:type\" content=\"article\" \/>\n<meta property=\"og:title\" content=\"Luciana: una vida para la fraternidad - Movimiento de los Focolares\" \/>\n<meta property=\"og:description\" content=\"Luciana ha sido una persona sin referencia religiosa que se ha convertido en un referente dentro de los Focolares.\" \/>\n<meta property=\"og:url\" content=\"https:\/\/focolares.es\/ca\/luciana-una-vida-per-a-la-fraternitat\/\" \/>\n<meta property=\"og:site_name\" content=\"Movimiento de los Focolares\" \/>\n<meta property=\"article:published_time\" content=\"2025-04-23T17:10:52+00:00\" \/>\n<meta property=\"article:modified_time\" content=\"2025-05-10T16:13:35+00:00\" \/>\n<meta property=\"og:image\" content=\"https:\/\/focolares.es\/wp-content\/uploads\/2025\/04\/Luciana.jpg\" \/>\n\t<meta property=\"og:image:width\" content=\"634\" \/>\n\t<meta property=\"og:image:height\" content=\"496\" \/>\n\t<meta property=\"og:image:type\" content=\"image\/jpeg\" \/>\n<meta name=\"author\" content=\"admin\" \/>\n<meta name=\"twitter:card\" content=\"summary_large_image\" \/>\n<meta name=\"twitter:label1\" content=\"Escrit per\" \/>\n\t<meta name=\"twitter:data1\" content=\"admin\" \/>\n\t<meta name=\"twitter:label2\" content=\"Temps estimat de lectura\" \/>\n\t<meta name=\"twitter:data2\" content=\"3 minuts\" \/>\n<script type=\"application\/ld+json\" class=\"yoast-schema-graph\">{\"@context\":\"https:\/\/schema.org\",\"@graph\":[{\"@type\":\"Article\",\"@id\":\"https:\/\/focolares.es\/luciana-una-vida-para-la-fraternidad\/#article\",\"isPartOf\":{\"@id\":\"https:\/\/focolares.es\/luciana-una-vida-para-la-fraternidad\/\"},\"author\":{\"name\":\"admin\",\"@id\":\"https:\/\/focolares.es\/#\/schema\/person\/fdbf1cac3e3957f836bf607a31e7616d\"},\"headline\":\"Luciana: una vida para la fraternidad\",\"datePublished\":\"2025-04-23T17:10:52+00:00\",\"dateModified\":\"2025-05-10T16:13:35+00:00\",\"mainEntityOfPage\":{\"@id\":\"https:\/\/focolares.es\/luciana-una-vida-para-la-fraternidad\/\"},\"wordCount\":752,\"commentCount\":0,\"publisher\":{\"@id\":\"https:\/\/focolares.es\/#organization\"},\"image\":{\"@id\":\"https:\/\/focolares.es\/luciana-una-vida-para-la-fraternidad\/#primaryimage\"},\"thumbnailUrl\":\"https:\/\/focolares.es\/wp-content\/uploads\/2025\/04\/Luciana.jpg\",\"keywords\":[\"Di\u00e1logo y fraternidad\"],\"articleSection\":[\"Uncategorized\"],\"inLanguage\":\"ca\",\"potentialAction\":[{\"@type\":\"CommentAction\",\"name\":\"Comment\",\"target\":[\"https:\/\/focolares.es\/luciana-una-vida-para-la-fraternidad\/#respond\"]}]},{\"@type\":\"WebPage\",\"@id\":\"https:\/\/focolares.es\/luciana-una-vida-para-la-fraternidad\/\",\"url\":\"https:\/\/focolares.es\/luciana-una-vida-para-la-fraternidad\/\",\"name\":\"Luciana: una vida para la fraternidad - Movimiento de los Focolares\",\"isPartOf\":{\"@id\":\"https:\/\/focolares.es\/#website\"},\"primaryImageOfPage\":{\"@id\":\"https:\/\/focolares.es\/luciana-una-vida-para-la-fraternidad\/#primaryimage\"},\"image\":{\"@id\":\"https:\/\/focolares.es\/luciana-una-vida-para-la-fraternidad\/#primaryimage\"},\"thumbnailUrl\":\"https:\/\/focolares.es\/wp-content\/uploads\/2025\/04\/Luciana.jpg\",\"datePublished\":\"2025-04-23T17:10:52+00:00\",\"dateModified\":\"2025-05-10T16:13:35+00:00\",\"description\":\"Luciana ha sido una persona sin referencia religiosa que se ha convertido en un referente dentro de los Focolares.\",\"breadcrumb\":{\"@id\":\"https:\/\/focolares.es\/luciana-una-vida-para-la-fraternidad\/#breadcrumb\"},\"inLanguage\":\"ca\",\"potentialAction\":[{\"@type\":\"ReadAction\",\"target\":[\"https:\/\/focolares.es\/luciana-una-vida-para-la-fraternidad\/\"]}]},{\"@type\":\"ImageObject\",\"inLanguage\":\"ca\",\"@id\":\"https:\/\/focolares.es\/luciana-una-vida-para-la-fraternidad\/#primaryimage\",\"url\":\"https:\/\/focolares.es\/wp-content\/uploads\/2025\/04\/Luciana.jpg\",\"contentUrl\":\"https:\/\/focolares.es\/wp-content\/uploads\/2025\/04\/Luciana.jpg\",\"width\":634,\"height\":496},{\"@type\":\"BreadcrumbList\",\"@id\":\"https:\/\/focolares.es\/luciana-una-vida-para-la-fraternidad\/#breadcrumb\",\"itemListElement\":[{\"@type\":\"ListItem\",\"position\":1,\"name\":\"Portada\",\"item\":\"https:\/\/focolares.es\/\"},{\"@type\":\"ListItem\",\"position\":2,\"name\":\"Luciana: una vida para la fraternidad\"}]},{\"@type\":\"WebSite\",\"@id\":\"https:\/\/focolares.es\/#website\",\"url\":\"https:\/\/focolares.es\/\",\"name\":\"Movimiento de los Focolares\",\"description\":\"\",\"publisher\":{\"@id\":\"https:\/\/focolares.es\/#organization\"},\"potentialAction\":[{\"@type\":\"SearchAction\",\"target\":{\"@type\":\"EntryPoint\",\"urlTemplate\":\"https:\/\/focolares.es\/?s={search_term_string}\"},\"query-input\":{\"@type\":\"PropertyValueSpecification\",\"valueRequired\":true,\"valueName\":\"search_term_string\"}}],\"inLanguage\":\"ca\"},{\"@type\":\"Organization\",\"@id\":\"https:\/\/focolares.es\/#organization\",\"name\":\"Movimiento de los Focolares\",\"url\":\"https:\/\/focolares.es\/\",\"logo\":{\"@type\":\"ImageObject\",\"inLanguage\":\"ca\",\"@id\":\"https:\/\/focolares.es\/#\/schema\/logo\/image\/\",\"url\":\"https:\/\/focolares.es\/wp-content\/uploads\/2024\/03\/Logo_focolares-1024x944-1.jpg\",\"contentUrl\":\"https:\/\/focolares.es\/wp-content\/uploads\/2024\/03\/Logo_focolares-1024x944-1.jpg\",\"width\":1024,\"height\":944,\"caption\":\"Movimiento de los Focolares\"},\"image\":{\"@id\":\"https:\/\/focolares.es\/#\/schema\/logo\/image\/\"}},{\"@type\":\"Person\",\"@id\":\"https:\/\/focolares.es\/#\/schema\/person\/fdbf1cac3e3957f836bf607a31e7616d\",\"name\":\"admin\",\"image\":{\"@type\":\"ImageObject\",\"inLanguage\":\"ca\",\"@id\":\"https:\/\/focolares.es\/wp-content\/litespeed\/avatar\/ba00c276ce0fa7863cda4038d70907a8.jpg?ver=1777380135\",\"url\":\"https:\/\/focolares.es\/wp-content\/litespeed\/avatar\/ba00c276ce0fa7863cda4038d70907a8.jpg?ver=1777380135\",\"contentUrl\":\"https:\/\/focolares.es\/wp-content\/litespeed\/avatar\/ba00c276ce0fa7863cda4038d70907a8.jpg?ver=1777380135\",\"caption\":\"admin\"},\"sameAs\":[\"https:\/\/focolares.es\"],\"url\":\"https:\/\/focolares.es\/ca\/author\/afesersl_mcjhk9wv\/\"}]}<\/script>\n<!-- \/ Yoast SEO plugin. -->","yoast_head_json":{"title":"Luciana: una vida per a la fraternitat - Moviment dels Focolars","description":"Luciana ha estat una persona sense refer\u00e8ncia religiosa que ha esdevingut un referent dins dels Focolars.","robots":{"index":"index","follow":"follow","max-snippet":"max-snippet:-1","max-image-preview":"max-image-preview:large","max-video-preview":"max-video-preview:-1"},"canonical":"https:\/\/focolares.es\/ca\/luciana-una-vida-per-a-la-fraternitat\/","og_locale":"ca_ES","og_type":"article","og_title":"Luciana: una vida para la fraternidad - Movimiento de los Focolares","og_description":"Luciana ha sido una persona sin referencia religiosa que se ha convertido en un referente dentro de los Focolares.","og_url":"https:\/\/focolares.es\/ca\/luciana-una-vida-per-a-la-fraternitat\/","og_site_name":"Movimiento de los Focolares","article_published_time":"2025-04-23T17:10:52+00:00","article_modified_time":"2025-05-10T16:13:35+00:00","og_image":[{"width":634,"height":496,"url":"https:\/\/focolares.es\/wp-content\/uploads\/2025\/04\/Luciana.jpg","type":"image\/jpeg"}],"author":"admin","twitter_card":"summary_large_image","twitter_misc":{"Escrit per":"admin","Temps estimat de lectura":"3 minuts"},"schema":{"@context":"https:\/\/schema.org","@graph":[{"@type":"Article","@id":"https:\/\/focolares.es\/luciana-una-vida-para-la-fraternidad\/#article","isPartOf":{"@id":"https:\/\/focolares.es\/luciana-una-vida-para-la-fraternidad\/"},"author":{"name":"admin","@id":"https:\/\/focolares.es\/#\/schema\/person\/fdbf1cac3e3957f836bf607a31e7616d"},"headline":"Luciana: una vida para la fraternidad","datePublished":"2025-04-23T17:10:52+00:00","dateModified":"2025-05-10T16:13:35+00:00","mainEntityOfPage":{"@id":"https:\/\/focolares.es\/luciana-una-vida-para-la-fraternidad\/"},"wordCount":752,"commentCount":0,"publisher":{"@id":"https:\/\/focolares.es\/#organization"},"image":{"@id":"https:\/\/focolares.es\/luciana-una-vida-para-la-fraternidad\/#primaryimage"},"thumbnailUrl":"https:\/\/focolares.es\/wp-content\/uploads\/2025\/04\/Luciana.jpg","keywords":["Di\u00e1logo y fraternidad"],"articleSection":["Uncategorized"],"inLanguage":"ca","potentialAction":[{"@type":"CommentAction","name":"Comment","target":["https:\/\/focolares.es\/luciana-una-vida-para-la-fraternidad\/#respond"]}]},{"@type":"WebPage","@id":"https:\/\/focolares.es\/luciana-una-vida-para-la-fraternidad\/","url":"https:\/\/focolares.es\/luciana-una-vida-para-la-fraternidad\/","name":"Luciana: una vida per a la fraternitat - Moviment dels Focolars","isPartOf":{"@id":"https:\/\/focolares.es\/#website"},"primaryImageOfPage":{"@id":"https:\/\/focolares.es\/luciana-una-vida-para-la-fraternidad\/#primaryimage"},"image":{"@id":"https:\/\/focolares.es\/luciana-una-vida-para-la-fraternidad\/#primaryimage"},"thumbnailUrl":"https:\/\/focolares.es\/wp-content\/uploads\/2025\/04\/Luciana.jpg","datePublished":"2025-04-23T17:10:52+00:00","dateModified":"2025-05-10T16:13:35+00:00","description":"Luciana ha estat una persona sense refer\u00e8ncia religiosa que ha esdevingut un referent dins dels Focolars.","breadcrumb":{"@id":"https:\/\/focolares.es\/luciana-una-vida-para-la-fraternidad\/#breadcrumb"},"inLanguage":"ca","potentialAction":[{"@type":"ReadAction","target":["https:\/\/focolares.es\/luciana-una-vida-para-la-fraternidad\/"]}]},{"@type":"ImageObject","inLanguage":"ca","@id":"https:\/\/focolares.es\/luciana-una-vida-para-la-fraternidad\/#primaryimage","url":"https:\/\/focolares.es\/wp-content\/uploads\/2025\/04\/Luciana.jpg","contentUrl":"https:\/\/focolares.es\/wp-content\/uploads\/2025\/04\/Luciana.jpg","width":634,"height":496},{"@type":"BreadcrumbList","@id":"https:\/\/focolares.es\/luciana-una-vida-para-la-fraternidad\/#breadcrumb","itemListElement":[{"@type":"ListItem","position":1,"name":"Portada","item":"https:\/\/focolares.es\/"},{"@type":"ListItem","position":2,"name":"Luciana: una vida para la fraternidad"}]},{"@type":"WebSite","@id":"https:\/\/focolares.es\/#website","url":"https:\/\/focolares.es\/","name":"Moviment dels Focolars","description":"","publisher":{"@id":"https:\/\/focolares.es\/#organization"},"potentialAction":[{"@type":"SearchAction","target":{"@type":"EntryPoint","urlTemplate":"https:\/\/focolares.es\/?s={search_term_string}"},"query-input":{"@type":"PropertyValueSpecification","valueRequired":true,"valueName":"search_term_string"}}],"inLanguage":"ca"},{"@type":"Organization","@id":"https:\/\/focolares.es\/#organization","name":"Moviment dels Focolars","url":"https:\/\/focolares.es\/","logo":{"@type":"ImageObject","inLanguage":"ca","@id":"https:\/\/focolares.es\/#\/schema\/logo\/image\/","url":"https:\/\/focolares.es\/wp-content\/uploads\/2024\/03\/Logo_focolares-1024x944-1.jpg","contentUrl":"https:\/\/focolares.es\/wp-content\/uploads\/2024\/03\/Logo_focolares-1024x944-1.jpg","width":1024,"height":944,"caption":"Movimiento de los Focolares"},"image":{"@id":"https:\/\/focolares.es\/#\/schema\/logo\/image\/"}},{"@type":"Person","@id":"https:\/\/focolares.es\/#\/schema\/person\/fdbf1cac3e3957f836bf607a31e7616d","name":"admin","image":{"@type":"ImageObject","inLanguage":"ca","@id":"https:\/\/focolares.es\/wp-content\/litespeed\/avatar\/ba00c276ce0fa7863cda4038d70907a8.jpg?ver=1777380135","url":"https:\/\/focolares.es\/wp-content\/litespeed\/avatar\/ba00c276ce0fa7863cda4038d70907a8.jpg?ver=1777380135","contentUrl":"https:\/\/focolares.es\/wp-content\/litespeed\/avatar\/ba00c276ce0fa7863cda4038d70907a8.jpg?ver=1777380135","caption":"admin"},"sameAs":["https:\/\/focolares.es"],"url":"https:\/\/focolares.es\/ca\/author\/afesersl_mcjhk9wv\/"}]}},"views":121,"_links":{"self":[{"href":"https:\/\/focolares.es\/ca\/wp-json\/wp\/v2\/posts\/15917","targetHints":{"allow":["GET"]}}],"collection":[{"href":"https:\/\/focolares.es\/ca\/wp-json\/wp\/v2\/posts"}],"about":[{"href":"https:\/\/focolares.es\/ca\/wp-json\/wp\/v2\/types\/post"}],"author":[{"embeddable":true,"href":"https:\/\/focolares.es\/ca\/wp-json\/wp\/v2\/users\/1"}],"replies":[{"embeddable":true,"href":"https:\/\/focolares.es\/ca\/wp-json\/wp\/v2\/comments?post=15917"}],"version-history":[{"count":19,"href":"https:\/\/focolares.es\/ca\/wp-json\/wp\/v2\/posts\/15917\/revisions"}],"predecessor-version":[{"id":16278,"href":"https:\/\/focolares.es\/ca\/wp-json\/wp\/v2\/posts\/15917\/revisions\/16278"}],"wp:featuredmedia":[{"embeddable":true,"href":"https:\/\/focolares.es\/ca\/wp-json\/wp\/v2\/media\/15916"}],"wp:attachment":[{"href":"https:\/\/focolares.es\/ca\/wp-json\/wp\/v2\/media?parent=15917"}],"wp:term":[{"taxonomy":"category","embeddable":true,"href":"https:\/\/focolares.es\/ca\/wp-json\/wp\/v2\/categories?post=15917"},{"taxonomy":"post_tag","embeddable":true,"href":"https:\/\/focolares.es\/ca\/wp-json\/wp\/v2\/tags?post=15917"}],"curies":[{"name":"wp","href":"https:\/\/api.w.org\/{rel}","templated":true}]}}