{"id":16025,"date":"2025-05-01T12:16:14","date_gmt":"2025-05-01T10:16:14","guid":{"rendered":"https:\/\/focolares.es\/?p=16025"},"modified":"2025-05-01T12:16:14","modified_gmt":"2025-05-01T10:16:14","slug":"setmana-mon-unit-2025","status":"publish","type":"post","link":"https:\/\/focolares.es\/ca\/semana-mundo-unido-2025\/","title":{"rendered":"Setmana M\u00f3n Unit 2025"},"content":{"rendered":"<figure class=\"wp-block-image aligncenter size-full is-resized\"><img fetchpriority=\"high\" decoding=\"async\" width=\"376\" height=\"224\" src=\"https:\/\/focolares.es\/wp-content\/uploads\/2025\/04\/Captura.jpg\" alt=\"\" class=\"wp-image-16026\" style=\"width:487px;height:auto\" srcset=\"https:\/\/focolares.es\/wp-content\/uploads\/2025\/04\/Captura.jpg 376w, https:\/\/focolares.es\/wp-content\/uploads\/2025\/04\/Captura-300x179.jpg 300w, https:\/\/focolares.es\/wp-content\/uploads\/2025\/04\/Captura-18x12.jpg 18w\" sizes=\"(max-width: 376px) 100vw, 376px\" \/><\/figure>\n\n\n\n<p>Com cada any des de 1995, de l&#039;1 al 7 de maig propers, se celebrar\u00e0 la <a href=\"https:\/\/www.unitedworldproject.org\/es\/smu2025\/\" target=\"_blank\" rel=\"noreferrer noopener\"><strong>Setmana M\u00f3n Unit 2025 (SMU 2025)<\/strong><\/a>, una de les accions integrades dins del <em>United World Project<\/em> que promou la <strong><a href=\"https:\/\/www.unitedworldproject.org\/es\/smu2025\/\" target=\"_blank\" rel=\"noreferrer noopener\">ONG New Humanity<\/a><\/strong>. El seu prop\u00f2sit \u00e9s ser laboratori i exposici\u00f3 global d&#039;accions i iniciatives que contribueixin a difondre la fraternitat, la unitat i la pau entre persones i els pobles, a tot el m\u00f3n.<\/p>\n\n\n\n<p>L\u00b4edici\u00f3 d\u00b4enguany t\u00e9 per lema <strong>\u00abAbra\u00e7a la humanitat. Desencadena el canvi!\u00bb<\/strong>. A trav\u00e9s de m\u00faltiples accions locals es vol demostrar que, malgrat els enormes reptes a qu\u00e8 s&#039;enfronta el nostre m\u00f3n, ja hi ha en marxa innombrables iniciatives de pau i fraternitat.<\/p>\n\n\n\n<p>A la <a href=\"https:\/\/www.unitedworldproject.org\/es\/smu2025\/\" target=\"_blank\" rel=\"noreferrer noopener\">p\u00e0gina web<\/a> de la SMU 2025, es pot trobar informaci\u00f3 ampliada sobre els diversos esdeveniments que es realitzaran, tenint especial rellev\u00e0ncia la celebraci\u00f3, l&#039;1 de maig, del \u00ab<a href=\"https:\/\/www.primomaggioloppiano.it\/\" target=\"_blank\" rel=\"noreferrer noopener\"><strong>Primo Maggio<\/strong><\/a>\u00bb a Loppiano (It\u00e0lia), el 3 de maig, del <strong><a href=\"https:\/\/www.youtube.com\/@UnitedWorldProject\" target=\"_blank\" rel=\"noreferrer noopener\">\u00abPace Got Talent\u00bb<\/a><\/strong> i el 2 de maig <a href=\"https:\/\/www.youtube.com\/live\/1LhXaEau-tk?si=YDwFOSxp8BfTZrd7\" target=\"_blank\" rel=\"noreferrer noopener\">Mediterranean Sparkchangers<\/a>.<\/p>\n\n\n\n<div class=\"wp-block-media-text is-stacked-on-mobile\" style=\"grid-template-columns:33% auto\"><figure class=\"wp-block-media-text__media\"><img decoding=\"async\" width=\"358\" height=\"326\" src=\"https:\/\/focolares.es\/wp-content\/uploads\/2025\/04\/Run2025.jpg\" alt=\"\" class=\"wp-image-16027 size-full\" srcset=\"https:\/\/focolares.es\/wp-content\/uploads\/2025\/04\/Run2025.jpg 358w, https:\/\/focolares.es\/wp-content\/uploads\/2025\/04\/Run2025-300x273.jpg 300w, https:\/\/focolares.es\/wp-content\/uploads\/2025\/04\/Run2025-13x12.jpg 13w\" sizes=\"(max-width: 358px) 100vw, 358px\" \/><\/figure><div class=\"wp-block-media-text__content\">\n<p>Cal destacar tamb\u00e9 que aquest any es commemora el <strong>20\u00e8 aniversari del <a href=\"https:\/\/www.teens4unity.org\/es\/run4unity\/\" target=\"_blank\" rel=\"noreferrer noopener\">Run4Unity<\/a><\/strong>, que se celebrar\u00e0 el 4 de maig. Una emblem\u00e0tica <strong>carrera mundial per la pau<\/strong> que reuneix milers de joves, adolescents i adults de diferents \u00e8tnies, cultures i religions que junts, i passant-se el testimoni d&#039;un fus horari a un altre, corren per mostrar al m\u00f3n el comprom\u00eds amb l&#039;harmonia i la unitat en la diversitat.<\/p>\n<\/div><\/div>\n\n\n\n<p><\/p>\n\n\n\n<p><\/p>","protected":false},"excerpt":{"rendered":"<p>Setmana M\u00f3n Unit: Accions i iniciatives per difondre la fraternitat, la unitat i la pau.<\/p>","protected":false},"author":10,"featured_media":16026,"comment_status":"open","ping_status":"closed","sticky":false,"template":"","format":"standard","meta":{"_price":"","_stock":"","_tribe_ticket_header":"","_tribe_default_ticket_provider":"","_tribe_ticket_capacity":"0","_ticket_start_date":"","_ticket_end_date":"","_tribe_ticket_show_description":"","_tribe_ticket_show_not_going":false,"_tribe_ticket_use_global_stock":"","_tribe_ticket_global_stock_level":"","_global_stock_mode":"","_global_stock_cap":"","_tribe_rsvp_for_event":"","_tribe_ticket_going_count":"","_tribe_ticket_not_going_count":"","_tribe_tickets_list":"[]","_tribe_ticket_has_attendee_info_fields":false,"footnotes":""},"categories":[1],"tags":[40],"class_list":["post-16025","post","type-post","status-publish","format-standard","has-post-thumbnail","hentry","category-uncategorized","tag-dialogo-y-fraternidad"],"yoast_head":"<!-- This site is optimized with the Yoast SEO plugin v27.2 - https:\/\/yoast.com\/product\/yoast-seo-wordpress\/ -->\n<title>Semana Mundo Unido 2025 - Movimiento de los Focolares<\/title>\n<meta name=\"description\" content=\"Semana Mundo Unido 2025\" \/>\n<meta name=\"robots\" content=\"index, follow, max-snippet:-1, max-image-preview:large, max-video-preview:-1\" \/>\n<link rel=\"canonical\" href=\"https:\/\/focolares.es\/ca\/setmana-mon-unit-2025\/\" \/>\n<meta property=\"og:locale\" content=\"ca_ES\" \/>\n<meta property=\"og:type\" content=\"article\" \/>\n<meta property=\"og:title\" content=\"Semana Mundo Unido 2025 - Movimiento de los Focolares\" \/>\n<meta property=\"og:description\" content=\"Semana Mundo Unido 2025\" \/>\n<meta property=\"og:url\" content=\"https:\/\/focolares.es\/ca\/setmana-mon-unit-2025\/\" \/>\n<meta property=\"og:site_name\" content=\"Movimiento de los Focolares\" \/>\n<meta property=\"article:published_time\" content=\"2025-05-01T10:16:14+00:00\" \/>\n<meta property=\"og:image\" content=\"https:\/\/focolares.es\/wp-content\/uploads\/2025\/04\/Captura.jpg\" \/>\n\t<meta property=\"og:image:width\" content=\"376\" \/>\n\t<meta property=\"og:image:height\" content=\"224\" \/>\n\t<meta property=\"og:image:type\" content=\"image\/jpeg\" \/>\n<meta name=\"author\" content=\"Inma Tersa\" \/>\n<meta name=\"twitter:card\" content=\"summary_large_image\" \/>\n<meta name=\"twitter:label1\" content=\"Escrit per\" \/>\n\t<meta name=\"twitter:data1\" content=\"Inma Tersa\" \/>\n\t<meta name=\"twitter:label2\" content=\"Temps estimat de lectura\" \/>\n\t<meta name=\"twitter:data2\" content=\"2 minuts\" \/>\n<script type=\"application\/ld+json\" class=\"yoast-schema-graph\">{\"@context\":\"https:\/\/schema.org\",\"@graph\":[{\"@type\":\"Article\",\"@id\":\"https:\/\/focolares.es\/semana-mundo-unido-2025\/#article\",\"isPartOf\":{\"@id\":\"https:\/\/focolares.es\/semana-mundo-unido-2025\/\"},\"author\":{\"name\":\"Inma Tersa\",\"@id\":\"https:\/\/focolares.es\/#\/schema\/person\/8b058c1a27e387feee62383131d93e9e\"},\"headline\":\"Semana Mundo Unido 2025\",\"datePublished\":\"2025-05-01T10:16:14+00:00\",\"mainEntityOfPage\":{\"@id\":\"https:\/\/focolares.es\/semana-mundo-unido-2025\/\"},\"wordCount\":251,\"commentCount\":0,\"publisher\":{\"@id\":\"https:\/\/focolares.es\/#organization\"},\"image\":{\"@id\":\"https:\/\/focolares.es\/semana-mundo-unido-2025\/#primaryimage\"},\"thumbnailUrl\":\"https:\/\/focolares.es\/wp-content\/uploads\/2025\/04\/Captura.jpg\",\"keywords\":[\"Di\u00e1logo y fraternidad\"],\"articleSection\":[\"Uncategorized\"],\"inLanguage\":\"ca\",\"potentialAction\":[{\"@type\":\"CommentAction\",\"name\":\"Comment\",\"target\":[\"https:\/\/focolares.es\/semana-mundo-unido-2025\/#respond\"]}]},{\"@type\":\"WebPage\",\"@id\":\"https:\/\/focolares.es\/semana-mundo-unido-2025\/\",\"url\":\"https:\/\/focolares.es\/semana-mundo-unido-2025\/\",\"name\":\"Semana Mundo Unido 2025 - Movimiento de los Focolares\",\"isPartOf\":{\"@id\":\"https:\/\/focolares.es\/#website\"},\"primaryImageOfPage\":{\"@id\":\"https:\/\/focolares.es\/semana-mundo-unido-2025\/#primaryimage\"},\"image\":{\"@id\":\"https:\/\/focolares.es\/semana-mundo-unido-2025\/#primaryimage\"},\"thumbnailUrl\":\"https:\/\/focolares.es\/wp-content\/uploads\/2025\/04\/Captura.jpg\",\"datePublished\":\"2025-05-01T10:16:14+00:00\",\"description\":\"Semana Mundo Unido 2025\",\"breadcrumb\":{\"@id\":\"https:\/\/focolares.es\/semana-mundo-unido-2025\/#breadcrumb\"},\"inLanguage\":\"ca\",\"potentialAction\":[{\"@type\":\"ReadAction\",\"target\":[\"https:\/\/focolares.es\/semana-mundo-unido-2025\/\"]}]},{\"@type\":\"ImageObject\",\"inLanguage\":\"ca\",\"@id\":\"https:\/\/focolares.es\/semana-mundo-unido-2025\/#primaryimage\",\"url\":\"https:\/\/focolares.es\/wp-content\/uploads\/2025\/04\/Captura.jpg\",\"contentUrl\":\"https:\/\/focolares.es\/wp-content\/uploads\/2025\/04\/Captura.jpg\",\"width\":376,\"height\":224},{\"@type\":\"BreadcrumbList\",\"@id\":\"https:\/\/focolares.es\/semana-mundo-unido-2025\/#breadcrumb\",\"itemListElement\":[{\"@type\":\"ListItem\",\"position\":1,\"name\":\"Portada\",\"item\":\"https:\/\/focolares.es\/\"},{\"@type\":\"ListItem\",\"position\":2,\"name\":\"Semana Mundo Unido 2025\"}]},{\"@type\":\"WebSite\",\"@id\":\"https:\/\/focolares.es\/#website\",\"url\":\"https:\/\/focolares.es\/\",\"name\":\"Movimiento de los Focolares\",\"description\":\"\",\"publisher\":{\"@id\":\"https:\/\/focolares.es\/#organization\"},\"potentialAction\":[{\"@type\":\"SearchAction\",\"target\":{\"@type\":\"EntryPoint\",\"urlTemplate\":\"https:\/\/focolares.es\/?s={search_term_string}\"},\"query-input\":{\"@type\":\"PropertyValueSpecification\",\"valueRequired\":true,\"valueName\":\"search_term_string\"}}],\"inLanguage\":\"ca\"},{\"@type\":\"Organization\",\"@id\":\"https:\/\/focolares.es\/#organization\",\"name\":\"Movimiento de los Focolares\",\"url\":\"https:\/\/focolares.es\/\",\"logo\":{\"@type\":\"ImageObject\",\"inLanguage\":\"ca\",\"@id\":\"https:\/\/focolares.es\/#\/schema\/logo\/image\/\",\"url\":\"https:\/\/focolares.es\/wp-content\/uploads\/2024\/03\/Logo_focolares-1024x944-1.jpg\",\"contentUrl\":\"https:\/\/focolares.es\/wp-content\/uploads\/2024\/03\/Logo_focolares-1024x944-1.jpg\",\"width\":1024,\"height\":944,\"caption\":\"Movimiento de los Focolares\"},\"image\":{\"@id\":\"https:\/\/focolares.es\/#\/schema\/logo\/image\/\"}},{\"@type\":\"Person\",\"@id\":\"https:\/\/focolares.es\/#\/schema\/person\/8b058c1a27e387feee62383131d93e9e\",\"name\":\"Inma Tersa\",\"image\":{\"@type\":\"ImageObject\",\"inLanguage\":\"ca\",\"@id\":\"https:\/\/focolares.es\/wp-content\/litespeed\/avatar\/7dbc96ecf8c314c6a9f957a8eec59e2a.jpg?ver=1777387337\",\"url\":\"https:\/\/focolares.es\/wp-content\/litespeed\/avatar\/7dbc96ecf8c314c6a9f957a8eec59e2a.jpg?ver=1777387337\",\"contentUrl\":\"https:\/\/focolares.es\/wp-content\/litespeed\/avatar\/7dbc96ecf8c314c6a9f957a8eec59e2a.jpg?ver=1777387337\",\"caption\":\"Inma Tersa\"},\"url\":\"https:\/\/focolares.es\/ca\/author\/inma\/\"}]}<\/script>\n<!-- \/ Yoast SEO plugin. -->","yoast_head_json":{"title":"Setmana M\u00f3n Unit 2025 - Moviment dels Focolars","description":"Setmana M\u00f3n Unit 2025","robots":{"index":"index","follow":"follow","max-snippet":"max-snippet:-1","max-image-preview":"max-image-preview:large","max-video-preview":"max-video-preview:-1"},"canonical":"https:\/\/focolares.es\/ca\/setmana-mon-unit-2025\/","og_locale":"ca_ES","og_type":"article","og_title":"Semana Mundo Unido 2025 - Movimiento de los Focolares","og_description":"Semana Mundo Unido 2025","og_url":"https:\/\/focolares.es\/ca\/setmana-mon-unit-2025\/","og_site_name":"Movimiento de los Focolares","article_published_time":"2025-05-01T10:16:14+00:00","og_image":[{"width":376,"height":224,"url":"https:\/\/focolares.es\/wp-content\/uploads\/2025\/04\/Captura.jpg","type":"image\/jpeg"}],"author":"Inma Tersa","twitter_card":"summary_large_image","twitter_misc":{"Escrit per":"Inma Tersa","Temps estimat de lectura":"2 minuts"},"schema":{"@context":"https:\/\/schema.org","@graph":[{"@type":"Article","@id":"https:\/\/focolares.es\/semana-mundo-unido-2025\/#article","isPartOf":{"@id":"https:\/\/focolares.es\/semana-mundo-unido-2025\/"},"author":{"name":"Inma Tersa","@id":"https:\/\/focolares.es\/#\/schema\/person\/8b058c1a27e387feee62383131d93e9e"},"headline":"Semana Mundo Unido 2025","datePublished":"2025-05-01T10:16:14+00:00","mainEntityOfPage":{"@id":"https:\/\/focolares.es\/semana-mundo-unido-2025\/"},"wordCount":251,"commentCount":0,"publisher":{"@id":"https:\/\/focolares.es\/#organization"},"image":{"@id":"https:\/\/focolares.es\/semana-mundo-unido-2025\/#primaryimage"},"thumbnailUrl":"https:\/\/focolares.es\/wp-content\/uploads\/2025\/04\/Captura.jpg","keywords":["Di\u00e1logo y fraternidad"],"articleSection":["Uncategorized"],"inLanguage":"ca","potentialAction":[{"@type":"CommentAction","name":"Comment","target":["https:\/\/focolares.es\/semana-mundo-unido-2025\/#respond"]}]},{"@type":"WebPage","@id":"https:\/\/focolares.es\/semana-mundo-unido-2025\/","url":"https:\/\/focolares.es\/semana-mundo-unido-2025\/","name":"Setmana M\u00f3n Unit 2025 - Moviment dels Focolars","isPartOf":{"@id":"https:\/\/focolares.es\/#website"},"primaryImageOfPage":{"@id":"https:\/\/focolares.es\/semana-mundo-unido-2025\/#primaryimage"},"image":{"@id":"https:\/\/focolares.es\/semana-mundo-unido-2025\/#primaryimage"},"thumbnailUrl":"https:\/\/focolares.es\/wp-content\/uploads\/2025\/04\/Captura.jpg","datePublished":"2025-05-01T10:16:14+00:00","description":"Setmana M\u00f3n Unit 2025","breadcrumb":{"@id":"https:\/\/focolares.es\/semana-mundo-unido-2025\/#breadcrumb"},"inLanguage":"ca","potentialAction":[{"@type":"ReadAction","target":["https:\/\/focolares.es\/semana-mundo-unido-2025\/"]}]},{"@type":"ImageObject","inLanguage":"ca","@id":"https:\/\/focolares.es\/semana-mundo-unido-2025\/#primaryimage","url":"https:\/\/focolares.es\/wp-content\/uploads\/2025\/04\/Captura.jpg","contentUrl":"https:\/\/focolares.es\/wp-content\/uploads\/2025\/04\/Captura.jpg","width":376,"height":224},{"@type":"BreadcrumbList","@id":"https:\/\/focolares.es\/semana-mundo-unido-2025\/#breadcrumb","itemListElement":[{"@type":"ListItem","position":1,"name":"Portada","item":"https:\/\/focolares.es\/"},{"@type":"ListItem","position":2,"name":"Semana Mundo Unido 2025"}]},{"@type":"WebSite","@id":"https:\/\/focolares.es\/#website","url":"https:\/\/focolares.es\/","name":"Moviment dels Focolars","description":"","publisher":{"@id":"https:\/\/focolares.es\/#organization"},"potentialAction":[{"@type":"SearchAction","target":{"@type":"EntryPoint","urlTemplate":"https:\/\/focolares.es\/?s={search_term_string}"},"query-input":{"@type":"PropertyValueSpecification","valueRequired":true,"valueName":"search_term_string"}}],"inLanguage":"ca"},{"@type":"Organization","@id":"https:\/\/focolares.es\/#organization","name":"Moviment dels Focolars","url":"https:\/\/focolares.es\/","logo":{"@type":"ImageObject","inLanguage":"ca","@id":"https:\/\/focolares.es\/#\/schema\/logo\/image\/","url":"https:\/\/focolares.es\/wp-content\/uploads\/2024\/03\/Logo_focolares-1024x944-1.jpg","contentUrl":"https:\/\/focolares.es\/wp-content\/uploads\/2024\/03\/Logo_focolares-1024x944-1.jpg","width":1024,"height":944,"caption":"Movimiento de los Focolares"},"image":{"@id":"https:\/\/focolares.es\/#\/schema\/logo\/image\/"}},{"@type":"Person","@id":"https:\/\/focolares.es\/#\/schema\/person\/8b058c1a27e387feee62383131d93e9e","name":"Imma Tersa","image":{"@type":"ImageObject","inLanguage":"ca","@id":"https:\/\/focolares.es\/wp-content\/litespeed\/avatar\/7dbc96ecf8c314c6a9f957a8eec59e2a.jpg?ver=1777387337","url":"https:\/\/focolares.es\/wp-content\/litespeed\/avatar\/7dbc96ecf8c314c6a9f957a8eec59e2a.jpg?ver=1777387337","contentUrl":"https:\/\/focolares.es\/wp-content\/litespeed\/avatar\/7dbc96ecf8c314c6a9f957a8eec59e2a.jpg?ver=1777387337","caption":"Inma Tersa"},"url":"https:\/\/focolares.es\/ca\/author\/inma\/"}]}},"views":118,"_links":{"self":[{"href":"https:\/\/focolares.es\/ca\/wp-json\/wp\/v2\/posts\/16025","targetHints":{"allow":["GET"]}}],"collection":[{"href":"https:\/\/focolares.es\/ca\/wp-json\/wp\/v2\/posts"}],"about":[{"href":"https:\/\/focolares.es\/ca\/wp-json\/wp\/v2\/types\/post"}],"author":[{"embeddable":true,"href":"https:\/\/focolares.es\/ca\/wp-json\/wp\/v2\/users\/10"}],"replies":[{"embeddable":true,"href":"https:\/\/focolares.es\/ca\/wp-json\/wp\/v2\/comments?post=16025"}],"version-history":[{"count":12,"href":"https:\/\/focolares.es\/ca\/wp-json\/wp\/v2\/posts\/16025\/revisions"}],"predecessor-version":[{"id":16097,"href":"https:\/\/focolares.es\/ca\/wp-json\/wp\/v2\/posts\/16025\/revisions\/16097"}],"wp:featuredmedia":[{"embeddable":true,"href":"https:\/\/focolares.es\/ca\/wp-json\/wp\/v2\/media\/16026"}],"wp:attachment":[{"href":"https:\/\/focolares.es\/ca\/wp-json\/wp\/v2\/media?parent=16025"}],"wp:term":[{"taxonomy":"category","embeddable":true,"href":"https:\/\/focolares.es\/ca\/wp-json\/wp\/v2\/categories?post=16025"},{"taxonomy":"post_tag","embeddable":true,"href":"https:\/\/focolares.es\/ca\/wp-json\/wp\/v2\/tags?post=16025"}],"curies":[{"name":"wp","href":"https:\/\/api.w.org\/{rel}","templated":true}]}}