{"id":17659,"date":"2025-10-26T23:40:46","date_gmt":"2025-10-26T22:40:46","guid":{"rendered":"https:\/\/focolares.es\/?p=17659"},"modified":"2025-11-26T21:13:16","modified_gmt":"2025-11-26T20:13:16","slug":"edugascar-compromesos-amb-un-mon-millor","status":"publish","type":"post","link":"https:\/\/focolares.es\/ca\/edugascar-comprometidos-con-un-mundo-mejor\/","title":{"rendered":"Compromesos amb un m\u00f3n millor"},"content":{"rendered":"<h4 class=\"wp-block-heading\">Entrevistem Cinta Lacasa, fundadora d&#039;Edugascar, associaci\u00f3 sense \u00e0nim de lucre, l&#039;objectiu principal de la qual \u00e9s fomentar l&#039;educaci\u00f3, l&#039;emprenedoria i la salut infantil a Madagascar.<\/h4>\n\n\n\n<div style=\"height:41px\" aria-hidden=\"true\" class=\"wp-block-spacer\"><\/div>\n\n\n\n<blockquote class=\"wp-block-quote is-layout-flow wp-block-quote-is-layout-flow\">\n<p><em>Com sorgeix Edugascar, i com reflecteix els valors del Moviment dels Focolars, fins i tot des d&#039;un punt de vista humanitari o laic, m\u00e9s enll\u00e0 de les conviccions religioses?<\/em><\/p>\n<\/blockquote>\n\n\n\n<blockquote class=\"wp-block-quote is-layout-flow wp-block-quote-is-layout-flow\">\n<p><\/p>\n<\/blockquote>\n\n\n\n<p>Edugascar (ve d&#039;Educaci\u00f3 + Madagascar) va n\u00e9ixer quan vam acollir un jove malgaix que va venir a fer un m\u00e0ster. En acabar-ho, li vam proposar tornar a poc a poc els diners que li havia estat prestats i aix\u00ed poder ajudar altres estudiants del seu pa\u00eds, i aix\u00ed va comen\u00e7ar tot. El projecte cerca que l&#039;ajuda es multipliqui i benefici\u00ef la societat del pa\u00eds. Est\u00e0 totalment en sintonia amb els valors del Moviment \u2014la fraternitat, el desenvolupament personal i la solidaritat\u2014, i molts dels voluntaris a Madagascar en formen part. A m\u00e9s, quan vaig all\u00e0 em acostumo allotjar al Focolar.<br><br><\/p>\n\n\n\n<blockquote class=\"wp-block-quote is-layout-flow wp-block-quote-is-layout-flow\">\n<p><em>El web d&#039;Edugascar esmenta la seva creaci\u00f3 el 2017 a l&#039;entorn de la fam\u00edlia Capdevila-Lacasa, juntament amb una connexi\u00f3 molt \u00edntima amb Madagascar. Com va ser aquest descobriment mutu entre cultures?<\/em><\/p>\n<\/blockquote>\n\n\n\n<p>El m\u00e9s valu\u00f3s ha estat la relaci\u00f3 personal. Tots som voluntaris, tant aqu\u00ed com all\u00e0, i aquesta col\u00b7laboraci\u00f3 ens ha canviat la mirada. A Madagascar el voluntariat era una cosa nova, i junts hem apr\u00e8s a compartir la vida, els coneixements ia crear una veritable comunitat i fraternitat.<\/p>\n\n\n\n<figure class=\"wp-block-image aligncenter size-full\"><img fetchpriority=\"high\" decoding=\"async\" width=\"636\" height=\"321\" src=\"https:\/\/focolares.es\/wp-content\/uploads\/2025\/09\/Edugascar_2.jpg\" alt=\"\" class=\"wp-image-17660\" srcset=\"https:\/\/focolares.es\/wp-content\/uploads\/2025\/09\/Edugascar_2.jpg 636w, https:\/\/focolares.es\/wp-content\/uploads\/2025\/09\/Edugascar_2-300x151.jpg 300w, https:\/\/focolares.es\/wp-content\/uploads\/2025\/09\/Edugascar_2-18x9.jpg 18w\" sizes=\"(max-width: 636px) 100vw, 636px\" \/><\/figure>\n\n\n\n<blockquote class=\"wp-block-quote is-layout-flow wp-block-quote-is-layout-flow\">\n<p><em>Els projectes d&#039;Edugascar estan clarament destinats a atendre necessitats reals identificades en col\u00b7laboraci\u00f3 amb persones locals. Ens podries explicar com s&#039;ha forjat aquest treball comunitari?<\/em><\/p>\n<\/blockquote>\n\n\n\n<p>El primer projecte va ser \u201cEstimar la natura\u201d, perqu\u00e8 gran part de l&#039;illa est\u00e0 desforestada. Vol\u00edem implicar els nens en la cura de l&#039;entorn, com a les nostres escoles, amb jardins i horts. Amb l&#039;ajuda de la Niry, mestra i gran col\u00b7laboradora, vam veure que abans calia assegurar l&#039;acc\u00e9s a l&#039;aigua. Aix\u00ed va n\u00e9ixer la idea de reparar pous i construir-ne de nous, aconseguint que diverses escoles ens copiessin la iniciativa.<br><br>Amb el temps, hi afegim una missi\u00f3 m\u00e8dica amb la UIC, Barraquer i General \u00d2ptica, etc. i programes de formaci\u00f3 en emprenedoria, agricultura i piscicultura, en col\u00b7laboraci\u00f3 amb el Ministeri de Treball i la Universitat Polit\u00e8cnica de Catalunya. Tot s&#039;ha fet amb les comunitats locals. Avui, Niry i Landry ocupen c\u00e0rrecs importants en Educaci\u00f3 i Salut, i seguim treballant amb la mateixa convicci\u00f3: quan fas el b\u00e9 i d\u00f3nes el millor de tu, el b\u00e9 es multiplica.<\/p>\n\n\n\n<figure class=\"wp-block-image aligncenter size-full is-resized\"><img decoding=\"async\" width=\"313\" height=\"322\" src=\"https:\/\/focolares.es\/wp-content\/uploads\/2025\/09\/Edugascar_3.jpg\" alt=\"\" class=\"wp-image-17661\" style=\"width:235px;height:auto\" srcset=\"https:\/\/focolares.es\/wp-content\/uploads\/2025\/09\/Edugascar_3.jpg 313w, https:\/\/focolares.es\/wp-content\/uploads\/2025\/09\/Edugascar_3-292x300.jpg 292w, https:\/\/focolares.es\/wp-content\/uploads\/2025\/09\/Edugascar_3-12x12.jpg 12w\" sizes=\"(max-width: 313px) 100vw, 313px\" \/><\/figure>\n\n\n\n<blockquote class=\"wp-block-quote is-layout-flow wp-block-quote-is-layout-flow\">\n<p><em>Mirant endavant, quins somnis o projectes d&#039;Edugascar t&#039;il\u00b7lusionen ara mateix? Com t&#039;imagines que col\u00b7laboracions o connexions amb altres moviments, persones o organitzacions podrien enriquir aquests somnis i multiplicar l&#039;impacte d&#039;aquesta obra a Madagascar i m\u00e9s enll\u00e0?<\/em><\/p>\n<\/blockquote>\n\n\n\n<p>La veritat \u00e9s que gaireb\u00e9 no em crec ni el present. Acabo de contactar amb el president d&#039;una organitzaci\u00f3 internacional d&#039;oftalmologia per veure si pot donar suport a les missions m\u00e8diques. No aspiro a grans coses; tot \u00e9s provid\u00e8ncia. La par\u00e0bola dels talents m&#039;inspira molt: si tens una capacitat, posa-la al servei dels altres.<br>A Madagascar visc la gratitud, l&#039;alegria i la fraternitat compartint amb les focolarines una vida senzilla, fins i tot a l&#039;austeritat. Crec en la generositat rec\u00edproca i animo tothom a implicar-se sense por: quan estimes i d\u00f3nes, el c\u00e8ntuple t&#039;est\u00e0 esperant.<\/p>\n\n\n\n<div style=\"height:63px\" aria-hidden=\"true\" class=\"wp-block-spacer\"><\/div>\n\n\n\n<p>Aquest par\u00e0graf, enviat als qui participen a la missi\u00f3 que va comen\u00e7ar a finals de setembre, reflecteix el que es pot esperar de l&#039;experi\u00e8ncia de voluntariat a l&#039;associaci\u00f3:<\/p>\n\n\n\n<h6 class=\"wp-block-heading has-text-align-center\">\u201cOlors, colors, sabors, paisatges, somriures, faccions, sons, sorolls, m\u00fasiques, salutacions, emocions, converses, dubtes, cansament, il\u00b7lusi\u00f3, adaptaci\u00f3, esfor\u00e7, agra\u00efment, companyonia, ajuda, comprensi\u00f3, estima, conviv\u00e8ncia, compartir\u2026 Tot aix\u00f2 i m\u00e9s, ens acompanyar\u00e0 i modelar\u00e0 els nostres cors.<\/h6>\n\n\n\n<figure class=\"wp-block-image aligncenter size-full is-resized\"><img decoding=\"async\" width=\"645\" height=\"483\" src=\"https:\/\/focolares.es\/wp-content\/uploads\/2025\/09\/Edugascar_1.jpg\" alt=\"\" class=\"wp-image-17663\" style=\"width:451px;height:auto\" srcset=\"https:\/\/focolares.es\/wp-content\/uploads\/2025\/09\/Edugascar_1.jpg 645w, https:\/\/focolares.es\/wp-content\/uploads\/2025\/09\/Edugascar_1-300x225.jpg 300w, https:\/\/focolares.es\/wp-content\/uploads\/2025\/09\/Edugascar_1-16x12.jpg 16w\" sizes=\"(max-width: 645px) 100vw, 645px\" \/><\/figure>\n\n\n\n<div style=\"height:43px\" aria-hidden=\"true\" class=\"wp-block-spacer\"><\/div>\n\n\n\n<hr>\n\n\n\n<p>Per con\u00e8ixer m\u00e9s del projecte o contactar, visiteu la vostra p\u00e0gina web: <a href=\"https:\/\/www.edugascar.org\/\">https:\/\/www.edugascar.org\/<\/a><\/p>\n\n\n\n<p><\/p>","protected":false},"excerpt":{"rendered":"<p>Coneix la hist\u00f2ria d&#039;Edugascar, l&#039;associaci\u00f3 que fomenta l&#039;educaci\u00f3, la salut infantil i l&#039;emprenedoria a Madagascar. La seva fundadora, Cinta Lacasa, ens explica com un gest de solidaritat es va convertir en un projecte que avui transforma comunitats senceres.<\/p>","protected":false},"author":12,"featured_media":17662,"comment_status":"open","ping_status":"closed","sticky":false,"template":"","format":"standard","meta":{"_price":"","_stock":"","_tribe_ticket_header":"","_tribe_default_ticket_provider":"","_tribe_ticket_capacity":"0","_ticket_start_date":"","_ticket_end_date":"","_tribe_ticket_show_description":"","_tribe_ticket_show_not_going":false,"_tribe_ticket_use_global_stock":"","_tribe_ticket_global_stock_level":"","_global_stock_mode":"","_global_stock_cap":"","_tribe_rsvp_for_event":"","_tribe_ticket_going_count":"","_tribe_ticket_not_going_count":"","_tribe_tickets_list":"[]","_tribe_ticket_has_attendee_info_fields":false,"footnotes":""},"categories":[1],"tags":[40],"class_list":["post-17659","post","type-post","status-publish","format-standard","has-post-thumbnail","hentry","category-uncategorized","tag-dialogo-y-fraternidad"],"yoast_head":"<!-- This site is optimized with the Yoast SEO plugin v27.2 - https:\/\/yoast.com\/product\/yoast-seo-wordpress\/ -->\n<title>Comprometidos con un mundo mejor - Focolares<\/title>\n<meta name=\"description\" content=\"Edugascar impulsa proyectos de educaci\u00f3n, salud y emprendimiento en Madagascar. Descubre c\u00f3mo naci\u00f3 y c\u00f3mo transforma comunidades.\" \/>\n<meta name=\"robots\" content=\"index, follow, max-snippet:-1, max-image-preview:large, max-video-preview:-1\" \/>\n<link rel=\"canonical\" href=\"https:\/\/focolares.es\/ca\/edugascar-compromesos-amb-un-mon-millor\/\" \/>\n<meta property=\"og:locale\" content=\"ca_ES\" \/>\n<meta property=\"og:type\" content=\"article\" \/>\n<meta property=\"og:title\" content=\"Comprometidos con un mundo mejor - Focolares\" \/>\n<meta property=\"og:description\" content=\"Conoce la historia de Edugascar, la asociaci\u00f3n que fomenta la educaci\u00f3n, la salud infantil y el emprendimiento en Madagascar. Su fundadora, Cinta Lacasa, nos cuenta c\u00f3mo un gesto de solidaridad se convirti\u00f3 en un proyecto que hoy transforma comunidades enteras.\" \/>\n<meta property=\"og:url\" content=\"https:\/\/focolares.es\/ca\/edugascar-compromesos-amb-un-mon-millor\/\" \/>\n<meta property=\"og:site_name\" content=\"Movimiento de los Focolares\" \/>\n<meta property=\"article:published_time\" content=\"2025-10-26T22:40:46+00:00\" \/>\n<meta property=\"article:modified_time\" content=\"2025-11-26T20:13:16+00:00\" \/>\n<meta property=\"og:image\" content=\"https:\/\/focolares.es\/wp-content\/uploads\/2025\/09\/Edugascar_portada.png\" \/>\n\t<meta property=\"og:image:width\" content=\"1297\" \/>\n\t<meta property=\"og:image:height\" content=\"864\" \/>\n\t<meta property=\"og:image:type\" content=\"image\/png\" \/>\n<meta name=\"author\" content=\"Arantza Ech\u00e1niz\" \/>\n<meta name=\"twitter:card\" content=\"summary_large_image\" \/>\n<meta name=\"twitter:label1\" content=\"Escrit per\" \/>\n\t<meta name=\"twitter:data1\" content=\"Arantza Ech\u00e1niz\" \/>\n\t<meta name=\"twitter:label2\" content=\"Temps estimat de lectura\" \/>\n\t<meta name=\"twitter:data2\" content=\"4 minuts\" \/>\n<script type=\"application\/ld+json\" class=\"yoast-schema-graph\">{\"@context\":\"https:\/\/schema.org\",\"@graph\":[{\"@type\":\"Article\",\"@id\":\"https:\/\/focolares.es\/edugascar-comprometidos-con-un-mundo-mejor\/#article\",\"isPartOf\":{\"@id\":\"https:\/\/focolares.es\/edugascar-comprometidos-con-un-mundo-mejor\/\"},\"author\":{\"name\":\"Arantza Ech\u00e1niz\",\"@id\":\"https:\/\/focolares.es\/#\/schema\/person\/408a88b3ec375e72bd669e45b0c95016\"},\"headline\":\"Comprometidos con un mundo mejor\",\"datePublished\":\"2025-10-26T22:40:46+00:00\",\"dateModified\":\"2025-11-26T20:13:16+00:00\",\"mainEntityOfPage\":{\"@id\":\"https:\/\/focolares.es\/edugascar-comprometidos-con-un-mundo-mejor\/\"},\"wordCount\":705,\"commentCount\":0,\"publisher\":{\"@id\":\"https:\/\/focolares.es\/#organization\"},\"image\":{\"@id\":\"https:\/\/focolares.es\/edugascar-comprometidos-con-un-mundo-mejor\/#primaryimage\"},\"thumbnailUrl\":\"https:\/\/focolares.es\/wp-content\/uploads\/2025\/09\/Edugascar_portada.png\",\"keywords\":[\"Di\u00e1logo y fraternidad\"],\"articleSection\":[\"Uncategorized\"],\"inLanguage\":\"ca\",\"potentialAction\":[{\"@type\":\"CommentAction\",\"name\":\"Comment\",\"target\":[\"https:\/\/focolares.es\/edugascar-comprometidos-con-un-mundo-mejor\/#respond\"]}]},{\"@type\":\"WebPage\",\"@id\":\"https:\/\/focolares.es\/edugascar-comprometidos-con-un-mundo-mejor\/\",\"url\":\"https:\/\/focolares.es\/edugascar-comprometidos-con-un-mundo-mejor\/\",\"name\":\"Comprometidos con un mundo mejor - Focolares\",\"isPartOf\":{\"@id\":\"https:\/\/focolares.es\/#website\"},\"primaryImageOfPage\":{\"@id\":\"https:\/\/focolares.es\/edugascar-comprometidos-con-un-mundo-mejor\/#primaryimage\"},\"image\":{\"@id\":\"https:\/\/focolares.es\/edugascar-comprometidos-con-un-mundo-mejor\/#primaryimage\"},\"thumbnailUrl\":\"https:\/\/focolares.es\/wp-content\/uploads\/2025\/09\/Edugascar_portada.png\",\"datePublished\":\"2025-10-26T22:40:46+00:00\",\"dateModified\":\"2025-11-26T20:13:16+00:00\",\"description\":\"Edugascar impulsa proyectos de educaci\u00f3n, salud y emprendimiento en Madagascar. Descubre c\u00f3mo naci\u00f3 y c\u00f3mo transforma comunidades.\",\"breadcrumb\":{\"@id\":\"https:\/\/focolares.es\/edugascar-comprometidos-con-un-mundo-mejor\/#breadcrumb\"},\"inLanguage\":\"ca\",\"potentialAction\":[{\"@type\":\"ReadAction\",\"target\":[\"https:\/\/focolares.es\/edugascar-comprometidos-con-un-mundo-mejor\/\"]}]},{\"@type\":\"ImageObject\",\"inLanguage\":\"ca\",\"@id\":\"https:\/\/focolares.es\/edugascar-comprometidos-con-un-mundo-mejor\/#primaryimage\",\"url\":\"https:\/\/focolares.es\/wp-content\/uploads\/2025\/09\/Edugascar_portada.png\",\"contentUrl\":\"https:\/\/focolares.es\/wp-content\/uploads\/2025\/09\/Edugascar_portada.png\",\"width\":1297,\"height\":864},{\"@type\":\"BreadcrumbList\",\"@id\":\"https:\/\/focolares.es\/edugascar-comprometidos-con-un-mundo-mejor\/#breadcrumb\",\"itemListElement\":[{\"@type\":\"ListItem\",\"position\":1,\"name\":\"Portada\",\"item\":\"https:\/\/focolares.es\/\"},{\"@type\":\"ListItem\",\"position\":2,\"name\":\"Comprometidos con un mundo mejor\"}]},{\"@type\":\"WebSite\",\"@id\":\"https:\/\/focolares.es\/#website\",\"url\":\"https:\/\/focolares.es\/\",\"name\":\"Movimiento de los Focolares\",\"description\":\"\",\"publisher\":{\"@id\":\"https:\/\/focolares.es\/#organization\"},\"potentialAction\":[{\"@type\":\"SearchAction\",\"target\":{\"@type\":\"EntryPoint\",\"urlTemplate\":\"https:\/\/focolares.es\/?s={search_term_string}\"},\"query-input\":{\"@type\":\"PropertyValueSpecification\",\"valueRequired\":true,\"valueName\":\"search_term_string\"}}],\"inLanguage\":\"ca\"},{\"@type\":\"Organization\",\"@id\":\"https:\/\/focolares.es\/#organization\",\"name\":\"Movimiento de los Focolares\",\"url\":\"https:\/\/focolares.es\/\",\"logo\":{\"@type\":\"ImageObject\",\"inLanguage\":\"ca\",\"@id\":\"https:\/\/focolares.es\/#\/schema\/logo\/image\/\",\"url\":\"https:\/\/focolares.es\/wp-content\/uploads\/2024\/03\/Logo_focolares-1024x944-1.jpg\",\"contentUrl\":\"https:\/\/focolares.es\/wp-content\/uploads\/2024\/03\/Logo_focolares-1024x944-1.jpg\",\"width\":1024,\"height\":944,\"caption\":\"Movimiento de los Focolares\"},\"image\":{\"@id\":\"https:\/\/focolares.es\/#\/schema\/logo\/image\/\"}},{\"@type\":\"Person\",\"@id\":\"https:\/\/focolares.es\/#\/schema\/person\/408a88b3ec375e72bd669e45b0c95016\",\"name\":\"Arantza Ech\u00e1niz\",\"image\":{\"@type\":\"ImageObject\",\"inLanguage\":\"ca\",\"@id\":\"https:\/\/focolares.es\/wp-content\/litespeed\/avatar\/93f247023d9e040113e796f0d8db508b.jpg?ver=1777464735\",\"url\":\"https:\/\/focolares.es\/wp-content\/litespeed\/avatar\/93f247023d9e040113e796f0d8db508b.jpg?ver=1777464735\",\"contentUrl\":\"https:\/\/focolares.es\/wp-content\/litespeed\/avatar\/93f247023d9e040113e796f0d8db508b.jpg?ver=1777464735\",\"caption\":\"Arantza Ech\u00e1niz\"},\"url\":\"https:\/\/focolares.es\/ca\/author\/arantza\/\"}]}<\/script>\n<!-- \/ Yoast SEO plugin. -->","yoast_head_json":{"title":"Compromesos amb un m\u00f3n millor - Focolars","description":"Edugascar impulsa projectes d&#039;educaci\u00f3, salut i emprenedoria a Madagascar. Descobreix com va n\u00e9ixer i com transforma comunitats.","robots":{"index":"index","follow":"follow","max-snippet":"max-snippet:-1","max-image-preview":"max-image-preview:large","max-video-preview":"max-video-preview:-1"},"canonical":"https:\/\/focolares.es\/ca\/edugascar-compromesos-amb-un-mon-millor\/","og_locale":"ca_ES","og_type":"article","og_title":"Comprometidos con un mundo mejor - Focolares","og_description":"Conoce la historia de Edugascar, la asociaci\u00f3n que fomenta la educaci\u00f3n, la salud infantil y el emprendimiento en Madagascar. Su fundadora, Cinta Lacasa, nos cuenta c\u00f3mo un gesto de solidaridad se convirti\u00f3 en un proyecto que hoy transforma comunidades enteras.","og_url":"https:\/\/focolares.es\/ca\/edugascar-compromesos-amb-un-mon-millor\/","og_site_name":"Movimiento de los Focolares","article_published_time":"2025-10-26T22:40:46+00:00","article_modified_time":"2025-11-26T20:13:16+00:00","og_image":[{"width":1297,"height":864,"url":"https:\/\/focolares.es\/wp-content\/uploads\/2025\/09\/Edugascar_portada.png","type":"image\/png"}],"author":"Arantza Ech\u00e1niz","twitter_card":"summary_large_image","twitter_misc":{"Escrit per":"Arantza Ech\u00e1niz","Temps estimat de lectura":"4 minuts"},"schema":{"@context":"https:\/\/schema.org","@graph":[{"@type":"Article","@id":"https:\/\/focolares.es\/edugascar-comprometidos-con-un-mundo-mejor\/#article","isPartOf":{"@id":"https:\/\/focolares.es\/edugascar-comprometidos-con-un-mundo-mejor\/"},"author":{"name":"Arantza Ech\u00e1niz","@id":"https:\/\/focolares.es\/#\/schema\/person\/408a88b3ec375e72bd669e45b0c95016"},"headline":"Comprometidos con un mundo mejor","datePublished":"2025-10-26T22:40:46+00:00","dateModified":"2025-11-26T20:13:16+00:00","mainEntityOfPage":{"@id":"https:\/\/focolares.es\/edugascar-comprometidos-con-un-mundo-mejor\/"},"wordCount":705,"commentCount":0,"publisher":{"@id":"https:\/\/focolares.es\/#organization"},"image":{"@id":"https:\/\/focolares.es\/edugascar-comprometidos-con-un-mundo-mejor\/#primaryimage"},"thumbnailUrl":"https:\/\/focolares.es\/wp-content\/uploads\/2025\/09\/Edugascar_portada.png","keywords":["Di\u00e1logo y fraternidad"],"articleSection":["Uncategorized"],"inLanguage":"ca","potentialAction":[{"@type":"CommentAction","name":"Comment","target":["https:\/\/focolares.es\/edugascar-comprometidos-con-un-mundo-mejor\/#respond"]}]},{"@type":"WebPage","@id":"https:\/\/focolares.es\/edugascar-comprometidos-con-un-mundo-mejor\/","url":"https:\/\/focolares.es\/edugascar-comprometidos-con-un-mundo-mejor\/","name":"Compromesos amb un m\u00f3n millor - Focolars","isPartOf":{"@id":"https:\/\/focolares.es\/#website"},"primaryImageOfPage":{"@id":"https:\/\/focolares.es\/edugascar-comprometidos-con-un-mundo-mejor\/#primaryimage"},"image":{"@id":"https:\/\/focolares.es\/edugascar-comprometidos-con-un-mundo-mejor\/#primaryimage"},"thumbnailUrl":"https:\/\/focolares.es\/wp-content\/uploads\/2025\/09\/Edugascar_portada.png","datePublished":"2025-10-26T22:40:46+00:00","dateModified":"2025-11-26T20:13:16+00:00","description":"Edugascar impulsa projectes d&#039;educaci\u00f3, salut i emprenedoria a Madagascar. Descobreix com va n\u00e9ixer i com transforma comunitats.","breadcrumb":{"@id":"https:\/\/focolares.es\/edugascar-comprometidos-con-un-mundo-mejor\/#breadcrumb"},"inLanguage":"ca","potentialAction":[{"@type":"ReadAction","target":["https:\/\/focolares.es\/edugascar-comprometidos-con-un-mundo-mejor\/"]}]},{"@type":"ImageObject","inLanguage":"ca","@id":"https:\/\/focolares.es\/edugascar-comprometidos-con-un-mundo-mejor\/#primaryimage","url":"https:\/\/focolares.es\/wp-content\/uploads\/2025\/09\/Edugascar_portada.png","contentUrl":"https:\/\/focolares.es\/wp-content\/uploads\/2025\/09\/Edugascar_portada.png","width":1297,"height":864},{"@type":"BreadcrumbList","@id":"https:\/\/focolares.es\/edugascar-comprometidos-con-un-mundo-mejor\/#breadcrumb","itemListElement":[{"@type":"ListItem","position":1,"name":"Portada","item":"https:\/\/focolares.es\/"},{"@type":"ListItem","position":2,"name":"Comprometidos con un mundo mejor"}]},{"@type":"WebSite","@id":"https:\/\/focolares.es\/#website","url":"https:\/\/focolares.es\/","name":"Moviment dels Focolars","description":"","publisher":{"@id":"https:\/\/focolares.es\/#organization"},"potentialAction":[{"@type":"SearchAction","target":{"@type":"EntryPoint","urlTemplate":"https:\/\/focolares.es\/?s={search_term_string}"},"query-input":{"@type":"PropertyValueSpecification","valueRequired":true,"valueName":"search_term_string"}}],"inLanguage":"ca"},{"@type":"Organization","@id":"https:\/\/focolares.es\/#organization","name":"Moviment dels Focolars","url":"https:\/\/focolares.es\/","logo":{"@type":"ImageObject","inLanguage":"ca","@id":"https:\/\/focolares.es\/#\/schema\/logo\/image\/","url":"https:\/\/focolares.es\/wp-content\/uploads\/2024\/03\/Logo_focolares-1024x944-1.jpg","contentUrl":"https:\/\/focolares.es\/wp-content\/uploads\/2024\/03\/Logo_focolares-1024x944-1.jpg","width":1024,"height":944,"caption":"Movimiento de los Focolares"},"image":{"@id":"https:\/\/focolares.es\/#\/schema\/logo\/image\/"}},{"@type":"Person","@id":"https:\/\/focolares.es\/#\/schema\/person\/408a88b3ec375e72bd669e45b0c95016","name":"Arantza Ech\u00e1niz","image":{"@type":"ImageObject","inLanguage":"ca","@id":"https:\/\/focolares.es\/wp-content\/litespeed\/avatar\/93f247023d9e040113e796f0d8db508b.jpg?ver=1777464735","url":"https:\/\/focolares.es\/wp-content\/litespeed\/avatar\/93f247023d9e040113e796f0d8db508b.jpg?ver=1777464735","contentUrl":"https:\/\/focolares.es\/wp-content\/litespeed\/avatar\/93f247023d9e040113e796f0d8db508b.jpg?ver=1777464735","caption":"Arantza Ech\u00e1niz"},"url":"https:\/\/focolares.es\/ca\/author\/arantza\/"}]}},"views":80,"_links":{"self":[{"href":"https:\/\/focolares.es\/ca\/wp-json\/wp\/v2\/posts\/17659","targetHints":{"allow":["GET"]}}],"collection":[{"href":"https:\/\/focolares.es\/ca\/wp-json\/wp\/v2\/posts"}],"about":[{"href":"https:\/\/focolares.es\/ca\/wp-json\/wp\/v2\/types\/post"}],"author":[{"embeddable":true,"href":"https:\/\/focolares.es\/ca\/wp-json\/wp\/v2\/users\/12"}],"replies":[{"embeddable":true,"href":"https:\/\/focolares.es\/ca\/wp-json\/wp\/v2\/comments?post=17659"}],"version-history":[{"count":34,"href":"https:\/\/focolares.es\/ca\/wp-json\/wp\/v2\/posts\/17659\/revisions"}],"predecessor-version":[{"id":18487,"href":"https:\/\/focolares.es\/ca\/wp-json\/wp\/v2\/posts\/17659\/revisions\/18487"}],"wp:featuredmedia":[{"embeddable":true,"href":"https:\/\/focolares.es\/ca\/wp-json\/wp\/v2\/media\/17662"}],"wp:attachment":[{"href":"https:\/\/focolares.es\/ca\/wp-json\/wp\/v2\/media?parent=17659"}],"wp:term":[{"taxonomy":"category","embeddable":true,"href":"https:\/\/focolares.es\/ca\/wp-json\/wp\/v2\/categories?post=17659"},{"taxonomy":"post_tag","embeddable":true,"href":"https:\/\/focolares.es\/ca\/wp-json\/wp\/v2\/tags?post=17659"}],"curies":[{"name":"wp","href":"https:\/\/api.w.org\/{rel}","templated":true}]}}