{"id":18189,"date":"2025-11-16T13:45:40","date_gmt":"2025-11-16T12:45:40","guid":{"rendered":"https:\/\/focolares.es\/?p=18189"},"modified":"2025-11-26T21:10:37","modified_gmt":"2025-11-26T20:10:37","slug":"focolars-una-presencia-viva-a-la-diocesi-de-girona","status":"publish","type":"post","link":"https:\/\/focolares.es\/ca\/focolares-una-presencia-viva-en-la-diocesis-de-girona\/","title":{"rendered":"Una pres\u00e8ncia viva a la di\u00f2cesi de Girona"},"content":{"rendered":"<h4 class=\"wp-block-heading\">La revista diocesana <em>El Senyal<\/em> es fa ress\u00f2 de la pres\u00e8ncia, durant m\u00e9s de 60 anys, dels Focolars a la di\u00f2cesi de Girona. Presentem la traducci\u00f3 del text publicat.<\/h4>\n\n\n\n<div style=\"height:58px\" aria-hidden=\"true\" class=\"wp-block-spacer\"><\/div>\n\n\n\n<blockquote class=\"wp-block-quote is-layout-flow wp-block-quote-is-layout-flow\">\n<p><strong>El Moviment dels Focolars:<\/strong><br>Un cam\u00ed de fraternitat<\/p>\n\n\n\n<p>El moviment va arribar a Catalunya el 1959 ia la di\u00f2cesi de Girona a mitjans dels anys 60, on avui mant\u00e9 una pres\u00e8ncia activa i compromesa. Els seus membres -cat\u00f2lics, cristians d&#039;altres confessions, persones d&#039;altres religions o sense cap tradici\u00f3 religiosa- treballen per construir relacions fraternes entre persones, pobles i cultures a trav\u00e9s del di\u00e0leg i la conviv\u00e8ncia. Inspirats per la preg\u00e0ria de Jes\u00fas: \u00abQue tothom sigui un\u00bb (Jn 17,21), proposen una espiritualitat de la unitat basada en l&#039;amor rec\u00edproc, el respecte per cada persona i la valoraci\u00f3 de les difer\u00e8ncies com a font de riquesa.<\/p>\n\n\n\n<p>Aquesta espiritualitat ha esdevingut un estil de vida que transforma relacions, entorns socials, familiars i eclesials. En termes m\u00e9s laics, podem dir que els Focolars promouen la fraternitat universal.<\/p>\n\n\n\n<p>El moviment forma part del teixit eclesial giron\u00ed a trav\u00e9s de comunitats locals que col\u00b7laboren amb parr\u00f2quies, moviments d&#039;apostolat seglar i iniciatives socials. La seva acci\u00f3 s&#039;adre\u00e7a a joves, fam\u00edlies, consagrats i laics, amb un \u00e8mfasi especial en la formaci\u00f3 espiritual i el di\u00e0leg. Actualment, una cinquantena de persones formen part del moviment, concentrades principalment en tres nuclis: Girona, Castell d&#039;Aro i Calella.<\/p>\n\n\n\n<p>A Castell d&#039;Aro, des que les germanes Oliver van con\u00e8ixer els Focolars el 1967, es va formar una petita comunitat al voltant del Mas Daus\u00e0, una masia que elles van donar al moviment. Des del 1980, aquesta masia \u00e9s coneguda com el Centre Mari\u00e0polis Loreto, un espai d&#039;espiritualitat on se celebren recessos, trobades, seminaris i conviv\u00e8ncies.<\/p>\n\n\n\n<p>El Moviment dels Focolars a la di\u00f2cesi de Girona vol ser un testimoniatge viu de l&#039;Evangeli, que treballa per la unitat entre persones, confessions i cultures. En un m\u00f3n fragmentat, la proposta d&#039;unitat, fraternitat i di\u00e0leg \u00e9s m\u00e9s rellevant que mai.<\/p>\n\n\n\n<p class=\"has-text-align-right\"><strong>JOSEP BOFILL<\/strong><br>Membre del Moviment dels Focolars<\/p>\n\n\n\n<p><\/p>\n<\/blockquote>","protected":false},"excerpt":{"rendered":"<p>La revista diocesana El Senyal es fa ress\u00f2 de la pres\u00e8ncia, durant m\u00e9s de 60 anys, dels Focolars a la di\u00f2cesi de Girona.<\/p>","protected":false},"author":1,"featured_media":18194,"comment_status":"open","ping_status":"closed","sticky":false,"template":"","format":"standard","meta":{"_price":"","_stock":"","_tribe_ticket_header":"","_tribe_default_ticket_provider":"","_tribe_ticket_capacity":"0","_ticket_start_date":"","_ticket_end_date":"","_tribe_ticket_show_description":"","_tribe_ticket_show_not_going":false,"_tribe_ticket_use_global_stock":"","_tribe_ticket_global_stock_level":"","_global_stock_mode":"","_global_stock_cap":"","_tribe_rsvp_for_event":"","_tribe_ticket_going_count":"","_tribe_ticket_not_going_count":"","_tribe_tickets_list":"[]","_tribe_ticket_has_attendee_info_fields":false,"footnotes":""},"categories":[1],"tags":[47,54],"class_list":["post-18189","post","type-post","status-publish","format-standard","has-post-thumbnail","hentry","category-uncategorized","tag-iglesia","tag-testimonio"],"yoast_head":"<!-- This site is optimized with the Yoast SEO plugin v27.2 - https:\/\/yoast.com\/product\/yoast-seo-wordpress\/ -->\n<title>Una presencia viva en la di\u00f3cesis de Girona - Movimiento de los Focolares<\/title>\n<meta name=\"description\" content=\"Art\u00edculo publicado en la revista del obispado, que da a conocer las comunidades de los Focolares en la di\u00f3cesis de Girona.\" \/>\n<meta name=\"robots\" content=\"index, follow, max-snippet:-1, max-image-preview:large, max-video-preview:-1\" \/>\n<link rel=\"canonical\" href=\"https:\/\/focolares.es\/ca\/focolars-una-presencia-viva-a-la-diocesi-de-girona\/\" \/>\n<meta property=\"og:locale\" content=\"ca_ES\" \/>\n<meta property=\"og:type\" content=\"article\" \/>\n<meta property=\"og:title\" content=\"Una presencia viva en la di\u00f3cesis de Girona - Movimiento de los Focolares\" \/>\n<meta property=\"og:description\" content=\"Art\u00edculo publicado en la revista del obispado, que da a conocer las comunidades de los Focolares en la di\u00f3cesis de Girona.\" \/>\n<meta property=\"og:url\" content=\"https:\/\/focolares.es\/ca\/focolars-una-presencia-viva-a-la-diocesi-de-girona\/\" \/>\n<meta property=\"og:site_name\" content=\"Movimiento de los Focolares\" \/>\n<meta property=\"article:published_time\" content=\"2025-11-16T12:45:40+00:00\" \/>\n<meta property=\"article:modified_time\" content=\"2025-11-26T20:10:37+00:00\" \/>\n<meta property=\"og:image\" content=\"https:\/\/focolares.es\/wp-content\/uploads\/2025\/11\/Diocesis_Girona.jpg\" \/>\n\t<meta property=\"og:image:width\" content=\"800\" \/>\n\t<meta property=\"og:image:height\" content=\"451\" \/>\n\t<meta property=\"og:image:type\" content=\"image\/jpeg\" \/>\n<meta name=\"author\" content=\"admin\" \/>\n<meta name=\"twitter:card\" content=\"summary_large_image\" \/>\n<meta name=\"twitter:label1\" content=\"Escrit per\" \/>\n\t<meta name=\"twitter:data1\" content=\"admin\" \/>\n\t<meta name=\"twitter:label2\" content=\"Temps estimat de lectura\" \/>\n\t<meta name=\"twitter:data2\" content=\"1 minut\" \/>\n<script type=\"application\/ld+json\" class=\"yoast-schema-graph\">{\"@context\":\"https:\/\/schema.org\",\"@graph\":[{\"@type\":\"Article\",\"@id\":\"https:\/\/focolares.es\/focolares-una-presencia-viva-en-la-diocesis-de-girona\/#article\",\"isPartOf\":{\"@id\":\"https:\/\/focolares.es\/focolares-una-presencia-viva-en-la-diocesis-de-girona\/\"},\"author\":{\"name\":\"admin\",\"@id\":\"https:\/\/focolares.es\/#\/schema\/person\/fdbf1cac3e3957f836bf607a31e7616d\"},\"headline\":\"Una presencia viva en la di\u00f3cesis de Girona\",\"datePublished\":\"2025-11-16T12:45:40+00:00\",\"dateModified\":\"2025-11-26T20:10:37+00:00\",\"mainEntityOfPage\":{\"@id\":\"https:\/\/focolares.es\/focolares-una-presencia-viva-en-la-diocesis-de-girona\/\"},\"wordCount\":369,\"commentCount\":0,\"publisher\":{\"@id\":\"https:\/\/focolares.es\/#organization\"},\"image\":{\"@id\":\"https:\/\/focolares.es\/focolares-una-presencia-viva-en-la-diocesis-de-girona\/#primaryimage\"},\"thumbnailUrl\":\"https:\/\/focolares.es\/wp-content\/uploads\/2025\/11\/Diocesis_Girona.jpg\",\"keywords\":[\"Iglesia\",\"Testimonio\"],\"articleSection\":[\"Uncategorized\"],\"inLanguage\":\"ca\",\"potentialAction\":[{\"@type\":\"CommentAction\",\"name\":\"Comment\",\"target\":[\"https:\/\/focolares.es\/focolares-una-presencia-viva-en-la-diocesis-de-girona\/#respond\"]}]},{\"@type\":\"WebPage\",\"@id\":\"https:\/\/focolares.es\/focolares-una-presencia-viva-en-la-diocesis-de-girona\/\",\"url\":\"https:\/\/focolares.es\/focolares-una-presencia-viva-en-la-diocesis-de-girona\/\",\"name\":\"Una presencia viva en la di\u00f3cesis de Girona - Movimiento de los Focolares\",\"isPartOf\":{\"@id\":\"https:\/\/focolares.es\/#website\"},\"primaryImageOfPage\":{\"@id\":\"https:\/\/focolares.es\/focolares-una-presencia-viva-en-la-diocesis-de-girona\/#primaryimage\"},\"image\":{\"@id\":\"https:\/\/focolares.es\/focolares-una-presencia-viva-en-la-diocesis-de-girona\/#primaryimage\"},\"thumbnailUrl\":\"https:\/\/focolares.es\/wp-content\/uploads\/2025\/11\/Diocesis_Girona.jpg\",\"datePublished\":\"2025-11-16T12:45:40+00:00\",\"dateModified\":\"2025-11-26T20:10:37+00:00\",\"description\":\"Art\u00edculo publicado en la revista del obispado, que da a conocer las comunidades de los Focolares en la di\u00f3cesis de Girona.\",\"breadcrumb\":{\"@id\":\"https:\/\/focolares.es\/focolares-una-presencia-viva-en-la-diocesis-de-girona\/#breadcrumb\"},\"inLanguage\":\"ca\",\"potentialAction\":[{\"@type\":\"ReadAction\",\"target\":[\"https:\/\/focolares.es\/focolares-una-presencia-viva-en-la-diocesis-de-girona\/\"]}]},{\"@type\":\"ImageObject\",\"inLanguage\":\"ca\",\"@id\":\"https:\/\/focolares.es\/focolares-una-presencia-viva-en-la-diocesis-de-girona\/#primaryimage\",\"url\":\"https:\/\/focolares.es\/wp-content\/uploads\/2025\/11\/Diocesis_Girona.jpg\",\"contentUrl\":\"https:\/\/focolares.es\/wp-content\/uploads\/2025\/11\/Diocesis_Girona.jpg\",\"width\":800,\"height\":451},{\"@type\":\"BreadcrumbList\",\"@id\":\"https:\/\/focolares.es\/focolares-una-presencia-viva-en-la-diocesis-de-girona\/#breadcrumb\",\"itemListElement\":[{\"@type\":\"ListItem\",\"position\":1,\"name\":\"Portada\",\"item\":\"https:\/\/focolares.es\/\"},{\"@type\":\"ListItem\",\"position\":2,\"name\":\"Una presencia viva en la di\u00f3cesis de Girona\"}]},{\"@type\":\"WebSite\",\"@id\":\"https:\/\/focolares.es\/#website\",\"url\":\"https:\/\/focolares.es\/\",\"name\":\"Movimiento de los Focolares\",\"description\":\"\",\"publisher\":{\"@id\":\"https:\/\/focolares.es\/#organization\"},\"potentialAction\":[{\"@type\":\"SearchAction\",\"target\":{\"@type\":\"EntryPoint\",\"urlTemplate\":\"https:\/\/focolares.es\/?s={search_term_string}\"},\"query-input\":{\"@type\":\"PropertyValueSpecification\",\"valueRequired\":true,\"valueName\":\"search_term_string\"}}],\"inLanguage\":\"ca\"},{\"@type\":\"Organization\",\"@id\":\"https:\/\/focolares.es\/#organization\",\"name\":\"Movimiento de los Focolares\",\"url\":\"https:\/\/focolares.es\/\",\"logo\":{\"@type\":\"ImageObject\",\"inLanguage\":\"ca\",\"@id\":\"https:\/\/focolares.es\/#\/schema\/logo\/image\/\",\"url\":\"https:\/\/focolares.es\/wp-content\/uploads\/2024\/03\/Logo_focolares-1024x944-1.jpg\",\"contentUrl\":\"https:\/\/focolares.es\/wp-content\/uploads\/2024\/03\/Logo_focolares-1024x944-1.jpg\",\"width\":1024,\"height\":944,\"caption\":\"Movimiento de los Focolares\"},\"image\":{\"@id\":\"https:\/\/focolares.es\/#\/schema\/logo\/image\/\"}},{\"@type\":\"Person\",\"@id\":\"https:\/\/focolares.es\/#\/schema\/person\/fdbf1cac3e3957f836bf607a31e7616d\",\"name\":\"admin\",\"image\":{\"@type\":\"ImageObject\",\"inLanguage\":\"ca\",\"@id\":\"https:\/\/focolares.es\/wp-content\/litespeed\/avatar\/ba00c276ce0fa7863cda4038d70907a8.jpg?ver=1777380135\",\"url\":\"https:\/\/focolares.es\/wp-content\/litespeed\/avatar\/ba00c276ce0fa7863cda4038d70907a8.jpg?ver=1777380135\",\"contentUrl\":\"https:\/\/focolares.es\/wp-content\/litespeed\/avatar\/ba00c276ce0fa7863cda4038d70907a8.jpg?ver=1777380135\",\"caption\":\"admin\"},\"sameAs\":[\"https:\/\/focolares.es\"],\"url\":\"https:\/\/focolares.es\/ca\/author\/afesersl_mcjhk9wv\/\"}]}<\/script>\n<!-- \/ Yoast SEO plugin. -->","yoast_head_json":{"title":"Una pres\u00e8ncia viva a la di\u00f2cesi de Girona - Moviment dels Focolars","description":"Article publicat a la revista del bisbat, que d\u00f3na a con\u00e8ixer les comunitats dels Focolars a la di\u00f2cesi de Girona.","robots":{"index":"index","follow":"follow","max-snippet":"max-snippet:-1","max-image-preview":"max-image-preview:large","max-video-preview":"max-video-preview:-1"},"canonical":"https:\/\/focolares.es\/ca\/focolars-una-presencia-viva-a-la-diocesi-de-girona\/","og_locale":"ca_ES","og_type":"article","og_title":"Una presencia viva en la di\u00f3cesis de Girona - Movimiento de los Focolares","og_description":"Art\u00edculo publicado en la revista del obispado, que da a conocer las comunidades de los Focolares en la di\u00f3cesis de Girona.","og_url":"https:\/\/focolares.es\/ca\/focolars-una-presencia-viva-a-la-diocesi-de-girona\/","og_site_name":"Movimiento de los Focolares","article_published_time":"2025-11-16T12:45:40+00:00","article_modified_time":"2025-11-26T20:10:37+00:00","og_image":[{"width":800,"height":451,"url":"https:\/\/focolares.es\/wp-content\/uploads\/2025\/11\/Diocesis_Girona.jpg","type":"image\/jpeg"}],"author":"admin","twitter_card":"summary_large_image","twitter_misc":{"Escrit per":"admin","Temps estimat de lectura":"1 minut"},"schema":{"@context":"https:\/\/schema.org","@graph":[{"@type":"Article","@id":"https:\/\/focolares.es\/focolares-una-presencia-viva-en-la-diocesis-de-girona\/#article","isPartOf":{"@id":"https:\/\/focolares.es\/focolares-una-presencia-viva-en-la-diocesis-de-girona\/"},"author":{"name":"admin","@id":"https:\/\/focolares.es\/#\/schema\/person\/fdbf1cac3e3957f836bf607a31e7616d"},"headline":"Una presencia viva en la di\u00f3cesis de Girona","datePublished":"2025-11-16T12:45:40+00:00","dateModified":"2025-11-26T20:10:37+00:00","mainEntityOfPage":{"@id":"https:\/\/focolares.es\/focolares-una-presencia-viva-en-la-diocesis-de-girona\/"},"wordCount":369,"commentCount":0,"publisher":{"@id":"https:\/\/focolares.es\/#organization"},"image":{"@id":"https:\/\/focolares.es\/focolares-una-presencia-viva-en-la-diocesis-de-girona\/#primaryimage"},"thumbnailUrl":"https:\/\/focolares.es\/wp-content\/uploads\/2025\/11\/Diocesis_Girona.jpg","keywords":["Iglesia","Testimonio"],"articleSection":["Uncategorized"],"inLanguage":"ca","potentialAction":[{"@type":"CommentAction","name":"Comment","target":["https:\/\/focolares.es\/focolares-una-presencia-viva-en-la-diocesis-de-girona\/#respond"]}]},{"@type":"WebPage","@id":"https:\/\/focolares.es\/focolares-una-presencia-viva-en-la-diocesis-de-girona\/","url":"https:\/\/focolares.es\/focolares-una-presencia-viva-en-la-diocesis-de-girona\/","name":"Una pres\u00e8ncia viva a la di\u00f2cesi de Girona - Moviment dels Focolars","isPartOf":{"@id":"https:\/\/focolares.es\/#website"},"primaryImageOfPage":{"@id":"https:\/\/focolares.es\/focolares-una-presencia-viva-en-la-diocesis-de-girona\/#primaryimage"},"image":{"@id":"https:\/\/focolares.es\/focolares-una-presencia-viva-en-la-diocesis-de-girona\/#primaryimage"},"thumbnailUrl":"https:\/\/focolares.es\/wp-content\/uploads\/2025\/11\/Diocesis_Girona.jpg","datePublished":"2025-11-16T12:45:40+00:00","dateModified":"2025-11-26T20:10:37+00:00","description":"Article publicat a la revista del bisbat, que d\u00f3na a con\u00e8ixer les comunitats dels Focolars a la di\u00f2cesi de Girona.","breadcrumb":{"@id":"https:\/\/focolares.es\/focolares-una-presencia-viva-en-la-diocesis-de-girona\/#breadcrumb"},"inLanguage":"ca","potentialAction":[{"@type":"ReadAction","target":["https:\/\/focolares.es\/focolares-una-presencia-viva-en-la-diocesis-de-girona\/"]}]},{"@type":"ImageObject","inLanguage":"ca","@id":"https:\/\/focolares.es\/focolares-una-presencia-viva-en-la-diocesis-de-girona\/#primaryimage","url":"https:\/\/focolares.es\/wp-content\/uploads\/2025\/11\/Diocesis_Girona.jpg","contentUrl":"https:\/\/focolares.es\/wp-content\/uploads\/2025\/11\/Diocesis_Girona.jpg","width":800,"height":451},{"@type":"BreadcrumbList","@id":"https:\/\/focolares.es\/focolares-una-presencia-viva-en-la-diocesis-de-girona\/#breadcrumb","itemListElement":[{"@type":"ListItem","position":1,"name":"Portada","item":"https:\/\/focolares.es\/"},{"@type":"ListItem","position":2,"name":"Una presencia viva en la di\u00f3cesis de Girona"}]},{"@type":"WebSite","@id":"https:\/\/focolares.es\/#website","url":"https:\/\/focolares.es\/","name":"Moviment dels Focolars","description":"","publisher":{"@id":"https:\/\/focolares.es\/#organization"},"potentialAction":[{"@type":"SearchAction","target":{"@type":"EntryPoint","urlTemplate":"https:\/\/focolares.es\/?s={search_term_string}"},"query-input":{"@type":"PropertyValueSpecification","valueRequired":true,"valueName":"search_term_string"}}],"inLanguage":"ca"},{"@type":"Organization","@id":"https:\/\/focolares.es\/#organization","name":"Moviment dels Focolars","url":"https:\/\/focolares.es\/","logo":{"@type":"ImageObject","inLanguage":"ca","@id":"https:\/\/focolares.es\/#\/schema\/logo\/image\/","url":"https:\/\/focolares.es\/wp-content\/uploads\/2024\/03\/Logo_focolares-1024x944-1.jpg","contentUrl":"https:\/\/focolares.es\/wp-content\/uploads\/2024\/03\/Logo_focolares-1024x944-1.jpg","width":1024,"height":944,"caption":"Movimiento de los Focolares"},"image":{"@id":"https:\/\/focolares.es\/#\/schema\/logo\/image\/"}},{"@type":"Person","@id":"https:\/\/focolares.es\/#\/schema\/person\/fdbf1cac3e3957f836bf607a31e7616d","name":"admin","image":{"@type":"ImageObject","inLanguage":"ca","@id":"https:\/\/focolares.es\/wp-content\/litespeed\/avatar\/ba00c276ce0fa7863cda4038d70907a8.jpg?ver=1777380135","url":"https:\/\/focolares.es\/wp-content\/litespeed\/avatar\/ba00c276ce0fa7863cda4038d70907a8.jpg?ver=1777380135","contentUrl":"https:\/\/focolares.es\/wp-content\/litespeed\/avatar\/ba00c276ce0fa7863cda4038d70907a8.jpg?ver=1777380135","caption":"admin"},"sameAs":["https:\/\/focolares.es"],"url":"https:\/\/focolares.es\/ca\/author\/afesersl_mcjhk9wv\/"}]}},"views":125,"_links":{"self":[{"href":"https:\/\/focolares.es\/ca\/wp-json\/wp\/v2\/posts\/18189","targetHints":{"allow":["GET"]}}],"collection":[{"href":"https:\/\/focolares.es\/ca\/wp-json\/wp\/v2\/posts"}],"about":[{"href":"https:\/\/focolares.es\/ca\/wp-json\/wp\/v2\/types\/post"}],"author":[{"embeddable":true,"href":"https:\/\/focolares.es\/ca\/wp-json\/wp\/v2\/users\/1"}],"replies":[{"embeddable":true,"href":"https:\/\/focolares.es\/ca\/wp-json\/wp\/v2\/comments?post=18189"}],"version-history":[{"count":18,"href":"https:\/\/focolares.es\/ca\/wp-json\/wp\/v2\/posts\/18189\/revisions"}],"predecessor-version":[{"id":18484,"href":"https:\/\/focolares.es\/ca\/wp-json\/wp\/v2\/posts\/18189\/revisions\/18484"}],"wp:featuredmedia":[{"embeddable":true,"href":"https:\/\/focolares.es\/ca\/wp-json\/wp\/v2\/media\/18194"}],"wp:attachment":[{"href":"https:\/\/focolares.es\/ca\/wp-json\/wp\/v2\/media?parent=18189"}],"wp:term":[{"taxonomy":"category","embeddable":true,"href":"https:\/\/focolares.es\/ca\/wp-json\/wp\/v2\/categories?post=18189"},{"taxonomy":"post_tag","embeddable":true,"href":"https:\/\/focolares.es\/ca\/wp-json\/wp\/v2\/tags?post=18189"}],"curies":[{"name":"wp","href":"https:\/\/api.w.org\/{rel}","templated":true}]}}