{"id":18229,"date":"2025-11-16T13:31:36","date_gmt":"2025-11-16T12:31:36","guid":{"rendered":"https:\/\/focolares.es\/?p=18229"},"modified":"2025-11-26T21:10:54","modified_gmt":"2025-11-26T20:10:54","slug":"llum-ardent-una-vida-pel-dialeg","status":"publish","type":"post","link":"https:\/\/focolares.es\/ca\/luz-ardiente-una-vida-por-el-dialogo\/","title":{"rendered":"Una vida pel di\u00e0leg"},"content":{"rendered":"\n<h4 class=\"wp-block-heading\">Phra Maha ThongrattanaThavorn, monje budista tailand\u00e9s, falleci\u00f3 en la madrugada del pasado 10 de noviembre. Su vida pone de relieve un camino de di\u00e1logo entre las Religiones y su compromiso en trabajar por un mundo unido, por el entendimiento mutuo y por la paz.<\/h4>\n\n\n\n<div style=\"height:61px\" aria-hidden=\"true\" class=\"wp-block-spacer\"><\/div>\n\n\n\n<p>Su contacto con la\u00a0espiritualidad de la unidad\u00a0tuvo lugar en 1995, en una visita a Loppiano (Florencia), ciudadela internacional del Movimiento <sup data-fn=\"213729c9-6ac8-4ed2-9bc2-97b35481fda9\" class=\"fn\"><a id=\"213729c9-6ac8-4ed2-9bc2-97b35481fda9-link\" href=\"#213729c9-6ac8-4ed2-9bc2-97b35481fda9\">1<\/a><\/sup> , donde conoci\u00f3 a Chiara Lubich. A\u00f1os m\u00e1s tarde, recordando este primer encuentro cara a cara con Chiara, dir\u00eda: <\/p>\n\n\n\n<blockquote class=\"wp-block-quote is-layout-flow wp-block-quote-is-layout-flow\">\n<p>\u201cQued\u00e9 fascinado por su persona, por sus ojos, por su sencillez, su premura, el respeto por lo que soy, la escucha profunda, la atm\u00f3sfera indescriptible. [&#8230;] Me habl\u00f3 de su vida cristiana, del carisma de la unidad\u2026 yo tambi\u00e9n me siento hijo suyo, por la luz que he recibido, pero tambi\u00e9n por la pasi\u00f3n en difundir la luz de la unidad entre todos\u201d<\/p>\n<\/blockquote>\n\n\n\n<p>Por su parte, Chiara reconoci\u00f3 en \u00e9l un alma de extraordinaria profundidad, capaz de iluminar con autenticidad y respeto el camino del di\u00e1logo interreligioso, de ah\u00ed el nombre de \u00abLuz Ardiente\u00bb con el que muchos lo conocen.<\/p>\n\n\n\n<p>A partir de entonces, el monje tailand\u00e9s se convirti\u00f3 en un fiel amigo del Movimiento, participando en numerosos eventos tanto en Asia como en Europa. Su presencia era discreta pero intensa, y su mensaje siempre claro: las religiones no deben competir, sino colaborar por el bien de la humanidad.<\/p>\n\n\n\n<p>La noticia de su fallecimiento se ha difundido r\u00e1pidamente entre las comunidades de los Focolares de todo el mundo, a trav\u00e9s de un escrito que Margaret Karram, presidenta del Movimiento, envi\u00f3 a todos recordando su figura. Entre otras cosas, dec\u00eda:<\/p>\n\n\n\n<blockquote class=\"wp-block-quote is-layout-flow wp-block-quote-is-layout-flow\">\n<p><em>\u00abVivi\u00f3 plenamente el nombre que Chiara le hab\u00eda dado, siendo en todas partes un instrumento de luz, consuelo y esperanza. Hasta el final, am\u00f3 y vivi\u00f3 para construir la fraternidad. Durante su vida supo hablar de la unidad de una manera singular, con sabidur\u00eda y pasi\u00f3n a trav\u00e9s de libros, revistas, programas de radio y encuentros con monjes y laicos budistas, algo que tambi\u00e9n le acarre\u00f3 dificultades. Un d\u00eda un monje le pregunt\u00f3, perplejo: \u201cMaestro, \u00bfusted sigue a una mujer cristiana?\u201d. \u00c9l respondi\u00f3: \u201cNo sigo a una mujer, sino su Ideal de fraternidad universal. Ella no es solo para los cristianos, tambi\u00e9n es nuestra\u201d.<\/em><\/p>\n<\/blockquote>\n\n\n\n<blockquote class=\"wp-block-quote is-layout-flow wp-block-quote-is-layout-flow\">\n<p><em>En su \u00faltimo mensaje me escribi\u00f3: \u201cMargaret, sufro, pero resisto, resisto, resisto, porque mi sufrimiento no es nada comparado con el de Jes\u00fas en la Cruz. Resisto porque soy hijo de mam\u00e1 Chiara. Recuerda: ya no nos veremos, pero un d\u00eda volveremos a vernos. Pronto ir\u00e9 a estar con ella\u201d.<\/em><\/p>\n<\/blockquote>\n\n\n\n<blockquote class=\"wp-block-quote is-layout-flow wp-block-quote-is-layout-flow\">\n<p><em>Personalmente, guardo en mi coraz\u00f3n cada palabra que me escribi\u00f3 y cada consejo que me dio. Me ense\u00f1\u00f3 lo que significa \u201cresistir por amor\u201d, y su unidad conmigo fue un regalo precioso que jam\u00e1s olvidar\u00e9\u00bb.<\/em><\/p>\n<\/blockquote>\n\n\n\n<div style=\"height:40px\" aria-hidden=\"true\" class=\"wp-block-spacer\"><\/div>\n\n\n\n<hr>\n\n\n\n<div style=\"height:46px\" aria-hidden=\"true\" class=\"wp-block-spacer\"><\/div>\n\n\n\n<p><em><strong>Activar los subt\u00edtulos \u2013 El original est\u00e1 doblado en italiano.<\/strong><\/em><\/p>\n\n\n\n<figure class=\"wp-block-embed is-type-video is-provider-youtube wp-block-embed-youtube wp-embed-aspect-16-9 wp-has-aspect-ratio\"><div class=\"wp-block-embed__wrapper\">\n<iframe title=\"Luce Ardente: una vita per il dialogo\" width=\"800\" height=\"450\" src=\"https:\/\/www.youtube.com\/embed\/zCuOjkGvX8k?feature=oembed\" frameborder=\"0\" allow=\"accelerometer; autoplay; clipboard-write; encrypted-media; gyroscope; picture-in-picture; web-share\" referrerpolicy=\"strict-origin-when-cross-origin\" allowfullscreen><\/iframe>\n<\/div><\/figure>\n\n\n<ol class=\"wp-block-footnotes\"><li id=\"213729c9-6ac8-4ed2-9bc2-97b35481fda9\"><a href=\"https:\/\/www.loppiano.it\/en\/\" target=\"_blank\" rel=\"noreferrer noopener\">Loppiano<\/a> <a href=\"#213729c9-6ac8-4ed2-9bc2-97b35481fda9-link\" aria-label=\"Ves a la refer\u00e8ncia de la nota al peu 1\">\u21a9\ufe0e<\/a><\/li><\/ol>\n\n\n<p><\/p>\n","protected":false},"excerpt":{"rendered":"<p>Llum Ardent, la seva vida, el seu nom i el seu missatge continuen inspirant el cam\u00ed cap a un m\u00f3n m\u00e9s fratern.<\/p>","protected":false},"author":11,"featured_media":18231,"comment_status":"open","ping_status":"closed","sticky":false,"template":"","format":"standard","meta":{"_price":"","_stock":"","_tribe_ticket_header":"","_tribe_default_ticket_provider":"","_tribe_ticket_capacity":"0","_ticket_start_date":"","_ticket_end_date":"","_tribe_ticket_show_description":"","_tribe_ticket_show_not_going":false,"_tribe_ticket_use_global_stock":"","_tribe_ticket_global_stock_level":"","_global_stock_mode":"","_global_stock_cap":"","_tribe_rsvp_for_event":"","_tribe_ticket_going_count":"","_tribe_ticket_not_going_count":"","_tribe_tickets_list":"[]","_tribe_ticket_has_attendee_info_fields":false,"footnotes":"[{\"content\":\"<a href=\\\"https:\/\/www.loppiano.it\/en\/\\\" target=\\\"_blank\\\" rel=\\\"noreferrer noopener\\\">Loppiano<\/a>\",\"id\":\"213729c9-6ac8-4ed2-9bc2-97b35481fda9\"}]"},"categories":[1],"tags":[40],"class_list":["post-18229","post","type-post","status-publish","format-standard","has-post-thumbnail","hentry","category-uncategorized","tag-dialogo-y-fraternidad"],"yoast_head":"<!-- This site is optimized with the Yoast SEO plugin v27.2 - https:\/\/yoast.com\/product\/yoast-seo-wordpress\/ -->\n<title>Una vida por el di\u00e1logo - Movimiento de los Focolares<\/title>\n<meta name=\"description\" content=\"Luz Ardiente, su vida, su nombre y su mensaje siguen inspirando el camino hacia un mundo m\u00e1s fraterno.\" \/>\n<meta name=\"robots\" content=\"index, follow, max-snippet:-1, max-image-preview:large, max-video-preview:-1\" \/>\n<link rel=\"canonical\" href=\"https:\/\/focolares.es\/ca\/llum-ardent-una-vida-pel-dialeg\/\" \/>\n<meta property=\"og:locale\" content=\"ca_ES\" \/>\n<meta property=\"og:type\" content=\"article\" \/>\n<meta property=\"og:title\" content=\"Una vida por el di\u00e1logo - Movimiento de los Focolares\" \/>\n<meta property=\"og:description\" content=\"Luz Ardiente, su vida, su nombre y su mensaje siguen inspirando el camino hacia un mundo m\u00e1s fraterno.\" \/>\n<meta property=\"og:url\" content=\"https:\/\/focolares.es\/ca\/llum-ardent-una-vida-pel-dialeg\/\" \/>\n<meta property=\"og:site_name\" content=\"Movimiento de los Focolares\" \/>\n<meta property=\"article:published_time\" content=\"2025-11-16T12:31:36+00:00\" \/>\n<meta property=\"article:modified_time\" content=\"2025-11-26T20:10:54+00:00\" \/>\n<meta property=\"og:image\" content=\"https:\/\/focolares.es\/wp-content\/uploads\/2025\/11\/IMG-Luce-Ardente.jpg\" \/>\n\t<meta property=\"og:image:width\" content=\"1098\" \/>\n\t<meta property=\"og:image:height\" content=\"618\" \/>\n\t<meta property=\"og:image:type\" content=\"image\/jpeg\" \/>\n<meta name=\"author\" content=\"Isabel de la Riva\" \/>\n<meta name=\"twitter:card\" content=\"summary_large_image\" \/>\n<meta name=\"twitter:label1\" content=\"Escrit per\" \/>\n\t<meta name=\"twitter:data1\" content=\"Isabel de la Riva\" \/>\n\t<meta name=\"twitter:label2\" content=\"Temps estimat de lectura\" \/>\n\t<meta name=\"twitter:data2\" content=\"2 minuts\" \/>\n<script type=\"application\/ld+json\" class=\"yoast-schema-graph\">{\"@context\":\"https:\/\/schema.org\",\"@graph\":[{\"@type\":\"Article\",\"@id\":\"https:\/\/focolares.es\/luz-ardiente-una-vida-por-el-dialogo\/#article\",\"isPartOf\":{\"@id\":\"https:\/\/focolares.es\/luz-ardiente-una-vida-por-el-dialogo\/\"},\"author\":{\"name\":\"Isabel de la Riva\",\"@id\":\"https:\/\/focolares.es\/#\/schema\/person\/fbe66f77ada0f94a1d481f8e111fd6e4\"},\"headline\":\"Una vida por el di\u00e1logo\",\"datePublished\":\"2025-11-16T12:31:36+00:00\",\"dateModified\":\"2025-11-26T20:10:54+00:00\",\"mainEntityOfPage\":{\"@id\":\"https:\/\/focolares.es\/luz-ardiente-una-vida-por-el-dialogo\/\"},\"wordCount\":505,\"commentCount\":0,\"publisher\":{\"@id\":\"https:\/\/focolares.es\/#organization\"},\"image\":{\"@id\":\"https:\/\/focolares.es\/luz-ardiente-una-vida-por-el-dialogo\/#primaryimage\"},\"thumbnailUrl\":\"https:\/\/focolares.es\/wp-content\/uploads\/2025\/11\/IMG-Luce-Ardente.jpg\",\"keywords\":[\"Di\u00e1logo y fraternidad\"],\"articleSection\":[\"Uncategorized\"],\"inLanguage\":\"ca\",\"potentialAction\":[{\"@type\":\"CommentAction\",\"name\":\"Comment\",\"target\":[\"https:\/\/focolares.es\/luz-ardiente-una-vida-por-el-dialogo\/#respond\"]}]},{\"@type\":\"WebPage\",\"@id\":\"https:\/\/focolares.es\/luz-ardiente-una-vida-por-el-dialogo\/\",\"url\":\"https:\/\/focolares.es\/luz-ardiente-una-vida-por-el-dialogo\/\",\"name\":\"Una vida por el di\u00e1logo - Movimiento de los Focolares\",\"isPartOf\":{\"@id\":\"https:\/\/focolares.es\/#website\"},\"primaryImageOfPage\":{\"@id\":\"https:\/\/focolares.es\/luz-ardiente-una-vida-por-el-dialogo\/#primaryimage\"},\"image\":{\"@id\":\"https:\/\/focolares.es\/luz-ardiente-una-vida-por-el-dialogo\/#primaryimage\"},\"thumbnailUrl\":\"https:\/\/focolares.es\/wp-content\/uploads\/2025\/11\/IMG-Luce-Ardente.jpg\",\"datePublished\":\"2025-11-16T12:31:36+00:00\",\"dateModified\":\"2025-11-26T20:10:54+00:00\",\"description\":\"Luz Ardiente, su vida, su nombre y su mensaje siguen inspirando el camino hacia un mundo m\u00e1s fraterno.\",\"breadcrumb\":{\"@id\":\"https:\/\/focolares.es\/luz-ardiente-una-vida-por-el-dialogo\/#breadcrumb\"},\"inLanguage\":\"ca\",\"potentialAction\":[{\"@type\":\"ReadAction\",\"target\":[\"https:\/\/focolares.es\/luz-ardiente-una-vida-por-el-dialogo\/\"]}]},{\"@type\":\"ImageObject\",\"inLanguage\":\"ca\",\"@id\":\"https:\/\/focolares.es\/luz-ardiente-una-vida-por-el-dialogo\/#primaryimage\",\"url\":\"https:\/\/focolares.es\/wp-content\/uploads\/2025\/11\/IMG-Luce-Ardente.jpg\",\"contentUrl\":\"https:\/\/focolares.es\/wp-content\/uploads\/2025\/11\/IMG-Luce-Ardente.jpg\",\"width\":1098,\"height\":618},{\"@type\":\"BreadcrumbList\",\"@id\":\"https:\/\/focolares.es\/luz-ardiente-una-vida-por-el-dialogo\/#breadcrumb\",\"itemListElement\":[{\"@type\":\"ListItem\",\"position\":1,\"name\":\"Portada\",\"item\":\"https:\/\/focolares.es\/\"},{\"@type\":\"ListItem\",\"position\":2,\"name\":\"Una vida por el di\u00e1logo\"}]},{\"@type\":\"WebSite\",\"@id\":\"https:\/\/focolares.es\/#website\",\"url\":\"https:\/\/focolares.es\/\",\"name\":\"Movimiento de los Focolares\",\"description\":\"\",\"publisher\":{\"@id\":\"https:\/\/focolares.es\/#organization\"},\"potentialAction\":[{\"@type\":\"SearchAction\",\"target\":{\"@type\":\"EntryPoint\",\"urlTemplate\":\"https:\/\/focolares.es\/?s={search_term_string}\"},\"query-input\":{\"@type\":\"PropertyValueSpecification\",\"valueRequired\":true,\"valueName\":\"search_term_string\"}}],\"inLanguage\":\"ca\"},{\"@type\":\"Organization\",\"@id\":\"https:\/\/focolares.es\/#organization\",\"name\":\"Movimiento de los Focolares\",\"url\":\"https:\/\/focolares.es\/\",\"logo\":{\"@type\":\"ImageObject\",\"inLanguage\":\"ca\",\"@id\":\"https:\/\/focolares.es\/#\/schema\/logo\/image\/\",\"url\":\"https:\/\/focolares.es\/wp-content\/uploads\/2024\/03\/Logo_focolares-1024x944-1.jpg\",\"contentUrl\":\"https:\/\/focolares.es\/wp-content\/uploads\/2024\/03\/Logo_focolares-1024x944-1.jpg\",\"width\":1024,\"height\":944,\"caption\":\"Movimiento de los Focolares\"},\"image\":{\"@id\":\"https:\/\/focolares.es\/#\/schema\/logo\/image\/\"}},{\"@type\":\"Person\",\"@id\":\"https:\/\/focolares.es\/#\/schema\/person\/fbe66f77ada0f94a1d481f8e111fd6e4\",\"name\":\"Isabel de la Riva\",\"image\":{\"@type\":\"ImageObject\",\"inLanguage\":\"ca\",\"@id\":\"https:\/\/focolares.es\/wp-content\/litespeed\/avatar\/b48039c9230d63d3d9eee6a9857b7377.jpg?ver=1777444038\",\"url\":\"https:\/\/focolares.es\/wp-content\/litespeed\/avatar\/b48039c9230d63d3d9eee6a9857b7377.jpg?ver=1777444038\",\"contentUrl\":\"https:\/\/focolares.es\/wp-content\/litespeed\/avatar\/b48039c9230d63d3d9eee6a9857b7377.jpg?ver=1777444038\",\"caption\":\"Isabel de la Riva\"},\"url\":\"https:\/\/focolares.es\/ca\/author\/isabel\/\"}]}<\/script>\n<!-- \/ Yoast SEO plugin. -->","yoast_head_json":{"title":"Una vida pel di\u00e0leg - Moviment dels Focolars","description":"Llum Ardent, la seva vida, el seu nom i el seu missatge continuen inspirant el cam\u00ed cap a un m\u00f3n m\u00e9s fratern.","robots":{"index":"index","follow":"follow","max-snippet":"max-snippet:-1","max-image-preview":"max-image-preview:large","max-video-preview":"max-video-preview:-1"},"canonical":"https:\/\/focolares.es\/ca\/llum-ardent-una-vida-pel-dialeg\/","og_locale":"ca_ES","og_type":"article","og_title":"Una vida por el di\u00e1logo - Movimiento de los Focolares","og_description":"Luz Ardiente, su vida, su nombre y su mensaje siguen inspirando el camino hacia un mundo m\u00e1s fraterno.","og_url":"https:\/\/focolares.es\/ca\/llum-ardent-una-vida-pel-dialeg\/","og_site_name":"Movimiento de los Focolares","article_published_time":"2025-11-16T12:31:36+00:00","article_modified_time":"2025-11-26T20:10:54+00:00","og_image":[{"width":1098,"height":618,"url":"https:\/\/focolares.es\/wp-content\/uploads\/2025\/11\/IMG-Luce-Ardente.jpg","type":"image\/jpeg"}],"author":"Isabel de la Riva","twitter_card":"summary_large_image","twitter_misc":{"Escrit per":"Isabel de la Riva","Temps estimat de lectura":"2 minuts"},"schema":{"@context":"https:\/\/schema.org","@graph":[{"@type":"Article","@id":"https:\/\/focolares.es\/luz-ardiente-una-vida-por-el-dialogo\/#article","isPartOf":{"@id":"https:\/\/focolares.es\/luz-ardiente-una-vida-por-el-dialogo\/"},"author":{"name":"Isabel de la Riva","@id":"https:\/\/focolares.es\/#\/schema\/person\/fbe66f77ada0f94a1d481f8e111fd6e4"},"headline":"Una vida por el di\u00e1logo","datePublished":"2025-11-16T12:31:36+00:00","dateModified":"2025-11-26T20:10:54+00:00","mainEntityOfPage":{"@id":"https:\/\/focolares.es\/luz-ardiente-una-vida-por-el-dialogo\/"},"wordCount":505,"commentCount":0,"publisher":{"@id":"https:\/\/focolares.es\/#organization"},"image":{"@id":"https:\/\/focolares.es\/luz-ardiente-una-vida-por-el-dialogo\/#primaryimage"},"thumbnailUrl":"https:\/\/focolares.es\/wp-content\/uploads\/2025\/11\/IMG-Luce-Ardente.jpg","keywords":["Di\u00e1logo y fraternidad"],"articleSection":["Uncategorized"],"inLanguage":"ca","potentialAction":[{"@type":"CommentAction","name":"Comment","target":["https:\/\/focolares.es\/luz-ardiente-una-vida-por-el-dialogo\/#respond"]}]},{"@type":"WebPage","@id":"https:\/\/focolares.es\/luz-ardiente-una-vida-por-el-dialogo\/","url":"https:\/\/focolares.es\/luz-ardiente-una-vida-por-el-dialogo\/","name":"Una vida pel di\u00e0leg - Moviment dels Focolars","isPartOf":{"@id":"https:\/\/focolares.es\/#website"},"primaryImageOfPage":{"@id":"https:\/\/focolares.es\/luz-ardiente-una-vida-por-el-dialogo\/#primaryimage"},"image":{"@id":"https:\/\/focolares.es\/luz-ardiente-una-vida-por-el-dialogo\/#primaryimage"},"thumbnailUrl":"https:\/\/focolares.es\/wp-content\/uploads\/2025\/11\/IMG-Luce-Ardente.jpg","datePublished":"2025-11-16T12:31:36+00:00","dateModified":"2025-11-26T20:10:54+00:00","description":"Llum Ardent, la seva vida, el seu nom i el seu missatge continuen inspirant el cam\u00ed cap a un m\u00f3n m\u00e9s fratern.","breadcrumb":{"@id":"https:\/\/focolares.es\/luz-ardiente-una-vida-por-el-dialogo\/#breadcrumb"},"inLanguage":"ca","potentialAction":[{"@type":"ReadAction","target":["https:\/\/focolares.es\/luz-ardiente-una-vida-por-el-dialogo\/"]}]},{"@type":"ImageObject","inLanguage":"ca","@id":"https:\/\/focolares.es\/luz-ardiente-una-vida-por-el-dialogo\/#primaryimage","url":"https:\/\/focolares.es\/wp-content\/uploads\/2025\/11\/IMG-Luce-Ardente.jpg","contentUrl":"https:\/\/focolares.es\/wp-content\/uploads\/2025\/11\/IMG-Luce-Ardente.jpg","width":1098,"height":618},{"@type":"BreadcrumbList","@id":"https:\/\/focolares.es\/luz-ardiente-una-vida-por-el-dialogo\/#breadcrumb","itemListElement":[{"@type":"ListItem","position":1,"name":"Portada","item":"https:\/\/focolares.es\/"},{"@type":"ListItem","position":2,"name":"Una vida por el di\u00e1logo"}]},{"@type":"WebSite","@id":"https:\/\/focolares.es\/#website","url":"https:\/\/focolares.es\/","name":"Moviment dels Focolars","description":"","publisher":{"@id":"https:\/\/focolares.es\/#organization"},"potentialAction":[{"@type":"SearchAction","target":{"@type":"EntryPoint","urlTemplate":"https:\/\/focolares.es\/?s={search_term_string}"},"query-input":{"@type":"PropertyValueSpecification","valueRequired":true,"valueName":"search_term_string"}}],"inLanguage":"ca"},{"@type":"Organization","@id":"https:\/\/focolares.es\/#organization","name":"Moviment dels Focolars","url":"https:\/\/focolares.es\/","logo":{"@type":"ImageObject","inLanguage":"ca","@id":"https:\/\/focolares.es\/#\/schema\/logo\/image\/","url":"https:\/\/focolares.es\/wp-content\/uploads\/2024\/03\/Logo_focolares-1024x944-1.jpg","contentUrl":"https:\/\/focolares.es\/wp-content\/uploads\/2024\/03\/Logo_focolares-1024x944-1.jpg","width":1024,"height":944,"caption":"Movimiento de los Focolares"},"image":{"@id":"https:\/\/focolares.es\/#\/schema\/logo\/image\/"}},{"@type":"Person","@id":"https:\/\/focolares.es\/#\/schema\/person\/fbe66f77ada0f94a1d481f8e111fd6e4","name":"Isabel de la Riva","image":{"@type":"ImageObject","inLanguage":"ca","@id":"https:\/\/focolares.es\/wp-content\/litespeed\/avatar\/b48039c9230d63d3d9eee6a9857b7377.jpg?ver=1777444038","url":"https:\/\/focolares.es\/wp-content\/litespeed\/avatar\/b48039c9230d63d3d9eee6a9857b7377.jpg?ver=1777444038","contentUrl":"https:\/\/focolares.es\/wp-content\/litespeed\/avatar\/b48039c9230d63d3d9eee6a9857b7377.jpg?ver=1777444038","caption":"Isabel de la Riva"},"url":"https:\/\/focolares.es\/ca\/author\/isabel\/"}]}},"views":104,"_links":{"self":[{"href":"https:\/\/focolares.es\/ca\/wp-json\/wp\/v2\/posts\/18229","targetHints":{"allow":["GET"]}}],"collection":[{"href":"https:\/\/focolares.es\/ca\/wp-json\/wp\/v2\/posts"}],"about":[{"href":"https:\/\/focolares.es\/ca\/wp-json\/wp\/v2\/types\/post"}],"author":[{"embeddable":true,"href":"https:\/\/focolares.es\/ca\/wp-json\/wp\/v2\/users\/11"}],"replies":[{"embeddable":true,"href":"https:\/\/focolares.es\/ca\/wp-json\/wp\/v2\/comments?post=18229"}],"version-history":[{"count":27,"href":"https:\/\/focolares.es\/ca\/wp-json\/wp\/v2\/posts\/18229\/revisions"}],"predecessor-version":[{"id":18485,"href":"https:\/\/focolares.es\/ca\/wp-json\/wp\/v2\/posts\/18229\/revisions\/18485"}],"wp:featuredmedia":[{"embeddable":true,"href":"https:\/\/focolares.es\/ca\/wp-json\/wp\/v2\/media\/18231"}],"wp:attachment":[{"href":"https:\/\/focolares.es\/ca\/wp-json\/wp\/v2\/media?parent=18229"}],"wp:term":[{"taxonomy":"category","embeddable":true,"href":"https:\/\/focolares.es\/ca\/wp-json\/wp\/v2\/categories?post=18229"},{"taxonomy":"post_tag","embeddable":true,"href":"https:\/\/focolares.es\/ca\/wp-json\/wp\/v2\/tags?post=18229"}],"curies":[{"name":"wp","href":"https:\/\/api.w.org\/{rel}","templated":true}]}}