{"id":19360,"date":"2026-04-27T18:09:05","date_gmt":"2026-04-27T16:09:05","guid":{"rendered":"https:\/\/focolares.es\/?p=19360"},"modified":"2026-04-27T18:09:07","modified_gmt":"2026-04-27T16:09:07","slug":"quan-la-teologia-es-fa-vida-i-cultura","status":"publish","type":"post","link":"https:\/\/focolares.es\/ca\/cuando-la-teologia-se-hace-vida-y-cultura\/","title":{"rendered":"Quan la teologia es fa vida i cultura"},"content":{"rendered":"<h4 class=\"wp-block-heading\">M\u00e9s enll\u00e0 de veure-la com una especulaci\u00f3 abstracta, l&#039;Ontologia Trinit\u00e0ria cerca contribuir a la resposta a reptes contemporanis com s\u00f3n la fragmentaci\u00f3 social, la crisi de sentit o el di\u00e0leg interreligi\u00f3s. Aquesta disciplina emergent proposa que el Ser no \u00e9s solitari, sin\u00f3 essencialment relacional, amor trinitari, oferint una nova clau de lectura per a la filosofia, la teologia i la vida quotidiana.<\/h4>\n\n\n\n<div style=\"height:40px\" aria-hidden=\"true\" class=\"wp-block-spacer\"><\/div>\n\n\n\n<p>L&#039;Ontologia Trinit\u00e0ria s&#039;emmarca en la intu\u00efci\u00f3 de Chiara Lubich i s&#039;ha anat desenvolupant acad\u00e8micament per te\u00f2legs i fil\u00f2sofs com Piero Coda i Klaus Hemmerle, que li va donar el seu impuls definitiu i identitari el 1976, introduint la f\u00f3rmula de manera expl\u00edcita en la tesi n\u00famero 9 del seu escrit. <\/p>\n\n\n\n<p>La clau \u00e9s superar la visi\u00f3 est\u00e0tica de D\u00e9u i de l&#039;\u00e9sser hum\u00e0. Si D\u00e9u \u00e9s Trinitat -relaci\u00f3 eterna-, aleshores tota la realitat creada porta la marca de la relacionalitat. <\/p>\n\n\n\n<p>Un aspecte nou d&#039;aquesta disciplina \u00e9s que no \u00e9s nom\u00e9s teologia -estudi de D\u00e9u- ni nom\u00e9s filosofia -estudi de l&#039;\u00e9sser-, sin\u00f3 un \u00abtercer espai\u00bb on totes dues es fecunden m\u00fatuament. El t\u00edtol d?un dels seminaris celebrats a Espanya ho il\u00b7lustra molt b\u00e9: \u00abL?amor trinitari enriqueix la filosofia i la teologia\u00bb.<\/p>\n\n\n\n<p>Al nostre pa\u00eds ja s&#039;han celebrat cinc seminaris organitzats per l&#039;editorial Ciudad Nueva amb la participaci\u00f3 de diferents experts espanyols i llatinoamericans, aix\u00ed com alguns professors de l&#039;Institut Universitari Sophia de Loppiano, a It\u00e0lia.<\/p>\n\n\n\n<figure class=\"wp-block-image size-full\"><img fetchpriority=\"high\" decoding=\"async\" width=\"1024\" height=\"683\" src=\"https:\/\/focolares.es\/wp-content\/uploads\/2026\/04\/Granada-1-1024x683-1.jpg\" alt=\"\" class=\"wp-image-19362\" srcset=\"https:\/\/focolares.es\/wp-content\/uploads\/2026\/04\/Granada-1-1024x683-1.jpg 1024w, https:\/\/focolares.es\/wp-content\/uploads\/2026\/04\/Granada-1-1024x683-1-300x200.jpg 300w, https:\/\/focolares.es\/wp-content\/uploads\/2026\/04\/Granada-1-1024x683-1-768x512.jpg 768w, https:\/\/focolares.es\/wp-content\/uploads\/2026\/04\/Granada-1-1024x683-1-18x12.jpg 18w\" sizes=\"(max-width: 1024px) 100vw, 1024px\" \/><\/figure>\n\n\n\n<p>L&#039;\u00faltim seminari es va realitzar a Granada l&#039;octubre passat i va ser acollit per la comunitat del Moviment dels Focolars en aquesta ciutat que, a m\u00e9s, va col\u00b7laborar en la presentaci\u00f3 del primer volum del <a href=\"https:\/\/www.ciudadnueva.com\/libro\/manifiesto-para-una-reforma-del-pensar\" target=\"_blank\" rel=\"noreferrer noopener\"><em>Diccionari Din\u00e0mic d'Ontologia Trinit\u00e0ria<\/em>.<\/a> Com afirmava un dels organitzadors, \u201cva ser un moment de comunitat, de fam\u00edlia, lloc privilegiat per posar en pr\u00e0ctica aquestes relacions trinit\u00e0ries\u201d. <\/p>\n\n\n\n<p>En efecte, l&#039;Ontologia Trinit\u00e0ria s&#039;apr\u00e8n a base d&#039;exercitar-la en un lloc, en una aula d&#039;estudi i de recerca, que \u00e9s laboratori de pensament i alhora recinte d&#039;entrenament de vida i amor. <br>O sigui, un taller on tots i cadascun s\u00f3n actors i protagonistes; responsables en el propi cam\u00ed els uns dels altres, de manera rec\u00edproca.<\/p>\n\n\n\n<p><\/p>","protected":false},"excerpt":{"rendered":"<p>L&#039;Ontologia Trinit\u00e0ria proposa una visi\u00f3 relacional de la realitat.<\/p>","protected":false},"author":1,"featured_media":19379,"comment_status":"open","ping_status":"closed","sticky":false,"template":"","format":"standard","meta":{"_price":"","_stock":"","_tribe_ticket_header":"","_tribe_default_ticket_provider":"","_tribe_ticket_capacity":"0","_ticket_start_date":"","_ticket_end_date":"","_tribe_ticket_show_description":"","_tribe_ticket_show_not_going":false,"_tribe_ticket_use_global_stock":"","_tribe_ticket_global_stock_level":"","_global_stock_mode":"","_global_stock_cap":"","_tribe_rsvp_for_event":"","_tribe_ticket_going_count":"","_tribe_ticket_not_going_count":"","_tribe_tickets_list":"[]","_tribe_ticket_has_attendee_info_fields":false,"footnotes":""},"categories":[1],"tags":[52],"class_list":["post-19360","post","type-post","status-publish","format-standard","has-post-thumbnail","hentry","category-uncategorized","tag-ciencia-humanidades-y-pensamiento"],"yoast_head":"<!-- This site is optimized with the Yoast SEO plugin v27.2 - https:\/\/yoast.com\/product\/yoast-seo-wordpress\/ -->\n<title>Cuando la teolog\u00eda se hace vida y cultura - Movimiento de los Focolares<\/title>\n<meta name=\"description\" content=\"La Ontolog\u00eda Trinitaria contribuye a dar respuesta a retos contempor\u00e1neos como la fragmentaci\u00f3n social, la crisis de sentido o el di\u00e1logo interreligioso.\" \/>\n<meta name=\"robots\" content=\"index, follow, max-snippet:-1, max-image-preview:large, max-video-preview:-1\" \/>\n<link rel=\"canonical\" href=\"https:\/\/focolares.es\/ca\/quan-la-teologia-es-fa-vida-i-cultura\/\" \/>\n<meta property=\"og:locale\" content=\"ca_ES\" \/>\n<meta property=\"og:type\" content=\"article\" \/>\n<meta property=\"og:title\" content=\"Cuando la teolog\u00eda se hace vida y cultura - Movimiento de los Focolares\" \/>\n<meta property=\"og:description\" content=\"La Ontolog\u00eda Trinitaria contribuye a dar respuesta a retos contempor\u00e1neos como la fragmentaci\u00f3n social, la crisis de sentido o el di\u00e1logo interreligioso.\" \/>\n<meta property=\"og:url\" content=\"https:\/\/focolares.es\/ca\/quan-la-teologia-es-fa-vida-i-cultura\/\" \/>\n<meta property=\"og:site_name\" content=\"Movimiento de los Focolares\" \/>\n<meta property=\"article:published_time\" content=\"2026-04-27T16:09:05+00:00\" \/>\n<meta property=\"article:modified_time\" content=\"2026-04-27T16:09:07+00:00\" \/>\n<meta property=\"og:image\" content=\"https:\/\/focolares.es\/wp-content\/uploads\/2026\/04\/Ontologia-trinitaria-Las-Matas.jpg\" \/>\n\t<meta property=\"og:image:width\" content=\"900\" \/>\n\t<meta property=\"og:image:height\" content=\"506\" \/>\n\t<meta property=\"og:image:type\" content=\"image\/jpeg\" \/>\n<meta name=\"author\" content=\"admin\" \/>\n<meta name=\"twitter:card\" content=\"summary_large_image\" \/>\n<meta name=\"twitter:label1\" content=\"Escrit per\" \/>\n\t<meta name=\"twitter:data1\" content=\"admin\" \/>\n\t<meta name=\"twitter:label2\" content=\"Temps estimat de lectura\" \/>\n\t<meta name=\"twitter:data2\" content=\"3 minuts\" \/>\n<script type=\"application\/ld+json\" class=\"yoast-schema-graph\">{\"@context\":\"https:\/\/schema.org\",\"@graph\":[{\"@type\":\"Article\",\"@id\":\"https:\/\/focolares.es\/cuando-la-teologia-se-hace-vida-y-cultura\/#article\",\"isPartOf\":{\"@id\":\"https:\/\/focolares.es\/cuando-la-teologia-se-hace-vida-y-cultura\/\"},\"author\":{\"name\":\"admin\",\"@id\":\"https:\/\/focolares.es\/#\/schema\/person\/fdbf1cac3e3957f836bf607a31e7616d\"},\"headline\":\"Cuando la teolog\u00eda se hace vida y cultura\",\"datePublished\":\"2026-04-27T16:09:05+00:00\",\"dateModified\":\"2026-04-27T16:09:07+00:00\",\"mainEntityOfPage\":{\"@id\":\"https:\/\/focolares.es\/cuando-la-teologia-se-hace-vida-y-cultura\/\"},\"wordCount\":413,\"commentCount\":0,\"publisher\":{\"@id\":\"https:\/\/focolares.es\/#organization\"},\"image\":{\"@id\":\"https:\/\/focolares.es\/cuando-la-teologia-se-hace-vida-y-cultura\/#primaryimage\"},\"thumbnailUrl\":\"https:\/\/focolares.es\/wp-content\/uploads\/2026\/04\/Ontologia-trinitaria-Las-Matas.jpg\",\"keywords\":[\"Ciencia, humanidades y pensamiento\"],\"articleSection\":[\"Uncategorized\"],\"inLanguage\":\"ca\",\"potentialAction\":[{\"@type\":\"CommentAction\",\"name\":\"Comment\",\"target\":[\"https:\/\/focolares.es\/cuando-la-teologia-se-hace-vida-y-cultura\/#respond\"]}]},{\"@type\":\"WebPage\",\"@id\":\"https:\/\/focolares.es\/cuando-la-teologia-se-hace-vida-y-cultura\/\",\"url\":\"https:\/\/focolares.es\/cuando-la-teologia-se-hace-vida-y-cultura\/\",\"name\":\"Cuando la teolog\u00eda se hace vida y cultura - Movimiento de los Focolares\",\"isPartOf\":{\"@id\":\"https:\/\/focolares.es\/#website\"},\"primaryImageOfPage\":{\"@id\":\"https:\/\/focolares.es\/cuando-la-teologia-se-hace-vida-y-cultura\/#primaryimage\"},\"image\":{\"@id\":\"https:\/\/focolares.es\/cuando-la-teologia-se-hace-vida-y-cultura\/#primaryimage\"},\"thumbnailUrl\":\"https:\/\/focolares.es\/wp-content\/uploads\/2026\/04\/Ontologia-trinitaria-Las-Matas.jpg\",\"datePublished\":\"2026-04-27T16:09:05+00:00\",\"dateModified\":\"2026-04-27T16:09:07+00:00\",\"description\":\"La Ontolog\u00eda Trinitaria contribuye a dar respuesta a retos contempor\u00e1neos como la fragmentaci\u00f3n social, la crisis de sentido o el di\u00e1logo interreligioso.\",\"breadcrumb\":{\"@id\":\"https:\/\/focolares.es\/cuando-la-teologia-se-hace-vida-y-cultura\/#breadcrumb\"},\"inLanguage\":\"ca\",\"potentialAction\":[{\"@type\":\"ReadAction\",\"target\":[\"https:\/\/focolares.es\/cuando-la-teologia-se-hace-vida-y-cultura\/\"]}]},{\"@type\":\"ImageObject\",\"inLanguage\":\"ca\",\"@id\":\"https:\/\/focolares.es\/cuando-la-teologia-se-hace-vida-y-cultura\/#primaryimage\",\"url\":\"https:\/\/focolares.es\/wp-content\/uploads\/2026\/04\/Ontologia-trinitaria-Las-Matas.jpg\",\"contentUrl\":\"https:\/\/focolares.es\/wp-content\/uploads\/2026\/04\/Ontologia-trinitaria-Las-Matas.jpg\",\"width\":900,\"height\":506},{\"@type\":\"BreadcrumbList\",\"@id\":\"https:\/\/focolares.es\/cuando-la-teologia-se-hace-vida-y-cultura\/#breadcrumb\",\"itemListElement\":[{\"@type\":\"ListItem\",\"position\":1,\"name\":\"Portada\",\"item\":\"https:\/\/focolares.es\/\"},{\"@type\":\"ListItem\",\"position\":2,\"name\":\"Cuando la teolog\u00eda se hace vida y cultura\"}]},{\"@type\":\"WebSite\",\"@id\":\"https:\/\/focolares.es\/#website\",\"url\":\"https:\/\/focolares.es\/\",\"name\":\"Movimiento de los Focolares\",\"description\":\"\",\"publisher\":{\"@id\":\"https:\/\/focolares.es\/#organization\"},\"potentialAction\":[{\"@type\":\"SearchAction\",\"target\":{\"@type\":\"EntryPoint\",\"urlTemplate\":\"https:\/\/focolares.es\/?s={search_term_string}\"},\"query-input\":{\"@type\":\"PropertyValueSpecification\",\"valueRequired\":true,\"valueName\":\"search_term_string\"}}],\"inLanguage\":\"ca\"},{\"@type\":\"Organization\",\"@id\":\"https:\/\/focolares.es\/#organization\",\"name\":\"Movimiento de los Focolares\",\"url\":\"https:\/\/focolares.es\/\",\"logo\":{\"@type\":\"ImageObject\",\"inLanguage\":\"ca\",\"@id\":\"https:\/\/focolares.es\/#\/schema\/logo\/image\/\",\"url\":\"https:\/\/focolares.es\/wp-content\/uploads\/2024\/03\/Logo_focolares-1024x944-1.jpg\",\"contentUrl\":\"https:\/\/focolares.es\/wp-content\/uploads\/2024\/03\/Logo_focolares-1024x944-1.jpg\",\"width\":1024,\"height\":944,\"caption\":\"Movimiento de los Focolares\"},\"image\":{\"@id\":\"https:\/\/focolares.es\/#\/schema\/logo\/image\/\"}},{\"@type\":\"Person\",\"@id\":\"https:\/\/focolares.es\/#\/schema\/person\/fdbf1cac3e3957f836bf607a31e7616d\",\"name\":\"admin\",\"image\":{\"@type\":\"ImageObject\",\"inLanguage\":\"ca\",\"@id\":\"https:\/\/focolares.es\/wp-content\/litespeed\/avatar\/ba00c276ce0fa7863cda4038d70907a8.jpg?ver=1777380135\",\"url\":\"https:\/\/focolares.es\/wp-content\/litespeed\/avatar\/ba00c276ce0fa7863cda4038d70907a8.jpg?ver=1777380135\",\"contentUrl\":\"https:\/\/focolares.es\/wp-content\/litespeed\/avatar\/ba00c276ce0fa7863cda4038d70907a8.jpg?ver=1777380135\",\"caption\":\"admin\"},\"sameAs\":[\"https:\/\/focolares.es\"],\"url\":\"https:\/\/focolares.es\/ca\/author\/afesersl_mcjhk9wv\/\"}]}<\/script>\n<!-- \/ Yoast SEO plugin. -->","yoast_head_json":{"title":"Quan la teologia es fa vida i cultura - Moviment dels Focolars","description":"L&#039;Ontologia Trinit\u00e0ria contribueix a donar resposta a reptes contemporanis com ara la fragmentaci\u00f3 social, la crisi de sentit o el di\u00e0leg interreligi\u00f3s.","robots":{"index":"index","follow":"follow","max-snippet":"max-snippet:-1","max-image-preview":"max-image-preview:large","max-video-preview":"max-video-preview:-1"},"canonical":"https:\/\/focolares.es\/ca\/quan-la-teologia-es-fa-vida-i-cultura\/","og_locale":"ca_ES","og_type":"article","og_title":"Cuando la teolog\u00eda se hace vida y cultura - Movimiento de los Focolares","og_description":"La Ontolog\u00eda Trinitaria contribuye a dar respuesta a retos contempor\u00e1neos como la fragmentaci\u00f3n social, la crisis de sentido o el di\u00e1logo interreligioso.","og_url":"https:\/\/focolares.es\/ca\/quan-la-teologia-es-fa-vida-i-cultura\/","og_site_name":"Movimiento de los Focolares","article_published_time":"2026-04-27T16:09:05+00:00","article_modified_time":"2026-04-27T16:09:07+00:00","og_image":[{"width":900,"height":506,"url":"https:\/\/focolares.es\/wp-content\/uploads\/2026\/04\/Ontologia-trinitaria-Las-Matas.jpg","type":"image\/jpeg"}],"author":"admin","twitter_card":"summary_large_image","twitter_misc":{"Escrit per":"admin","Temps estimat de lectura":"3 minuts"},"schema":{"@context":"https:\/\/schema.org","@graph":[{"@type":"Article","@id":"https:\/\/focolares.es\/cuando-la-teologia-se-hace-vida-y-cultura\/#article","isPartOf":{"@id":"https:\/\/focolares.es\/cuando-la-teologia-se-hace-vida-y-cultura\/"},"author":{"name":"admin","@id":"https:\/\/focolares.es\/#\/schema\/person\/fdbf1cac3e3957f836bf607a31e7616d"},"headline":"Cuando la teolog\u00eda se hace vida y cultura","datePublished":"2026-04-27T16:09:05+00:00","dateModified":"2026-04-27T16:09:07+00:00","mainEntityOfPage":{"@id":"https:\/\/focolares.es\/cuando-la-teologia-se-hace-vida-y-cultura\/"},"wordCount":413,"commentCount":0,"publisher":{"@id":"https:\/\/focolares.es\/#organization"},"image":{"@id":"https:\/\/focolares.es\/cuando-la-teologia-se-hace-vida-y-cultura\/#primaryimage"},"thumbnailUrl":"https:\/\/focolares.es\/wp-content\/uploads\/2026\/04\/Ontologia-trinitaria-Las-Matas.jpg","keywords":["Ciencia, humanidades y pensamiento"],"articleSection":["Uncategorized"],"inLanguage":"ca","potentialAction":[{"@type":"CommentAction","name":"Comment","target":["https:\/\/focolares.es\/cuando-la-teologia-se-hace-vida-y-cultura\/#respond"]}]},{"@type":"WebPage","@id":"https:\/\/focolares.es\/cuando-la-teologia-se-hace-vida-y-cultura\/","url":"https:\/\/focolares.es\/cuando-la-teologia-se-hace-vida-y-cultura\/","name":"Quan la teologia es fa vida i cultura - Moviment dels Focolars","isPartOf":{"@id":"https:\/\/focolares.es\/#website"},"primaryImageOfPage":{"@id":"https:\/\/focolares.es\/cuando-la-teologia-se-hace-vida-y-cultura\/#primaryimage"},"image":{"@id":"https:\/\/focolares.es\/cuando-la-teologia-se-hace-vida-y-cultura\/#primaryimage"},"thumbnailUrl":"https:\/\/focolares.es\/wp-content\/uploads\/2026\/04\/Ontologia-trinitaria-Las-Matas.jpg","datePublished":"2026-04-27T16:09:05+00:00","dateModified":"2026-04-27T16:09:07+00:00","description":"L&#039;Ontologia Trinit\u00e0ria contribueix a donar resposta a reptes contemporanis com ara la fragmentaci\u00f3 social, la crisi de sentit o el di\u00e0leg interreligi\u00f3s.","breadcrumb":{"@id":"https:\/\/focolares.es\/cuando-la-teologia-se-hace-vida-y-cultura\/#breadcrumb"},"inLanguage":"ca","potentialAction":[{"@type":"ReadAction","target":["https:\/\/focolares.es\/cuando-la-teologia-se-hace-vida-y-cultura\/"]}]},{"@type":"ImageObject","inLanguage":"ca","@id":"https:\/\/focolares.es\/cuando-la-teologia-se-hace-vida-y-cultura\/#primaryimage","url":"https:\/\/focolares.es\/wp-content\/uploads\/2026\/04\/Ontologia-trinitaria-Las-Matas.jpg","contentUrl":"https:\/\/focolares.es\/wp-content\/uploads\/2026\/04\/Ontologia-trinitaria-Las-Matas.jpg","width":900,"height":506},{"@type":"BreadcrumbList","@id":"https:\/\/focolares.es\/cuando-la-teologia-se-hace-vida-y-cultura\/#breadcrumb","itemListElement":[{"@type":"ListItem","position":1,"name":"Portada","item":"https:\/\/focolares.es\/"},{"@type":"ListItem","position":2,"name":"Cuando la teolog\u00eda se hace vida y cultura"}]},{"@type":"WebSite","@id":"https:\/\/focolares.es\/#website","url":"https:\/\/focolares.es\/","name":"Moviment dels Focolars","description":"","publisher":{"@id":"https:\/\/focolares.es\/#organization"},"potentialAction":[{"@type":"SearchAction","target":{"@type":"EntryPoint","urlTemplate":"https:\/\/focolares.es\/?s={search_term_string}"},"query-input":{"@type":"PropertyValueSpecification","valueRequired":true,"valueName":"search_term_string"}}],"inLanguage":"ca"},{"@type":"Organization","@id":"https:\/\/focolares.es\/#organization","name":"Moviment dels Focolars","url":"https:\/\/focolares.es\/","logo":{"@type":"ImageObject","inLanguage":"ca","@id":"https:\/\/focolares.es\/#\/schema\/logo\/image\/","url":"https:\/\/focolares.es\/wp-content\/uploads\/2024\/03\/Logo_focolares-1024x944-1.jpg","contentUrl":"https:\/\/focolares.es\/wp-content\/uploads\/2024\/03\/Logo_focolares-1024x944-1.jpg","width":1024,"height":944,"caption":"Movimiento de los Focolares"},"image":{"@id":"https:\/\/focolares.es\/#\/schema\/logo\/image\/"}},{"@type":"Person","@id":"https:\/\/focolares.es\/#\/schema\/person\/fdbf1cac3e3957f836bf607a31e7616d","name":"admin","image":{"@type":"ImageObject","inLanguage":"ca","@id":"https:\/\/focolares.es\/wp-content\/litespeed\/avatar\/ba00c276ce0fa7863cda4038d70907a8.jpg?ver=1777380135","url":"https:\/\/focolares.es\/wp-content\/litespeed\/avatar\/ba00c276ce0fa7863cda4038d70907a8.jpg?ver=1777380135","contentUrl":"https:\/\/focolares.es\/wp-content\/litespeed\/avatar\/ba00c276ce0fa7863cda4038d70907a8.jpg?ver=1777380135","caption":"admin"},"sameAs":["https:\/\/focolares.es"],"url":"https:\/\/focolares.es\/ca\/author\/afesersl_mcjhk9wv\/"}]}},"views":1,"_links":{"self":[{"href":"https:\/\/focolares.es\/ca\/wp-json\/wp\/v2\/posts\/19360","targetHints":{"allow":["GET"]}}],"collection":[{"href":"https:\/\/focolares.es\/ca\/wp-json\/wp\/v2\/posts"}],"about":[{"href":"https:\/\/focolares.es\/ca\/wp-json\/wp\/v2\/types\/post"}],"author":[{"embeddable":true,"href":"https:\/\/focolares.es\/ca\/wp-json\/wp\/v2\/users\/1"}],"replies":[{"embeddable":true,"href":"https:\/\/focolares.es\/ca\/wp-json\/wp\/v2\/comments?post=19360"}],"version-history":[{"count":8,"href":"https:\/\/focolares.es\/ca\/wp-json\/wp\/v2\/posts\/19360\/revisions"}],"predecessor-version":[{"id":19380,"href":"https:\/\/focolares.es\/ca\/wp-json\/wp\/v2\/posts\/19360\/revisions\/19380"}],"wp:featuredmedia":[{"embeddable":true,"href":"https:\/\/focolares.es\/ca\/wp-json\/wp\/v2\/media\/19379"}],"wp:attachment":[{"href":"https:\/\/focolares.es\/ca\/wp-json\/wp\/v2\/media?parent=19360"}],"wp:term":[{"taxonomy":"category","embeddable":true,"href":"https:\/\/focolares.es\/ca\/wp-json\/wp\/v2\/categories?post=19360"},{"taxonomy":"post_tag","embeddable":true,"href":"https:\/\/focolares.es\/ca\/wp-json\/wp\/v2\/tags?post=19360"}],"curies":[{"name":"wp","href":"https:\/\/api.w.org\/{rel}","templated":true}]}}