{"id":19384,"date":"2026-01-26T12:16:00","date_gmt":"2026-01-26T11:16:00","guid":{"rendered":"https:\/\/focolares.es\/?p=19384"},"modified":"2026-04-27T13:20:24","modified_gmt":"2026-04-27T11:20:24","slug":"setmana-oracio-cristians-2026","status":"publish","type":"post","link":"https:\/\/focolares.es\/ca\/semana-oracion-cristianos-2026\/","title":{"rendered":"Un sol cos, una sola esperan\u00e7a: cristians que caminen cap a la unitat"},"content":{"rendered":"<h4 class=\"wp-block-heading\"><em>Del 18 al 25 de gener, comunitats cristianes de tot Espanya s&#039;han unit a la Setmana d&#039;Oraci\u00f3 per la Unitat, compartint fe, trobada i un desig com\u00fa de fraternitat.<\/em><\/h4>\n\n\n\n<div style=\"height:24px\" aria-hidden=\"true\" class=\"wp-block-spacer\"><\/div>\n\n\n\n<p>\u00abUn sol \u00e9s el cos i un nom\u00e9s l&#039;Esperit, com una \u00e9s l&#039;esperan\u00e7a a qu\u00e8 heu estat cridats\u00bb.<\/p>\n\n\n\n<p>Aquest \u00e9s el lema escollit per a la Setmana d&#039;Oraci\u00f3 per la Unitat dels Cristians d&#039;aquest any 2026, que se celebra anualment del 18 al 25 de gener. En un m\u00f3n on coexisteixen diverses tradicions i expressions de fe, tantes vegades en divisi\u00f3, aquest lema (Efesis 4,4) ens recorda que tots els creients formen part de l&#039;\u00ab\u00fanic cos\u00bb de Crist.<\/p>\n\n\n\n<p>Per a aquest any, les oracions i reflexions han estat preparades pels fidels de l&#039;Esgl\u00e9sia Apost\u00f2lica Arm\u00e8nia, juntament amb els germans i germanes de les Esgl\u00e9sies arm\u00e8nia cat\u00f2lica i evang\u00e8lica. L&#039;Esgl\u00e9sia Apost\u00f2lica Arm\u00e8nia \u00e9s considerada com una de les comunitats cristianes m\u00e9s antigues del m\u00f3n. Avui dia s&#039;erigeix com un far de fe, d&#039;unitat i resili\u00e8ncia per als armenis de tot el m\u00f3n, i continua aportant una perspectiva que ressona a la comunitat cristiana mundial.<\/p>\n\n\n\n<p>Els recursos proposats es basen en tradicions centen\u00e0ries de preg\u00e0ria i peticions utilitzades pel poble armeni, juntament amb himnes que es van originar als antics monestirs i esgl\u00e9sies d&#039;Arm\u00e8nia, alguns dels quals es remunten al segle IV. Aquesta setmana convida a rec\u00f3rrer a aquesta her\u00e8ncia cristiana comuna ia aprofundir en la nostra comuni\u00f3 en Crist.<\/p>\n\n\n\n<p>Com en anys anteriors, diverses comunitats del Moviment dels Focolars ens hem unit i hem promogut aquestes celebracions ecum\u00e8niques: Saragossa, Valladolid, Sant Sebasti\u00e0, Madrid, Conca, C\u00e0ceres, Badajoz, Granada, Ja\u00e9n, Cartagena i Cadis, entre d&#039;altres. Celebracions de tota mena: algunes de solemnes en catedrals, d&#039;altres m\u00e9s senzilles a l&#039;associaci\u00f3 de ve\u00efns d&#039;un barri de Ja\u00e9n, per\u00f2 totes amb el mateix desig de construir la unitat amb paci\u00e8ncia, humilitat i confian\u00e7a en el temps de D\u00e9u.<\/p>\n\n\n\n<p>Una unitat que, com deia l&#039;arquebisbe de Madrid, \u201cneix del cor de cadascun i de cadascuna de les nostres comunitats quan fem el comprom\u00eds d&#039;acceptar la fragilitat pr\u00f2pia i la de l&#039;altre, de renunciar a l&#039;autosufici\u00e8ncia espiritual i deixar a D\u00e9u actuar\u201d.<\/p>\n\n\n\n<p>A totes les trobades amb les diverses Esgl\u00e9sies \u2014ortodoxa, evang\u00e8lica, reformada i anglicana\u2014 hem experimentat l&#039;alegria de la trobada i estr\u00e8nyer lla\u00e7os de fraternitat. Tamb\u00e9 hem renovat junts el desig de respondre aquesta crida a la unitat com una cosa concreta i quotidiana. Vivint en unitat, testimoniem l&#039;amor de D\u00e9u i aprenem a recon\u00e8ixer-nos en la riquesa dels nostres dons, caminant com a germans i germanes al servei d&#039;un m\u00f3n m\u00e9s unit.<\/p>","protected":false},"excerpt":{"rendered":"<p>Comunitats de tot Espanya s&#039;han unit a la Setmana de Preg\u00e0ria per la Unitat dels Cristians 2026, vivint trobades senzilles i profundes que enforteixen la fraternitat entre Esgl\u00e9sies.<\/p>","protected":false},"author":1,"featured_media":19387,"comment_status":"open","ping_status":"closed","sticky":false,"template":"","format":"standard","meta":{"_price":"","_stock":"","_tribe_ticket_header":"","_tribe_default_ticket_provider":"","_tribe_ticket_capacity":"0","_ticket_start_date":"","_ticket_end_date":"","_tribe_ticket_show_description":"","_tribe_ticket_show_not_going":false,"_tribe_ticket_use_global_stock":"","_tribe_ticket_global_stock_level":"","_global_stock_mode":"","_global_stock_cap":"","_tribe_rsvp_for_event":"","_tribe_ticket_going_count":"","_tribe_ticket_not_going_count":"","_tribe_tickets_list":"[]","_tribe_ticket_has_attendee_info_fields":false,"footnotes":""},"categories":[1],"tags":[],"class_list":["post-19384","post","type-post","status-publish","format-standard","has-post-thumbnail","hentry","category-uncategorized"],"yoast_head":"<!-- This site is optimized with the Yoast SEO plugin v27.2 - https:\/\/yoast.com\/product\/yoast-seo-wordpress\/ -->\n<title>Semana de Oraci\u00f3n por la Unidad de los Cristianos - Movimiento de los Focolares<\/title>\n<meta name=\"description\" content=\"La Semana de Oraci\u00f3n por la Unidad de los Cristianos 2026 re\u00fane a comunidades de toda Espa\u00f1a en un camino de encuentro, fe compartida y fraternidad.\" \/>\n<meta name=\"robots\" content=\"index, follow, max-snippet:-1, max-image-preview:large, max-video-preview:-1\" \/>\n<link rel=\"canonical\" href=\"https:\/\/focolares.es\/ca\/setmana-oracio-cristians-2026\/\" \/>\n<meta property=\"og:locale\" content=\"ca_ES\" \/>\n<meta property=\"og:type\" content=\"article\" \/>\n<meta property=\"og:title\" content=\"Semana de Oraci\u00f3n por la Unidad de los Cristianos - Movimiento de los Focolares\" \/>\n<meta property=\"og:description\" content=\"La Semana de Oraci\u00f3n por la Unidad de los Cristianos 2026 re\u00fane a comunidades de toda Espa\u00f1a en un camino de encuentro, fe compartida y fraternidad.\" \/>\n<meta property=\"og:url\" content=\"https:\/\/focolares.es\/ca\/setmana-oracio-cristians-2026\/\" \/>\n<meta property=\"og:site_name\" content=\"Movimiento de los Focolares\" \/>\n<meta property=\"article:published_time\" content=\"2026-01-26T11:16:00+00:00\" \/>\n<meta property=\"article:modified_time\" content=\"2026-04-27T11:20:24+00:00\" \/>\n<meta property=\"og:image\" content=\"https:\/\/focolares.es\/wp-content\/uploads\/2026\/01\/Semana-oracion-cristianos-2026-2.jpg\" \/>\n\t<meta property=\"og:image:width\" content=\"900\" \/>\n\t<meta property=\"og:image:height\" content=\"545\" \/>\n\t<meta property=\"og:image:type\" content=\"image\/jpeg\" \/>\n<meta name=\"author\" content=\"admin\" \/>\n<meta name=\"twitter:card\" content=\"summary_large_image\" \/>\n<meta name=\"twitter:label1\" content=\"Escrit per\" \/>\n\t<meta name=\"twitter:data1\" content=\"admin\" \/>\n\t<meta name=\"twitter:label2\" content=\"Temps estimat de lectura\" \/>\n\t<meta name=\"twitter:data2\" content=\"3 minuts\" \/>\n<script type=\"application\/ld+json\" class=\"yoast-schema-graph\">{\"@context\":\"https:\/\/schema.org\",\"@graph\":[{\"@type\":\"Article\",\"@id\":\"https:\/\/focolares.es\/semana-oracion-cristianos-2026\/#article\",\"isPartOf\":{\"@id\":\"https:\/\/focolares.es\/semana-oracion-cristianos-2026\/\"},\"author\":{\"name\":\"admin\",\"@id\":\"https:\/\/focolares.es\/#\/schema\/person\/fdbf1cac3e3957f836bf607a31e7616d\"},\"headline\":\"Un solo cuerpo, una sola esperanza: cristianos que caminan hacia la unidad\",\"datePublished\":\"2026-01-26T11:16:00+00:00\",\"dateModified\":\"2026-04-27T11:20:24+00:00\",\"mainEntityOfPage\":{\"@id\":\"https:\/\/focolares.es\/semana-oracion-cristianos-2026\/\"},\"wordCount\":490,\"commentCount\":0,\"publisher\":{\"@id\":\"https:\/\/focolares.es\/#organization\"},\"image\":{\"@id\":\"https:\/\/focolares.es\/semana-oracion-cristianos-2026\/#primaryimage\"},\"thumbnailUrl\":\"https:\/\/focolares.es\/wp-content\/uploads\/2026\/01\/Semana-oracion-cristianos-2026-2.jpg\",\"articleSection\":[\"Uncategorized\"],\"inLanguage\":\"ca\",\"potentialAction\":[{\"@type\":\"CommentAction\",\"name\":\"Comment\",\"target\":[\"https:\/\/focolares.es\/semana-oracion-cristianos-2026\/#respond\"]}]},{\"@type\":\"WebPage\",\"@id\":\"https:\/\/focolares.es\/semana-oracion-cristianos-2026\/\",\"url\":\"https:\/\/focolares.es\/semana-oracion-cristianos-2026\/\",\"name\":\"Semana de Oraci\u00f3n por la Unidad de los Cristianos - Movimiento de los Focolares\",\"isPartOf\":{\"@id\":\"https:\/\/focolares.es\/#website\"},\"primaryImageOfPage\":{\"@id\":\"https:\/\/focolares.es\/semana-oracion-cristianos-2026\/#primaryimage\"},\"image\":{\"@id\":\"https:\/\/focolares.es\/semana-oracion-cristianos-2026\/#primaryimage\"},\"thumbnailUrl\":\"https:\/\/focolares.es\/wp-content\/uploads\/2026\/01\/Semana-oracion-cristianos-2026-2.jpg\",\"datePublished\":\"2026-01-26T11:16:00+00:00\",\"dateModified\":\"2026-04-27T11:20:24+00:00\",\"description\":\"La Semana de Oraci\u00f3n por la Unidad de los Cristianos 2026 re\u00fane a comunidades de toda Espa\u00f1a en un camino de encuentro, fe compartida y fraternidad.\",\"breadcrumb\":{\"@id\":\"https:\/\/focolares.es\/semana-oracion-cristianos-2026\/#breadcrumb\"},\"inLanguage\":\"ca\",\"potentialAction\":[{\"@type\":\"ReadAction\",\"target\":[\"https:\/\/focolares.es\/semana-oracion-cristianos-2026\/\"]}]},{\"@type\":\"ImageObject\",\"inLanguage\":\"ca\",\"@id\":\"https:\/\/focolares.es\/semana-oracion-cristianos-2026\/#primaryimage\",\"url\":\"https:\/\/focolares.es\/wp-content\/uploads\/2026\/01\/Semana-oracion-cristianos-2026-2.jpg\",\"contentUrl\":\"https:\/\/focolares.es\/wp-content\/uploads\/2026\/01\/Semana-oracion-cristianos-2026-2.jpg\",\"width\":900,\"height\":545},{\"@type\":\"BreadcrumbList\",\"@id\":\"https:\/\/focolares.es\/semana-oracion-cristianos-2026\/#breadcrumb\",\"itemListElement\":[{\"@type\":\"ListItem\",\"position\":1,\"name\":\"Portada\",\"item\":\"https:\/\/focolares.es\/\"},{\"@type\":\"ListItem\",\"position\":2,\"name\":\"Un solo cuerpo, una sola esperanza: cristianos que caminan hacia la unidad\"}]},{\"@type\":\"WebSite\",\"@id\":\"https:\/\/focolares.es\/#website\",\"url\":\"https:\/\/focolares.es\/\",\"name\":\"Movimiento de los Focolares\",\"description\":\"\",\"publisher\":{\"@id\":\"https:\/\/focolares.es\/#organization\"},\"potentialAction\":[{\"@type\":\"SearchAction\",\"target\":{\"@type\":\"EntryPoint\",\"urlTemplate\":\"https:\/\/focolares.es\/?s={search_term_string}\"},\"query-input\":{\"@type\":\"PropertyValueSpecification\",\"valueRequired\":true,\"valueName\":\"search_term_string\"}}],\"inLanguage\":\"ca\"},{\"@type\":\"Organization\",\"@id\":\"https:\/\/focolares.es\/#organization\",\"name\":\"Movimiento de los Focolares\",\"url\":\"https:\/\/focolares.es\/\",\"logo\":{\"@type\":\"ImageObject\",\"inLanguage\":\"ca\",\"@id\":\"https:\/\/focolares.es\/#\/schema\/logo\/image\/\",\"url\":\"https:\/\/focolares.es\/wp-content\/uploads\/2024\/03\/Logo_focolares-1024x944-1.jpg\",\"contentUrl\":\"https:\/\/focolares.es\/wp-content\/uploads\/2024\/03\/Logo_focolares-1024x944-1.jpg\",\"width\":1024,\"height\":944,\"caption\":\"Movimiento de los Focolares\"},\"image\":{\"@id\":\"https:\/\/focolares.es\/#\/schema\/logo\/image\/\"}},{\"@type\":\"Person\",\"@id\":\"https:\/\/focolares.es\/#\/schema\/person\/fdbf1cac3e3957f836bf607a31e7616d\",\"name\":\"admin\",\"image\":{\"@type\":\"ImageObject\",\"inLanguage\":\"ca\",\"@id\":\"https:\/\/focolares.es\/wp-content\/litespeed\/avatar\/ba00c276ce0fa7863cda4038d70907a8.jpg?ver=1777380135\",\"url\":\"https:\/\/focolares.es\/wp-content\/litespeed\/avatar\/ba00c276ce0fa7863cda4038d70907a8.jpg?ver=1777380135\",\"contentUrl\":\"https:\/\/focolares.es\/wp-content\/litespeed\/avatar\/ba00c276ce0fa7863cda4038d70907a8.jpg?ver=1777380135\",\"caption\":\"admin\"},\"sameAs\":[\"https:\/\/focolares.es\"],\"url\":\"https:\/\/focolares.es\/ca\/author\/afesersl_mcjhk9wv\/\"}]}<\/script>\n<!-- \/ Yoast SEO plugin. -->","yoast_head_json":{"title":"Setmana d&#039;Oraci\u00f3 per la Unitat dels Cristians - Moviment dels Focolars","description":"La Setmana de Preg\u00e0ria per la Unitat dels Cristians 2026 reuneix comunitats de tot Espanya en un cam\u00ed de trobada, fe compartida i fraternitat.","robots":{"index":"index","follow":"follow","max-snippet":"max-snippet:-1","max-image-preview":"max-image-preview:large","max-video-preview":"max-video-preview:-1"},"canonical":"https:\/\/focolares.es\/ca\/setmana-oracio-cristians-2026\/","og_locale":"ca_ES","og_type":"article","og_title":"Semana de Oraci\u00f3n por la Unidad de los Cristianos - Movimiento de los Focolares","og_description":"La Semana de Oraci\u00f3n por la Unidad de los Cristianos 2026 re\u00fane a comunidades de toda Espa\u00f1a en un camino de encuentro, fe compartida y fraternidad.","og_url":"https:\/\/focolares.es\/ca\/setmana-oracio-cristians-2026\/","og_site_name":"Movimiento de los Focolares","article_published_time":"2026-01-26T11:16:00+00:00","article_modified_time":"2026-04-27T11:20:24+00:00","og_image":[{"width":900,"height":545,"url":"https:\/\/focolares.es\/wp-content\/uploads\/2026\/01\/Semana-oracion-cristianos-2026-2.jpg","type":"image\/jpeg"}],"author":"admin","twitter_card":"summary_large_image","twitter_misc":{"Escrit per":"admin","Temps estimat de lectura":"3 minuts"},"schema":{"@context":"https:\/\/schema.org","@graph":[{"@type":"Article","@id":"https:\/\/focolares.es\/semana-oracion-cristianos-2026\/#article","isPartOf":{"@id":"https:\/\/focolares.es\/semana-oracion-cristianos-2026\/"},"author":{"name":"admin","@id":"https:\/\/focolares.es\/#\/schema\/person\/fdbf1cac3e3957f836bf607a31e7616d"},"headline":"Un solo cuerpo, una sola esperanza: cristianos que caminan hacia la unidad","datePublished":"2026-01-26T11:16:00+00:00","dateModified":"2026-04-27T11:20:24+00:00","mainEntityOfPage":{"@id":"https:\/\/focolares.es\/semana-oracion-cristianos-2026\/"},"wordCount":490,"commentCount":0,"publisher":{"@id":"https:\/\/focolares.es\/#organization"},"image":{"@id":"https:\/\/focolares.es\/semana-oracion-cristianos-2026\/#primaryimage"},"thumbnailUrl":"https:\/\/focolares.es\/wp-content\/uploads\/2026\/01\/Semana-oracion-cristianos-2026-2.jpg","articleSection":["Uncategorized"],"inLanguage":"ca","potentialAction":[{"@type":"CommentAction","name":"Comment","target":["https:\/\/focolares.es\/semana-oracion-cristianos-2026\/#respond"]}]},{"@type":"WebPage","@id":"https:\/\/focolares.es\/semana-oracion-cristianos-2026\/","url":"https:\/\/focolares.es\/semana-oracion-cristianos-2026\/","name":"Setmana d&#039;Oraci\u00f3 per la Unitat dels Cristians - Moviment dels Focolars","isPartOf":{"@id":"https:\/\/focolares.es\/#website"},"primaryImageOfPage":{"@id":"https:\/\/focolares.es\/semana-oracion-cristianos-2026\/#primaryimage"},"image":{"@id":"https:\/\/focolares.es\/semana-oracion-cristianos-2026\/#primaryimage"},"thumbnailUrl":"https:\/\/focolares.es\/wp-content\/uploads\/2026\/01\/Semana-oracion-cristianos-2026-2.jpg","datePublished":"2026-01-26T11:16:00+00:00","dateModified":"2026-04-27T11:20:24+00:00","description":"La Setmana de Preg\u00e0ria per la Unitat dels Cristians 2026 reuneix comunitats de tot Espanya en un cam\u00ed de trobada, fe compartida i fraternitat.","breadcrumb":{"@id":"https:\/\/focolares.es\/semana-oracion-cristianos-2026\/#breadcrumb"},"inLanguage":"ca","potentialAction":[{"@type":"ReadAction","target":["https:\/\/focolares.es\/semana-oracion-cristianos-2026\/"]}]},{"@type":"ImageObject","inLanguage":"ca","@id":"https:\/\/focolares.es\/semana-oracion-cristianos-2026\/#primaryimage","url":"https:\/\/focolares.es\/wp-content\/uploads\/2026\/01\/Semana-oracion-cristianos-2026-2.jpg","contentUrl":"https:\/\/focolares.es\/wp-content\/uploads\/2026\/01\/Semana-oracion-cristianos-2026-2.jpg","width":900,"height":545},{"@type":"BreadcrumbList","@id":"https:\/\/focolares.es\/semana-oracion-cristianos-2026\/#breadcrumb","itemListElement":[{"@type":"ListItem","position":1,"name":"Portada","item":"https:\/\/focolares.es\/"},{"@type":"ListItem","position":2,"name":"Un solo cuerpo, una sola esperanza: cristianos que caminan hacia la unidad"}]},{"@type":"WebSite","@id":"https:\/\/focolares.es\/#website","url":"https:\/\/focolares.es\/","name":"Moviment dels Focolars","description":"","publisher":{"@id":"https:\/\/focolares.es\/#organization"},"potentialAction":[{"@type":"SearchAction","target":{"@type":"EntryPoint","urlTemplate":"https:\/\/focolares.es\/?s={search_term_string}"},"query-input":{"@type":"PropertyValueSpecification","valueRequired":true,"valueName":"search_term_string"}}],"inLanguage":"ca"},{"@type":"Organization","@id":"https:\/\/focolares.es\/#organization","name":"Moviment dels Focolars","url":"https:\/\/focolares.es\/","logo":{"@type":"ImageObject","inLanguage":"ca","@id":"https:\/\/focolares.es\/#\/schema\/logo\/image\/","url":"https:\/\/focolares.es\/wp-content\/uploads\/2024\/03\/Logo_focolares-1024x944-1.jpg","contentUrl":"https:\/\/focolares.es\/wp-content\/uploads\/2024\/03\/Logo_focolares-1024x944-1.jpg","width":1024,"height":944,"caption":"Movimiento de los Focolares"},"image":{"@id":"https:\/\/focolares.es\/#\/schema\/logo\/image\/"}},{"@type":"Person","@id":"https:\/\/focolares.es\/#\/schema\/person\/fdbf1cac3e3957f836bf607a31e7616d","name":"admin","image":{"@type":"ImageObject","inLanguage":"ca","@id":"https:\/\/focolares.es\/wp-content\/litespeed\/avatar\/ba00c276ce0fa7863cda4038d70907a8.jpg?ver=1777380135","url":"https:\/\/focolares.es\/wp-content\/litespeed\/avatar\/ba00c276ce0fa7863cda4038d70907a8.jpg?ver=1777380135","contentUrl":"https:\/\/focolares.es\/wp-content\/litespeed\/avatar\/ba00c276ce0fa7863cda4038d70907a8.jpg?ver=1777380135","caption":"admin"},"sameAs":["https:\/\/focolares.es"],"url":"https:\/\/focolares.es\/ca\/author\/afesersl_mcjhk9wv\/"}]}},"views":0,"_links":{"self":[{"href":"https:\/\/focolares.es\/ca\/wp-json\/wp\/v2\/posts\/19384","targetHints":{"allow":["GET"]}}],"collection":[{"href":"https:\/\/focolares.es\/ca\/wp-json\/wp\/v2\/posts"}],"about":[{"href":"https:\/\/focolares.es\/ca\/wp-json\/wp\/v2\/types\/post"}],"author":[{"embeddable":true,"href":"https:\/\/focolares.es\/ca\/wp-json\/wp\/v2\/users\/1"}],"replies":[{"embeddable":true,"href":"https:\/\/focolares.es\/ca\/wp-json\/wp\/v2\/comments?post=19384"}],"version-history":[{"count":3,"href":"https:\/\/focolares.es\/ca\/wp-json\/wp\/v2\/posts\/19384\/revisions"}],"predecessor-version":[{"id":19388,"href":"https:\/\/focolares.es\/ca\/wp-json\/wp\/v2\/posts\/19384\/revisions\/19388"}],"wp:featuredmedia":[{"embeddable":true,"href":"https:\/\/focolares.es\/ca\/wp-json\/wp\/v2\/media\/19387"}],"wp:attachment":[{"href":"https:\/\/focolares.es\/ca\/wp-json\/wp\/v2\/media?parent=19384"}],"wp:term":[{"taxonomy":"category","embeddable":true,"href":"https:\/\/focolares.es\/ca\/wp-json\/wp\/v2\/categories?post=19384"},{"taxonomy":"post_tag","embeddable":true,"href":"https:\/\/focolares.es\/ca\/wp-json\/wp\/v2\/tags?post=19384"}],"curies":[{"name":"wp","href":"https:\/\/api.w.org\/{rel}","templated":true}]}}