{"id":4512,"date":"2023-12-14T16:51:55","date_gmt":"2023-12-14T15:51:55","guid":{"rendered":"https:\/\/focolares.es\/?p=4512"},"modified":"2024-03-09T16:55:19","modified_gmt":"2024-03-09T15:55:19","slug":"la-pau-unica-possibilitat","status":"publish","type":"post","link":"https:\/\/focolares.es\/ca\/la-paz-unica-posibilidad\/","title":{"rendered":"La pau, \u00fanica possibilitat"},"content":{"rendered":"<h3 class=\"wp-block-heading\"><strong>Ni una guerra m\u00e9s al m\u00f3n, ni un fill m\u00e9s per a la guerra: a trav\u00e9s dels ulls de mares i pares, una sortida pol\u00edtica per a la pau.<\/strong><\/h3>\n\n\n\n<p>Davant l&#039;actual conflicte a Terra Santa, la ferocitat amb qu\u00e8 es va iniciar i se segueix desenvolupant i la fona ferida que infligeix a tots com a humanitat, el&nbsp;<em>Moviment Pol\u00edtic per la Unitat,&nbsp;<\/em>una xarxa internacional de pol\u00edtics, funcionaris, diplom\u00e0tics, estudiants i investigadors, militants de partits i de la societat civil de 22 pa\u00efsos dels 5 continents, compromesos amb la construcci\u00f3 d&#039;un m\u00f3n m\u00e9s fratern, just i igualitari,&nbsp;<strong>triem adoptar una \u00fanica posici\u00f3: la de la pau, la reconciliaci\u00f3 i la transformaci\u00f3 activa dels conflictes.<\/strong>&nbsp;Aportem la nostra contribuci\u00f3 amb la for\u00e7a d&#039;una&nbsp;<strong>experi\u00e8ncia permanent, en qu\u00e8 la pol\u00edtica est\u00e0 al servei de la unitat de la fam\u00edlia humana.<\/strong><\/p>\n\n\n\n<p>Estem conven\u00e7uts que&nbsp;<strong>la visi\u00f3 espiritual de la vida,&nbsp;<\/strong>que va m\u00e9s enll\u00e0 fins i tot dels enlla\u00e7os de pertinen\u00e7a religiosa,&nbsp;<strong>i les diversitats hist\u00f2riques i culturals,&nbsp;<\/strong>que les institucions pol\u00edtiques no poden negar,&nbsp;<strong>poden ser espais de trobada i reconeixement mutu.<\/strong>&nbsp;Les persones i els pobles tenim la mateixa dignitat:&nbsp;<strong>volem i podem viure junts,&nbsp;<\/strong>trobar junts solucions als nostres conflictes.<\/p>\n\n\n\n<p>Per aix\u00f2 fem un&nbsp;<strong>CRIDA<\/strong>,<strong>&nbsp;<\/strong>necess\u00e0riament&nbsp;<strong>extensiu a tots els conflictes<\/strong>&nbsp;actuals:<\/p>\n\n\n\n<ul class=\"wp-block-list\">\n<li><strong>Als governs i dirigents pol\u00edtics<\/strong>&nbsp;de tot el m\u00f3n per&nbsp;<strong>el cessament de l&#039;\u00fas de la for\u00e7a i la guerra<\/strong>&nbsp;com a eina pol\u00edtica.<\/li>\n\n\n\n<li><strong>A les organitzacions internacionals<\/strong>&nbsp;multilaterals a comprometre&#039;s al m\u00e0xim per aconseguir un&nbsp;<strong>alto el foc definitiu<\/strong>&nbsp;i obrir canals de mediaci\u00f3 que condueixin a&nbsp;<strong>negociacions de pau<\/strong>&nbsp;a tots els punts de guerra del m\u00f3n.<\/li>\n\n\n\n<li><strong>A tots els ciutadans&nbsp;<\/strong>de totes les comunitats<strong>&nbsp;a prendre<\/strong>&nbsp;<strong>consci\u00e8ncia<\/strong>&nbsp;de la nostra responsabilitat a la&nbsp;<strong>construcci\u00f3 quotidiana de&nbsp;<\/strong><strong>cultura compartida de trobada i conviv\u00e8ncia, d&#039;acollida i respecte rec\u00edproc.<\/strong><\/li>\n<\/ul>\n\n\n\n<p><strong>Per con\u00e8ixer m\u00e9s i adherir-se a la crida, consultar la p\u00e0gina web del&nbsp;<a href=\"http:\/\/www.mppu.org\/es\/llamamiento-la-paz-unica-posibilidad\/\">Moviment Pol\u00edtic Per la Unitat (MPPU)<\/a><\/strong><\/p>\n\n\n\n<p class=\"has-text-align-right\"><em>Resum del text del comunicat del 8 de novembre. Moviment Pol\u00edtic per la Unitat<\/em><\/p>","protected":false},"excerpt":{"rendered":"<p>Ni una guerra m\u00e9s al m\u00f3n, ni un fill m\u00e9s per a la guerra: a trav\u00e9s dels ulls de mares i pares, una sortida pol\u00edtica per a la pau. Davant l&#039;actual conflicte a Terra Santa, la ferocitat amb qu\u00e8 es va iniciar i se segueix desenvolupant i la fona ferida que infligeix a tots com a humanitat, el Moviment Pol\u00edtic per la Unitat, una xarxa internacional de pol\u00edtics, funcionaris, diplom\u00e0tics, estudiants i investigadors, militants de partits i de la societat civil de 22 pa\u00efsos dels m\u00e9s continents, igualitari, triem adoptar una \u00fanica posici\u00f3: la de la pau, la reconciliaci\u00f3 i la transformaci\u00f3 activa dels conflictes. Aportem la nostra contribuci\u00f3 amb la for\u00e7a d&#039;una experi\u00e8ncia permanent, en qu\u00e8 la pol\u00edtica \u00e9s al servei de la unitat de la fam\u00edlia humana. Estem conven\u00e7uts que la visi\u00f3 espiritual de la vida, que va m\u00e9s enll\u00e0 fins i tot dels vincles de pertinen\u00e7a religiosa, i les diversitats hist\u00f2riques i culturals, que les institucions pol\u00edtiques no poden negar, poden ser espais de trobada i de reconeixement mutu. Les persones i els pobles tenim la mateixa dignitat: volem i podem viure plegats, trobar junts solucions als nostres conflictes. Per aix\u00f2 fem una CRIDA, necess\u00e0riament extensiva a tots els conflictes actuals: Per con\u00e8ixer m\u00e9s i adherir-se a la crida, consultar la p\u00e0gina web del Moviment Pol\u00edtic Per la Unitat (MPPU) Resum del text del comunicat del 8 de novembre. Moviment Pol\u00edtic per la Unitat<\/p>","protected":false},"author":3,"featured_media":4513,"comment_status":"open","ping_status":"closed","sticky":false,"template":"","format":"standard","meta":{"_price":"","_stock":"","_tribe_ticket_header":"","_tribe_default_ticket_provider":"","_tribe_ticket_capacity":"0","_ticket_start_date":"","_ticket_end_date":"","_tribe_ticket_show_description":"","_tribe_ticket_show_not_going":false,"_tribe_ticket_use_global_stock":"","_tribe_ticket_global_stock_level":"","_global_stock_mode":"","_global_stock_cap":"","_tribe_rsvp_for_event":"","_tribe_ticket_going_count":"","_tribe_ticket_not_going_count":"","_tribe_tickets_list":"[]","_tribe_ticket_has_attendee_info_fields":false,"footnotes":""},"categories":[1],"tags":[],"class_list":["post-4512","post","type-post","status-publish","format-standard","has-post-thumbnail","hentry","category-uncategorized"],"yoast_head":"<!-- This site is optimized with the Yoast SEO plugin v27.2 - https:\/\/yoast.com\/product\/yoast-seo-wordpress\/ -->\n<title>La paz, \u00fanica posibilidad - Movimiento de los Focolares<\/title>\n<meta name=\"robots\" content=\"index, follow, max-snippet:-1, max-image-preview:large, max-video-preview:-1\" \/>\n<link rel=\"canonical\" href=\"https:\/\/focolares.es\/ca\/la-pau-unica-possibilitat\/\" \/>\n<meta property=\"og:locale\" content=\"ca_ES\" \/>\n<meta property=\"og:type\" content=\"article\" \/>\n<meta property=\"og:title\" content=\"La paz, \u00fanica posibilidad - Movimiento de los Focolares\" \/>\n<meta property=\"og:description\" content=\"Ni una guerra m\u00e1s en el mundo, ni un hijo m\u00e1s para la guerra:&nbsp;a trav\u00e9s de los ojos de madres y padres, una salida pol\u00edtica para la paz. Ante el actual conflicto en Tierra Santa, la ferocidad con que se inici\u00f3 y se sigue desarrollando y la honda herida que inflige a todos como humanidad, el&nbsp;Movimiento Pol\u00edtico por la Unidad,&nbsp;una red internacional de pol\u00edticos, funcionarios, diplom\u00e1ticos, estudiantes e investigadores, militantes de partidos y de la sociedad civil de 22 pa\u00edses de los 5 continentes, comprometidos con la construcci\u00f3n de un mundo m\u00e1s fraterno, justo e igualitario,&nbsp;elegimos adoptar una \u00fanica posici\u00f3n: la de la paz, la reconciliaci\u00f3n y la transformaci\u00f3n activa de los conflictos.&nbsp;Aportamos nuestra contribuci\u00f3n con la fuerza de una&nbsp;experiencia permanente, en la que la pol\u00edtica est\u00e1 al servicio de la unidad de la familia humana. Estamos convencidos que&nbsp;la visi\u00f3n espiritual de la vida,&nbsp;que va m\u00e1s all\u00e1 incluso de los v\u00ednculos de pertenencia religiosa,&nbsp;y las diversidades hist\u00f3ricas y culturales,&nbsp;que las instituciones pol\u00edticas no pueden negar,&nbsp;pueden ser espacios de encuentro y reconocimiento mutuo.&nbsp;Las personas y los pueblos tenemos la misma dignidad:&nbsp;queremos y podemos vivir juntos,&nbsp;encontrar juntos soluciones a nuestros conflictos. Por eso hacemos un&nbsp;LLAMAMIENTO,&nbsp;necesariamente&nbsp;extensivo a todos los conflictos&nbsp;actuales: Para conocer m\u00e1s y adherirse al llamamiento, consultar la p\u00e1gina web del&nbsp;Movimiento Pol\u00edtico Por la Unidad (MPPU) Resumen del texto del comunicado del 8 de noviembre. Movimiento Pol\u00edtico por la Unidad\" \/>\n<meta property=\"og:url\" content=\"https:\/\/focolares.es\/ca\/la-pau-unica-possibilitat\/\" \/>\n<meta property=\"og:site_name\" content=\"Movimiento de los Focolares\" \/>\n<meta property=\"article:published_time\" content=\"2023-12-14T15:51:55+00:00\" \/>\n<meta property=\"article:modified_time\" content=\"2024-03-09T15:55:19+00:00\" \/>\n<meta property=\"og:image\" content=\"https:\/\/focolares.es\/wp-content\/uploads\/2024\/03\/IMG-Llamamiento_MPPU.jpg\" \/>\n\t<meta property=\"og:image:width\" content=\"1024\" \/>\n\t<meta property=\"og:image:height\" content=\"682\" \/>\n\t<meta property=\"og:image:type\" content=\"image\/jpeg\" \/>\n<meta name=\"author\" content=\"Jordi Illa\" \/>\n<meta name=\"twitter:card\" content=\"summary_large_image\" \/>\n<meta name=\"twitter:label1\" content=\"Escrit per\" \/>\n\t<meta name=\"twitter:data1\" content=\"Jordi Illa\" \/>\n\t<meta name=\"twitter:label2\" content=\"Temps estimat de lectura\" \/>\n\t<meta name=\"twitter:data2\" content=\"2 minuts\" \/>\n<script type=\"application\/ld+json\" class=\"yoast-schema-graph\">{\"@context\":\"https:\/\/schema.org\",\"@graph\":[{\"@type\":\"Article\",\"@id\":\"https:\/\/focolares.es\/la-paz-unica-posibilidad\/#article\",\"isPartOf\":{\"@id\":\"https:\/\/focolares.es\/la-paz-unica-posibilidad\/\"},\"author\":{\"name\":\"Jordi Illa\",\"@id\":\"https:\/\/focolares.es\/#\/schema\/person\/126bed8dcef374cce0a19e99bfdc4fcd\"},\"headline\":\"La paz, \u00fanica posibilidad\",\"datePublished\":\"2023-12-14T15:51:55+00:00\",\"dateModified\":\"2024-03-09T15:55:19+00:00\",\"mainEntityOfPage\":{\"@id\":\"https:\/\/focolares.es\/la-paz-unica-posibilidad\/\"},\"wordCount\":403,\"commentCount\":0,\"publisher\":{\"@id\":\"https:\/\/focolares.es\/#organization\"},\"image\":{\"@id\":\"https:\/\/focolares.es\/la-paz-unica-posibilidad\/#primaryimage\"},\"thumbnailUrl\":\"https:\/\/focolares.es\/wp-content\/uploads\/2024\/03\/IMG-Llamamiento_MPPU.jpg\",\"articleSection\":[\"Uncategorized\"],\"inLanguage\":\"ca\",\"potentialAction\":[{\"@type\":\"CommentAction\",\"name\":\"Comment\",\"target\":[\"https:\/\/focolares.es\/la-paz-unica-posibilidad\/#respond\"]}]},{\"@type\":\"WebPage\",\"@id\":\"https:\/\/focolares.es\/la-paz-unica-posibilidad\/\",\"url\":\"https:\/\/focolares.es\/la-paz-unica-posibilidad\/\",\"name\":\"La paz, \u00fanica posibilidad - Movimiento de los Focolares\",\"isPartOf\":{\"@id\":\"https:\/\/focolares.es\/#website\"},\"primaryImageOfPage\":{\"@id\":\"https:\/\/focolares.es\/la-paz-unica-posibilidad\/#primaryimage\"},\"image\":{\"@id\":\"https:\/\/focolares.es\/la-paz-unica-posibilidad\/#primaryimage\"},\"thumbnailUrl\":\"https:\/\/focolares.es\/wp-content\/uploads\/2024\/03\/IMG-Llamamiento_MPPU.jpg\",\"datePublished\":\"2023-12-14T15:51:55+00:00\",\"dateModified\":\"2024-03-09T15:55:19+00:00\",\"breadcrumb\":{\"@id\":\"https:\/\/focolares.es\/la-paz-unica-posibilidad\/#breadcrumb\"},\"inLanguage\":\"ca\",\"potentialAction\":[{\"@type\":\"ReadAction\",\"target\":[\"https:\/\/focolares.es\/la-paz-unica-posibilidad\/\"]}]},{\"@type\":\"ImageObject\",\"inLanguage\":\"ca\",\"@id\":\"https:\/\/focolares.es\/la-paz-unica-posibilidad\/#primaryimage\",\"url\":\"https:\/\/focolares.es\/wp-content\/uploads\/2024\/03\/IMG-Llamamiento_MPPU.jpg\",\"contentUrl\":\"https:\/\/focolares.es\/wp-content\/uploads\/2024\/03\/IMG-Llamamiento_MPPU.jpg\",\"width\":1024,\"height\":682,\"caption\":\"FILE - Fire and smoke rise following an Israeli airstrike in Gaza City, Sunday, Oct. 8, 2023. (AP Photo\/Fatima Shbair, File)\"},{\"@type\":\"BreadcrumbList\",\"@id\":\"https:\/\/focolares.es\/la-paz-unica-posibilidad\/#breadcrumb\",\"itemListElement\":[{\"@type\":\"ListItem\",\"position\":1,\"name\":\"Portada\",\"item\":\"https:\/\/focolares.es\/\"},{\"@type\":\"ListItem\",\"position\":2,\"name\":\"La paz, \u00fanica posibilidad\"}]},{\"@type\":\"WebSite\",\"@id\":\"https:\/\/focolares.es\/#website\",\"url\":\"https:\/\/focolares.es\/\",\"name\":\"Movimiento de los Focolares\",\"description\":\"\",\"publisher\":{\"@id\":\"https:\/\/focolares.es\/#organization\"},\"potentialAction\":[{\"@type\":\"SearchAction\",\"target\":{\"@type\":\"EntryPoint\",\"urlTemplate\":\"https:\/\/focolares.es\/?s={search_term_string}\"},\"query-input\":{\"@type\":\"PropertyValueSpecification\",\"valueRequired\":true,\"valueName\":\"search_term_string\"}}],\"inLanguage\":\"ca\"},{\"@type\":\"Organization\",\"@id\":\"https:\/\/focolares.es\/#organization\",\"name\":\"Movimiento de los Focolares\",\"url\":\"https:\/\/focolares.es\/\",\"logo\":{\"@type\":\"ImageObject\",\"inLanguage\":\"ca\",\"@id\":\"https:\/\/focolares.es\/#\/schema\/logo\/image\/\",\"url\":\"https:\/\/focolares.es\/wp-content\/uploads\/2024\/03\/Logo_focolares-1024x944-1.jpg\",\"contentUrl\":\"https:\/\/focolares.es\/wp-content\/uploads\/2024\/03\/Logo_focolares-1024x944-1.jpg\",\"width\":1024,\"height\":944,\"caption\":\"Movimiento de los Focolares\"},\"image\":{\"@id\":\"https:\/\/focolares.es\/#\/schema\/logo\/image\/\"}},{\"@type\":\"Person\",\"@id\":\"https:\/\/focolares.es\/#\/schema\/person\/126bed8dcef374cce0a19e99bfdc4fcd\",\"name\":\"Jordi Illa\",\"image\":{\"@type\":\"ImageObject\",\"inLanguage\":\"ca\",\"@id\":\"https:\/\/focolares.es\/wp-content\/litespeed\/avatar\/e8decbc8631810d24ab614c6ffa68ee7.jpg?ver=1777387854\",\"url\":\"https:\/\/focolares.es\/wp-content\/litespeed\/avatar\/e8decbc8631810d24ab614c6ffa68ee7.jpg?ver=1777387854\",\"contentUrl\":\"https:\/\/focolares.es\/wp-content\/litespeed\/avatar\/e8decbc8631810d24ab614c6ffa68ee7.jpg?ver=1777387854\",\"caption\":\"Jordi Illa\"},\"url\":\"https:\/\/focolares.es\/ca\/author\/jordi\/\"}]}<\/script>\n<!-- \/ Yoast SEO plugin. -->","yoast_head_json":{"title":"La pau, \u00fanica possibilitat - Moviment dels Focolars","robots":{"index":"index","follow":"follow","max-snippet":"max-snippet:-1","max-image-preview":"max-image-preview:large","max-video-preview":"max-video-preview:-1"},"canonical":"https:\/\/focolares.es\/ca\/la-pau-unica-possibilitat\/","og_locale":"ca_ES","og_type":"article","og_title":"La paz, \u00fanica posibilidad - Movimiento de los Focolares","og_description":"Ni una guerra m\u00e1s en el mundo, ni un hijo m\u00e1s para la guerra:&nbsp;a trav\u00e9s de los ojos de madres y padres, una salida pol\u00edtica para la paz. Ante el actual conflicto en Tierra Santa, la ferocidad con que se inici\u00f3 y se sigue desarrollando y la honda herida que inflige a todos como humanidad, el&nbsp;Movimiento Pol\u00edtico por la Unidad,&nbsp;una red internacional de pol\u00edticos, funcionarios, diplom\u00e1ticos, estudiantes e investigadores, militantes de partidos y de la sociedad civil de 22 pa\u00edses de los 5 continentes, comprometidos con la construcci\u00f3n de un mundo m\u00e1s fraterno, justo e igualitario,&nbsp;elegimos adoptar una \u00fanica posici\u00f3n: la de la paz, la reconciliaci\u00f3n y la transformaci\u00f3n activa de los conflictos.&nbsp;Aportamos nuestra contribuci\u00f3n con la fuerza de una&nbsp;experiencia permanente, en la que la pol\u00edtica est\u00e1 al servicio de la unidad de la familia humana. Estamos convencidos que&nbsp;la visi\u00f3n espiritual de la vida,&nbsp;que va m\u00e1s all\u00e1 incluso de los v\u00ednculos de pertenencia religiosa,&nbsp;y las diversidades hist\u00f3ricas y culturales,&nbsp;que las instituciones pol\u00edticas no pueden negar,&nbsp;pueden ser espacios de encuentro y reconocimiento mutuo.&nbsp;Las personas y los pueblos tenemos la misma dignidad:&nbsp;queremos y podemos vivir juntos,&nbsp;encontrar juntos soluciones a nuestros conflictos. Por eso hacemos un&nbsp;LLAMAMIENTO,&nbsp;necesariamente&nbsp;extensivo a todos los conflictos&nbsp;actuales: Para conocer m\u00e1s y adherirse al llamamiento, consultar la p\u00e1gina web del&nbsp;Movimiento Pol\u00edtico Por la Unidad (MPPU) Resumen del texto del comunicado del 8 de noviembre. Movimiento Pol\u00edtico por la Unidad","og_url":"https:\/\/focolares.es\/ca\/la-pau-unica-possibilitat\/","og_site_name":"Movimiento de los Focolares","article_published_time":"2023-12-14T15:51:55+00:00","article_modified_time":"2024-03-09T15:55:19+00:00","og_image":[{"width":1024,"height":682,"url":"https:\/\/focolares.es\/wp-content\/uploads\/2024\/03\/IMG-Llamamiento_MPPU.jpg","type":"image\/jpeg"}],"author":"Jordi Illa","twitter_card":"summary_large_image","twitter_misc":{"Escrit per":"Jordi Illa","Temps estimat de lectura":"2 minuts"},"schema":{"@context":"https:\/\/schema.org","@graph":[{"@type":"Article","@id":"https:\/\/focolares.es\/la-paz-unica-posibilidad\/#article","isPartOf":{"@id":"https:\/\/focolares.es\/la-paz-unica-posibilidad\/"},"author":{"name":"Jordi Illa","@id":"https:\/\/focolares.es\/#\/schema\/person\/126bed8dcef374cce0a19e99bfdc4fcd"},"headline":"La paz, \u00fanica posibilidad","datePublished":"2023-12-14T15:51:55+00:00","dateModified":"2024-03-09T15:55:19+00:00","mainEntityOfPage":{"@id":"https:\/\/focolares.es\/la-paz-unica-posibilidad\/"},"wordCount":403,"commentCount":0,"publisher":{"@id":"https:\/\/focolares.es\/#organization"},"image":{"@id":"https:\/\/focolares.es\/la-paz-unica-posibilidad\/#primaryimage"},"thumbnailUrl":"https:\/\/focolares.es\/wp-content\/uploads\/2024\/03\/IMG-Llamamiento_MPPU.jpg","articleSection":["Uncategorized"],"inLanguage":"ca","potentialAction":[{"@type":"CommentAction","name":"Comment","target":["https:\/\/focolares.es\/la-paz-unica-posibilidad\/#respond"]}]},{"@type":"WebPage","@id":"https:\/\/focolares.es\/la-paz-unica-posibilidad\/","url":"https:\/\/focolares.es\/la-paz-unica-posibilidad\/","name":"La pau, \u00fanica possibilitat - Moviment dels Focolars","isPartOf":{"@id":"https:\/\/focolares.es\/#website"},"primaryImageOfPage":{"@id":"https:\/\/focolares.es\/la-paz-unica-posibilidad\/#primaryimage"},"image":{"@id":"https:\/\/focolares.es\/la-paz-unica-posibilidad\/#primaryimage"},"thumbnailUrl":"https:\/\/focolares.es\/wp-content\/uploads\/2024\/03\/IMG-Llamamiento_MPPU.jpg","datePublished":"2023-12-14T15:51:55+00:00","dateModified":"2024-03-09T15:55:19+00:00","breadcrumb":{"@id":"https:\/\/focolares.es\/la-paz-unica-posibilidad\/#breadcrumb"},"inLanguage":"ca","potentialAction":[{"@type":"ReadAction","target":["https:\/\/focolares.es\/la-paz-unica-posibilidad\/"]}]},{"@type":"ImageObject","inLanguage":"ca","@id":"https:\/\/focolares.es\/la-paz-unica-posibilidad\/#primaryimage","url":"https:\/\/focolares.es\/wp-content\/uploads\/2024\/03\/IMG-Llamamiento_MPPU.jpg","contentUrl":"https:\/\/focolares.es\/wp-content\/uploads\/2024\/03\/IMG-Llamamiento_MPPU.jpg","width":1024,"height":682,"caption":"FILE - Fire and smoke rise following an Israeli airstrike in Gaza City, Sunday, Oct. 8, 2023. (AP Photo\/Fatima Shbair, File)"},{"@type":"BreadcrumbList","@id":"https:\/\/focolares.es\/la-paz-unica-posibilidad\/#breadcrumb","itemListElement":[{"@type":"ListItem","position":1,"name":"Portada","item":"https:\/\/focolares.es\/"},{"@type":"ListItem","position":2,"name":"La paz, \u00fanica posibilidad"}]},{"@type":"WebSite","@id":"https:\/\/focolares.es\/#website","url":"https:\/\/focolares.es\/","name":"Moviment dels Focolars","description":"","publisher":{"@id":"https:\/\/focolares.es\/#organization"},"potentialAction":[{"@type":"SearchAction","target":{"@type":"EntryPoint","urlTemplate":"https:\/\/focolares.es\/?s={search_term_string}"},"query-input":{"@type":"PropertyValueSpecification","valueRequired":true,"valueName":"search_term_string"}}],"inLanguage":"ca"},{"@type":"Organization","@id":"https:\/\/focolares.es\/#organization","name":"Moviment dels Focolars","url":"https:\/\/focolares.es\/","logo":{"@type":"ImageObject","inLanguage":"ca","@id":"https:\/\/focolares.es\/#\/schema\/logo\/image\/","url":"https:\/\/focolares.es\/wp-content\/uploads\/2024\/03\/Logo_focolares-1024x944-1.jpg","contentUrl":"https:\/\/focolares.es\/wp-content\/uploads\/2024\/03\/Logo_focolares-1024x944-1.jpg","width":1024,"height":944,"caption":"Movimiento de los Focolares"},"image":{"@id":"https:\/\/focolares.es\/#\/schema\/logo\/image\/"}},{"@type":"Person","@id":"https:\/\/focolares.es\/#\/schema\/person\/126bed8dcef374cce0a19e99bfdc4fcd","name":"Jordi Illa","image":{"@type":"ImageObject","inLanguage":"ca","@id":"https:\/\/focolares.es\/wp-content\/litespeed\/avatar\/e8decbc8631810d24ab614c6ffa68ee7.jpg?ver=1777387854","url":"https:\/\/focolares.es\/wp-content\/litespeed\/avatar\/e8decbc8631810d24ab614c6ffa68ee7.jpg?ver=1777387854","contentUrl":"https:\/\/focolares.es\/wp-content\/litespeed\/avatar\/e8decbc8631810d24ab614c6ffa68ee7.jpg?ver=1777387854","caption":"Jordi Illa"},"url":"https:\/\/focolares.es\/ca\/author\/jordi\/"}]}},"views":13,"_links":{"self":[{"href":"https:\/\/focolares.es\/ca\/wp-json\/wp\/v2\/posts\/4512","targetHints":{"allow":["GET"]}}],"collection":[{"href":"https:\/\/focolares.es\/ca\/wp-json\/wp\/v2\/posts"}],"about":[{"href":"https:\/\/focolares.es\/ca\/wp-json\/wp\/v2\/types\/post"}],"author":[{"embeddable":true,"href":"https:\/\/focolares.es\/ca\/wp-json\/wp\/v2\/users\/3"}],"replies":[{"embeddable":true,"href":"https:\/\/focolares.es\/ca\/wp-json\/wp\/v2\/comments?post=4512"}],"version-history":[{"count":3,"href":"https:\/\/focolares.es\/ca\/wp-json\/wp\/v2\/posts\/4512\/revisions"}],"predecessor-version":[{"id":4516,"href":"https:\/\/focolares.es\/ca\/wp-json\/wp\/v2\/posts\/4512\/revisions\/4516"}],"wp:featuredmedia":[{"embeddable":true,"href":"https:\/\/focolares.es\/ca\/wp-json\/wp\/v2\/media\/4513"}],"wp:attachment":[{"href":"https:\/\/focolares.es\/ca\/wp-json\/wp\/v2\/media?parent=4512"}],"wp:term":[{"taxonomy":"category","embeddable":true,"href":"https:\/\/focolares.es\/ca\/wp-json\/wp\/v2\/categories?post=4512"},{"taxonomy":"post_tag","embeddable":true,"href":"https:\/\/focolares.es\/ca\/wp-json\/wp\/v2\/tags?post=4512"}],"curies":[{"name":"wp","href":"https:\/\/api.w.org\/{rel}","templated":true}]}}