{"id":4517,"date":"2023-12-14T16:55:57","date_gmt":"2023-12-14T15:55:57","guid":{"rendered":"https:\/\/focolares.es\/?p=4517"},"modified":"2024-03-09T16:59:47","modified_gmt":"2024-03-09T15:59:47","slug":"margaret-karram-entre-els-nous-membres-del-dicasteri","status":"publish","type":"post","link":"https:\/\/focolares.es\/ca\/margaret-karram-entre-los-nuevos-miembros-del-dicasterio\/","title":{"rendered":"Margaret Karram entre els nous Membres del Dicasteri"},"content":{"rendered":"<p>El Papa Francesc ha nomenat&nbsp;<em>ad quinquennium<\/em>&nbsp;a onze nous Membres del Dicasteri per als Laics, la Fam\u00edlia i la Vida i entre ells tamb\u00e9 la President de l&#039;Obra de Maria (Moviment dels Focolars), Margaret Karram.  Amb ella, altres aniran a representar i enriquir el rostre universal de l&#039;Esgl\u00e9sia, juntament amb les persones que ja s\u00f3n en aquest c\u00e0rrec. S\u00f3n homes i dones, c\u00e8libes i casats, compromesos en els diferents camps d&#039;activitats i provinents de les parts m\u00e9s variades del m\u00f3n &nbsp;<strong>Monsenyor Josep \u00c0ngel Saiz Meneses<\/strong>&nbsp;\u2013 Arquebisbe de Sevilla;&nbsp;<strong>Reverend Andrea D&#039;Auria, FSCB<\/strong>&nbsp;\u2013 Director del Centre Internacional de Comuni\u00f3 i Alliberament;&nbsp;<strong>Reverend Luis Felipe Navarro Marf\u00e1<\/strong>&nbsp;\u2013 Rector de la Pontif\u00edcia Universitat de la Santa Creu de Roma; els&nbsp;<strong>Senyors Beno\u00eet i V\u00e9ronique Rabourdin<\/strong>&nbsp;\u2013 Responsables internacionals de &nbsp;<em>Amour et Verit\u00e9<\/em>&nbsp;de la &nbsp;<em>Communaut\u00e9 de l&#039;Emmanuel;<\/em>&nbsp;els<em>&nbsp;<\/em>&nbsp;<strong>Senyors Joseph Teyu Chou i Clare Jiayann Yeh<\/strong>&nbsp;\u2013 respectivament docent al&nbsp;<em>Department of Public Finance<\/em>&nbsp;della&nbsp;<em>National Chengchi University<\/em>&nbsp;de Taipei (Taiwan) i Fundadora i Directora del&nbsp;<em>Marriage and Family Pastoral Center<\/em>&nbsp;de la Confer\u00e8ncia Episcopal Regional Xina; la&nbsp;<strong>Professora Ana Mar\u00eda Celis Brunet<\/strong>&nbsp;\u2013 President del&nbsp;<em>Consell Nacional per a la Prevenci\u00f3 d&#039;abusos i acompanyament de v\u00edctimes<\/em>&nbsp;de la Confer\u00e8ncia Episcopal de Xile; la&nbsp;<strong>Professora Maria Luisa Di Pietro<\/strong>&nbsp;\u2013 Directora del Centre de Recerca i Estudis sobre la Salut Procreativa de la Universitat Cat\u00f2lica del Sagrat Cor de Roma; la&nbsp;<strong>Professora Carmen Pe\u00f1a Garc\u00eda<\/strong>&nbsp;\u2013 docent de Dret Matrimonial a la Facultat de Dret Can\u00f2nic de la Universitat Pontif\u00edcia de Comillas, de Madrid.<\/p>\n\n\n\n<p>Els nous Membres, el nomenament dels quals ha estat publicat amb data del 25 de novembre de 2023 al&nbsp;<a href=\"https:\/\/press.vatican.va\/content\/salastampa\/it\/bollettino.html\" target=\"_blank\" rel=\"noreferrer noopener\"><strong>Butllet\u00ed de la Sala de Premsa de la Santa Seu<\/strong><\/a>, s&#039;afegeixen als que havien estat nomenats anteriorment ia tots els que encara estan al c\u00e0rrec, els noms actualitzats dels quals es poden consultar a la p\u00e0gina del Dicasteri per als Laics, la Fam\u00edlia i la Vida, al sector&nbsp;<a href=\"https:\/\/www.laityfamilylife.va\/content\/laityfamilylife\/it\/il-dicastero\/membri-e-consultori.html\" target=\"_blank\" rel=\"noreferrer noopener\"><strong>Membres i Consultors<\/strong><\/a>.<\/p>","protected":false},"excerpt":{"rendered":"<p>El Papa Francesc ha nomenat ad quinquennium onze nous Membres del Dicasteri per als Laics, la Fam\u00edlia i la Vida i entre ells tamb\u00e9 la President de l&#039;Obra de Maria (Moviment dels Focolars), Margaret Karram.  Amb ella, altres aniran a representar i enriquir el rostre universal de l&#039;Esgl\u00e9sia, juntament amb les persones que ja s\u00f3n en aquest c\u00e0rrec. S\u00f3n homes i dones, c\u00e8libes i casats, compromesos en els diferents camps d&#039;activitats i provinents de les m\u00e9s variades parts del m\u00f3n Monsenyor Josep \u00c0ngel Saiz Meneses \u2013 Arquebisbe de Sevilla; Reverend Andrea D&#039;Auria, FSCB \u2013 Director del Centre Internacional de Comuni\u00f3 i Alliberament; Reverend Luis Felipe Navarro Marf\u00e1 \u2013 Rector de la Pontif\u00edcia Universitat de la Santa Creu de Roma; els Senyors Beno\u00eet i V\u00e9ronique Rabourdin \u2013 Responsables internacionals d&#039;Amour et Verit\u00e9 de la Communaut\u00e9 de l&#039;Emmanuel; els Senyors Joseph Teyu Chou i Clare Jiayann Yeh \u2013 respectivament docent al Department of Public Finance de la National Chengchi University de Taipei (Taiwan) i Fundadora i Directora del Marriage and Family Pastoral Center de la Confer\u00e8ncia Episcopal Regional Xina; la Professora Ana Mar\u00eda Celis Brunet - President del Consell Nacional per a la Prevenci\u00f3 d&#039;abusos i acompanyament de v\u00edctimes de la Confer\u00e8ncia Episcopal de Xile; la Professora Maria Luisa Di Pietro \u2013 Directora del Centre de Recerca i Estudis sobre la Salut Procreativa de la Universitat Cat\u00f2lica del Sagrat Cor de Roma; la Professora Carmen Pe\u00f1a Garc\u00eda \u2013 docent de Dret Matrimonial a la Facultat de Dret Can\u00f2nic de la Universitat Pontif\u00edcia de Comillas, de Madrid. Els nous Membres, el nomenament dels quals ha estat publicat amb data del 25 de novembre de 2023 al Butllet\u00ed de la Sala de Premsa de la Santa Seu, s&#039;afegeixen als que havien estat nomenats anteriorment ia tots els que encara estan en el c\u00e0rrec, els noms actualitzats dels quals es poden consultar a la p\u00e0gina del Dicasteri per als Laics, la Fam\u00edlia i la Vida.<\/p>","protected":false},"author":3,"featured_media":4518,"comment_status":"open","ping_status":"closed","sticky":false,"template":"","format":"standard","meta":{"_price":"","_stock":"","_tribe_ticket_header":"","_tribe_default_ticket_provider":"","_tribe_ticket_capacity":"0","_ticket_start_date":"","_ticket_end_date":"","_tribe_ticket_show_description":"","_tribe_ticket_show_not_going":false,"_tribe_ticket_use_global_stock":"","_tribe_ticket_global_stock_level":"","_global_stock_mode":"","_global_stock_cap":"","_tribe_rsvp_for_event":"","_tribe_ticket_going_count":"","_tribe_ticket_not_going_count":"","_tribe_tickets_list":"[]","_tribe_ticket_has_attendee_info_fields":false,"footnotes":""},"categories":[1],"tags":[],"class_list":["post-4517","post","type-post","status-publish","format-standard","has-post-thumbnail","hentry","category-uncategorized"],"yoast_head":"<!-- This site is optimized with the Yoast SEO plugin v27.2 - https:\/\/yoast.com\/product\/yoast-seo-wordpress\/ -->\n<title>Margaret Karram entre los nuevos Miembros del Dicasterio - Movimiento de los Focolares<\/title>\n<meta name=\"robots\" content=\"index, follow, max-snippet:-1, max-image-preview:large, max-video-preview:-1\" \/>\n<link rel=\"canonical\" href=\"https:\/\/focolares.es\/ca\/margaret-karram-entre-els-nous-membres-del-dicasteri\/\" \/>\n<meta property=\"og:locale\" content=\"ca_ES\" \/>\n<meta property=\"og:type\" content=\"article\" \/>\n<meta property=\"og:title\" content=\"Margaret Karram entre los nuevos Miembros del Dicasterio - Movimiento de los Focolares\" \/>\n<meta property=\"og:description\" content=\"El Papa Francisco ha nombrado&nbsp;ad quinquennium&nbsp;a once nuevos Miembros del Dicasterio para los Laicos, la Familia y la Vida y entre ellos tambi\u00e9n a la Presidente de la Obra de Mar\u00eda (Movimiento de los Focolares), Margaret Karram. &nbsp;Con ella, otros ir\u00e1n a representar y enriquecer el rostro universal de la Iglesia, junto a las personas que ya est\u00e1n en ese cargo. Son hombres y mujeres, c\u00e9libes y casados, comprometidos en los distintos campos de actividades y provenientes de las m\u00e1s variadas partes del mundo &nbsp;Monse\u00f1or Josep \u00c1ngel Saiz Meneses&nbsp;\u2013 Arzobispo de Sevilla ;&nbsp;Reverendo Andrea D\u2019Auria, F.S. C.B&nbsp;\u2013 Director del Centro Internacional de Comuni\u00f3n y Liberaci\u00f3n;&nbsp;Reverendo Luis Felipe Navarro Marf\u00e1&nbsp;\u2013 Rector de la Pontificia Universidad de la Santa Cruz de Roma;&nbsp;los&nbsp;Se\u00f1ores Beno\u00eet y V\u00e9ronique Rabourdin&nbsp;\u2013 Responsables internacionales de &nbsp;Amour et Verit\u00e9&nbsp;de la &nbsp;Communaut\u00e9 de l\u2019Emmanuel;&nbsp;los&nbsp;&nbsp;Se\u00f1ores Joseph Teyu Chou y Clare Jiayann Yeh&nbsp;\u2013 respectivamente docente en el&nbsp;Department of Public Finance&nbsp;della&nbsp;National Chengchi University&nbsp;de Taipei (Taiwan) y Fundadora y Directora del&nbsp;Marriage and Family Pastoral Center&nbsp;de la Conferencia Episcopal Regional China;&nbsp;la&nbsp;Profesora Ana Mar\u00eda Celis Brunet&nbsp;\u2013 Presidente del&nbsp;Consejo Nacional para la Prevenci\u00f3n de abusos y acompa\u00f1amiento de v\u00edctimas&nbsp;de la Conferencia Episcopal de Chile; la&nbsp;Profesora Maria Luisa Di Pietro&nbsp;\u2013 Directora del Centro de Investigaci\u00f3n y Estudios sobre la Salud Procreativa de la Universidad Cat\u00f3lica del Sagrado Coraz\u00f3n de Roma;&nbsp;la&nbsp;Profesora Carmen Pe\u00f1a Garc\u00eda&nbsp;\u2013 docente di Derecho Matrimonial en la Facultad de Derecho Can\u00f3nico de la Universidad Pontificia de Comillas, de Madrid. Los nuevos Miembros, cuyo nombramiento ha sido publicado con fecha del 25 de noviembre de 2023 en el&nbsp;Bolet\u00edn de la Sala de Prensa de la Santa Sede, se a\u00f1aden a los que hab\u00edan sido nombrados anteriormente y a todos los que a\u00fan est\u00e1n en el cargo, cuyos nombres actualizados se pueden consultar en la p\u00e1gina del Dicasterio para los Laicos, la Familia y la Vida, en el sector&nbsp;Miembros y Consultores.\" \/>\n<meta property=\"og:url\" content=\"https:\/\/focolares.es\/ca\/margaret-karram-entre-els-nous-membres-del-dicasteri\/\" \/>\n<meta property=\"og:site_name\" content=\"Movimiento de los Focolares\" \/>\n<meta property=\"article:published_time\" content=\"2023-12-14T15:55:57+00:00\" \/>\n<meta property=\"article:modified_time\" content=\"2024-03-09T15:59:47+00:00\" \/>\n<meta property=\"og:image\" content=\"https:\/\/focolares.es\/wp-content\/uploads\/2024\/03\/Header-Margaret-Laici.jpg\" \/>\n\t<meta property=\"og:image:width\" content=\"656\" \/>\n\t<meta property=\"og:image:height\" content=\"348\" \/>\n\t<meta property=\"og:image:type\" content=\"image\/jpeg\" \/>\n<meta name=\"author\" content=\"Jordi Illa\" \/>\n<meta name=\"twitter:card\" content=\"summary_large_image\" \/>\n<meta name=\"twitter:label1\" content=\"Escrit per\" \/>\n\t<meta name=\"twitter:data1\" content=\"Jordi Illa\" \/>\n\t<meta name=\"twitter:label2\" content=\"Temps estimat de lectura\" \/>\n\t<meta name=\"twitter:data2\" content=\"2 minuts\" \/>\n<script type=\"application\/ld+json\" class=\"yoast-schema-graph\">{\"@context\":\"https:\/\/schema.org\",\"@graph\":[{\"@type\":\"Article\",\"@id\":\"https:\/\/focolares.es\/margaret-karram-entre-los-nuevos-miembros-del-dicasterio\/#article\",\"isPartOf\":{\"@id\":\"https:\/\/focolares.es\/margaret-karram-entre-los-nuevos-miembros-del-dicasterio\/\"},\"author\":{\"name\":\"Jordi Illa\",\"@id\":\"https:\/\/focolares.es\/#\/schema\/person\/126bed8dcef374cce0a19e99bfdc4fcd\"},\"headline\":\"Margaret Karram entre los nuevos Miembros del Dicasterio\",\"datePublished\":\"2023-12-14T15:55:57+00:00\",\"dateModified\":\"2024-03-09T15:59:47+00:00\",\"mainEntityOfPage\":{\"@id\":\"https:\/\/focolares.es\/margaret-karram-entre-los-nuevos-miembros-del-dicasterio\/\"},\"wordCount\":402,\"commentCount\":0,\"publisher\":{\"@id\":\"https:\/\/focolares.es\/#organization\"},\"image\":{\"@id\":\"https:\/\/focolares.es\/margaret-karram-entre-los-nuevos-miembros-del-dicasterio\/#primaryimage\"},\"thumbnailUrl\":\"https:\/\/focolares.es\/wp-content\/uploads\/2024\/03\/Header-Margaret-Laici.jpg\",\"articleSection\":[\"Uncategorized\"],\"inLanguage\":\"ca\",\"potentialAction\":[{\"@type\":\"CommentAction\",\"name\":\"Comment\",\"target\":[\"https:\/\/focolares.es\/margaret-karram-entre-los-nuevos-miembros-del-dicasterio\/#respond\"]}]},{\"@type\":\"WebPage\",\"@id\":\"https:\/\/focolares.es\/margaret-karram-entre-los-nuevos-miembros-del-dicasterio\/\",\"url\":\"https:\/\/focolares.es\/margaret-karram-entre-los-nuevos-miembros-del-dicasterio\/\",\"name\":\"Margaret Karram entre los nuevos Miembros del Dicasterio - Movimiento de los Focolares\",\"isPartOf\":{\"@id\":\"https:\/\/focolares.es\/#website\"},\"primaryImageOfPage\":{\"@id\":\"https:\/\/focolares.es\/margaret-karram-entre-los-nuevos-miembros-del-dicasterio\/#primaryimage\"},\"image\":{\"@id\":\"https:\/\/focolares.es\/margaret-karram-entre-los-nuevos-miembros-del-dicasterio\/#primaryimage\"},\"thumbnailUrl\":\"https:\/\/focolares.es\/wp-content\/uploads\/2024\/03\/Header-Margaret-Laici.jpg\",\"datePublished\":\"2023-12-14T15:55:57+00:00\",\"dateModified\":\"2024-03-09T15:59:47+00:00\",\"breadcrumb\":{\"@id\":\"https:\/\/focolares.es\/margaret-karram-entre-los-nuevos-miembros-del-dicasterio\/#breadcrumb\"},\"inLanguage\":\"ca\",\"potentialAction\":[{\"@type\":\"ReadAction\",\"target\":[\"https:\/\/focolares.es\/margaret-karram-entre-los-nuevos-miembros-del-dicasterio\/\"]}]},{\"@type\":\"ImageObject\",\"inLanguage\":\"ca\",\"@id\":\"https:\/\/focolares.es\/margaret-karram-entre-los-nuevos-miembros-del-dicasterio\/#primaryimage\",\"url\":\"https:\/\/focolares.es\/wp-content\/uploads\/2024\/03\/Header-Margaret-Laici.jpg\",\"contentUrl\":\"https:\/\/focolares.es\/wp-content\/uploads\/2024\/03\/Header-Margaret-Laici.jpg\",\"width\":656,\"height\":348,\"caption\":\"C\"},{\"@type\":\"BreadcrumbList\",\"@id\":\"https:\/\/focolares.es\/margaret-karram-entre-los-nuevos-miembros-del-dicasterio\/#breadcrumb\",\"itemListElement\":[{\"@type\":\"ListItem\",\"position\":1,\"name\":\"Portada\",\"item\":\"https:\/\/focolares.es\/\"},{\"@type\":\"ListItem\",\"position\":2,\"name\":\"Margaret Karram entre los nuevos Miembros del Dicasterio\"}]},{\"@type\":\"WebSite\",\"@id\":\"https:\/\/focolares.es\/#website\",\"url\":\"https:\/\/focolares.es\/\",\"name\":\"Movimiento de los Focolares\",\"description\":\"\",\"publisher\":{\"@id\":\"https:\/\/focolares.es\/#organization\"},\"potentialAction\":[{\"@type\":\"SearchAction\",\"target\":{\"@type\":\"EntryPoint\",\"urlTemplate\":\"https:\/\/focolares.es\/?s={search_term_string}\"},\"query-input\":{\"@type\":\"PropertyValueSpecification\",\"valueRequired\":true,\"valueName\":\"search_term_string\"}}],\"inLanguage\":\"ca\"},{\"@type\":\"Organization\",\"@id\":\"https:\/\/focolares.es\/#organization\",\"name\":\"Movimiento de los Focolares\",\"url\":\"https:\/\/focolares.es\/\",\"logo\":{\"@type\":\"ImageObject\",\"inLanguage\":\"ca\",\"@id\":\"https:\/\/focolares.es\/#\/schema\/logo\/image\/\",\"url\":\"https:\/\/focolares.es\/wp-content\/uploads\/2024\/03\/Logo_focolares-1024x944-1.jpg\",\"contentUrl\":\"https:\/\/focolares.es\/wp-content\/uploads\/2024\/03\/Logo_focolares-1024x944-1.jpg\",\"width\":1024,\"height\":944,\"caption\":\"Movimiento de los Focolares\"},\"image\":{\"@id\":\"https:\/\/focolares.es\/#\/schema\/logo\/image\/\"}},{\"@type\":\"Person\",\"@id\":\"https:\/\/focolares.es\/#\/schema\/person\/126bed8dcef374cce0a19e99bfdc4fcd\",\"name\":\"Jordi Illa\",\"image\":{\"@type\":\"ImageObject\",\"inLanguage\":\"ca\",\"@id\":\"https:\/\/focolares.es\/wp-content\/litespeed\/avatar\/e8decbc8631810d24ab614c6ffa68ee7.jpg?ver=1777387854\",\"url\":\"https:\/\/focolares.es\/wp-content\/litespeed\/avatar\/e8decbc8631810d24ab614c6ffa68ee7.jpg?ver=1777387854\",\"contentUrl\":\"https:\/\/focolares.es\/wp-content\/litespeed\/avatar\/e8decbc8631810d24ab614c6ffa68ee7.jpg?ver=1777387854\",\"caption\":\"Jordi Illa\"},\"url\":\"https:\/\/focolares.es\/ca\/author\/jordi\/\"}]}<\/script>\n<!-- \/ Yoast SEO plugin. -->","yoast_head_json":{"title":"Margaret Karram entre els nous Membres del Dicasteri - Moviment dels Focolars","robots":{"index":"index","follow":"follow","max-snippet":"max-snippet:-1","max-image-preview":"max-image-preview:large","max-video-preview":"max-video-preview:-1"},"canonical":"https:\/\/focolares.es\/ca\/margaret-karram-entre-els-nous-membres-del-dicasteri\/","og_locale":"ca_ES","og_type":"article","og_title":"Margaret Karram entre los nuevos Miembros del Dicasterio - Movimiento de los Focolares","og_description":"El Papa Francisco ha nombrado&nbsp;ad quinquennium&nbsp;a once nuevos Miembros del Dicasterio para los Laicos, la Familia y la Vida y entre ellos tambi\u00e9n a la Presidente de la Obra de Mar\u00eda (Movimiento de los Focolares), Margaret Karram. &nbsp;Con ella, otros ir\u00e1n a representar y enriquecer el rostro universal de la Iglesia, junto a las personas que ya est\u00e1n en ese cargo. Son hombres y mujeres, c\u00e9libes y casados, comprometidos en los distintos campos de actividades y provenientes de las m\u00e1s variadas partes del mundo &nbsp;Monse\u00f1or Josep \u00c1ngel Saiz Meneses&nbsp;\u2013 Arzobispo de Sevilla ;&nbsp;Reverendo Andrea D\u2019Auria, F.S. C.B&nbsp;\u2013 Director del Centro Internacional de Comuni\u00f3n y Liberaci\u00f3n;&nbsp;Reverendo Luis Felipe Navarro Marf\u00e1&nbsp;\u2013 Rector de la Pontificia Universidad de la Santa Cruz de Roma;&nbsp;los&nbsp;Se\u00f1ores Beno\u00eet y V\u00e9ronique Rabourdin&nbsp;\u2013 Responsables internacionales de &nbsp;Amour et Verit\u00e9&nbsp;de la &nbsp;Communaut\u00e9 de l\u2019Emmanuel;&nbsp;los&nbsp;&nbsp;Se\u00f1ores Joseph Teyu Chou y Clare Jiayann Yeh&nbsp;\u2013 respectivamente docente en el&nbsp;Department of Public Finance&nbsp;della&nbsp;National Chengchi University&nbsp;de Taipei (Taiwan) y Fundadora y Directora del&nbsp;Marriage and Family Pastoral Center&nbsp;de la Conferencia Episcopal Regional China;&nbsp;la&nbsp;Profesora Ana Mar\u00eda Celis Brunet&nbsp;\u2013 Presidente del&nbsp;Consejo Nacional para la Prevenci\u00f3n de abusos y acompa\u00f1amiento de v\u00edctimas&nbsp;de la Conferencia Episcopal de Chile; la&nbsp;Profesora Maria Luisa Di Pietro&nbsp;\u2013 Directora del Centro de Investigaci\u00f3n y Estudios sobre la Salud Procreativa de la Universidad Cat\u00f3lica del Sagrado Coraz\u00f3n de Roma;&nbsp;la&nbsp;Profesora Carmen Pe\u00f1a Garc\u00eda&nbsp;\u2013 docente di Derecho Matrimonial en la Facultad de Derecho Can\u00f3nico de la Universidad Pontificia de Comillas, de Madrid. Los nuevos Miembros, cuyo nombramiento ha sido publicado con fecha del 25 de noviembre de 2023 en el&nbsp;Bolet\u00edn de la Sala de Prensa de la Santa Sede, se a\u00f1aden a los que hab\u00edan sido nombrados anteriormente y a todos los que a\u00fan est\u00e1n en el cargo, cuyos nombres actualizados se pueden consultar en la p\u00e1gina del Dicasterio para los Laicos, la Familia y la Vida, en el sector&nbsp;Miembros y Consultores.","og_url":"https:\/\/focolares.es\/ca\/margaret-karram-entre-els-nous-membres-del-dicasteri\/","og_site_name":"Movimiento de los Focolares","article_published_time":"2023-12-14T15:55:57+00:00","article_modified_time":"2024-03-09T15:59:47+00:00","og_image":[{"width":656,"height":348,"url":"https:\/\/focolares.es\/wp-content\/uploads\/2024\/03\/Header-Margaret-Laici.jpg","type":"image\/jpeg"}],"author":"Jordi Illa","twitter_card":"summary_large_image","twitter_misc":{"Escrit per":"Jordi Illa","Temps estimat de lectura":"2 minuts"},"schema":{"@context":"https:\/\/schema.org","@graph":[{"@type":"Article","@id":"https:\/\/focolares.es\/margaret-karram-entre-los-nuevos-miembros-del-dicasterio\/#article","isPartOf":{"@id":"https:\/\/focolares.es\/margaret-karram-entre-los-nuevos-miembros-del-dicasterio\/"},"author":{"name":"Jordi Illa","@id":"https:\/\/focolares.es\/#\/schema\/person\/126bed8dcef374cce0a19e99bfdc4fcd"},"headline":"Margaret Karram entre los nuevos Miembros del Dicasterio","datePublished":"2023-12-14T15:55:57+00:00","dateModified":"2024-03-09T15:59:47+00:00","mainEntityOfPage":{"@id":"https:\/\/focolares.es\/margaret-karram-entre-los-nuevos-miembros-del-dicasterio\/"},"wordCount":402,"commentCount":0,"publisher":{"@id":"https:\/\/focolares.es\/#organization"},"image":{"@id":"https:\/\/focolares.es\/margaret-karram-entre-los-nuevos-miembros-del-dicasterio\/#primaryimage"},"thumbnailUrl":"https:\/\/focolares.es\/wp-content\/uploads\/2024\/03\/Header-Margaret-Laici.jpg","articleSection":["Uncategorized"],"inLanguage":"ca","potentialAction":[{"@type":"CommentAction","name":"Comment","target":["https:\/\/focolares.es\/margaret-karram-entre-los-nuevos-miembros-del-dicasterio\/#respond"]}]},{"@type":"WebPage","@id":"https:\/\/focolares.es\/margaret-karram-entre-los-nuevos-miembros-del-dicasterio\/","url":"https:\/\/focolares.es\/margaret-karram-entre-los-nuevos-miembros-del-dicasterio\/","name":"Margaret Karram entre els nous Membres del Dicasteri - Moviment dels Focolars","isPartOf":{"@id":"https:\/\/focolares.es\/#website"},"primaryImageOfPage":{"@id":"https:\/\/focolares.es\/margaret-karram-entre-los-nuevos-miembros-del-dicasterio\/#primaryimage"},"image":{"@id":"https:\/\/focolares.es\/margaret-karram-entre-los-nuevos-miembros-del-dicasterio\/#primaryimage"},"thumbnailUrl":"https:\/\/focolares.es\/wp-content\/uploads\/2024\/03\/Header-Margaret-Laici.jpg","datePublished":"2023-12-14T15:55:57+00:00","dateModified":"2024-03-09T15:59:47+00:00","breadcrumb":{"@id":"https:\/\/focolares.es\/margaret-karram-entre-los-nuevos-miembros-del-dicasterio\/#breadcrumb"},"inLanguage":"ca","potentialAction":[{"@type":"ReadAction","target":["https:\/\/focolares.es\/margaret-karram-entre-los-nuevos-miembros-del-dicasterio\/"]}]},{"@type":"ImageObject","inLanguage":"ca","@id":"https:\/\/focolares.es\/margaret-karram-entre-los-nuevos-miembros-del-dicasterio\/#primaryimage","url":"https:\/\/focolares.es\/wp-content\/uploads\/2024\/03\/Header-Margaret-Laici.jpg","contentUrl":"https:\/\/focolares.es\/wp-content\/uploads\/2024\/03\/Header-Margaret-Laici.jpg","width":656,"height":348,"caption":"C"},{"@type":"BreadcrumbList","@id":"https:\/\/focolares.es\/margaret-karram-entre-los-nuevos-miembros-del-dicasterio\/#breadcrumb","itemListElement":[{"@type":"ListItem","position":1,"name":"Portada","item":"https:\/\/focolares.es\/"},{"@type":"ListItem","position":2,"name":"Margaret Karram entre los nuevos Miembros del Dicasterio"}]},{"@type":"WebSite","@id":"https:\/\/focolares.es\/#website","url":"https:\/\/focolares.es\/","name":"Moviment dels Focolars","description":"","publisher":{"@id":"https:\/\/focolares.es\/#organization"},"potentialAction":[{"@type":"SearchAction","target":{"@type":"EntryPoint","urlTemplate":"https:\/\/focolares.es\/?s={search_term_string}"},"query-input":{"@type":"PropertyValueSpecification","valueRequired":true,"valueName":"search_term_string"}}],"inLanguage":"ca"},{"@type":"Organization","@id":"https:\/\/focolares.es\/#organization","name":"Moviment dels Focolars","url":"https:\/\/focolares.es\/","logo":{"@type":"ImageObject","inLanguage":"ca","@id":"https:\/\/focolares.es\/#\/schema\/logo\/image\/","url":"https:\/\/focolares.es\/wp-content\/uploads\/2024\/03\/Logo_focolares-1024x944-1.jpg","contentUrl":"https:\/\/focolares.es\/wp-content\/uploads\/2024\/03\/Logo_focolares-1024x944-1.jpg","width":1024,"height":944,"caption":"Movimiento de los Focolares"},"image":{"@id":"https:\/\/focolares.es\/#\/schema\/logo\/image\/"}},{"@type":"Person","@id":"https:\/\/focolares.es\/#\/schema\/person\/126bed8dcef374cce0a19e99bfdc4fcd","name":"Jordi Illa","image":{"@type":"ImageObject","inLanguage":"ca","@id":"https:\/\/focolares.es\/wp-content\/litespeed\/avatar\/e8decbc8631810d24ab614c6ffa68ee7.jpg?ver=1777387854","url":"https:\/\/focolares.es\/wp-content\/litespeed\/avatar\/e8decbc8631810d24ab614c6ffa68ee7.jpg?ver=1777387854","contentUrl":"https:\/\/focolares.es\/wp-content\/litespeed\/avatar\/e8decbc8631810d24ab614c6ffa68ee7.jpg?ver=1777387854","caption":"Jordi Illa"},"url":"https:\/\/focolares.es\/ca\/author\/jordi\/"}]}},"views":21,"_links":{"self":[{"href":"https:\/\/focolares.es\/ca\/wp-json\/wp\/v2\/posts\/4517","targetHints":{"allow":["GET"]}}],"collection":[{"href":"https:\/\/focolares.es\/ca\/wp-json\/wp\/v2\/posts"}],"about":[{"href":"https:\/\/focolares.es\/ca\/wp-json\/wp\/v2\/types\/post"}],"author":[{"embeddable":true,"href":"https:\/\/focolares.es\/ca\/wp-json\/wp\/v2\/users\/3"}],"replies":[{"embeddable":true,"href":"https:\/\/focolares.es\/ca\/wp-json\/wp\/v2\/comments?post=4517"}],"version-history":[{"count":1,"href":"https:\/\/focolares.es\/ca\/wp-json\/wp\/v2\/posts\/4517\/revisions"}],"predecessor-version":[{"id":4519,"href":"https:\/\/focolares.es\/ca\/wp-json\/wp\/v2\/posts\/4517\/revisions\/4519"}],"wp:featuredmedia":[{"embeddable":true,"href":"https:\/\/focolares.es\/ca\/wp-json\/wp\/v2\/media\/4518"}],"wp:attachment":[{"href":"https:\/\/focolares.es\/ca\/wp-json\/wp\/v2\/media?parent=4517"}],"wp:term":[{"taxonomy":"category","embeddable":true,"href":"https:\/\/focolares.es\/ca\/wp-json\/wp\/v2\/categories?post=4517"},{"taxonomy":"post_tag","embeddable":true,"href":"https:\/\/focolares.es\/ca\/wp-json\/wp\/v2\/tags?post=4517"}],"curies":[{"name":"wp","href":"https:\/\/api.w.org\/{rel}","templated":true}]}}