{"id":14945,"date":"2024-07-24T20:30:00","date_gmt":"2024-07-24T18:30:00","guid":{"rendered":"https:\/\/focolares.es\/?p=14945"},"modified":"2025-02-04T21:53:17","modified_gmt":"2025-02-04T20:53:17","slug":"a-horizon-for-mariapolis-2024","status":"publish","type":"post","link":"https:\/\/focolares.es\/en\/un-horizonte-para-la-mariapolis-2024\/","title":{"rendered":"A horizon for Mari\u00e1polis 2024"},"content":{"rendered":"\n<h4 class=\"wp-block-heading\"><em>Comprometerse en primera persona a la fraternidad universal. La ciudad de Oviedo acoger\u00e1 del 25 al 28 de julio la Mari\u00e1polis, iniciativa organizada por el Movimiento de&nbsp;los Focolares.<\/em><\/h4>\n\n\n\n<figure class=\"wp-block-image size-large\"><img fetchpriority=\"high\" decoding=\"async\" width=\"1024\" height=\"339\" src=\"https:\/\/focolares.es\/wp-content\/uploads\/2025\/02\/2024-Mariapolis-Save-the-date_slide_3-1024x339.jpg\" alt=\"\" class=\"wp-image-14947\" srcset=\"https:\/\/focolares.es\/wp-content\/uploads\/2025\/02\/2024-Mariapolis-Save-the-date_slide_3-1024x339.jpg 1024w, https:\/\/focolares.es\/wp-content\/uploads\/2025\/02\/2024-Mariapolis-Save-the-date_slide_3-300x99.jpg 300w, https:\/\/focolares.es\/wp-content\/uploads\/2025\/02\/2024-Mariapolis-Save-the-date_slide_3-768x254.jpg 768w, https:\/\/focolares.es\/wp-content\/uploads\/2025\/02\/2024-Mariapolis-Save-the-date_slide_3-1536x509.jpg 1536w, https:\/\/focolares.es\/wp-content\/uploads\/2025\/02\/2024-Mariapolis-Save-the-date_slide_3-18x6.jpg 18w, https:\/\/focolares.es\/wp-content\/uploads\/2025\/02\/2024-Mariapolis-Save-the-date_slide_3.jpg 1800w\" sizes=\"(max-width: 1024px) 100vw, 1024px\" \/><\/figure>\n\n\n\n<p>Que la convivencia de esos d\u00edas est\u00e9 orientada a realizar una experiencia de di\u00e1logo fecunda&nbsp;entre sus participantes, lo dice el lema mismo de la&nbsp;<em>Mari\u00e1polis [1]&nbsp;<\/em>:<strong>&nbsp;En Camino para el encuentro.<\/strong><\/p>\n\n\n\n<p>Javier Rubio es miembro del equipo organizador, y fue director durante m\u00e1s de 20 a\u00f1os de la revista&nbsp;<em>Ciudad&nbsp;Nueva<\/em>&nbsp;que, desde 2024, ha confluido con Ciutat Nova generando la revista&nbsp;<em><a href=\"https:\/\/www.ciudadnueva.com\/revistalar\" target=\"_blank\" rel=\"noreferrer noopener\">LAR<\/a>.<\/em>&nbsp;Nos comenta:<\/p>\n\n\n\n<blockquote class=\"wp-block-quote is-layout-flow wp-block-quote-is-layout-flow\">\n<blockquote class=\"wp-block-quote is-layout-flow wp-block-quote-is-layout-flow\">\n<p>\u00ab<strong>Las&nbsp;<em>Mari\u00e1polis&nbsp;<\/em>nacieron en Italia<\/strong>&nbsp;durante los a\u00f1os 50 y se han ido difundiendo por todo el&nbsp;mundo. La primera que tuvo lugar en Espa\u00f1a fue en 1964, en Solsona. Suelen tener una secuencia anual, a&nbsp;veces de \u00e1mbito nacional, incluso internacional y otras de \u00e1mbito local\u00bb.<br>\u00abTradicionalmente se ha tratado de buscar el lugar m\u00e1s adecuado, a veces en funci\u00f3n de las&nbsp;posibilidades log\u00edsticas, ya que algunas&nbsp;<em>Mari\u00e1polis<\/em>&nbsp;han llegado a reunir a m\u00e1s de mil personas, y otras veces&nbsp;en funci\u00f3n de la modalidad del encuentro: m\u00e1s tipo convivencia, vacacional, etc\u2026<\/p>\n\n\n\n<p>En los \u00faltimos a\u00f1os&nbsp;tambi\u00e9n se ha intentado promover el acercamiento a distintas ciudades con el fin de entrar en contacto&nbsp;con la cultura del lugar: Cazorla, Lugo, Azpeitia, Granada, Cuenca, Astorga o El Ferrol son ciudades bien&nbsp;distintas\u00bb.<\/p>\n<\/blockquote>\n<\/blockquote>\n\n\n\n<p><strong>\u00bfPor qu\u00e9 se ha elegido Oviedo?<\/strong><\/p>\n\n\n\n<p>Nunca hasta ahora se hab\u00eda realizado una&nbsp;<em>Mari\u00e1polis<\/em>&nbsp;en Asturias; pero<strong>&nbsp;en Oviedo se han abierto las puertas&nbsp;para facilitar la organizaci\u00f3n<\/strong>&nbsp;de los aspectos que conlleva este evento. Su t\u00edtulo, por otra parte,&nbsp;<em>En Camino&nbsp;para el encuentro<\/em>, enlaza con ese particular aspecto que vincula la ciudad de Oviedo con el primer&nbsp;itinerario cultural de Europa, el Camino de Santiago.&nbsp;Los anales de la historia, de hecho, narran que su origen&nbsp;est\u00e1 precisamente en esta ciudad de la mano del rey Alfonso II el Casto, primer peregrino que en el a\u00f1o 834&nbsp;se dirigi\u00f3 a la localidad gallega, avisado por el obispo Teodomiro del descubrimiento de la tumba del&nbsp;ap\u00f3stol.<br>Por tanto la&nbsp;<strong><em>Mari\u00e1polis<\/em>&nbsp;2024 y el \u2018kilometro 0\u2019 de la Ruta Jacobea se dar\u00e1n la mano.<\/strong>&nbsp;Un equipo&nbsp;interregional ha trabajado con tes\u00f3n y pasi\u00f3n para que esta&nbsp;<em>Mari\u00e1polis<\/em>&nbsp;se haya haciendo posible.<\/p>\n\n\n\n<p><strong>Participantes<\/strong><\/p>\n\n\n\n<p><strong>Se han inscrito unas 330 personas de todo el territorio espa\u00f1ol<\/strong>, con alguna excepci\u00f3n de otros pa\u00edses; con&nbsp;edades comprendidas entre los 0 y los 88 a\u00f1os. Como curiosidad, los menores de edad son algo m\u00e1s del&nbsp;10%, mientras que el sector mayoritario, de 50 a 70 a\u00f1os, llega al 47%. Los participantes proceden de 16&nbsp;comunidades aut\u00f3nomas y el grupo mayoritario es el de Andaluc\u00eda.<\/p>\n\n\n\n<p><strong>Encontrarse consigo mismo pasa por descubrir al pr\u00f3jimo<\/strong><\/p>\n\n\n\n<blockquote class=\"wp-block-quote is-layout-flow wp-block-quote-is-layout-flow\">\n<p>\u00abNo somos los \u00fanicos que promueven este tipo de encuentros -asegura Javier Rubio-, aunque los formatos&nbsp;sean distintos. Yo creo que hay una necesidad real de&nbsp;<strong>pararse y encontrarse consigo mismo<\/strong>. Hay necesidad&nbsp;de navegar por esa interioridad a la que prestamos poca atenci\u00f3n. Los Focolares ofrecen su t\u00edpica&nbsp;espiritualidad, que pone el acento en&nbsp;<strong>\u2018llegar a Dios a trav\u00e9s del hermano\u2019<\/strong>\u00bb.<\/p>\n<\/blockquote>\n\n\n\n<p>Si una esperanza alberga esta&nbsp;<em>Mari\u00e1polis 2024,<\/em>&nbsp;es que&nbsp;<strong>suponga el inicio de un nuevo recorrido<\/strong>&nbsp;que lleve a los&nbsp;participantes a abrirse y acercarse a los dem\u00e1s superando posicionamientos personales; que genere un&nbsp;encuentro en su sentido m\u00e1s profundo y alimente en todos la urgencia de comprometerse en primera&nbsp;persona a&nbsp;<strong>construir la fraternidad universal<\/strong>, fundamento de la paz, promovi\u00e9ndola y vivi\u00e9ndola.<\/p>\n\n\n\n<hr class=\"wp-block-separator has-alpha-channel-opacity\"\/>\n\n\n\n<p>[1]\u00a0<a href=\"https:\/\/focolares.es\/mariapolis-2024-2\/\" target=\"_blank\" rel=\"noreferrer noopener\">Art\u00edculo publicado en esta web el 23 de abril de 2024<\/a><\/p>\n\n\n\n<p><\/p>\n","protected":false},"excerpt":{"rendered":"<p>The city of Oviedo will host the Mari\u00e1polis, an initiative organized by the Focolare Movement, from 25 to 28 July.<\/p>","protected":false},"author":8,"featured_media":14946,"comment_status":"open","ping_status":"closed","sticky":false,"template":"","format":"standard","meta":{"_price":"","_stock":"","_tribe_ticket_header":"","_tribe_default_ticket_provider":"","_tribe_ticket_capacity":"0","_ticket_start_date":"","_ticket_end_date":"","_tribe_ticket_show_description":"","_tribe_ticket_show_not_going":false,"_tribe_ticket_use_global_stock":"","_tribe_ticket_global_stock_level":"","_global_stock_mode":"","_global_stock_cap":"","_tribe_rsvp_for_event":"","_tribe_ticket_going_count":"","_tribe_ticket_not_going_count":"","_tribe_tickets_list":"[]","_tribe_ticket_has_attendee_info_fields":false,"footnotes":""},"categories":[1],"tags":[40],"class_list":["post-14945","post","type-post","status-publish","format-standard","has-post-thumbnail","hentry","category-uncategorized","tag-dialogo-y-fraternidad"],"yoast_head":"<!-- This site is optimized with the Yoast SEO plugin v27.2 - https:\/\/yoast.com\/product\/yoast-seo-wordpress\/ -->\n<title>Un horizonte para la Mari\u00e1polis 2024 - Movimiento de los Focolares<\/title>\n<meta name=\"robots\" content=\"index, follow, max-snippet:-1, max-image-preview:large, max-video-preview:-1\" \/>\n<link rel=\"canonical\" href=\"https:\/\/focolares.es\/en\/a-horizon-for-mariapolis-2024\/\" \/>\n<meta property=\"og:locale\" content=\"en_GB\" \/>\n<meta property=\"og:type\" content=\"article\" \/>\n<meta property=\"og:title\" content=\"Un horizonte para la Mari\u00e1polis 2024 - Movimiento de los Focolares\" \/>\n<meta property=\"og:description\" content=\"La ciudad de Oviedo acoger\u00e1 del 25 al 28 de julio la Mari\u00e1polis, iniciativa organizada por el Movimiento de\u00a0los Focolares.\" \/>\n<meta property=\"og:url\" content=\"https:\/\/focolares.es\/en\/a-horizon-for-mariapolis-2024\/\" \/>\n<meta property=\"og:site_name\" content=\"Movimiento de los Focolares\" \/>\n<meta property=\"article:published_time\" content=\"2024-07-24T18:30:00+00:00\" \/>\n<meta property=\"article:modified_time\" content=\"2025-02-04T20:53:17+00:00\" \/>\n<meta property=\"og:image\" content=\"https:\/\/focolares.es\/wp-content\/uploads\/2025\/02\/Destacada_Mariapolis_Oviedo_2024.jpg\" \/>\n\t<meta property=\"og:image:width\" content=\"991\" \/>\n\t<meta property=\"og:image:height\" content=\"611\" \/>\n\t<meta property=\"og:image:type\" content=\"image\/jpeg\" \/>\n<meta name=\"author\" content=\"Sonia\" \/>\n<meta name=\"twitter:card\" content=\"summary_large_image\" \/>\n<meta name=\"twitter:label1\" content=\"Written by\" \/>\n\t<meta name=\"twitter:data1\" content=\"Sonia\" \/>\n\t<meta name=\"twitter:label2\" content=\"Estimated reading time\" \/>\n\t<meta name=\"twitter:data2\" content=\"3 minutes\" \/>\n<script type=\"application\/ld+json\" class=\"yoast-schema-graph\">{\"@context\":\"https:\/\/schema.org\",\"@graph\":[{\"@type\":\"Article\",\"@id\":\"https:\/\/focolares.es\/un-horizonte-para-la-mariapolis-2024\/#article\",\"isPartOf\":{\"@id\":\"https:\/\/focolares.es\/un-horizonte-para-la-mariapolis-2024\/\"},\"author\":{\"name\":\"Sonia\",\"@id\":\"https:\/\/focolares.es\/#\/schema\/person\/460a502493de84fa7b318667e9a5c289\"},\"headline\":\"Un horizonte para la Mari\u00e1polis 2024\",\"datePublished\":\"2024-07-24T18:30:00+00:00\",\"dateModified\":\"2025-02-04T20:53:17+00:00\",\"mainEntityOfPage\":{\"@id\":\"https:\/\/focolares.es\/un-horizonte-para-la-mariapolis-2024\/\"},\"wordCount\":677,\"commentCount\":0,\"publisher\":{\"@id\":\"https:\/\/focolares.es\/#organization\"},\"image\":{\"@id\":\"https:\/\/focolares.es\/un-horizonte-para-la-mariapolis-2024\/#primaryimage\"},\"thumbnailUrl\":\"https:\/\/focolares.es\/wp-content\/uploads\/2025\/02\/Destacada_Mariapolis_Oviedo_2024.jpg\",\"keywords\":[\"Di\u00e1logo y fraternidad\"],\"articleSection\":[\"Uncategorized\"],\"inLanguage\":\"en-GB\",\"potentialAction\":[{\"@type\":\"CommentAction\",\"name\":\"Comment\",\"target\":[\"https:\/\/focolares.es\/un-horizonte-para-la-mariapolis-2024\/#respond\"]}]},{\"@type\":\"WebPage\",\"@id\":\"https:\/\/focolares.es\/un-horizonte-para-la-mariapolis-2024\/\",\"url\":\"https:\/\/focolares.es\/un-horizonte-para-la-mariapolis-2024\/\",\"name\":\"Un horizonte para la Mari\u00e1polis 2024 - Movimiento de los Focolares\",\"isPartOf\":{\"@id\":\"https:\/\/focolares.es\/#website\"},\"primaryImageOfPage\":{\"@id\":\"https:\/\/focolares.es\/un-horizonte-para-la-mariapolis-2024\/#primaryimage\"},\"image\":{\"@id\":\"https:\/\/focolares.es\/un-horizonte-para-la-mariapolis-2024\/#primaryimage\"},\"thumbnailUrl\":\"https:\/\/focolares.es\/wp-content\/uploads\/2025\/02\/Destacada_Mariapolis_Oviedo_2024.jpg\",\"datePublished\":\"2024-07-24T18:30:00+00:00\",\"dateModified\":\"2025-02-04T20:53:17+00:00\",\"breadcrumb\":{\"@id\":\"https:\/\/focolares.es\/un-horizonte-para-la-mariapolis-2024\/#breadcrumb\"},\"inLanguage\":\"en-GB\",\"potentialAction\":[{\"@type\":\"ReadAction\",\"target\":[\"https:\/\/focolares.es\/un-horizonte-para-la-mariapolis-2024\/\"]}]},{\"@type\":\"ImageObject\",\"inLanguage\":\"en-GB\",\"@id\":\"https:\/\/focolares.es\/un-horizonte-para-la-mariapolis-2024\/#primaryimage\",\"url\":\"https:\/\/focolares.es\/wp-content\/uploads\/2025\/02\/Destacada_Mariapolis_Oviedo_2024.jpg\",\"contentUrl\":\"https:\/\/focolares.es\/wp-content\/uploads\/2025\/02\/Destacada_Mariapolis_Oviedo_2024.jpg\",\"width\":991,\"height\":611},{\"@type\":\"BreadcrumbList\",\"@id\":\"https:\/\/focolares.es\/un-horizonte-para-la-mariapolis-2024\/#breadcrumb\",\"itemListElement\":[{\"@type\":\"ListItem\",\"position\":1,\"name\":\"Portada\",\"item\":\"https:\/\/focolares.es\/\"},{\"@type\":\"ListItem\",\"position\":2,\"name\":\"Un horizonte para la Mari\u00e1polis 2024\"}]},{\"@type\":\"WebSite\",\"@id\":\"https:\/\/focolares.es\/#website\",\"url\":\"https:\/\/focolares.es\/\",\"name\":\"Movimiento de los Focolares\",\"description\":\"\",\"publisher\":{\"@id\":\"https:\/\/focolares.es\/#organization\"},\"potentialAction\":[{\"@type\":\"SearchAction\",\"target\":{\"@type\":\"EntryPoint\",\"urlTemplate\":\"https:\/\/focolares.es\/?s={search_term_string}\"},\"query-input\":{\"@type\":\"PropertyValueSpecification\",\"valueRequired\":true,\"valueName\":\"search_term_string\"}}],\"inLanguage\":\"en-GB\"},{\"@type\":\"Organization\",\"@id\":\"https:\/\/focolares.es\/#organization\",\"name\":\"Movimiento de los Focolares\",\"url\":\"https:\/\/focolares.es\/\",\"logo\":{\"@type\":\"ImageObject\",\"inLanguage\":\"en-GB\",\"@id\":\"https:\/\/focolares.es\/#\/schema\/logo\/image\/\",\"url\":\"https:\/\/focolares.es\/wp-content\/uploads\/2024\/03\/Logo_focolares-1024x944-1.jpg\",\"contentUrl\":\"https:\/\/focolares.es\/wp-content\/uploads\/2024\/03\/Logo_focolares-1024x944-1.jpg\",\"width\":1024,\"height\":944,\"caption\":\"Movimiento de los Focolares\"},\"image\":{\"@id\":\"https:\/\/focolares.es\/#\/schema\/logo\/image\/\"}},{\"@type\":\"Person\",\"@id\":\"https:\/\/focolares.es\/#\/schema\/person\/460a502493de84fa7b318667e9a5c289\",\"name\":\"Sonia\",\"image\":{\"@type\":\"ImageObject\",\"inLanguage\":\"en-GB\",\"@id\":\"https:\/\/focolares.es\/wp-content\/litespeed\/avatar\/cdad09e33a37c7312cdc76ceae4bbc88.jpg?ver=1777375640\",\"url\":\"https:\/\/focolares.es\/wp-content\/litespeed\/avatar\/cdad09e33a37c7312cdc76ceae4bbc88.jpg?ver=1777375640\",\"contentUrl\":\"https:\/\/focolares.es\/wp-content\/litespeed\/avatar\/cdad09e33a37c7312cdc76ceae4bbc88.jpg?ver=1777375640\",\"caption\":\"Sonia\"},\"url\":\"https:\/\/focolares.es\/en\/author\/sonia\/\"}]}<\/script>\n<!-- \/ Yoast SEO plugin. -->","yoast_head_json":{"title":"A horizon for Mariapolis 2024 - Focolare Movement","robots":{"index":"index","follow":"follow","max-snippet":"max-snippet:-1","max-image-preview":"max-image-preview:large","max-video-preview":"max-video-preview:-1"},"canonical":"https:\/\/focolares.es\/en\/a-horizon-for-mariapolis-2024\/","og_locale":"en_GB","og_type":"article","og_title":"Un horizonte para la Mari\u00e1polis 2024 - Movimiento de los Focolares","og_description":"La ciudad de Oviedo acoger\u00e1 del 25 al 28 de julio la Mari\u00e1polis, iniciativa organizada por el Movimiento de\u00a0los Focolares.","og_url":"https:\/\/focolares.es\/en\/a-horizon-for-mariapolis-2024\/","og_site_name":"Movimiento de los Focolares","article_published_time":"2024-07-24T18:30:00+00:00","article_modified_time":"2025-02-04T20:53:17+00:00","og_image":[{"width":991,"height":611,"url":"https:\/\/focolares.es\/wp-content\/uploads\/2025\/02\/Destacada_Mariapolis_Oviedo_2024.jpg","type":"image\/jpeg"}],"author":"Sonia","twitter_card":"summary_large_image","twitter_misc":{"Written by":"Sonia","Estimated reading time":"3 minutes"},"schema":{"@context":"https:\/\/schema.org","@graph":[{"@type":"Article","@id":"https:\/\/focolares.es\/un-horizonte-para-la-mariapolis-2024\/#article","isPartOf":{"@id":"https:\/\/focolares.es\/un-horizonte-para-la-mariapolis-2024\/"},"author":{"name":"Sonia","@id":"https:\/\/focolares.es\/#\/schema\/person\/460a502493de84fa7b318667e9a5c289"},"headline":"Un horizonte para la Mari\u00e1polis 2024","datePublished":"2024-07-24T18:30:00+00:00","dateModified":"2025-02-04T20:53:17+00:00","mainEntityOfPage":{"@id":"https:\/\/focolares.es\/un-horizonte-para-la-mariapolis-2024\/"},"wordCount":677,"commentCount":0,"publisher":{"@id":"https:\/\/focolares.es\/#organization"},"image":{"@id":"https:\/\/focolares.es\/un-horizonte-para-la-mariapolis-2024\/#primaryimage"},"thumbnailUrl":"https:\/\/focolares.es\/wp-content\/uploads\/2025\/02\/Destacada_Mariapolis_Oviedo_2024.jpg","keywords":["Di\u00e1logo y fraternidad"],"articleSection":["Uncategorized"],"inLanguage":"en-GB","potentialAction":[{"@type":"CommentAction","name":"Comment","target":["https:\/\/focolares.es\/un-horizonte-para-la-mariapolis-2024\/#respond"]}]},{"@type":"WebPage","@id":"https:\/\/focolares.es\/un-horizonte-para-la-mariapolis-2024\/","url":"https:\/\/focolares.es\/un-horizonte-para-la-mariapolis-2024\/","name":"A horizon for Mariapolis 2024 - Focolare Movement","isPartOf":{"@id":"https:\/\/focolares.es\/#website"},"primaryImageOfPage":{"@id":"https:\/\/focolares.es\/un-horizonte-para-la-mariapolis-2024\/#primaryimage"},"image":{"@id":"https:\/\/focolares.es\/un-horizonte-para-la-mariapolis-2024\/#primaryimage"},"thumbnailUrl":"https:\/\/focolares.es\/wp-content\/uploads\/2025\/02\/Destacada_Mariapolis_Oviedo_2024.jpg","datePublished":"2024-07-24T18:30:00+00:00","dateModified":"2025-02-04T20:53:17+00:00","breadcrumb":{"@id":"https:\/\/focolares.es\/un-horizonte-para-la-mariapolis-2024\/#breadcrumb"},"inLanguage":"en-GB","potentialAction":[{"@type":"ReadAction","target":["https:\/\/focolares.es\/un-horizonte-para-la-mariapolis-2024\/"]}]},{"@type":"ImageObject","inLanguage":"en-GB","@id":"https:\/\/focolares.es\/un-horizonte-para-la-mariapolis-2024\/#primaryimage","url":"https:\/\/focolares.es\/wp-content\/uploads\/2025\/02\/Destacada_Mariapolis_Oviedo_2024.jpg","contentUrl":"https:\/\/focolares.es\/wp-content\/uploads\/2025\/02\/Destacada_Mariapolis_Oviedo_2024.jpg","width":991,"height":611},{"@type":"BreadcrumbList","@id":"https:\/\/focolares.es\/un-horizonte-para-la-mariapolis-2024\/#breadcrumb","itemListElement":[{"@type":"ListItem","position":1,"name":"Portada","item":"https:\/\/focolares.es\/"},{"@type":"ListItem","position":2,"name":"Un horizonte para la Mari\u00e1polis 2024"}]},{"@type":"WebSite","@id":"https:\/\/focolares.es\/#website","url":"https:\/\/focolares.es\/","name":"Focolare Movement","description":"","publisher":{"@id":"https:\/\/focolares.es\/#organization"},"potentialAction":[{"@type":"SearchAction","target":{"@type":"EntryPoint","urlTemplate":"https:\/\/focolares.es\/?s={search_term_string}"},"query-input":{"@type":"PropertyValueSpecification","valueRequired":true,"valueName":"search_term_string"}}],"inLanguage":"en-GB"},{"@type":"Organization","@id":"https:\/\/focolares.es\/#organization","name":"Focolare Movement","url":"https:\/\/focolares.es\/","logo":{"@type":"ImageObject","inLanguage":"en-GB","@id":"https:\/\/focolares.es\/#\/schema\/logo\/image\/","url":"https:\/\/focolares.es\/wp-content\/uploads\/2024\/03\/Logo_focolares-1024x944-1.jpg","contentUrl":"https:\/\/focolares.es\/wp-content\/uploads\/2024\/03\/Logo_focolares-1024x944-1.jpg","width":1024,"height":944,"caption":"Movimiento de los Focolares"},"image":{"@id":"https:\/\/focolares.es\/#\/schema\/logo\/image\/"}},{"@type":"Person","@id":"https:\/\/focolares.es\/#\/schema\/person\/460a502493de84fa7b318667e9a5c289","name":"Sonia","image":{"@type":"ImageObject","inLanguage":"en-GB","@id":"https:\/\/focolares.es\/wp-content\/litespeed\/avatar\/cdad09e33a37c7312cdc76ceae4bbc88.jpg?ver=1777375640","url":"https:\/\/focolares.es\/wp-content\/litespeed\/avatar\/cdad09e33a37c7312cdc76ceae4bbc88.jpg?ver=1777375640","contentUrl":"https:\/\/focolares.es\/wp-content\/litespeed\/avatar\/cdad09e33a37c7312cdc76ceae4bbc88.jpg?ver=1777375640","caption":"Sonia"},"url":"https:\/\/focolares.es\/en\/author\/sonia\/"}]}},"views":26,"_links":{"self":[{"href":"https:\/\/focolares.es\/en\/wp-json\/wp\/v2\/posts\/14945","targetHints":{"allow":["GET"]}}],"collection":[{"href":"https:\/\/focolares.es\/en\/wp-json\/wp\/v2\/posts"}],"about":[{"href":"https:\/\/focolares.es\/en\/wp-json\/wp\/v2\/types\/post"}],"author":[{"embeddable":true,"href":"https:\/\/focolares.es\/en\/wp-json\/wp\/v2\/users\/8"}],"replies":[{"embeddable":true,"href":"https:\/\/focolares.es\/en\/wp-json\/wp\/v2\/comments?post=14945"}],"version-history":[{"count":2,"href":"https:\/\/focolares.es\/en\/wp-json\/wp\/v2\/posts\/14945\/revisions"}],"predecessor-version":[{"id":14965,"href":"https:\/\/focolares.es\/en\/wp-json\/wp\/v2\/posts\/14945\/revisions\/14965"}],"wp:featuredmedia":[{"embeddable":true,"href":"https:\/\/focolares.es\/en\/wp-json\/wp\/v2\/media\/14946"}],"wp:attachment":[{"href":"https:\/\/focolares.es\/en\/wp-json\/wp\/v2\/media?parent=14945"}],"wp:term":[{"taxonomy":"category","embeddable":true,"href":"https:\/\/focolares.es\/en\/wp-json\/wp\/v2\/categories?post=14945"},{"taxonomy":"post_tag","embeddable":true,"href":"https:\/\/focolares.es\/en\/wp-json\/wp\/v2\/tags?post=14945"}],"curies":[{"name":"wp","href":"https:\/\/api.w.org\/{rel}","templated":true}]}}