{"id":15115,"date":"2024-11-02T22:09:00","date_gmt":"2024-11-02T21:09:00","guid":{"rendered":"https:\/\/focolares.es\/?p=15115"},"modified":"2025-02-10T23:40:49","modified_gmt":"2025-02-10T22:40:49","slug":"margaret-karram-at-the-end-of-the-synod","status":"publish","type":"post","link":"https:\/\/focolares.es\/en\/margaret-karram-al-finalizar-el-sinodo\/","title":{"rendered":"Margaret Karram at the end of the Synod"},"content":{"rendered":"<blockquote class=\"wp-block-quote is-layout-flow wp-block-quote-is-layout-flow\">\n<p>\u201cIt has been an immense grace for me, a gift from God not only personally, but I consider it a gift for the entire Focolare Movement.\u201d With these words, President Margaret Karram opens with some reflections on the synodal experience and the final document of the XVI Ordinary General Assembly of the Synod of Bishops (October 2-27, 2024), \u201cFor a Synodal Church: Communion, Participation, Mission.\u201d<\/p>\n<\/blockquote>\n\n\n\n<p><em>Activate subtitles in your language<\/em><\/p>\n\n\n\n<figure class=\"wp-block-embed is-type-video is-provider-youtube wp-block-embed-youtube wp-embed-aspect-16-9 wp-has-aspect-ratio\"><div class=\"wp-block-embed__wrapper\">\n<iframe title=\"Margaret Karram at the conclusion of the XVI Ordinary General Assembly of the Synod\" width=\"800\" height=\"450\" src=\"https:\/\/www.youtube.com\/embed\/B_kXnguig2E?feature=oembed\" frameborder=\"0\" allow=\"accelerometer; autoplay; clipboard-write; encrypted-media; gyroscope; picture-in-picture; web-share\" referrerpolicy=\"strict-origin-when-cross-origin\" allowfullscreen><\/iframe>\n<\/div><\/figure>","protected":false},"excerpt":{"rendered":"<p>The President of the Focolare participated in the work of the Synod during the month of October 2024 as a Special Guest.<\/p>","protected":false},"author":8,"featured_media":15118,"comment_status":"open","ping_status":"closed","sticky":false,"template":"","format":"standard","meta":{"_price":"","_stock":"","_tribe_ticket_header":"","_tribe_default_ticket_provider":"","_tribe_ticket_capacity":"0","_ticket_start_date":"","_ticket_end_date":"","_tribe_ticket_show_description":"","_tribe_ticket_show_not_going":false,"_tribe_ticket_use_global_stock":"","_tribe_ticket_global_stock_level":"","_global_stock_mode":"","_global_stock_cap":"","_tribe_rsvp_for_event":"","_tribe_ticket_going_count":"","_tribe_ticket_not_going_count":"","_tribe_tickets_list":"[]","_tribe_ticket_has_attendee_info_fields":false,"footnotes":""},"categories":[1],"tags":[47],"class_list":["post-15115","post","type-post","status-publish","format-standard","has-post-thumbnail","hentry","category-uncategorized","tag-iglesia"],"yoast_head":"<!-- This site is optimized with the Yoast SEO plugin v27.2 - https:\/\/yoast.com\/product\/yoast-seo-wordpress\/ -->\n<title>Margaret Karram al finalizar el S\u00ednodo - Focolares<\/title>\n<meta name=\"description\" content=\"La Presidente de los Focolares particip\u00f3 en los trabajos del S\u00ednodo durante el mes de octubre de 2024 como Invitada Especial.\" \/>\n<meta name=\"robots\" content=\"index, follow, max-snippet:-1, max-image-preview:large, max-video-preview:-1\" \/>\n<link rel=\"canonical\" href=\"https:\/\/focolares.es\/en\/margaret-karram-at-the-end-of-the-synod\/\" \/>\n<meta property=\"og:locale\" content=\"en_GB\" \/>\n<meta property=\"og:type\" content=\"article\" \/>\n<meta property=\"og:title\" content=\"Margaret Karram al finalizar el S\u00ednodo - Focolares\" \/>\n<meta property=\"og:description\" content=\"La Presidente de los Focolares particip\u00f3 en los trabajos del S\u00ednodo durante el mes de octubre de 2024 como Invitada Especial.\" \/>\n<meta property=\"og:url\" content=\"https:\/\/focolares.es\/en\/margaret-karram-at-the-end-of-the-synod\/\" \/>\n<meta property=\"og:site_name\" content=\"Movimiento de los Focolares\" \/>\n<meta property=\"article:published_time\" content=\"2024-11-02T21:09:00+00:00\" \/>\n<meta property=\"article:modified_time\" content=\"2025-02-10T22:40:49+00:00\" \/>\n<meta property=\"og:image\" content=\"https:\/\/focolares.es\/wp-content\/uploads\/2024\/11\/03-1-400x250-1.jpg\" \/>\n\t<meta property=\"og:image:width\" content=\"400\" \/>\n\t<meta property=\"og:image:height\" content=\"250\" \/>\n\t<meta property=\"og:image:type\" content=\"image\/jpeg\" \/>\n<meta name=\"author\" content=\"Sonia\" \/>\n<meta name=\"twitter:card\" content=\"summary_large_image\" \/>\n<meta name=\"twitter:label1\" content=\"Written by\" \/>\n\t<meta name=\"twitter:data1\" content=\"Sonia\" \/>\n\t<meta name=\"twitter:label2\" content=\"Estimated reading time\" \/>\n\t<meta name=\"twitter:data2\" content=\"1 minute\" \/>\n<script type=\"application\/ld+json\" class=\"yoast-schema-graph\">{\"@context\":\"https:\/\/schema.org\",\"@graph\":[{\"@type\":\"Article\",\"@id\":\"https:\/\/focolares.es\/margaret-karram-al-finalizar-el-sinodo\/#article\",\"isPartOf\":{\"@id\":\"https:\/\/focolares.es\/margaret-karram-al-finalizar-el-sinodo\/\"},\"author\":{\"name\":\"Sonia\",\"@id\":\"https:\/\/focolares.es\/#\/schema\/person\/460a502493de84fa7b318667e9a5c289\"},\"headline\":\"Margaret Karram al finalizar el S\u00ednodo\",\"datePublished\":\"2024-11-02T21:09:00+00:00\",\"dateModified\":\"2025-02-10T22:40:49+00:00\",\"mainEntityOfPage\":{\"@id\":\"https:\/\/focolares.es\/margaret-karram-al-finalizar-el-sinodo\/\"},\"wordCount\":88,\"commentCount\":0,\"publisher\":{\"@id\":\"https:\/\/focolares.es\/#organization\"},\"image\":{\"@id\":\"https:\/\/focolares.es\/margaret-karram-al-finalizar-el-sinodo\/#primaryimage\"},\"thumbnailUrl\":\"https:\/\/focolares.es\/wp-content\/uploads\/2024\/11\/03-1-400x250-1.jpg\",\"keywords\":[\"Iglesia\"],\"articleSection\":[\"Uncategorized\"],\"inLanguage\":\"en-GB\",\"potentialAction\":[{\"@type\":\"CommentAction\",\"name\":\"Comment\",\"target\":[\"https:\/\/focolares.es\/margaret-karram-al-finalizar-el-sinodo\/#respond\"]}]},{\"@type\":\"WebPage\",\"@id\":\"https:\/\/focolares.es\/margaret-karram-al-finalizar-el-sinodo\/\",\"url\":\"https:\/\/focolares.es\/margaret-karram-al-finalizar-el-sinodo\/\",\"name\":\"Margaret Karram al finalizar el S\u00ednodo - Focolares\",\"isPartOf\":{\"@id\":\"https:\/\/focolares.es\/#website\"},\"primaryImageOfPage\":{\"@id\":\"https:\/\/focolares.es\/margaret-karram-al-finalizar-el-sinodo\/#primaryimage\"},\"image\":{\"@id\":\"https:\/\/focolares.es\/margaret-karram-al-finalizar-el-sinodo\/#primaryimage\"},\"thumbnailUrl\":\"https:\/\/focolares.es\/wp-content\/uploads\/2024\/11\/03-1-400x250-1.jpg\",\"datePublished\":\"2024-11-02T21:09:00+00:00\",\"dateModified\":\"2025-02-10T22:40:49+00:00\",\"description\":\"La Presidente de los Focolares particip\u00f3 en los trabajos del S\u00ednodo durante el mes de octubre de 2024 como Invitada Especial.\",\"breadcrumb\":{\"@id\":\"https:\/\/focolares.es\/margaret-karram-al-finalizar-el-sinodo\/#breadcrumb\"},\"inLanguage\":\"en-GB\",\"potentialAction\":[{\"@type\":\"ReadAction\",\"target\":[\"https:\/\/focolares.es\/margaret-karram-al-finalizar-el-sinodo\/\"]}]},{\"@type\":\"ImageObject\",\"inLanguage\":\"en-GB\",\"@id\":\"https:\/\/focolares.es\/margaret-karram-al-finalizar-el-sinodo\/#primaryimage\",\"url\":\"https:\/\/focolares.es\/wp-content\/uploads\/2024\/11\/03-1-400x250-1.jpg\",\"contentUrl\":\"https:\/\/focolares.es\/wp-content\/uploads\/2024\/11\/03-1-400x250-1.jpg\",\"width\":400,\"height\":250},{\"@type\":\"BreadcrumbList\",\"@id\":\"https:\/\/focolares.es\/margaret-karram-al-finalizar-el-sinodo\/#breadcrumb\",\"itemListElement\":[{\"@type\":\"ListItem\",\"position\":1,\"name\":\"Portada\",\"item\":\"https:\/\/focolares.es\/\"},{\"@type\":\"ListItem\",\"position\":2,\"name\":\"Margaret Karram al finalizar el S\u00ednodo\"}]},{\"@type\":\"WebSite\",\"@id\":\"https:\/\/focolares.es\/#website\",\"url\":\"https:\/\/focolares.es\/\",\"name\":\"Movimiento de los Focolares\",\"description\":\"\",\"publisher\":{\"@id\":\"https:\/\/focolares.es\/#organization\"},\"potentialAction\":[{\"@type\":\"SearchAction\",\"target\":{\"@type\":\"EntryPoint\",\"urlTemplate\":\"https:\/\/focolares.es\/?s={search_term_string}\"},\"query-input\":{\"@type\":\"PropertyValueSpecification\",\"valueRequired\":true,\"valueName\":\"search_term_string\"}}],\"inLanguage\":\"en-GB\"},{\"@type\":\"Organization\",\"@id\":\"https:\/\/focolares.es\/#organization\",\"name\":\"Movimiento de los Focolares\",\"url\":\"https:\/\/focolares.es\/\",\"logo\":{\"@type\":\"ImageObject\",\"inLanguage\":\"en-GB\",\"@id\":\"https:\/\/focolares.es\/#\/schema\/logo\/image\/\",\"url\":\"https:\/\/focolares.es\/wp-content\/uploads\/2024\/03\/Logo_focolares-1024x944-1.jpg\",\"contentUrl\":\"https:\/\/focolares.es\/wp-content\/uploads\/2024\/03\/Logo_focolares-1024x944-1.jpg\",\"width\":1024,\"height\":944,\"caption\":\"Movimiento de los Focolares\"},\"image\":{\"@id\":\"https:\/\/focolares.es\/#\/schema\/logo\/image\/\"}},{\"@type\":\"Person\",\"@id\":\"https:\/\/focolares.es\/#\/schema\/person\/460a502493de84fa7b318667e9a5c289\",\"name\":\"Sonia\",\"image\":{\"@type\":\"ImageObject\",\"inLanguage\":\"en-GB\",\"@id\":\"https:\/\/focolares.es\/wp-content\/litespeed\/avatar\/cdad09e33a37c7312cdc76ceae4bbc88.jpg?ver=1777375640\",\"url\":\"https:\/\/focolares.es\/wp-content\/litespeed\/avatar\/cdad09e33a37c7312cdc76ceae4bbc88.jpg?ver=1777375640\",\"contentUrl\":\"https:\/\/focolares.es\/wp-content\/litespeed\/avatar\/cdad09e33a37c7312cdc76ceae4bbc88.jpg?ver=1777375640\",\"caption\":\"Sonia\"},\"url\":\"https:\/\/focolares.es\/en\/author\/sonia\/\"}]}<\/script>\n<!-- \/ Yoast SEO plugin. -->","yoast_head_json":{"title":"Margaret Karram at the end of the Synod - Focolare","description":"The President of the Focolare participated in the work of the Synod during the month of October 2024 as a Special Guest.","robots":{"index":"index","follow":"follow","max-snippet":"max-snippet:-1","max-image-preview":"max-image-preview:large","max-video-preview":"max-video-preview:-1"},"canonical":"https:\/\/focolares.es\/en\/margaret-karram-at-the-end-of-the-synod\/","og_locale":"en_GB","og_type":"article","og_title":"Margaret Karram al finalizar el S\u00ednodo - Focolares","og_description":"La Presidente de los Focolares particip\u00f3 en los trabajos del S\u00ednodo durante el mes de octubre de 2024 como Invitada Especial.","og_url":"https:\/\/focolares.es\/en\/margaret-karram-at-the-end-of-the-synod\/","og_site_name":"Movimiento de los Focolares","article_published_time":"2024-11-02T21:09:00+00:00","article_modified_time":"2025-02-10T22:40:49+00:00","og_image":[{"width":400,"height":250,"url":"https:\/\/focolares.es\/wp-content\/uploads\/2024\/11\/03-1-400x250-1.jpg","type":"image\/jpeg"}],"author":"Sonia","twitter_card":"summary_large_image","twitter_misc":{"Written by":"Sonia","Estimated reading time":"1 minute"},"schema":{"@context":"https:\/\/schema.org","@graph":[{"@type":"Article","@id":"https:\/\/focolares.es\/margaret-karram-al-finalizar-el-sinodo\/#article","isPartOf":{"@id":"https:\/\/focolares.es\/margaret-karram-al-finalizar-el-sinodo\/"},"author":{"name":"Sonia","@id":"https:\/\/focolares.es\/#\/schema\/person\/460a502493de84fa7b318667e9a5c289"},"headline":"Margaret Karram al finalizar el S\u00ednodo","datePublished":"2024-11-02T21:09:00+00:00","dateModified":"2025-02-10T22:40:49+00:00","mainEntityOfPage":{"@id":"https:\/\/focolares.es\/margaret-karram-al-finalizar-el-sinodo\/"},"wordCount":88,"commentCount":0,"publisher":{"@id":"https:\/\/focolares.es\/#organization"},"image":{"@id":"https:\/\/focolares.es\/margaret-karram-al-finalizar-el-sinodo\/#primaryimage"},"thumbnailUrl":"https:\/\/focolares.es\/wp-content\/uploads\/2024\/11\/03-1-400x250-1.jpg","keywords":["Iglesia"],"articleSection":["Uncategorized"],"inLanguage":"en-GB","potentialAction":[{"@type":"CommentAction","name":"Comment","target":["https:\/\/focolares.es\/margaret-karram-al-finalizar-el-sinodo\/#respond"]}]},{"@type":"WebPage","@id":"https:\/\/focolares.es\/margaret-karram-al-finalizar-el-sinodo\/","url":"https:\/\/focolares.es\/margaret-karram-al-finalizar-el-sinodo\/","name":"Margaret Karram at the end of the Synod - Focolare","isPartOf":{"@id":"https:\/\/focolares.es\/#website"},"primaryImageOfPage":{"@id":"https:\/\/focolares.es\/margaret-karram-al-finalizar-el-sinodo\/#primaryimage"},"image":{"@id":"https:\/\/focolares.es\/margaret-karram-al-finalizar-el-sinodo\/#primaryimage"},"thumbnailUrl":"https:\/\/focolares.es\/wp-content\/uploads\/2024\/11\/03-1-400x250-1.jpg","datePublished":"2024-11-02T21:09:00+00:00","dateModified":"2025-02-10T22:40:49+00:00","description":"The President of the Focolare participated in the work of the Synod during the month of October 2024 as a Special Guest.","breadcrumb":{"@id":"https:\/\/focolares.es\/margaret-karram-al-finalizar-el-sinodo\/#breadcrumb"},"inLanguage":"en-GB","potentialAction":[{"@type":"ReadAction","target":["https:\/\/focolares.es\/margaret-karram-al-finalizar-el-sinodo\/"]}]},{"@type":"ImageObject","inLanguage":"en-GB","@id":"https:\/\/focolares.es\/margaret-karram-al-finalizar-el-sinodo\/#primaryimage","url":"https:\/\/focolares.es\/wp-content\/uploads\/2024\/11\/03-1-400x250-1.jpg","contentUrl":"https:\/\/focolares.es\/wp-content\/uploads\/2024\/11\/03-1-400x250-1.jpg","width":400,"height":250},{"@type":"BreadcrumbList","@id":"https:\/\/focolares.es\/margaret-karram-al-finalizar-el-sinodo\/#breadcrumb","itemListElement":[{"@type":"ListItem","position":1,"name":"Portada","item":"https:\/\/focolares.es\/"},{"@type":"ListItem","position":2,"name":"Margaret Karram al finalizar el S\u00ednodo"}]},{"@type":"WebSite","@id":"https:\/\/focolares.es\/#website","url":"https:\/\/focolares.es\/","name":"Focolare Movement","description":"","publisher":{"@id":"https:\/\/focolares.es\/#organization"},"potentialAction":[{"@type":"SearchAction","target":{"@type":"EntryPoint","urlTemplate":"https:\/\/focolares.es\/?s={search_term_string}"},"query-input":{"@type":"PropertyValueSpecification","valueRequired":true,"valueName":"search_term_string"}}],"inLanguage":"en-GB"},{"@type":"Organization","@id":"https:\/\/focolares.es\/#organization","name":"Focolare Movement","url":"https:\/\/focolares.es\/","logo":{"@type":"ImageObject","inLanguage":"en-GB","@id":"https:\/\/focolares.es\/#\/schema\/logo\/image\/","url":"https:\/\/focolares.es\/wp-content\/uploads\/2024\/03\/Logo_focolares-1024x944-1.jpg","contentUrl":"https:\/\/focolares.es\/wp-content\/uploads\/2024\/03\/Logo_focolares-1024x944-1.jpg","width":1024,"height":944,"caption":"Movimiento de los Focolares"},"image":{"@id":"https:\/\/focolares.es\/#\/schema\/logo\/image\/"}},{"@type":"Person","@id":"https:\/\/focolares.es\/#\/schema\/person\/460a502493de84fa7b318667e9a5c289","name":"Sonia","image":{"@type":"ImageObject","inLanguage":"en-GB","@id":"https:\/\/focolares.es\/wp-content\/litespeed\/avatar\/cdad09e33a37c7312cdc76ceae4bbc88.jpg?ver=1777375640","url":"https:\/\/focolares.es\/wp-content\/litespeed\/avatar\/cdad09e33a37c7312cdc76ceae4bbc88.jpg?ver=1777375640","contentUrl":"https:\/\/focolares.es\/wp-content\/litespeed\/avatar\/cdad09e33a37c7312cdc76ceae4bbc88.jpg?ver=1777375640","caption":"Sonia"},"url":"https:\/\/focolares.es\/en\/author\/sonia\/"}]}},"views":50,"_links":{"self":[{"href":"https:\/\/focolares.es\/en\/wp-json\/wp\/v2\/posts\/15115","targetHints":{"allow":["GET"]}}],"collection":[{"href":"https:\/\/focolares.es\/en\/wp-json\/wp\/v2\/posts"}],"about":[{"href":"https:\/\/focolares.es\/en\/wp-json\/wp\/v2\/types\/post"}],"author":[{"embeddable":true,"href":"https:\/\/focolares.es\/en\/wp-json\/wp\/v2\/users\/8"}],"replies":[{"embeddable":true,"href":"https:\/\/focolares.es\/en\/wp-json\/wp\/v2\/comments?post=15115"}],"version-history":[{"count":1,"href":"https:\/\/focolares.es\/en\/wp-json\/wp\/v2\/posts\/15115\/revisions"}],"predecessor-version":[{"id":15116,"href":"https:\/\/focolares.es\/en\/wp-json\/wp\/v2\/posts\/15115\/revisions\/15116"}],"wp:featuredmedia":[{"embeddable":true,"href":"https:\/\/focolares.es\/en\/wp-json\/wp\/v2\/media\/15118"}],"wp:attachment":[{"href":"https:\/\/focolares.es\/en\/wp-json\/wp\/v2\/media?parent=15115"}],"wp:term":[{"taxonomy":"category","embeddable":true,"href":"https:\/\/focolares.es\/en\/wp-json\/wp\/v2\/categories?post=15115"},{"taxonomy":"post_tag","embeddable":true,"href":"https:\/\/focolares.es\/en\/wp-json\/wp\/v2\/tags?post=15115"}],"curies":[{"name":"wp","href":"https:\/\/api.w.org\/{rel}","templated":true}]}}