{"id":15466,"date":"2025-02-15T14:38:00","date_gmt":"2025-02-15T13:38:00","guid":{"rendered":"https:\/\/focolares.es\/?p=15466"},"modified":"2025-03-05T14:02:11","modified_gmt":"2025-03-05T13:02:11","slug":"manifesto-for-fraternity","status":"publish","type":"post","link":"https:\/\/focolares.es\/en\/manifiesto-por-la-fraternidad\/","title":{"rendered":"Manifesto for Fraternity"},"content":{"rendered":"<h4 class=\"wp-block-heading\"><strong><em>\u201cAnyone who, alone, sets out today to move the mountains of indifference, hatred, and violence has an enormous task. But what may be impossible for millions of isolated and distant people may be possible for people who have made universal brotherhood the essential motivation of their lives.\u201d<\/em><\/strong><\/h4>\n\n\n\n<div class=\"wp-block-media-text is-stacked-on-mobile\" style=\"grid-template-columns:32% auto\"><figure class=\"wp-block-media-text__media\"><img fetchpriority=\"high\" decoding=\"async\" width=\"300\" height=\"300\" src=\"https:\/\/focolares.es\/wp-content\/uploads\/2025\/03\/Dia-Fraternidad-300x300-1.png\" alt=\"\" class=\"wp-image-15468 size-full\" srcset=\"https:\/\/focolares.es\/wp-content\/uploads\/2025\/03\/Dia-Fraternidad-300x300-1.png 300w, https:\/\/focolares.es\/wp-content\/uploads\/2025\/03\/Dia-Fraternidad-300x300-1-150x150.png 150w, https:\/\/focolares.es\/wp-content\/uploads\/2025\/03\/Dia-Fraternidad-300x300-1-12x12.png 12w\" sizes=\"(max-width: 300px) 100vw, 300px\" \/><\/figure><div class=\"wp-block-media-text__content\">\n<p>These words of&nbsp;<strong>Chiara Lubich<\/strong>, in his speech before the&nbsp;<strong>European Parliament<\/strong>&nbsp;in the session of September 15, 1998, are the inspirations for, the&nbsp;<a href=\"https:\/\/ciudadesporlafraternidad.blogspot.com\/\" target=\"_blank\" rel=\"noreferrer noopener\"><em>\u201cCities for Fraternity Association\u201d<\/em><\/a>, of the principles on which it carries out its activities. Its president,&nbsp;<strong>Pilar Ferrero,<\/strong>&nbsp;He explains it briefly in the video that can be viewed at the link above.<\/p>\n<\/div><\/div>\n\n\n\n<p>On the occasion of the celebration, last&nbsp;<strong>February 4, 2025<\/strong>, of the&nbsp;<a href=\"https:\/\/www.un.org\/es\/observances\/human-fraternity\" target=\"_blank\" rel=\"noreferrer noopener\"><strong>International Day of Human Fraternity<\/strong><\/a>, the&nbsp;<em>\u201cCities for Fraternity Association\u201d<\/em>&nbsp;developed a&nbsp;<strong>Manifesto for Fraternity,&nbsp;<\/strong>whose text is presented below:<\/p>\n\n\n\n<p>UN Resolution 75\/200 states that human fraternity is a concept that emphasizes the connection and solidarity among all human beings, regardless of their cultural, religious, ethnic, political, or social differences. It is based on the idea that all human beings share an inherent dignity and worth simply by virtue of their belonging to humanity.<\/p>\n\n\n\n<p>From belonging to the great human family, we are located in a specific place where we live and interact: the city. Fraternity allows us to introduce new principles into everyday political action; therefore, the presence of city councils as partners is important.<\/p>\n\n\n\n<p>Local governments are committed to incorporating fraternity as part of their political project, ensuring that they never govern against anyone, not just as an expression of a section of citizens, but of all citizens.<\/p>\n\n\n\n<p><strong>Fraternity is not an &quot;add-on&quot; to politics, but its essence<\/strong>, and would have to define the methods and objectives of the latter; only by placing fraternity in its authentic category does politics acquire its true meaning: above all, service to the community, with the citizen as the active subject.<\/p>\n\n\n\n<p>Chiara Lubich, founder of the <em>Focolare Movement<\/em>, stated in the European Parliament (Session of 15 September 1998): <em>&quot;Anyone who, alone, sets out today to move the mountains of indifference, hatred, and violence has an enormous task. But what may be impossible for millions of isolated and distant people may be possible for people who have made universal brotherhood the essential motivation of their lives.&quot;<\/em>.<\/p>\n\n\n\n<p>These inspiring words can help achieve the goals of an experience of commitment to dialogue and the creation of an open network of municipalities and other local and regional entities, involving active citizens, militant politicians from various political parties and movements, public officials, and associations interested in city life and seeking to create a permanent workspace for positive experiences that can be networked and multiplied, and where peace, human rights, social justice, and, above all, universal brotherhood are manifested.<\/p>\n\n\n\n<p class=\"has-text-align-right\"><em>Association of Cities for Fraternity<\/em><br><em>February 4, 2025<\/em><\/p>\n\n\n\n<hr class=\"wp-block-separator has-text-color has-alpha-channel-opacity has-background\" style=\"background-color:#dddddd;color:#dddddd\"\/>\n\n\n\n<p><a href=\"https:\/\/focolares.es\/wp-content\/uploads\/2025\/03\/MANIFIESTO-POR-LA-FRATERNIDAD_C.pdf\" target=\"_blank\" rel=\"noreferrer noopener\">Download the manifesto<\/a><\/p>\n\n\n\n<p><\/p>","protected":false},"excerpt":{"rendered":"<p>Manifesto for Fraternity on the occasion of the celebration, on February 4, 2025, of the International Day of Human Fraternity.<\/p>","protected":false},"author":8,"featured_media":15467,"comment_status":"open","ping_status":"closed","sticky":false,"template":"","format":"standard","meta":{"_price":"","_stock":"","_tribe_ticket_header":"","_tribe_default_ticket_provider":"","_tribe_ticket_capacity":"0","_ticket_start_date":"","_ticket_end_date":"","_tribe_ticket_show_description":"","_tribe_ticket_show_not_going":false,"_tribe_ticket_use_global_stock":"","_tribe_ticket_global_stock_level":"","_global_stock_mode":"","_global_stock_cap":"","_tribe_rsvp_for_event":"","_tribe_ticket_going_count":"","_tribe_ticket_not_going_count":"","_tribe_tickets_list":"[]","_tribe_ticket_has_attendee_info_fields":false,"footnotes":""},"categories":[1],"tags":[42],"class_list":["post-15466","post","type-post","status-publish","format-standard","has-post-thumbnail","hentry","category-uncategorized","tag-comunicado"],"yoast_head":"<!-- This site is optimized with the Yoast SEO plugin v27.2 - https:\/\/yoast.com\/product\/yoast-seo-wordpress\/ -->\n<title>Manifiesto por la Fraternidad - Movimiento de los Focolares<\/title>\n<meta name=\"description\" content=\"Manifiesto por la Fraternidad con ocasi\u00f3n de la celebraci\u00f3n, el pasado 4 de febrero de 2025, del D\u00eda Internacional de la Fraternidad Humana.\" \/>\n<meta name=\"robots\" content=\"index, follow, max-snippet:-1, max-image-preview:large, max-video-preview:-1\" \/>\n<link rel=\"canonical\" href=\"https:\/\/focolares.es\/en\/manifesto-for-fraternity\/\" \/>\n<meta property=\"og:locale\" content=\"en_GB\" \/>\n<meta property=\"og:type\" content=\"article\" \/>\n<meta property=\"og:title\" content=\"Manifiesto por la Fraternidad - Movimiento de los Focolares\" \/>\n<meta property=\"og:description\" content=\"Manifiesto por la Fraternidad con ocasi\u00f3n de la celebraci\u00f3n, el pasado 4 de febrero de 2025, del D\u00eda Internacional de la Fraternidad Humana.\" \/>\n<meta property=\"og:url\" content=\"https:\/\/focolares.es\/en\/manifesto-for-fraternity\/\" \/>\n<meta property=\"og:site_name\" content=\"Movimiento de los Focolares\" \/>\n<meta property=\"article:published_time\" content=\"2025-02-15T13:38:00+00:00\" \/>\n<meta property=\"article:modified_time\" content=\"2025-03-05T13:02:11+00:00\" \/>\n<meta property=\"og:image\" content=\"https:\/\/focolares.es\/wp-content\/uploads\/2025\/03\/Ciudades-Fraternidad-300x200-1.png\" \/>\n\t<meta property=\"og:image:width\" content=\"300\" \/>\n\t<meta property=\"og:image:height\" content=\"169\" \/>\n\t<meta property=\"og:image:type\" content=\"image\/png\" \/>\n<meta name=\"author\" content=\"Sonia\" \/>\n<meta name=\"twitter:card\" content=\"summary_large_image\" \/>\n<meta name=\"twitter:label1\" content=\"Written by\" \/>\n\t<meta name=\"twitter:data1\" content=\"Sonia\" \/>\n\t<meta name=\"twitter:label2\" content=\"Estimated reading time\" \/>\n\t<meta name=\"twitter:data2\" content=\"3 minutes\" \/>\n<script type=\"application\/ld+json\" class=\"yoast-schema-graph\">{\"@context\":\"https:\/\/schema.org\",\"@graph\":[{\"@type\":\"Article\",\"@id\":\"https:\/\/focolares.es\/manifiesto-por-la-fraternidad\/#article\",\"isPartOf\":{\"@id\":\"https:\/\/focolares.es\/manifiesto-por-la-fraternidad\/\"},\"author\":{\"name\":\"Sonia\",\"@id\":\"https:\/\/focolares.es\/#\/schema\/person\/460a502493de84fa7b318667e9a5c289\"},\"headline\":\"Manifiesto por la Fraternidad\",\"datePublished\":\"2025-02-15T13:38:00+00:00\",\"dateModified\":\"2025-03-05T13:02:11+00:00\",\"mainEntityOfPage\":{\"@id\":\"https:\/\/focolares.es\/manifiesto-por-la-fraternidad\/\"},\"wordCount\":577,\"commentCount\":0,\"publisher\":{\"@id\":\"https:\/\/focolares.es\/#organization\"},\"image\":{\"@id\":\"https:\/\/focolares.es\/manifiesto-por-la-fraternidad\/#primaryimage\"},\"thumbnailUrl\":\"https:\/\/focolares.es\/wp-content\/uploads\/2025\/03\/Ciudades-Fraternidad-300x200-1.png\",\"keywords\":[\"Comunicado\"],\"articleSection\":[\"Uncategorized\"],\"inLanguage\":\"en-GB\",\"potentialAction\":[{\"@type\":\"CommentAction\",\"name\":\"Comment\",\"target\":[\"https:\/\/focolares.es\/manifiesto-por-la-fraternidad\/#respond\"]}]},{\"@type\":\"WebPage\",\"@id\":\"https:\/\/focolares.es\/manifiesto-por-la-fraternidad\/\",\"url\":\"https:\/\/focolares.es\/manifiesto-por-la-fraternidad\/\",\"name\":\"Manifiesto por la Fraternidad - Movimiento de los Focolares\",\"isPartOf\":{\"@id\":\"https:\/\/focolares.es\/#website\"},\"primaryImageOfPage\":{\"@id\":\"https:\/\/focolares.es\/manifiesto-por-la-fraternidad\/#primaryimage\"},\"image\":{\"@id\":\"https:\/\/focolares.es\/manifiesto-por-la-fraternidad\/#primaryimage\"},\"thumbnailUrl\":\"https:\/\/focolares.es\/wp-content\/uploads\/2025\/03\/Ciudades-Fraternidad-300x200-1.png\",\"datePublished\":\"2025-02-15T13:38:00+00:00\",\"dateModified\":\"2025-03-05T13:02:11+00:00\",\"description\":\"Manifiesto por la Fraternidad con ocasi\u00f3n de la celebraci\u00f3n, el pasado 4 de febrero de 2025, del D\u00eda Internacional de la Fraternidad Humana.\",\"breadcrumb\":{\"@id\":\"https:\/\/focolares.es\/manifiesto-por-la-fraternidad\/#breadcrumb\"},\"inLanguage\":\"en-GB\",\"potentialAction\":[{\"@type\":\"ReadAction\",\"target\":[\"https:\/\/focolares.es\/manifiesto-por-la-fraternidad\/\"]}]},{\"@type\":\"ImageObject\",\"inLanguage\":\"en-GB\",\"@id\":\"https:\/\/focolares.es\/manifiesto-por-la-fraternidad\/#primaryimage\",\"url\":\"https:\/\/focolares.es\/wp-content\/uploads\/2025\/03\/Ciudades-Fraternidad-300x200-1.png\",\"contentUrl\":\"https:\/\/focolares.es\/wp-content\/uploads\/2025\/03\/Ciudades-Fraternidad-300x200-1.png\",\"width\":300,\"height\":169},{\"@type\":\"BreadcrumbList\",\"@id\":\"https:\/\/focolares.es\/manifiesto-por-la-fraternidad\/#breadcrumb\",\"itemListElement\":[{\"@type\":\"ListItem\",\"position\":1,\"name\":\"Portada\",\"item\":\"https:\/\/focolares.es\/\"},{\"@type\":\"ListItem\",\"position\":2,\"name\":\"Manifiesto por la Fraternidad\"}]},{\"@type\":\"WebSite\",\"@id\":\"https:\/\/focolares.es\/#website\",\"url\":\"https:\/\/focolares.es\/\",\"name\":\"Movimiento de los Focolares\",\"description\":\"\",\"publisher\":{\"@id\":\"https:\/\/focolares.es\/#organization\"},\"potentialAction\":[{\"@type\":\"SearchAction\",\"target\":{\"@type\":\"EntryPoint\",\"urlTemplate\":\"https:\/\/focolares.es\/?s={search_term_string}\"},\"query-input\":{\"@type\":\"PropertyValueSpecification\",\"valueRequired\":true,\"valueName\":\"search_term_string\"}}],\"inLanguage\":\"en-GB\"},{\"@type\":\"Organization\",\"@id\":\"https:\/\/focolares.es\/#organization\",\"name\":\"Movimiento de los Focolares\",\"url\":\"https:\/\/focolares.es\/\",\"logo\":{\"@type\":\"ImageObject\",\"inLanguage\":\"en-GB\",\"@id\":\"https:\/\/focolares.es\/#\/schema\/logo\/image\/\",\"url\":\"https:\/\/focolares.es\/wp-content\/uploads\/2024\/03\/Logo_focolares-1024x944-1.jpg\",\"contentUrl\":\"https:\/\/focolares.es\/wp-content\/uploads\/2024\/03\/Logo_focolares-1024x944-1.jpg\",\"width\":1024,\"height\":944,\"caption\":\"Movimiento de los Focolares\"},\"image\":{\"@id\":\"https:\/\/focolares.es\/#\/schema\/logo\/image\/\"}},{\"@type\":\"Person\",\"@id\":\"https:\/\/focolares.es\/#\/schema\/person\/460a502493de84fa7b318667e9a5c289\",\"name\":\"Sonia\",\"image\":{\"@type\":\"ImageObject\",\"inLanguage\":\"en-GB\",\"@id\":\"https:\/\/focolares.es\/wp-content\/litespeed\/avatar\/cdad09e33a37c7312cdc76ceae4bbc88.jpg?ver=1777375640\",\"url\":\"https:\/\/focolares.es\/wp-content\/litespeed\/avatar\/cdad09e33a37c7312cdc76ceae4bbc88.jpg?ver=1777375640\",\"contentUrl\":\"https:\/\/focolares.es\/wp-content\/litespeed\/avatar\/cdad09e33a37c7312cdc76ceae4bbc88.jpg?ver=1777375640\",\"caption\":\"Sonia\"},\"url\":\"https:\/\/focolares.es\/en\/author\/sonia\/\"}]}<\/script>\n<!-- \/ Yoast SEO plugin. -->","yoast_head_json":{"title":"Manifesto for Fraternity - Focolare Movement","description":"Manifesto for Fraternity on the occasion of the celebration, on February 4, 2025, of the International Day of Human Fraternity.","robots":{"index":"index","follow":"follow","max-snippet":"max-snippet:-1","max-image-preview":"max-image-preview:large","max-video-preview":"max-video-preview:-1"},"canonical":"https:\/\/focolares.es\/en\/manifesto-for-fraternity\/","og_locale":"en_GB","og_type":"article","og_title":"Manifiesto por la Fraternidad - Movimiento de los Focolares","og_description":"Manifiesto por la Fraternidad con ocasi\u00f3n de la celebraci\u00f3n, el pasado 4 de febrero de 2025, del D\u00eda Internacional de la Fraternidad Humana.","og_url":"https:\/\/focolares.es\/en\/manifesto-for-fraternity\/","og_site_name":"Movimiento de los Focolares","article_published_time":"2025-02-15T13:38:00+00:00","article_modified_time":"2025-03-05T13:02:11+00:00","og_image":[{"width":300,"height":169,"url":"https:\/\/focolares.es\/wp-content\/uploads\/2025\/03\/Ciudades-Fraternidad-300x200-1.png","type":"image\/png"}],"author":"Sonia","twitter_card":"summary_large_image","twitter_misc":{"Written by":"Sonia","Estimated reading time":"3 minutes"},"schema":{"@context":"https:\/\/schema.org","@graph":[{"@type":"Article","@id":"https:\/\/focolares.es\/manifiesto-por-la-fraternidad\/#article","isPartOf":{"@id":"https:\/\/focolares.es\/manifiesto-por-la-fraternidad\/"},"author":{"name":"Sonia","@id":"https:\/\/focolares.es\/#\/schema\/person\/460a502493de84fa7b318667e9a5c289"},"headline":"Manifiesto por la Fraternidad","datePublished":"2025-02-15T13:38:00+00:00","dateModified":"2025-03-05T13:02:11+00:00","mainEntityOfPage":{"@id":"https:\/\/focolares.es\/manifiesto-por-la-fraternidad\/"},"wordCount":577,"commentCount":0,"publisher":{"@id":"https:\/\/focolares.es\/#organization"},"image":{"@id":"https:\/\/focolares.es\/manifiesto-por-la-fraternidad\/#primaryimage"},"thumbnailUrl":"https:\/\/focolares.es\/wp-content\/uploads\/2025\/03\/Ciudades-Fraternidad-300x200-1.png","keywords":["Comunicado"],"articleSection":["Uncategorized"],"inLanguage":"en-GB","potentialAction":[{"@type":"CommentAction","name":"Comment","target":["https:\/\/focolares.es\/manifiesto-por-la-fraternidad\/#respond"]}]},{"@type":"WebPage","@id":"https:\/\/focolares.es\/manifiesto-por-la-fraternidad\/","url":"https:\/\/focolares.es\/manifiesto-por-la-fraternidad\/","name":"Manifesto for Fraternity - Focolare Movement","isPartOf":{"@id":"https:\/\/focolares.es\/#website"},"primaryImageOfPage":{"@id":"https:\/\/focolares.es\/manifiesto-por-la-fraternidad\/#primaryimage"},"image":{"@id":"https:\/\/focolares.es\/manifiesto-por-la-fraternidad\/#primaryimage"},"thumbnailUrl":"https:\/\/focolares.es\/wp-content\/uploads\/2025\/03\/Ciudades-Fraternidad-300x200-1.png","datePublished":"2025-02-15T13:38:00+00:00","dateModified":"2025-03-05T13:02:11+00:00","description":"Manifesto for Fraternity on the occasion of the celebration, on February 4, 2025, of the International Day of Human Fraternity.","breadcrumb":{"@id":"https:\/\/focolares.es\/manifiesto-por-la-fraternidad\/#breadcrumb"},"inLanguage":"en-GB","potentialAction":[{"@type":"ReadAction","target":["https:\/\/focolares.es\/manifiesto-por-la-fraternidad\/"]}]},{"@type":"ImageObject","inLanguage":"en-GB","@id":"https:\/\/focolares.es\/manifiesto-por-la-fraternidad\/#primaryimage","url":"https:\/\/focolares.es\/wp-content\/uploads\/2025\/03\/Ciudades-Fraternidad-300x200-1.png","contentUrl":"https:\/\/focolares.es\/wp-content\/uploads\/2025\/03\/Ciudades-Fraternidad-300x200-1.png","width":300,"height":169},{"@type":"BreadcrumbList","@id":"https:\/\/focolares.es\/manifiesto-por-la-fraternidad\/#breadcrumb","itemListElement":[{"@type":"ListItem","position":1,"name":"Portada","item":"https:\/\/focolares.es\/"},{"@type":"ListItem","position":2,"name":"Manifiesto por la Fraternidad"}]},{"@type":"WebSite","@id":"https:\/\/focolares.es\/#website","url":"https:\/\/focolares.es\/","name":"Focolare Movement","description":"","publisher":{"@id":"https:\/\/focolares.es\/#organization"},"potentialAction":[{"@type":"SearchAction","target":{"@type":"EntryPoint","urlTemplate":"https:\/\/focolares.es\/?s={search_term_string}"},"query-input":{"@type":"PropertyValueSpecification","valueRequired":true,"valueName":"search_term_string"}}],"inLanguage":"en-GB"},{"@type":"Organization","@id":"https:\/\/focolares.es\/#organization","name":"Focolare Movement","url":"https:\/\/focolares.es\/","logo":{"@type":"ImageObject","inLanguage":"en-GB","@id":"https:\/\/focolares.es\/#\/schema\/logo\/image\/","url":"https:\/\/focolares.es\/wp-content\/uploads\/2024\/03\/Logo_focolares-1024x944-1.jpg","contentUrl":"https:\/\/focolares.es\/wp-content\/uploads\/2024\/03\/Logo_focolares-1024x944-1.jpg","width":1024,"height":944,"caption":"Movimiento de los Focolares"},"image":{"@id":"https:\/\/focolares.es\/#\/schema\/logo\/image\/"}},{"@type":"Person","@id":"https:\/\/focolares.es\/#\/schema\/person\/460a502493de84fa7b318667e9a5c289","name":"Sonia","image":{"@type":"ImageObject","inLanguage":"en-GB","@id":"https:\/\/focolares.es\/wp-content\/litespeed\/avatar\/cdad09e33a37c7312cdc76ceae4bbc88.jpg?ver=1777375640","url":"https:\/\/focolares.es\/wp-content\/litespeed\/avatar\/cdad09e33a37c7312cdc76ceae4bbc88.jpg?ver=1777375640","contentUrl":"https:\/\/focolares.es\/wp-content\/litespeed\/avatar\/cdad09e33a37c7312cdc76ceae4bbc88.jpg?ver=1777375640","caption":"Sonia"},"url":"https:\/\/focolares.es\/en\/author\/sonia\/"}]}},"views":86,"_links":{"self":[{"href":"https:\/\/focolares.es\/en\/wp-json\/wp\/v2\/posts\/15466","targetHints":{"allow":["GET"]}}],"collection":[{"href":"https:\/\/focolares.es\/en\/wp-json\/wp\/v2\/posts"}],"about":[{"href":"https:\/\/focolares.es\/en\/wp-json\/wp\/v2\/types\/post"}],"author":[{"embeddable":true,"href":"https:\/\/focolares.es\/en\/wp-json\/wp\/v2\/users\/8"}],"replies":[{"embeddable":true,"href":"https:\/\/focolares.es\/en\/wp-json\/wp\/v2\/comments?post=15466"}],"version-history":[{"count":10,"href":"https:\/\/focolares.es\/en\/wp-json\/wp\/v2\/posts\/15466\/revisions"}],"predecessor-version":[{"id":15533,"href":"https:\/\/focolares.es\/en\/wp-json\/wp\/v2\/posts\/15466\/revisions\/15533"}],"wp:featuredmedia":[{"embeddable":true,"href":"https:\/\/focolares.es\/en\/wp-json\/wp\/v2\/media\/15467"}],"wp:attachment":[{"href":"https:\/\/focolares.es\/en\/wp-json\/wp\/v2\/media?parent=15466"}],"wp:term":[{"taxonomy":"category","embeddable":true,"href":"https:\/\/focolares.es\/en\/wp-json\/wp\/v2\/categories?post=15466"},{"taxonomy":"post_tag","embeddable":true,"href":"https:\/\/focolares.es\/en\/wp-json\/wp\/v2\/tags?post=15466"}],"curies":[{"name":"wp","href":"https:\/\/api.w.org\/{rel}","templated":true}]}}