{"id":16017,"date":"2025-05-07T00:37:38","date_gmt":"2025-05-06T22:37:38","guid":{"rendered":"https:\/\/focolares.es\/?p=16017"},"modified":"2025-05-10T18:12:42","modified_gmt":"2025-05-10T16:12:42","slug":"protection-2024-report-a-comprehensive-conversion","status":"publish","type":"post","link":"https:\/\/focolares.es\/en\/informe-proteccion-2024-una-conversion-integral\/","title":{"rendered":"Protection 2024 Report: A Comprehensive Conversion"},"content":{"rendered":"<h4 class=\"wp-block-heading\">\u00ab<em>When you implement preventive practices, you are writing a promise: that every child, every vulnerable person, will find a safe environment in the ecclesial community. This is the driving force behind what should be an integral conversion for us.<\/em><sup data-fn=\"1fccd7df-f428-464a-90b6-e080c9bb3d1d\" class=\"fn\"><a id=\"1fccd7df-f428-464a-90b6-e080c9bb3d1d-link\" href=\"#1fccd7df-f428-464a-90b6-e080c9bb3d1d\">1<\/a><\/sup><em> <\/em><\/h4>\n\n\n\n<div style=\"height:30px\" aria-hidden=\"true\" class=\"wp-block-spacer\"><\/div>\n\n\n\n<p>The 2024 report on the Focolare Movement&#039;s activities in the field of protection of the person has now been published. We introduced it with the words of the&nbsp;<em>Pope Francis<\/em>&nbsp;recently addressed the Pontifical Commission for the Protection of Minors. We feel strongly called to carry out this&nbsp;<em>\u201cintegral conversion\u201d<\/em>&nbsp;to which the Holy Father appeals: to continue with perseverance on the path of formation and authentic closeness, aware of the need for change so that each person feels safe, loved, and respected in our environments and in our various activities.<\/p>\n\n\n\n<p>From the perspective of Protection, three elements characterized the Focolare Movement last year:&nbsp;<\/p>\n\n\n\n<ul class=\"wp-block-list\">\n<li><strong>Listening to and participation of victims and witnesses<\/strong>In various ways, the victims were able to tell their stories of great suffering and the grave consequences for their lives and the communities they were or continue to be part of. Listening to these people marked a turning point for everyone present.<\/li>\n<\/ul>\n\n\n\n<ul class=\"wp-block-list\">\n<li>L<strong>the expansion of courses and training events&nbsp;<\/strong>for all participants;<br><\/li>\n\n\n\n<li><strong>Updated, implemented and prepared regulatory documents and guidelines<\/strong>, with the update of the Protocol for cases of abuse and the drafting of the Guidelines for listening and reception services.<\/li>\n<\/ul>\n\n\n\n<div style=\"height:27px\" aria-hidden=\"true\" class=\"wp-block-spacer\"><\/div>\n\n\n<ol class=\"wp-block-footnotes\"><li id=\"1fccd7df-f428-464a-90b6-e080c9bb3d1d\"><em><a href=\"https:\/\/www.vatican.va\/content\/francesco\/es\/messages\/pont-messages\/2025\/documents\/20250320-messaggio-tutela-minori.html\" target=\"_blank\" rel=\"noreferrer noopener\">Message of the Holy Father Francis to the Plenary Assembly of the Pontifical Commission for the Protection of Minors<\/a>March 25, 2025.<\/em> <a href=\"#1fccd7df-f428-464a-90b6-e080c9bb3d1d-link\" aria-label=\"Jump to footnote reference 1\">\u21a9\ufe0e<\/a><\/li><\/ol>\n\n\n<p><\/p>","protected":false},"excerpt":{"rendered":"<p>2024 Report on the activities of the Focolare Movement in the field of the Protection of Persons.<\/p>","protected":false},"author":8,"featured_media":16170,"comment_status":"open","ping_status":"closed","sticky":false,"template":"","format":"standard","meta":{"_price":"","_stock":"","_tribe_ticket_header":"","_tribe_default_ticket_provider":"","_tribe_ticket_capacity":"0","_ticket_start_date":"","_ticket_end_date":"","_tribe_ticket_show_description":"","_tribe_ticket_show_not_going":false,"_tribe_ticket_use_global_stock":"","_tribe_ticket_global_stock_level":"","_global_stock_mode":"","_global_stock_cap":"","_tribe_rsvp_for_event":"","_tribe_ticket_going_count":"","_tribe_ticket_not_going_count":"","_tribe_tickets_list":"[]","_tribe_ticket_has_attendee_info_fields":false,"footnotes":"[{\"content\":\"<em><a href=\\\"https:\/\/www.vatican.va\/content\/francesco\/es\/messages\/pont-messages\/2025\/documents\/20250320-messaggio-tutela-minori.html\\\" target=\\\"_blank\\\" rel=\\\"noreferrer noopener\\\">Mensaje del Santo Padre Francisco a la Asamblea plenaria de la Comisi\u00f3n Pontificia para la Protecci\u00f3n de los menores<\/a>, 25 de marzo de 2025.<\/em>\",\"id\":\"1fccd7df-f428-464a-90b6-e080c9bb3d1d\"}]"},"categories":[1],"tags":[41],"class_list":["post-16017","post","type-post","status-publish","format-standard","has-post-thumbnail","hentry","category-uncategorized","tag-entornos-seguros"],"yoast_head":"<!-- This site is optimized with the Yoast SEO plugin v27.2 - https:\/\/yoast.com\/product\/yoast-seo-wordpress\/ -->\n<title>Informe Protecci\u00f3n 2024: una conversi\u00f3n integral - Movimiento de los Focolares<\/title>\n<meta name=\"description\" content=\"Informe Protecci\u00f3n 2024: una conversi\u00f3n integral\" \/>\n<meta name=\"robots\" content=\"index, follow, max-snippet:-1, max-image-preview:large, max-video-preview:-1\" \/>\n<link rel=\"canonical\" href=\"https:\/\/focolares.es\/en\/protection-2024-report-a-comprehensive-conversion\/\" \/>\n<meta property=\"og:locale\" content=\"en_GB\" \/>\n<meta property=\"og:type\" content=\"article\" \/>\n<meta property=\"og:title\" content=\"Informe Protecci\u00f3n 2024: una conversi\u00f3n integral - Movimiento de los Focolares\" \/>\n<meta property=\"og:description\" content=\"Informe Protecci\u00f3n 2024: una conversi\u00f3n integral\" \/>\n<meta property=\"og:url\" content=\"https:\/\/focolares.es\/en\/protection-2024-report-a-comprehensive-conversion\/\" \/>\n<meta property=\"og:site_name\" content=\"Movimiento de los Focolares\" \/>\n<meta property=\"article:published_time\" content=\"2025-05-06T22:37:38+00:00\" \/>\n<meta property=\"article:modified_time\" content=\"2025-05-10T16:12:42+00:00\" \/>\n<meta property=\"og:image\" content=\"https:\/\/focolares.es\/wp-content\/uploads\/2025\/05\/IMG-DEST-Entornos_seguros-16-9.jpg\" \/>\n\t<meta property=\"og:image:width\" content=\"1280\" \/>\n\t<meta property=\"og:image:height\" content=\"720\" \/>\n\t<meta property=\"og:image:type\" content=\"image\/jpeg\" \/>\n<meta name=\"author\" content=\"Sonia\" \/>\n<meta name=\"twitter:card\" content=\"summary_large_image\" \/>\n<meta name=\"twitter:label1\" content=\"Written by\" \/>\n\t<meta name=\"twitter:data1\" content=\"Sonia\" \/>\n\t<meta name=\"twitter:label2\" content=\"Estimated reading time\" \/>\n\t<meta name=\"twitter:data2\" content=\"2 minutes\" \/>\n<script type=\"application\/ld+json\" class=\"yoast-schema-graph\">{\"@context\":\"https:\/\/schema.org\",\"@graph\":[{\"@type\":\"Article\",\"@id\":\"https:\/\/focolares.es\/informe-proteccion-2024-una-conversion-integral\/#article\",\"isPartOf\":{\"@id\":\"https:\/\/focolares.es\/informe-proteccion-2024-una-conversion-integral\/\"},\"author\":{\"name\":\"Sonia\",\"@id\":\"https:\/\/focolares.es\/#\/schema\/person\/460a502493de84fa7b318667e9a5c289\"},\"headline\":\"Informe Protecci\u00f3n 2024: una conversi\u00f3n integral\",\"datePublished\":\"2025-05-06T22:37:38+00:00\",\"dateModified\":\"2025-05-10T16:12:42+00:00\",\"mainEntityOfPage\":{\"@id\":\"https:\/\/focolares.es\/informe-proteccion-2024-una-conversion-integral\/\"},\"wordCount\":303,\"commentCount\":0,\"publisher\":{\"@id\":\"https:\/\/focolares.es\/#organization\"},\"image\":{\"@id\":\"https:\/\/focolares.es\/informe-proteccion-2024-una-conversion-integral\/#primaryimage\"},\"thumbnailUrl\":\"https:\/\/focolares.es\/wp-content\/uploads\/2025\/05\/IMG-DEST-Entornos_seguros-16-9.jpg\",\"keywords\":[\"Entornos seguros\"],\"articleSection\":[\"Uncategorized\"],\"inLanguage\":\"en-GB\",\"potentialAction\":[{\"@type\":\"CommentAction\",\"name\":\"Comment\",\"target\":[\"https:\/\/focolares.es\/informe-proteccion-2024-una-conversion-integral\/#respond\"]}]},{\"@type\":\"WebPage\",\"@id\":\"https:\/\/focolares.es\/informe-proteccion-2024-una-conversion-integral\/\",\"url\":\"https:\/\/focolares.es\/informe-proteccion-2024-una-conversion-integral\/\",\"name\":\"Informe Protecci\u00f3n 2024: una conversi\u00f3n integral - Movimiento de los Focolares\",\"isPartOf\":{\"@id\":\"https:\/\/focolares.es\/#website\"},\"primaryImageOfPage\":{\"@id\":\"https:\/\/focolares.es\/informe-proteccion-2024-una-conversion-integral\/#primaryimage\"},\"image\":{\"@id\":\"https:\/\/focolares.es\/informe-proteccion-2024-una-conversion-integral\/#primaryimage\"},\"thumbnailUrl\":\"https:\/\/focolares.es\/wp-content\/uploads\/2025\/05\/IMG-DEST-Entornos_seguros-16-9.jpg\",\"datePublished\":\"2025-05-06T22:37:38+00:00\",\"dateModified\":\"2025-05-10T16:12:42+00:00\",\"description\":\"Informe Protecci\u00f3n 2024: una conversi\u00f3n integral\",\"breadcrumb\":{\"@id\":\"https:\/\/focolares.es\/informe-proteccion-2024-una-conversion-integral\/#breadcrumb\"},\"inLanguage\":\"en-GB\",\"potentialAction\":[{\"@type\":\"ReadAction\",\"target\":[\"https:\/\/focolares.es\/informe-proteccion-2024-una-conversion-integral\/\"]}]},{\"@type\":\"ImageObject\",\"inLanguage\":\"en-GB\",\"@id\":\"https:\/\/focolares.es\/informe-proteccion-2024-una-conversion-integral\/#primaryimage\",\"url\":\"https:\/\/focolares.es\/wp-content\/uploads\/2025\/05\/IMG-DEST-Entornos_seguros-16-9.jpg\",\"contentUrl\":\"https:\/\/focolares.es\/wp-content\/uploads\/2025\/05\/IMG-DEST-Entornos_seguros-16-9.jpg\",\"width\":1280,\"height\":720},{\"@type\":\"BreadcrumbList\",\"@id\":\"https:\/\/focolares.es\/informe-proteccion-2024-una-conversion-integral\/#breadcrumb\",\"itemListElement\":[{\"@type\":\"ListItem\",\"position\":1,\"name\":\"Portada\",\"item\":\"https:\/\/focolares.es\/\"},{\"@type\":\"ListItem\",\"position\":2,\"name\":\"Informe Protecci\u00f3n 2024: una conversi\u00f3n integral\"}]},{\"@type\":\"WebSite\",\"@id\":\"https:\/\/focolares.es\/#website\",\"url\":\"https:\/\/focolares.es\/\",\"name\":\"Movimiento de los Focolares\",\"description\":\"\",\"publisher\":{\"@id\":\"https:\/\/focolares.es\/#organization\"},\"potentialAction\":[{\"@type\":\"SearchAction\",\"target\":{\"@type\":\"EntryPoint\",\"urlTemplate\":\"https:\/\/focolares.es\/?s={search_term_string}\"},\"query-input\":{\"@type\":\"PropertyValueSpecification\",\"valueRequired\":true,\"valueName\":\"search_term_string\"}}],\"inLanguage\":\"en-GB\"},{\"@type\":\"Organization\",\"@id\":\"https:\/\/focolares.es\/#organization\",\"name\":\"Movimiento de los Focolares\",\"url\":\"https:\/\/focolares.es\/\",\"logo\":{\"@type\":\"ImageObject\",\"inLanguage\":\"en-GB\",\"@id\":\"https:\/\/focolares.es\/#\/schema\/logo\/image\/\",\"url\":\"https:\/\/focolares.es\/wp-content\/uploads\/2024\/03\/Logo_focolares-1024x944-1.jpg\",\"contentUrl\":\"https:\/\/focolares.es\/wp-content\/uploads\/2024\/03\/Logo_focolares-1024x944-1.jpg\",\"width\":1024,\"height\":944,\"caption\":\"Movimiento de los Focolares\"},\"image\":{\"@id\":\"https:\/\/focolares.es\/#\/schema\/logo\/image\/\"}},{\"@type\":\"Person\",\"@id\":\"https:\/\/focolares.es\/#\/schema\/person\/460a502493de84fa7b318667e9a5c289\",\"name\":\"Sonia\",\"image\":{\"@type\":\"ImageObject\",\"inLanguage\":\"en-GB\",\"@id\":\"https:\/\/focolares.es\/wp-content\/litespeed\/avatar\/cdad09e33a37c7312cdc76ceae4bbc88.jpg?ver=1777375640\",\"url\":\"https:\/\/focolares.es\/wp-content\/litespeed\/avatar\/cdad09e33a37c7312cdc76ceae4bbc88.jpg?ver=1777375640\",\"contentUrl\":\"https:\/\/focolares.es\/wp-content\/litespeed\/avatar\/cdad09e33a37c7312cdc76ceae4bbc88.jpg?ver=1777375640\",\"caption\":\"Sonia\"},\"url\":\"https:\/\/focolares.es\/en\/author\/sonia\/\"}]}<\/script>\n<!-- \/ Yoast SEO plugin. -->","yoast_head_json":{"title":"Protection 2024 Report: A Comprehensive Conversion - Focolare Movement","description":"Protection 2024 Report: A Comprehensive Conversion","robots":{"index":"index","follow":"follow","max-snippet":"max-snippet:-1","max-image-preview":"max-image-preview:large","max-video-preview":"max-video-preview:-1"},"canonical":"https:\/\/focolares.es\/en\/protection-2024-report-a-comprehensive-conversion\/","og_locale":"en_GB","og_type":"article","og_title":"Informe Protecci\u00f3n 2024: una conversi\u00f3n integral - Movimiento de los Focolares","og_description":"Informe Protecci\u00f3n 2024: una conversi\u00f3n integral","og_url":"https:\/\/focolares.es\/en\/protection-2024-report-a-comprehensive-conversion\/","og_site_name":"Movimiento de los Focolares","article_published_time":"2025-05-06T22:37:38+00:00","article_modified_time":"2025-05-10T16:12:42+00:00","og_image":[{"width":1280,"height":720,"url":"https:\/\/focolares.es\/wp-content\/uploads\/2025\/05\/IMG-DEST-Entornos_seguros-16-9.jpg","type":"image\/jpeg"}],"author":"Sonia","twitter_card":"summary_large_image","twitter_misc":{"Written by":"Sonia","Estimated reading time":"2 minutes"},"schema":{"@context":"https:\/\/schema.org","@graph":[{"@type":"Article","@id":"https:\/\/focolares.es\/informe-proteccion-2024-una-conversion-integral\/#article","isPartOf":{"@id":"https:\/\/focolares.es\/informe-proteccion-2024-una-conversion-integral\/"},"author":{"name":"Sonia","@id":"https:\/\/focolares.es\/#\/schema\/person\/460a502493de84fa7b318667e9a5c289"},"headline":"Informe Protecci\u00f3n 2024: una conversi\u00f3n integral","datePublished":"2025-05-06T22:37:38+00:00","dateModified":"2025-05-10T16:12:42+00:00","mainEntityOfPage":{"@id":"https:\/\/focolares.es\/informe-proteccion-2024-una-conversion-integral\/"},"wordCount":303,"commentCount":0,"publisher":{"@id":"https:\/\/focolares.es\/#organization"},"image":{"@id":"https:\/\/focolares.es\/informe-proteccion-2024-una-conversion-integral\/#primaryimage"},"thumbnailUrl":"https:\/\/focolares.es\/wp-content\/uploads\/2025\/05\/IMG-DEST-Entornos_seguros-16-9.jpg","keywords":["Entornos seguros"],"articleSection":["Uncategorized"],"inLanguage":"en-GB","potentialAction":[{"@type":"CommentAction","name":"Comment","target":["https:\/\/focolares.es\/informe-proteccion-2024-una-conversion-integral\/#respond"]}]},{"@type":"WebPage","@id":"https:\/\/focolares.es\/informe-proteccion-2024-una-conversion-integral\/","url":"https:\/\/focolares.es\/informe-proteccion-2024-una-conversion-integral\/","name":"Protection 2024 Report: A Comprehensive Conversion - Focolare Movement","isPartOf":{"@id":"https:\/\/focolares.es\/#website"},"primaryImageOfPage":{"@id":"https:\/\/focolares.es\/informe-proteccion-2024-una-conversion-integral\/#primaryimage"},"image":{"@id":"https:\/\/focolares.es\/informe-proteccion-2024-una-conversion-integral\/#primaryimage"},"thumbnailUrl":"https:\/\/focolares.es\/wp-content\/uploads\/2025\/05\/IMG-DEST-Entornos_seguros-16-9.jpg","datePublished":"2025-05-06T22:37:38+00:00","dateModified":"2025-05-10T16:12:42+00:00","description":"Protection 2024 Report: A Comprehensive Conversion","breadcrumb":{"@id":"https:\/\/focolares.es\/informe-proteccion-2024-una-conversion-integral\/#breadcrumb"},"inLanguage":"en-GB","potentialAction":[{"@type":"ReadAction","target":["https:\/\/focolares.es\/informe-proteccion-2024-una-conversion-integral\/"]}]},{"@type":"ImageObject","inLanguage":"en-GB","@id":"https:\/\/focolares.es\/informe-proteccion-2024-una-conversion-integral\/#primaryimage","url":"https:\/\/focolares.es\/wp-content\/uploads\/2025\/05\/IMG-DEST-Entornos_seguros-16-9.jpg","contentUrl":"https:\/\/focolares.es\/wp-content\/uploads\/2025\/05\/IMG-DEST-Entornos_seguros-16-9.jpg","width":1280,"height":720},{"@type":"BreadcrumbList","@id":"https:\/\/focolares.es\/informe-proteccion-2024-una-conversion-integral\/#breadcrumb","itemListElement":[{"@type":"ListItem","position":1,"name":"Portada","item":"https:\/\/focolares.es\/"},{"@type":"ListItem","position":2,"name":"Informe Protecci\u00f3n 2024: una conversi\u00f3n integral"}]},{"@type":"WebSite","@id":"https:\/\/focolares.es\/#website","url":"https:\/\/focolares.es\/","name":"Focolare Movement","description":"","publisher":{"@id":"https:\/\/focolares.es\/#organization"},"potentialAction":[{"@type":"SearchAction","target":{"@type":"EntryPoint","urlTemplate":"https:\/\/focolares.es\/?s={search_term_string}"},"query-input":{"@type":"PropertyValueSpecification","valueRequired":true,"valueName":"search_term_string"}}],"inLanguage":"en-GB"},{"@type":"Organization","@id":"https:\/\/focolares.es\/#organization","name":"Focolare Movement","url":"https:\/\/focolares.es\/","logo":{"@type":"ImageObject","inLanguage":"en-GB","@id":"https:\/\/focolares.es\/#\/schema\/logo\/image\/","url":"https:\/\/focolares.es\/wp-content\/uploads\/2024\/03\/Logo_focolares-1024x944-1.jpg","contentUrl":"https:\/\/focolares.es\/wp-content\/uploads\/2024\/03\/Logo_focolares-1024x944-1.jpg","width":1024,"height":944,"caption":"Movimiento de los Focolares"},"image":{"@id":"https:\/\/focolares.es\/#\/schema\/logo\/image\/"}},{"@type":"Person","@id":"https:\/\/focolares.es\/#\/schema\/person\/460a502493de84fa7b318667e9a5c289","name":"Sonia","image":{"@type":"ImageObject","inLanguage":"en-GB","@id":"https:\/\/focolares.es\/wp-content\/litespeed\/avatar\/cdad09e33a37c7312cdc76ceae4bbc88.jpg?ver=1777375640","url":"https:\/\/focolares.es\/wp-content\/litespeed\/avatar\/cdad09e33a37c7312cdc76ceae4bbc88.jpg?ver=1777375640","contentUrl":"https:\/\/focolares.es\/wp-content\/litespeed\/avatar\/cdad09e33a37c7312cdc76ceae4bbc88.jpg?ver=1777375640","caption":"Sonia"},"url":"https:\/\/focolares.es\/en\/author\/sonia\/"}]}},"views":112,"_links":{"self":[{"href":"https:\/\/focolares.es\/en\/wp-json\/wp\/v2\/posts\/16017","targetHints":{"allow":["GET"]}}],"collection":[{"href":"https:\/\/focolares.es\/en\/wp-json\/wp\/v2\/posts"}],"about":[{"href":"https:\/\/focolares.es\/en\/wp-json\/wp\/v2\/types\/post"}],"author":[{"embeddable":true,"href":"https:\/\/focolares.es\/en\/wp-json\/wp\/v2\/users\/8"}],"replies":[{"embeddable":true,"href":"https:\/\/focolares.es\/en\/wp-json\/wp\/v2\/comments?post=16017"}],"version-history":[{"count":12,"href":"https:\/\/focolares.es\/en\/wp-json\/wp\/v2\/posts\/16017\/revisions"}],"predecessor-version":[{"id":16277,"href":"https:\/\/focolares.es\/en\/wp-json\/wp\/v2\/posts\/16017\/revisions\/16277"}],"wp:featuredmedia":[{"embeddable":true,"href":"https:\/\/focolares.es\/en\/wp-json\/wp\/v2\/media\/16170"}],"wp:attachment":[{"href":"https:\/\/focolares.es\/en\/wp-json\/wp\/v2\/media?parent=16017"}],"wp:term":[{"taxonomy":"category","embeddable":true,"href":"https:\/\/focolares.es\/en\/wp-json\/wp\/v2\/categories?post=16017"},{"taxonomy":"post_tag","embeddable":true,"href":"https:\/\/focolares.es\/en\/wp-json\/wp\/v2\/tags?post=16017"}],"curies":[{"name":"wp","href":"https:\/\/api.w.org\/{rel}","templated":true}]}}