{"id":17364,"date":"2025-09-19T08:06:00","date_gmt":"2025-09-19T06:06:00","guid":{"rendered":"https:\/\/focolares.es\/?p=17364"},"modified":"2025-09-16T20:31:32","modified_gmt":"2025-09-16T18:31:32","slug":"forgiveness-and-peace","status":"publish","type":"post","link":"https:\/\/focolares.es\/en\/perdon-y-paz\/","title":{"rendered":"Forgiveness and peace"},"content":{"rendered":"<h4 class=\"wp-block-heading\">A roundtable discussion to sow hope in the Jubilee year.<\/h4>\n\n\n\n<div style=\"height:40px\" aria-hidden=\"true\" class=\"wp-block-spacer\"><\/div>\n\n\n\n<p>On May 31st, the Center for Dialogue with People of Non-Religious Persuasions of the Focolare Movement organized a round table under the title&nbsp;<em>&quot;Forgiveness and Peace: The Courage of Difficult Choices&quot;<\/em>.<\/p>\n\n\n\n<p>In a world marked by deep wounds, conflicts, and divisions, this meeting sought to offer a space for reflection and hope, particularly in the context of the Jubilee. The roundtable included the participation of\u00a0<strong>Manolo Toribio<\/strong>, historian,\u00a0<strong>Rodrigo Mardones<\/strong>, an expert in political science, and the testimonial voice of\u00a0<strong>Cristina Ala<\/strong>Together, they explored the complex relationship between conflict, justice, and reconciliation, both from a historical perspective and in light of current challenges.<\/p>\n\n\n\n<p>From a diverse and committed perspective, the event offered a journey that integrated historical analysis, ethical and institutional foundations, and personal and collective experience. All of this served a common goal: to build bridges and foster a true culture of peace.<\/p>\n\n\n\n<p>One of the main purposes of the meeting was precisely to promote dialogue between people of different beliefs, religious or otherwise, thus strengthening coexistence and mutual understanding. Numerous people from different countries participated online. In cities like Madrid, groups from various cities met in person to follow the roundtable and share their views in a lively and enriching dialogue.<\/p>\n\n\n\n<p>The experience of forgiveness, it was emphasized, is not only liberating on an individual level, but also has a powerful social and collective dimension: it is a source of peace and a path to greater freedom.<\/p>\n\n\n\n<figure class=\"wp-block-embed is-type-video is-provider-youtube wp-block-embed-youtube wp-embed-aspect-16-9 wp-has-aspect-ratio\"><div class=\"wp-block-embed__wrapper\">\n<iframe title=\"FORGIVENESS AND PEACE\" width=\"800\" height=\"450\" src=\"https:\/\/www.youtube.com\/embed\/F5zkU3b6H3o?start=46&#038;feature=oembed\" frameborder=\"0\" allow=\"accelerometer; autoplay; clipboard-write; encrypted-media; gyroscope; picture-in-picture; web-share\" referrerpolicy=\"strict-origin-when-cross-origin\" allowfullscreen><\/iframe>\n<\/div><\/figure>\n\n\n\n<p><\/p>","protected":false},"excerpt":{"rendered":"<p>On May 31, the international roundtable entitled &quot;Forgiveness and Peace: The Courage of Difficult Decisions&quot; took place.<\/p>","protected":false},"author":1,"featured_media":16177,"comment_status":"open","ping_status":"closed","sticky":false,"template":"","format":"standard","meta":{"_price":"","_stock":"","_tribe_ticket_header":"","_tribe_default_ticket_provider":"","_tribe_ticket_capacity":"0","_ticket_start_date":"","_ticket_end_date":"","_tribe_ticket_show_description":"","_tribe_ticket_show_not_going":false,"_tribe_ticket_use_global_stock":"","_tribe_ticket_global_stock_level":"","_global_stock_mode":"","_global_stock_cap":"","_tribe_rsvp_for_event":"","_tribe_ticket_going_count":"","_tribe_ticket_not_going_count":"","_tribe_tickets_list":"[]","_tribe_ticket_has_attendee_info_fields":false,"footnotes":""},"categories":[1],"tags":[40,54],"class_list":["post-17364","post","type-post","status-publish","format-standard","has-post-thumbnail","hentry","category-uncategorized","tag-dialogo-y-fraternidad","tag-testimonio"],"yoast_head":"<!-- This site is optimized with the Yoast SEO plugin v27.2 - https:\/\/yoast.com\/product\/yoast-seo-wordpress\/ -->\n<title>Perd\u00f3n y paz - Movimiento de los Focolares<\/title>\n<meta name=\"description\" content=\"Mesa redonda internacional titulada &quot;Perd\u00f3n y Paz: El coraje de las decisiones dif\u00edciles&quot;, para sembrar esperanza en el a\u00f1o del Jubileo.\" \/>\n<meta name=\"robots\" content=\"index, follow, max-snippet:-1, max-image-preview:large, max-video-preview:-1\" \/>\n<link rel=\"canonical\" href=\"https:\/\/focolares.es\/en\/forgiveness-and-peace\/\" \/>\n<meta property=\"og:locale\" content=\"en_GB\" \/>\n<meta property=\"og:type\" content=\"article\" \/>\n<meta property=\"og:title\" content=\"Perd\u00f3n y paz - Movimiento de los Focolares\" \/>\n<meta property=\"og:description\" content=\"Mesa redonda internacional titulada &quot;Perd\u00f3n y Paz: El coraje de las decisiones dif\u00edciles&quot;, para sembrar esperanza en el a\u00f1o del Jubileo.\" \/>\n<meta property=\"og:url\" content=\"https:\/\/focolares.es\/en\/forgiveness-and-peace\/\" \/>\n<meta property=\"og:site_name\" content=\"Movimiento de los Focolares\" \/>\n<meta property=\"article:published_time\" content=\"2025-09-19T06:06:00+00:00\" \/>\n<meta property=\"og:image\" content=\"https:\/\/focolares.es\/wp-content\/uploads\/2025\/05\/Perdon-y-paz-dest.jpg\" \/>\n\t<meta property=\"og:image:width\" content=\"900\" \/>\n\t<meta property=\"og:image:height\" content=\"506\" \/>\n\t<meta property=\"og:image:type\" content=\"image\/jpeg\" \/>\n<meta name=\"author\" content=\"admin\" \/>\n<meta name=\"twitter:card\" content=\"summary_large_image\" \/>\n<meta name=\"twitter:label1\" content=\"Written by\" \/>\n\t<meta name=\"twitter:data1\" content=\"admin\" \/>\n\t<meta name=\"twitter:label2\" content=\"Estimated reading time\" \/>\n\t<meta name=\"twitter:data2\" content=\"2 minutes\" \/>\n<script type=\"application\/ld+json\" class=\"yoast-schema-graph\">{\"@context\":\"https:\/\/schema.org\",\"@graph\":[{\"@type\":\"Article\",\"@id\":\"https:\/\/focolares.es\/perdon-y-paz\/#article\",\"isPartOf\":{\"@id\":\"https:\/\/focolares.es\/perdon-y-paz\/\"},\"author\":{\"name\":\"admin\",\"@id\":\"https:\/\/focolares.es\/#\/schema\/person\/fdbf1cac3e3957f836bf607a31e7616d\"},\"headline\":\"Perd\u00f3n y paz\",\"datePublished\":\"2025-09-19T06:06:00+00:00\",\"mainEntityOfPage\":{\"@id\":\"https:\/\/focolares.es\/perdon-y-paz\/\"},\"wordCount\":304,\"commentCount\":0,\"publisher\":{\"@id\":\"https:\/\/focolares.es\/#organization\"},\"image\":{\"@id\":\"https:\/\/focolares.es\/perdon-y-paz\/#primaryimage\"},\"thumbnailUrl\":\"https:\/\/focolares.es\/wp-content\/uploads\/2025\/05\/Perdon-y-paz-dest.jpg\",\"keywords\":[\"Di\u00e1logo y fraternidad\",\"Testimonio\"],\"articleSection\":[\"Uncategorized\"],\"inLanguage\":\"en-GB\",\"potentialAction\":[{\"@type\":\"CommentAction\",\"name\":\"Comment\",\"target\":[\"https:\/\/focolares.es\/perdon-y-paz\/#respond\"]}]},{\"@type\":\"WebPage\",\"@id\":\"https:\/\/focolares.es\/perdon-y-paz\/\",\"url\":\"https:\/\/focolares.es\/perdon-y-paz\/\",\"name\":\"Perd\u00f3n y paz - Movimiento de los Focolares\",\"isPartOf\":{\"@id\":\"https:\/\/focolares.es\/#website\"},\"primaryImageOfPage\":{\"@id\":\"https:\/\/focolares.es\/perdon-y-paz\/#primaryimage\"},\"image\":{\"@id\":\"https:\/\/focolares.es\/perdon-y-paz\/#primaryimage\"},\"thumbnailUrl\":\"https:\/\/focolares.es\/wp-content\/uploads\/2025\/05\/Perdon-y-paz-dest.jpg\",\"datePublished\":\"2025-09-19T06:06:00+00:00\",\"description\":\"Mesa redonda internacional titulada \\\"Perd\u00f3n y Paz: El coraje de las decisiones dif\u00edciles\\\", para sembrar esperanza en el a\u00f1o del Jubileo.\",\"breadcrumb\":{\"@id\":\"https:\/\/focolares.es\/perdon-y-paz\/#breadcrumb\"},\"inLanguage\":\"en-GB\",\"potentialAction\":[{\"@type\":\"ReadAction\",\"target\":[\"https:\/\/focolares.es\/perdon-y-paz\/\"]}]},{\"@type\":\"ImageObject\",\"inLanguage\":\"en-GB\",\"@id\":\"https:\/\/focolares.es\/perdon-y-paz\/#primaryimage\",\"url\":\"https:\/\/focolares.es\/wp-content\/uploads\/2025\/05\/Perdon-y-paz-dest.jpg\",\"contentUrl\":\"https:\/\/focolares.es\/wp-content\/uploads\/2025\/05\/Perdon-y-paz-dest.jpg\",\"width\":900,\"height\":506},{\"@type\":\"BreadcrumbList\",\"@id\":\"https:\/\/focolares.es\/perdon-y-paz\/#breadcrumb\",\"itemListElement\":[{\"@type\":\"ListItem\",\"position\":1,\"name\":\"Portada\",\"item\":\"https:\/\/focolares.es\/\"},{\"@type\":\"ListItem\",\"position\":2,\"name\":\"Perd\u00f3n y paz\"}]},{\"@type\":\"WebSite\",\"@id\":\"https:\/\/focolares.es\/#website\",\"url\":\"https:\/\/focolares.es\/\",\"name\":\"Movimiento de los Focolares\",\"description\":\"\",\"publisher\":{\"@id\":\"https:\/\/focolares.es\/#organization\"},\"potentialAction\":[{\"@type\":\"SearchAction\",\"target\":{\"@type\":\"EntryPoint\",\"urlTemplate\":\"https:\/\/focolares.es\/?s={search_term_string}\"},\"query-input\":{\"@type\":\"PropertyValueSpecification\",\"valueRequired\":true,\"valueName\":\"search_term_string\"}}],\"inLanguage\":\"en-GB\"},{\"@type\":\"Organization\",\"@id\":\"https:\/\/focolares.es\/#organization\",\"name\":\"Movimiento de los Focolares\",\"url\":\"https:\/\/focolares.es\/\",\"logo\":{\"@type\":\"ImageObject\",\"inLanguage\":\"en-GB\",\"@id\":\"https:\/\/focolares.es\/#\/schema\/logo\/image\/\",\"url\":\"https:\/\/focolares.es\/wp-content\/uploads\/2024\/03\/Logo_focolares-1024x944-1.jpg\",\"contentUrl\":\"https:\/\/focolares.es\/wp-content\/uploads\/2024\/03\/Logo_focolares-1024x944-1.jpg\",\"width\":1024,\"height\":944,\"caption\":\"Movimiento de los Focolares\"},\"image\":{\"@id\":\"https:\/\/focolares.es\/#\/schema\/logo\/image\/\"}},{\"@type\":\"Person\",\"@id\":\"https:\/\/focolares.es\/#\/schema\/person\/fdbf1cac3e3957f836bf607a31e7616d\",\"name\":\"admin\",\"image\":{\"@type\":\"ImageObject\",\"inLanguage\":\"en-GB\",\"@id\":\"https:\/\/focolares.es\/wp-content\/litespeed\/avatar\/ba00c276ce0fa7863cda4038d70907a8.jpg?ver=1777380135\",\"url\":\"https:\/\/focolares.es\/wp-content\/litespeed\/avatar\/ba00c276ce0fa7863cda4038d70907a8.jpg?ver=1777380135\",\"contentUrl\":\"https:\/\/focolares.es\/wp-content\/litespeed\/avatar\/ba00c276ce0fa7863cda4038d70907a8.jpg?ver=1777380135\",\"caption\":\"admin\"},\"sameAs\":[\"https:\/\/focolares.es\"],\"url\":\"https:\/\/focolares.es\/en\/author\/afesersl_mcjhk9wv\/\"}]}<\/script>\n<!-- \/ Yoast SEO plugin. -->","yoast_head_json":{"title":"Forgiveness and Peace - Focolare Movement","description":"International roundtable entitled &quot;Forgiveness and Peace: The Courage of Difficult Decisions,&quot; to sow hope in the Jubilee Year.","robots":{"index":"index","follow":"follow","max-snippet":"max-snippet:-1","max-image-preview":"max-image-preview:large","max-video-preview":"max-video-preview:-1"},"canonical":"https:\/\/focolares.es\/en\/forgiveness-and-peace\/","og_locale":"en_GB","og_type":"article","og_title":"Perd\u00f3n y paz - Movimiento de los Focolares","og_description":"Mesa redonda internacional titulada \"Perd\u00f3n y Paz: El coraje de las decisiones dif\u00edciles\", para sembrar esperanza en el a\u00f1o del Jubileo.","og_url":"https:\/\/focolares.es\/en\/forgiveness-and-peace\/","og_site_name":"Movimiento de los Focolares","article_published_time":"2025-09-19T06:06:00+00:00","og_image":[{"width":900,"height":506,"url":"https:\/\/focolares.es\/wp-content\/uploads\/2025\/05\/Perdon-y-paz-dest.jpg","type":"image\/jpeg"}],"author":"admin","twitter_card":"summary_large_image","twitter_misc":{"Written by":"admin","Estimated reading time":"2 minutes"},"schema":{"@context":"https:\/\/schema.org","@graph":[{"@type":"Article","@id":"https:\/\/focolares.es\/perdon-y-paz\/#article","isPartOf":{"@id":"https:\/\/focolares.es\/perdon-y-paz\/"},"author":{"name":"admin","@id":"https:\/\/focolares.es\/#\/schema\/person\/fdbf1cac3e3957f836bf607a31e7616d"},"headline":"Perd\u00f3n y paz","datePublished":"2025-09-19T06:06:00+00:00","mainEntityOfPage":{"@id":"https:\/\/focolares.es\/perdon-y-paz\/"},"wordCount":304,"commentCount":0,"publisher":{"@id":"https:\/\/focolares.es\/#organization"},"image":{"@id":"https:\/\/focolares.es\/perdon-y-paz\/#primaryimage"},"thumbnailUrl":"https:\/\/focolares.es\/wp-content\/uploads\/2025\/05\/Perdon-y-paz-dest.jpg","keywords":["Di\u00e1logo y fraternidad","Testimonio"],"articleSection":["Uncategorized"],"inLanguage":"en-GB","potentialAction":[{"@type":"CommentAction","name":"Comment","target":["https:\/\/focolares.es\/perdon-y-paz\/#respond"]}]},{"@type":"WebPage","@id":"https:\/\/focolares.es\/perdon-y-paz\/","url":"https:\/\/focolares.es\/perdon-y-paz\/","name":"Forgiveness and Peace - Focolare Movement","isPartOf":{"@id":"https:\/\/focolares.es\/#website"},"primaryImageOfPage":{"@id":"https:\/\/focolares.es\/perdon-y-paz\/#primaryimage"},"image":{"@id":"https:\/\/focolares.es\/perdon-y-paz\/#primaryimage"},"thumbnailUrl":"https:\/\/focolares.es\/wp-content\/uploads\/2025\/05\/Perdon-y-paz-dest.jpg","datePublished":"2025-09-19T06:06:00+00:00","description":"International roundtable entitled &quot;Forgiveness and Peace: The Courage of Difficult Decisions,&quot; to sow hope in the Jubilee Year.","breadcrumb":{"@id":"https:\/\/focolares.es\/perdon-y-paz\/#breadcrumb"},"inLanguage":"en-GB","potentialAction":[{"@type":"ReadAction","target":["https:\/\/focolares.es\/perdon-y-paz\/"]}]},{"@type":"ImageObject","inLanguage":"en-GB","@id":"https:\/\/focolares.es\/perdon-y-paz\/#primaryimage","url":"https:\/\/focolares.es\/wp-content\/uploads\/2025\/05\/Perdon-y-paz-dest.jpg","contentUrl":"https:\/\/focolares.es\/wp-content\/uploads\/2025\/05\/Perdon-y-paz-dest.jpg","width":900,"height":506},{"@type":"BreadcrumbList","@id":"https:\/\/focolares.es\/perdon-y-paz\/#breadcrumb","itemListElement":[{"@type":"ListItem","position":1,"name":"Portada","item":"https:\/\/focolares.es\/"},{"@type":"ListItem","position":2,"name":"Perd\u00f3n y paz"}]},{"@type":"WebSite","@id":"https:\/\/focolares.es\/#website","url":"https:\/\/focolares.es\/","name":"Focolare Movement","description":"","publisher":{"@id":"https:\/\/focolares.es\/#organization"},"potentialAction":[{"@type":"SearchAction","target":{"@type":"EntryPoint","urlTemplate":"https:\/\/focolares.es\/?s={search_term_string}"},"query-input":{"@type":"PropertyValueSpecification","valueRequired":true,"valueName":"search_term_string"}}],"inLanguage":"en-GB"},{"@type":"Organization","@id":"https:\/\/focolares.es\/#organization","name":"Focolare Movement","url":"https:\/\/focolares.es\/","logo":{"@type":"ImageObject","inLanguage":"en-GB","@id":"https:\/\/focolares.es\/#\/schema\/logo\/image\/","url":"https:\/\/focolares.es\/wp-content\/uploads\/2024\/03\/Logo_focolares-1024x944-1.jpg","contentUrl":"https:\/\/focolares.es\/wp-content\/uploads\/2024\/03\/Logo_focolares-1024x944-1.jpg","width":1024,"height":944,"caption":"Movimiento de los Focolares"},"image":{"@id":"https:\/\/focolares.es\/#\/schema\/logo\/image\/"}},{"@type":"Person","@id":"https:\/\/focolares.es\/#\/schema\/person\/fdbf1cac3e3957f836bf607a31e7616d","name":"admin","image":{"@type":"ImageObject","inLanguage":"en-GB","@id":"https:\/\/focolares.es\/wp-content\/litespeed\/avatar\/ba00c276ce0fa7863cda4038d70907a8.jpg?ver=1777380135","url":"https:\/\/focolares.es\/wp-content\/litespeed\/avatar\/ba00c276ce0fa7863cda4038d70907a8.jpg?ver=1777380135","contentUrl":"https:\/\/focolares.es\/wp-content\/litespeed\/avatar\/ba00c276ce0fa7863cda4038d70907a8.jpg?ver=1777380135","caption":"admin"},"sameAs":["https:\/\/focolares.es"],"url":"https:\/\/focolares.es\/en\/author\/afesersl_mcjhk9wv\/"}]}},"views":138,"_links":{"self":[{"href":"https:\/\/focolares.es\/en\/wp-json\/wp\/v2\/posts\/17364","targetHints":{"allow":["GET"]}}],"collection":[{"href":"https:\/\/focolares.es\/en\/wp-json\/wp\/v2\/posts"}],"about":[{"href":"https:\/\/focolares.es\/en\/wp-json\/wp\/v2\/types\/post"}],"author":[{"embeddable":true,"href":"https:\/\/focolares.es\/en\/wp-json\/wp\/v2\/users\/1"}],"replies":[{"embeddable":true,"href":"https:\/\/focolares.es\/en\/wp-json\/wp\/v2\/comments?post=17364"}],"version-history":[{"count":21,"href":"https:\/\/focolares.es\/en\/wp-json\/wp\/v2\/posts\/17364\/revisions"}],"predecessor-version":[{"id":17673,"href":"https:\/\/focolares.es\/en\/wp-json\/wp\/v2\/posts\/17364\/revisions\/17673"}],"wp:featuredmedia":[{"embeddable":true,"href":"https:\/\/focolares.es\/en\/wp-json\/wp\/v2\/media\/16177"}],"wp:attachment":[{"href":"https:\/\/focolares.es\/en\/wp-json\/wp\/v2\/media?parent=17364"}],"wp:term":[{"taxonomy":"category","embeddable":true,"href":"https:\/\/focolares.es\/en\/wp-json\/wp\/v2\/categories?post=17364"},{"taxonomy":"post_tag","embeddable":true,"href":"https:\/\/focolares.es\/en\/wp-json\/wp\/v2\/tags?post=17364"}],"curies":[{"name":"wp","href":"https:\/\/api.w.org\/{rel}","templated":true}]}}