{"id":19360,"date":"2026-04-27T18:09:05","date_gmt":"2026-04-27T16:09:05","guid":{"rendered":"https:\/\/focolares.es\/?p=19360"},"modified":"2026-04-27T18:09:07","modified_gmt":"2026-04-27T16:09:07","slug":"when-theology-becomes-life-and-culture","status":"publish","type":"post","link":"https:\/\/focolares.es\/en\/cuando-la-teologia-se-hace-vida-y-cultura\/","title":{"rendered":"When theology becomes life and culture"},"content":{"rendered":"<h4 class=\"wp-block-heading\">Beyond being viewed as abstract speculation, Trinitarian Ontology seeks to contribute to addressing contemporary challenges such as social fragmentation, the crisis of meaning, and interreligious dialogue. This emerging discipline proposes that &quot;Being&quot; is not solitary, but essentially relational, Trinitarian love, offering a new framework for understanding philosophy, theology, and everyday life.<\/h4>\n\n\n\n<div style=\"height:40px\" aria-hidden=\"true\" class=\"wp-block-spacer\"><\/div>\n\n\n\n<p>Trinitarian Ontology is framed within the intuition of Chiara Lubich and has been academically developed by theologians and philosophers such as Piero Coda and Klaus Hemmerle, who gave it its definitive and identity-forming impetus in 1976, explicitly introducing the formula in thesis number 9 of his writing to outline the birth of a &quot;new thought&quot;. <\/p>\n\n\n\n<p>The key lies in overcoming the static view of God and humanity. If God is Trinity\u2014eternal relationship\u2014then all of created reality bears the mark of relationality. <\/p>\n\n\n\n<p>A novel aspect of this discipline is that it is neither solely theology\u2014the study of God\u2014nor solely philosophy\u2014the study of being\u2014but a \u00abthird space\u00bb where both mutually enrich each other. The title of one of the seminars held in Spain illustrates this very well: \u00abTrinitarian Love Enriches Philosophy and Theology.\u00bb.<\/p>\n\n\n\n<p>In our country, five seminars organized by the publishing house Ciudad Nueva have already been held with the participation of various Spanish and Latin American experts, as well as some professors from the Sophia University Institute of Loppiano, in Italy.<\/p>\n\n\n\n<figure class=\"wp-block-image size-full\"><img fetchpriority=\"high\" decoding=\"async\" width=\"1024\" height=\"683\" src=\"https:\/\/focolares.es\/wp-content\/uploads\/2026\/04\/Granada-1-1024x683-1.jpg\" alt=\"\" class=\"wp-image-19362\" srcset=\"https:\/\/focolares.es\/wp-content\/uploads\/2026\/04\/Granada-1-1024x683-1.jpg 1024w, https:\/\/focolares.es\/wp-content\/uploads\/2026\/04\/Granada-1-1024x683-1-300x200.jpg 300w, https:\/\/focolares.es\/wp-content\/uploads\/2026\/04\/Granada-1-1024x683-1-768x512.jpg 768w, https:\/\/focolares.es\/wp-content\/uploads\/2026\/04\/Granada-1-1024x683-1-18x12.jpg 18w\" sizes=\"(max-width: 1024px) 100vw, 1024px\" \/><\/figure>\n\n\n\n<p>The last seminar was held in Granada last October and was hosted by the Focolare Movement community in that city, which also collaborated in the presentation of the first volume of the <a href=\"https:\/\/www.ciudadnueva.com\/libro\/manifiesto-para-una-reforma-del-pensar\" target=\"_blank\" rel=\"noreferrer noopener\"><em>Dynamic Dictionary of Trinitarian Ontology<\/em>.<\/a> As one of the organizers stated, &quot;it was a moment of community, of family, a privileged place to put these Trinitarian relationships into practice.&quot;. <\/p>\n\n\n\n<p>Indeed, Trinitarian Ontology is learned by practicing it in a place, in a classroom of study and research, which is a laboratory of thought, as well as a training ground for life and love. <br>In other words, a workshop in which each and every one is an actor and protagonist; responsible for each other on their own path, reciprocally.<\/p>\n\n\n\n<p><\/p>","protected":false},"excerpt":{"rendered":"<p>Trinitarian Ontology proposes a relational view of reality.<\/p>","protected":false},"author":1,"featured_media":19379,"comment_status":"open","ping_status":"closed","sticky":false,"template":"","format":"standard","meta":{"_price":"","_stock":"","_tribe_ticket_header":"","_tribe_default_ticket_provider":"","_tribe_ticket_capacity":"0","_ticket_start_date":"","_ticket_end_date":"","_tribe_ticket_show_description":"","_tribe_ticket_show_not_going":false,"_tribe_ticket_use_global_stock":"","_tribe_ticket_global_stock_level":"","_global_stock_mode":"","_global_stock_cap":"","_tribe_rsvp_for_event":"","_tribe_ticket_going_count":"","_tribe_ticket_not_going_count":"","_tribe_tickets_list":"[]","_tribe_ticket_has_attendee_info_fields":false,"footnotes":""},"categories":[1],"tags":[52],"class_list":["post-19360","post","type-post","status-publish","format-standard","has-post-thumbnail","hentry","category-uncategorized","tag-ciencia-humanidades-y-pensamiento"],"yoast_head":"<!-- This site is optimized with the Yoast SEO plugin v27.2 - https:\/\/yoast.com\/product\/yoast-seo-wordpress\/ -->\n<title>Cuando la teolog\u00eda se hace vida y cultura - Movimiento de los Focolares<\/title>\n<meta name=\"description\" content=\"La Ontolog\u00eda Trinitaria contribuye a dar respuesta a retos contempor\u00e1neos como la fragmentaci\u00f3n social, la crisis de sentido o el di\u00e1logo interreligioso.\" \/>\n<meta name=\"robots\" content=\"index, follow, max-snippet:-1, max-image-preview:large, max-video-preview:-1\" \/>\n<link rel=\"canonical\" href=\"https:\/\/focolares.es\/en\/when-theology-becomes-life-and-culture\/\" \/>\n<meta property=\"og:locale\" content=\"en_GB\" \/>\n<meta property=\"og:type\" content=\"article\" \/>\n<meta property=\"og:title\" content=\"Cuando la teolog\u00eda se hace vida y cultura - Movimiento de los Focolares\" \/>\n<meta property=\"og:description\" content=\"La Ontolog\u00eda Trinitaria contribuye a dar respuesta a retos contempor\u00e1neos como la fragmentaci\u00f3n social, la crisis de sentido o el di\u00e1logo interreligioso.\" \/>\n<meta property=\"og:url\" content=\"https:\/\/focolares.es\/en\/when-theology-becomes-life-and-culture\/\" \/>\n<meta property=\"og:site_name\" content=\"Movimiento de los Focolares\" \/>\n<meta property=\"article:published_time\" content=\"2026-04-27T16:09:05+00:00\" \/>\n<meta property=\"article:modified_time\" content=\"2026-04-27T16:09:07+00:00\" \/>\n<meta property=\"og:image\" content=\"https:\/\/focolares.es\/wp-content\/uploads\/2026\/04\/Ontologia-trinitaria-Las-Matas.jpg\" \/>\n\t<meta property=\"og:image:width\" content=\"900\" \/>\n\t<meta property=\"og:image:height\" content=\"506\" \/>\n\t<meta property=\"og:image:type\" content=\"image\/jpeg\" \/>\n<meta name=\"author\" content=\"admin\" \/>\n<meta name=\"twitter:card\" content=\"summary_large_image\" \/>\n<meta name=\"twitter:label1\" content=\"Written by\" \/>\n\t<meta name=\"twitter:data1\" content=\"admin\" \/>\n\t<meta name=\"twitter:label2\" content=\"Estimated reading time\" \/>\n\t<meta name=\"twitter:data2\" content=\"3 minutes\" \/>\n<script type=\"application\/ld+json\" class=\"yoast-schema-graph\">{\"@context\":\"https:\/\/schema.org\",\"@graph\":[{\"@type\":\"Article\",\"@id\":\"https:\/\/focolares.es\/cuando-la-teologia-se-hace-vida-y-cultura\/#article\",\"isPartOf\":{\"@id\":\"https:\/\/focolares.es\/cuando-la-teologia-se-hace-vida-y-cultura\/\"},\"author\":{\"name\":\"admin\",\"@id\":\"https:\/\/focolares.es\/#\/schema\/person\/fdbf1cac3e3957f836bf607a31e7616d\"},\"headline\":\"Cuando la teolog\u00eda se hace vida y cultura\",\"datePublished\":\"2026-04-27T16:09:05+00:00\",\"dateModified\":\"2026-04-27T16:09:07+00:00\",\"mainEntityOfPage\":{\"@id\":\"https:\/\/focolares.es\/cuando-la-teologia-se-hace-vida-y-cultura\/\"},\"wordCount\":413,\"commentCount\":0,\"publisher\":{\"@id\":\"https:\/\/focolares.es\/#organization\"},\"image\":{\"@id\":\"https:\/\/focolares.es\/cuando-la-teologia-se-hace-vida-y-cultura\/#primaryimage\"},\"thumbnailUrl\":\"https:\/\/focolares.es\/wp-content\/uploads\/2026\/04\/Ontologia-trinitaria-Las-Matas.jpg\",\"keywords\":[\"Ciencia, humanidades y pensamiento\"],\"articleSection\":[\"Uncategorized\"],\"inLanguage\":\"en-GB\",\"potentialAction\":[{\"@type\":\"CommentAction\",\"name\":\"Comment\",\"target\":[\"https:\/\/focolares.es\/cuando-la-teologia-se-hace-vida-y-cultura\/#respond\"]}]},{\"@type\":\"WebPage\",\"@id\":\"https:\/\/focolares.es\/cuando-la-teologia-se-hace-vida-y-cultura\/\",\"url\":\"https:\/\/focolares.es\/cuando-la-teologia-se-hace-vida-y-cultura\/\",\"name\":\"Cuando la teolog\u00eda se hace vida y cultura - Movimiento de los Focolares\",\"isPartOf\":{\"@id\":\"https:\/\/focolares.es\/#website\"},\"primaryImageOfPage\":{\"@id\":\"https:\/\/focolares.es\/cuando-la-teologia-se-hace-vida-y-cultura\/#primaryimage\"},\"image\":{\"@id\":\"https:\/\/focolares.es\/cuando-la-teologia-se-hace-vida-y-cultura\/#primaryimage\"},\"thumbnailUrl\":\"https:\/\/focolares.es\/wp-content\/uploads\/2026\/04\/Ontologia-trinitaria-Las-Matas.jpg\",\"datePublished\":\"2026-04-27T16:09:05+00:00\",\"dateModified\":\"2026-04-27T16:09:07+00:00\",\"description\":\"La Ontolog\u00eda Trinitaria contribuye a dar respuesta a retos contempor\u00e1neos como la fragmentaci\u00f3n social, la crisis de sentido o el di\u00e1logo interreligioso.\",\"breadcrumb\":{\"@id\":\"https:\/\/focolares.es\/cuando-la-teologia-se-hace-vida-y-cultura\/#breadcrumb\"},\"inLanguage\":\"en-GB\",\"potentialAction\":[{\"@type\":\"ReadAction\",\"target\":[\"https:\/\/focolares.es\/cuando-la-teologia-se-hace-vida-y-cultura\/\"]}]},{\"@type\":\"ImageObject\",\"inLanguage\":\"en-GB\",\"@id\":\"https:\/\/focolares.es\/cuando-la-teologia-se-hace-vida-y-cultura\/#primaryimage\",\"url\":\"https:\/\/focolares.es\/wp-content\/uploads\/2026\/04\/Ontologia-trinitaria-Las-Matas.jpg\",\"contentUrl\":\"https:\/\/focolares.es\/wp-content\/uploads\/2026\/04\/Ontologia-trinitaria-Las-Matas.jpg\",\"width\":900,\"height\":506},{\"@type\":\"BreadcrumbList\",\"@id\":\"https:\/\/focolares.es\/cuando-la-teologia-se-hace-vida-y-cultura\/#breadcrumb\",\"itemListElement\":[{\"@type\":\"ListItem\",\"position\":1,\"name\":\"Portada\",\"item\":\"https:\/\/focolares.es\/\"},{\"@type\":\"ListItem\",\"position\":2,\"name\":\"Cuando la teolog\u00eda se hace vida y cultura\"}]},{\"@type\":\"WebSite\",\"@id\":\"https:\/\/focolares.es\/#website\",\"url\":\"https:\/\/focolares.es\/\",\"name\":\"Movimiento de los Focolares\",\"description\":\"\",\"publisher\":{\"@id\":\"https:\/\/focolares.es\/#organization\"},\"potentialAction\":[{\"@type\":\"SearchAction\",\"target\":{\"@type\":\"EntryPoint\",\"urlTemplate\":\"https:\/\/focolares.es\/?s={search_term_string}\"},\"query-input\":{\"@type\":\"PropertyValueSpecification\",\"valueRequired\":true,\"valueName\":\"search_term_string\"}}],\"inLanguage\":\"en-GB\"},{\"@type\":\"Organization\",\"@id\":\"https:\/\/focolares.es\/#organization\",\"name\":\"Movimiento de los Focolares\",\"url\":\"https:\/\/focolares.es\/\",\"logo\":{\"@type\":\"ImageObject\",\"inLanguage\":\"en-GB\",\"@id\":\"https:\/\/focolares.es\/#\/schema\/logo\/image\/\",\"url\":\"https:\/\/focolares.es\/wp-content\/uploads\/2024\/03\/Logo_focolares-1024x944-1.jpg\",\"contentUrl\":\"https:\/\/focolares.es\/wp-content\/uploads\/2024\/03\/Logo_focolares-1024x944-1.jpg\",\"width\":1024,\"height\":944,\"caption\":\"Movimiento de los Focolares\"},\"image\":{\"@id\":\"https:\/\/focolares.es\/#\/schema\/logo\/image\/\"}},{\"@type\":\"Person\",\"@id\":\"https:\/\/focolares.es\/#\/schema\/person\/fdbf1cac3e3957f836bf607a31e7616d\",\"name\":\"admin\",\"image\":{\"@type\":\"ImageObject\",\"inLanguage\":\"en-GB\",\"@id\":\"https:\/\/focolares.es\/wp-content\/litespeed\/avatar\/ba00c276ce0fa7863cda4038d70907a8.jpg?ver=1777380135\",\"url\":\"https:\/\/focolares.es\/wp-content\/litespeed\/avatar\/ba00c276ce0fa7863cda4038d70907a8.jpg?ver=1777380135\",\"contentUrl\":\"https:\/\/focolares.es\/wp-content\/litespeed\/avatar\/ba00c276ce0fa7863cda4038d70907a8.jpg?ver=1777380135\",\"caption\":\"admin\"},\"sameAs\":[\"https:\/\/focolares.es\"],\"url\":\"https:\/\/focolares.es\/en\/author\/afesersl_mcjhk9wv\/\"}]}<\/script>\n<!-- \/ Yoast SEO plugin. -->","yoast_head_json":{"title":"When theology becomes life and culture - The Focolare Movement","description":"Trinitarian Ontology contributes to answering contemporary challenges such as social fragmentation, the crisis of meaning, and interreligious dialogue.","robots":{"index":"index","follow":"follow","max-snippet":"max-snippet:-1","max-image-preview":"max-image-preview:large","max-video-preview":"max-video-preview:-1"},"canonical":"https:\/\/focolares.es\/en\/when-theology-becomes-life-and-culture\/","og_locale":"en_GB","og_type":"article","og_title":"Cuando la teolog\u00eda se hace vida y cultura - Movimiento de los Focolares","og_description":"La Ontolog\u00eda Trinitaria contribuye a dar respuesta a retos contempor\u00e1neos como la fragmentaci\u00f3n social, la crisis de sentido o el di\u00e1logo interreligioso.","og_url":"https:\/\/focolares.es\/en\/when-theology-becomes-life-and-culture\/","og_site_name":"Movimiento de los Focolares","article_published_time":"2026-04-27T16:09:05+00:00","article_modified_time":"2026-04-27T16:09:07+00:00","og_image":[{"width":900,"height":506,"url":"https:\/\/focolares.es\/wp-content\/uploads\/2026\/04\/Ontologia-trinitaria-Las-Matas.jpg","type":"image\/jpeg"}],"author":"admin","twitter_card":"summary_large_image","twitter_misc":{"Written by":"admin","Estimated reading time":"3 minutes"},"schema":{"@context":"https:\/\/schema.org","@graph":[{"@type":"Article","@id":"https:\/\/focolares.es\/cuando-la-teologia-se-hace-vida-y-cultura\/#article","isPartOf":{"@id":"https:\/\/focolares.es\/cuando-la-teologia-se-hace-vida-y-cultura\/"},"author":{"name":"admin","@id":"https:\/\/focolares.es\/#\/schema\/person\/fdbf1cac3e3957f836bf607a31e7616d"},"headline":"Cuando la teolog\u00eda se hace vida y cultura","datePublished":"2026-04-27T16:09:05+00:00","dateModified":"2026-04-27T16:09:07+00:00","mainEntityOfPage":{"@id":"https:\/\/focolares.es\/cuando-la-teologia-se-hace-vida-y-cultura\/"},"wordCount":413,"commentCount":0,"publisher":{"@id":"https:\/\/focolares.es\/#organization"},"image":{"@id":"https:\/\/focolares.es\/cuando-la-teologia-se-hace-vida-y-cultura\/#primaryimage"},"thumbnailUrl":"https:\/\/focolares.es\/wp-content\/uploads\/2026\/04\/Ontologia-trinitaria-Las-Matas.jpg","keywords":["Ciencia, humanidades y pensamiento"],"articleSection":["Uncategorized"],"inLanguage":"en-GB","potentialAction":[{"@type":"CommentAction","name":"Comment","target":["https:\/\/focolares.es\/cuando-la-teologia-se-hace-vida-y-cultura\/#respond"]}]},{"@type":"WebPage","@id":"https:\/\/focolares.es\/cuando-la-teologia-se-hace-vida-y-cultura\/","url":"https:\/\/focolares.es\/cuando-la-teologia-se-hace-vida-y-cultura\/","name":"When theology becomes life and culture - The Focolare Movement","isPartOf":{"@id":"https:\/\/focolares.es\/#website"},"primaryImageOfPage":{"@id":"https:\/\/focolares.es\/cuando-la-teologia-se-hace-vida-y-cultura\/#primaryimage"},"image":{"@id":"https:\/\/focolares.es\/cuando-la-teologia-se-hace-vida-y-cultura\/#primaryimage"},"thumbnailUrl":"https:\/\/focolares.es\/wp-content\/uploads\/2026\/04\/Ontologia-trinitaria-Las-Matas.jpg","datePublished":"2026-04-27T16:09:05+00:00","dateModified":"2026-04-27T16:09:07+00:00","description":"Trinitarian Ontology contributes to answering contemporary challenges such as social fragmentation, the crisis of meaning, and interreligious dialogue.","breadcrumb":{"@id":"https:\/\/focolares.es\/cuando-la-teologia-se-hace-vida-y-cultura\/#breadcrumb"},"inLanguage":"en-GB","potentialAction":[{"@type":"ReadAction","target":["https:\/\/focolares.es\/cuando-la-teologia-se-hace-vida-y-cultura\/"]}]},{"@type":"ImageObject","inLanguage":"en-GB","@id":"https:\/\/focolares.es\/cuando-la-teologia-se-hace-vida-y-cultura\/#primaryimage","url":"https:\/\/focolares.es\/wp-content\/uploads\/2026\/04\/Ontologia-trinitaria-Las-Matas.jpg","contentUrl":"https:\/\/focolares.es\/wp-content\/uploads\/2026\/04\/Ontologia-trinitaria-Las-Matas.jpg","width":900,"height":506},{"@type":"BreadcrumbList","@id":"https:\/\/focolares.es\/cuando-la-teologia-se-hace-vida-y-cultura\/#breadcrumb","itemListElement":[{"@type":"ListItem","position":1,"name":"Portada","item":"https:\/\/focolares.es\/"},{"@type":"ListItem","position":2,"name":"Cuando la teolog\u00eda se hace vida y cultura"}]},{"@type":"WebSite","@id":"https:\/\/focolares.es\/#website","url":"https:\/\/focolares.es\/","name":"Focolare Movement","description":"","publisher":{"@id":"https:\/\/focolares.es\/#organization"},"potentialAction":[{"@type":"SearchAction","target":{"@type":"EntryPoint","urlTemplate":"https:\/\/focolares.es\/?s={search_term_string}"},"query-input":{"@type":"PropertyValueSpecification","valueRequired":true,"valueName":"search_term_string"}}],"inLanguage":"en-GB"},{"@type":"Organization","@id":"https:\/\/focolares.es\/#organization","name":"Focolare Movement","url":"https:\/\/focolares.es\/","logo":{"@type":"ImageObject","inLanguage":"en-GB","@id":"https:\/\/focolares.es\/#\/schema\/logo\/image\/","url":"https:\/\/focolares.es\/wp-content\/uploads\/2024\/03\/Logo_focolares-1024x944-1.jpg","contentUrl":"https:\/\/focolares.es\/wp-content\/uploads\/2024\/03\/Logo_focolares-1024x944-1.jpg","width":1024,"height":944,"caption":"Movimiento de los Focolares"},"image":{"@id":"https:\/\/focolares.es\/#\/schema\/logo\/image\/"}},{"@type":"Person","@id":"https:\/\/focolares.es\/#\/schema\/person\/fdbf1cac3e3957f836bf607a31e7616d","name":"admin","image":{"@type":"ImageObject","inLanguage":"en-GB","@id":"https:\/\/focolares.es\/wp-content\/litespeed\/avatar\/ba00c276ce0fa7863cda4038d70907a8.jpg?ver=1777380135","url":"https:\/\/focolares.es\/wp-content\/litespeed\/avatar\/ba00c276ce0fa7863cda4038d70907a8.jpg?ver=1777380135","contentUrl":"https:\/\/focolares.es\/wp-content\/litespeed\/avatar\/ba00c276ce0fa7863cda4038d70907a8.jpg?ver=1777380135","caption":"admin"},"sameAs":["https:\/\/focolares.es"],"url":"https:\/\/focolares.es\/en\/author\/afesersl_mcjhk9wv\/"}]}},"views":1,"_links":{"self":[{"href":"https:\/\/focolares.es\/en\/wp-json\/wp\/v2\/posts\/19360","targetHints":{"allow":["GET"]}}],"collection":[{"href":"https:\/\/focolares.es\/en\/wp-json\/wp\/v2\/posts"}],"about":[{"href":"https:\/\/focolares.es\/en\/wp-json\/wp\/v2\/types\/post"}],"author":[{"embeddable":true,"href":"https:\/\/focolares.es\/en\/wp-json\/wp\/v2\/users\/1"}],"replies":[{"embeddable":true,"href":"https:\/\/focolares.es\/en\/wp-json\/wp\/v2\/comments?post=19360"}],"version-history":[{"count":8,"href":"https:\/\/focolares.es\/en\/wp-json\/wp\/v2\/posts\/19360\/revisions"}],"predecessor-version":[{"id":19380,"href":"https:\/\/focolares.es\/en\/wp-json\/wp\/v2\/posts\/19360\/revisions\/19380"}],"wp:featuredmedia":[{"embeddable":true,"href":"https:\/\/focolares.es\/en\/wp-json\/wp\/v2\/media\/19379"}],"wp:attachment":[{"href":"https:\/\/focolares.es\/en\/wp-json\/wp\/v2\/media?parent=19360"}],"wp:term":[{"taxonomy":"category","embeddable":true,"href":"https:\/\/focolares.es\/en\/wp-json\/wp\/v2\/categories?post=19360"},{"taxonomy":"post_tag","embeddable":true,"href":"https:\/\/focolares.es\/en\/wp-json\/wp\/v2\/tags?post=19360"}],"curies":[{"name":"wp","href":"https:\/\/api.w.org\/{rel}","templated":true}]}}