{"id":19778,"date":"2026-07-14T20:22:25","date_gmt":"2026-07-14T18:22:25","guid":{"rendered":"https:\/\/focolares.es\/?p=19778"},"modified":"2026-07-15T00:43:41","modified_gmt":"2026-07-14T22:43:41","slug":"fraternity-between-andalusia-and-morocco","status":"publish","type":"post","link":"https:\/\/focolares.es\/en\/fraternidad-entre-andalucia-y-marruecos\/","title":{"rendered":"The bridge that doesn&#039;t yet exist... we&#039;ve already crossed it"},"content":{"rendered":"<h4 class=\"wp-block-heading\">Sometimes the most important bridges aren&#039;t built with steel or concrete, but with encounters that transform perspectives. Seven Andalusian families have shared an experience of fraternity in Tangier, Tetouan, and Martil, strengthening ties forged two decades ago between the two shores of the Mediterranean.<\/h4>\n\n\n\n<div style=\"height:75px\" aria-hidden=\"true\" class=\"wp-block-spacer\"><\/div>\n\n\n\n<p class=\"wp-block-paragraph\">Driven by an initiative of the New Families group of Ja\u00e9n, seven families from Andalusia traveled to Morocco during the May 1st long weekend to get to know the Focolare community present in Tangier and the Focolare center of Martil.<\/p>\n\n\n\n<figure class=\"wp-block-image size-large\"><img fetchpriority=\"high\" decoding=\"async\" width=\"1024\" height=\"576\" src=\"https:\/\/focolares.es\/wp-content\/uploads\/2026\/07\/Al-fondo-Tarifa-1024x576.jpeg\" alt=\"\" class=\"wp-image-19779\" srcset=\"https:\/\/focolares.es\/wp-content\/uploads\/2026\/07\/Al-fondo-Tarifa-1024x576.jpeg 1024w, https:\/\/focolares.es\/wp-content\/uploads\/2026\/07\/Al-fondo-Tarifa-300x169.jpeg 300w, https:\/\/focolares.es\/wp-content\/uploads\/2026\/07\/Al-fondo-Tarifa-768x432.jpeg 768w, https:\/\/focolares.es\/wp-content\/uploads\/2026\/07\/Al-fondo-Tarifa-18x10.jpeg 18w, https:\/\/focolares.es\/wp-content\/uploads\/2026\/07\/Al-fondo-Tarifa.jpeg 1280w\" sizes=\"(max-width: 1024px) 100vw, 1024px\" \/><\/figure>\n\n\n\n<p class=\"wp-block-paragraph\">Although it was the first time many of them had visited the neighboring country, the trip had deep roots. Some twenty years ago, young people from Granada and other Andalusian cities began forging friendships with young Muslims and adults in Tangier, inspired by the ideal of fraternity. Upon learning of this experience, Chiara Lubich encouraged them to build bridges of fraternity between the two shores of the Mediterranean.<em>.<\/em><\/p>\n\n\n\n<p class=\"wp-block-paragraph\">During their stay, the group of families discovered the rich culture of Tangier and Tetouan and were able to participate in the life of the local Church. However, what impacted them most was their encounter with Muslim families who, for years, have also lived the spirit of unity. Sharing a simple Moroccan tea was enough to experience that cultural and religious differences do not prevent one from feeling part of the same family.<\/p>\n\n\n\n<p class=\"wp-block-paragraph\">The visit continued in Martil, where the families learned about the life of the Focolare Center \u2014inaugurated in February 2022 with the aim of developing a fraternal dialogue between Christians and Muslims\u2014 as well as the work carried out from the Lerchundi Center<sup data-fn=\"0775b441-e668-467c-84c6-fe627e913188\" class=\"fn\"><a href=\"#0775b441-e668-467c-84c6-fe627e913188\" id=\"0775b441-e668-467c-84c6-fe627e913188-link\">1<\/a><\/sup> and the Our Lady of Morocco Women&#039;s Center<sup data-fn=\"34cad588-8e71-42fc-a679-534368f2ac01\" class=\"fn\"><a href=\"#34cad588-8e71-42fc-a679-534368f2ac01\" id=\"34cad588-8e71-42fc-a679-534368f2ac01-link\">2<\/a><\/sup>. There they were able to discover how dialogue, training and daily service become concrete paths to building a more fraternal society.<\/p>\n\n\n\n<p class=\"wp-block-paragraph\">Those who participated returned with a profound sense of hope. The encounter helped to break down prejudices, renewed the desire to live the Gospel in everyday life, and confirmed that fraternity is possible when we take the first step toward others.<\/p>\n\n\n\n<p class=\"wp-block-paragraph\">The journey has ended, but the bridge remains open. In the hearts of those who participated, the desire to forge connections between people, cultures, and nations continues to resonate, convinced that every sincere encounter can bring the two shores of the Mediterranean a little closer together.<\/p>\n\n\n\n<div style=\"height:67px\" aria-hidden=\"true\" class=\"wp-block-spacer\"><\/div>\n\n\n\n<hr>\n\n\n\n<div style=\"height:20px\" aria-hidden=\"true\" class=\"wp-block-spacer\"><\/div>\n\n\n<ol class=\"wp-block-footnotes\"><li id=\"0775b441-e668-467c-84c6-fe627e913188\">A cultural organization of the Catholic Church in the Archdiocese of Tangier (Morocco) that has been developing socio-cultural activities for 30 years.<a href=\"https:\/\/www.lerchundimartil.com\/\">https:\/\/www.lerchundimartil.com\/<\/a> \u00a0either <a href=\"https:\/\/www.instagram.com\/lerchundi_martil\/\">https:\/\/www.instagram.com\/lerchundi_martil\/<\/a>)  <a href=\"#0775b441-e668-467c-84c6-fe627e913188-link\" aria-label=\"Jump to footnote reference 1\">\u21a9\ufe0e<\/a><\/li><li id=\"34cad588-8e71-42fc-a679-534368f2ac01\"><mark class=\"has-inline-color has-black-color\">This project is part of the Lerchundi Center in Martil. It began three years ago, funded by Manos Unidas, and has continued thanks to the involvement of volunteers. It is geared towards women, providing them with training, support, and social and professional integration.<a href=\"https:\/\/www.instagram.com\/centro_de_mujeres\/\">https:\/\/www.instagram.com\/centro_de_mujeres\/<\/a>)<\/mark> <a href=\"#34cad588-8e71-42fc-a679-534368f2ac01-link\" aria-label=\"Jump to footnote reference 2\">\u21a9\ufe0e<\/a><\/li><\/ol>\n\n\n<p class=\"wp-block-paragraph\"><\/p>","protected":false},"excerpt":{"rendered":"<p>An experience of dialogue, friendship and fraternity that strengthens the ties between the two shores of the Mediterranean.<\/p>","protected":false},"author":10,"featured_media":19779,"comment_status":"open","ping_status":"closed","sticky":false,"template":"","format":"standard","meta":{"_price":"","_stock":"","_tribe_ticket_header":"","_tribe_default_ticket_provider":"","_tribe_ticket_capacity":"0","_ticket_start_date":"","_ticket_end_date":"","_tribe_ticket_show_description":"","_tribe_ticket_show_not_going":false,"_tribe_ticket_use_global_stock":"","_tribe_ticket_global_stock_level":"","_global_stock_mode":"","_global_stock_cap":"","_tribe_rsvp_for_event":"","_tribe_ticket_going_count":"","_tribe_ticket_not_going_count":"","_tribe_tickets_list":"[]","_tribe_ticket_has_attendee_info_fields":false,"footnotes":"[{\"content\":\"Obra cultural de la Iglesia cat\u00f3lica en la Archidi\u00f3cesis de T\u00e1nger (Marruecos) que, desde hace 30 a\u00f1os, desarrolla actividades de dinamizaci\u00f3n socio-cultural. (<a href=\\\"https:\/\/www.lerchundimartil.com\/\\\">https:\/\/www.lerchundimartil.com\/<\/a> \u00a0o <a href=\\\"https:\/\/www.instagram.com\/lerchundi_martil\/\\\">https:\/\/www.instagram.com\/lerchundi_martil\/<\/a>) \",\"id\":\"0775b441-e668-467c-84c6-fe627e913188\"},{\"content\":\"<mark style=\\\"background-color:rgba(0, 0, 0, 0)\\\" class=\\\"has-inline-color has-black-color\\\">Proyecto que forma parte del Centro Lerchundi de Martil. Naci\u00f3 hace tres a\u00f1os financiado por Manos Unidas y ha continuado adelante con la implicaci\u00f3n del voluntariado. Orientado a las mujeres, para su formaci\u00f3n, apoyo e inserci\u00f3n sociolaboral (<a href=\\\"https:\/\/www.instagram.com\/centro_de_mujeres\/\\\">https:\/\/www.instagram.com\/centro_de_mujeres\/<\/a>)<\/mark>\",\"id\":\"34cad588-8e71-42fc-a679-534368f2ac01\"}]"},"categories":[1],"tags":[40,74],"class_list":["post-19778","post","type-post","status-publish","format-standard","has-post-thumbnail","hentry","category-uncategorized","tag-dialogo-y-fraternidad","tag-familia"],"yoast_head":"<!-- This site is optimized with the Yoast SEO plugin v28.1 - https:\/\/yoast.com\/product\/yoast-seo-wordpress\/ -->\n<title>El puente que a\u00fan no existe ... ya lo hemos cruzado - Movimiento de los Focolares<\/title>\n<meta name=\"description\" content=\"Experiencia de siete familias en Marruecos junto a la comunidad de los Focolares, fortaleciendo el di\u00e1logo y la amistad entre culturas.\" \/>\n<meta name=\"robots\" content=\"index, follow, max-snippet:-1, max-image-preview:large, max-video-preview:-1\" \/>\n<link rel=\"canonical\" href=\"https:\/\/focolares.es\/en\/fraternity-between-andalusia-and-morocco\/\" \/>\n<meta property=\"og:locale\" content=\"en_GB\" \/>\n<meta property=\"og:type\" content=\"article\" \/>\n<meta property=\"og:title\" content=\"El puente que a\u00fan no existe ... ya lo hemos cruzado - Movimiento de los Focolares\" \/>\n<meta property=\"og:description\" content=\"Experiencia de siete familias en Marruecos junto a la comunidad de los Focolares, fortaleciendo el di\u00e1logo y la amistad entre culturas.\" \/>\n<meta property=\"og:url\" content=\"https:\/\/focolares.es\/en\/fraternity-between-andalusia-and-morocco\/\" \/>\n<meta property=\"og:site_name\" content=\"Movimiento de los Focolares\" \/>\n<meta property=\"article:published_time\" content=\"2026-07-14T18:22:25+00:00\" \/>\n<meta property=\"article:modified_time\" content=\"2026-07-14T22:43:41+00:00\" \/>\n<meta property=\"og:image\" content=\"https:\/\/focolares.es\/wp-content\/uploads\/2026\/07\/Al-fondo-Tarifa.jpeg\" \/>\n\t<meta property=\"og:image:width\" content=\"1280\" \/>\n\t<meta property=\"og:image:height\" content=\"720\" \/>\n\t<meta property=\"og:image:type\" content=\"image\/jpeg\" \/>\n<meta name=\"author\" content=\"Inma Tersa\" \/>\n<meta name=\"twitter:card\" content=\"summary_large_image\" \/>\n<meta name=\"twitter:label1\" content=\"Written by\" \/>\n\t<meta name=\"twitter:data1\" content=\"Inma Tersa\" \/>\n\t<meta name=\"twitter:label2\" content=\"Estimated reading time\" \/>\n\t<meta name=\"twitter:data2\" content=\"3 minutes\" \/>\n<script type=\"application\/ld+json\" class=\"yoast-schema-graph\">{\"@context\":\"https:\\\/\\\/schema.org\",\"@graph\":[{\"@type\":\"Article\",\"@id\":\"https:\\\/\\\/focolares.es\\\/fraternidad-entre-andalucia-y-marruecos\\\/#article\",\"isPartOf\":{\"@id\":\"https:\\\/\\\/focolares.es\\\/fraternidad-entre-andalucia-y-marruecos\\\/\"},\"author\":{\"name\":\"Inma Tersa\",\"@id\":\"https:\\\/\\\/focolares.es\\\/#\\\/schema\\\/person\\\/8b058c1a27e387feee62383131d93e9e\"},\"headline\":\"El puente que a\u00fan no existe &#8230; ya lo hemos cruzado\",\"datePublished\":\"2026-07-14T18:22:25+00:00\",\"dateModified\":\"2026-07-14T22:43:41+00:00\",\"mainEntityOfPage\":{\"@id\":\"https:\\\/\\\/focolares.es\\\/fraternidad-entre-andalucia-y-marruecos\\\/\"},\"wordCount\":441,\"commentCount\":0,\"publisher\":{\"@id\":\"https:\\\/\\\/focolares.es\\\/#organization\"},\"image\":{\"@id\":\"https:\\\/\\\/focolares.es\\\/fraternidad-entre-andalucia-y-marruecos\\\/#primaryimage\"},\"thumbnailUrl\":\"https:\\\/\\\/focolares.es\\\/wp-content\\\/uploads\\\/2026\\\/07\\\/Al-fondo-Tarifa.jpeg\",\"keywords\":[\"Di\u00e1logo y fraternidad\",\"Familia\"],\"articleSection\":[\"Uncategorized\"],\"inLanguage\":\"en-GB\",\"potentialAction\":[{\"@type\":\"CommentAction\",\"name\":\"Comment\",\"target\":[\"https:\\\/\\\/focolares.es\\\/fraternidad-entre-andalucia-y-marruecos\\\/#respond\"]}]},{\"@type\":\"WebPage\",\"@id\":\"https:\\\/\\\/focolares.es\\\/fraternidad-entre-andalucia-y-marruecos\\\/\",\"url\":\"https:\\\/\\\/focolares.es\\\/fraternidad-entre-andalucia-y-marruecos\\\/\",\"name\":\"El puente que a\u00fan no existe ... ya lo hemos cruzado - Movimiento de los Focolares\",\"isPartOf\":{\"@id\":\"https:\\\/\\\/focolares.es\\\/#website\"},\"primaryImageOfPage\":{\"@id\":\"https:\\\/\\\/focolares.es\\\/fraternidad-entre-andalucia-y-marruecos\\\/#primaryimage\"},\"image\":{\"@id\":\"https:\\\/\\\/focolares.es\\\/fraternidad-entre-andalucia-y-marruecos\\\/#primaryimage\"},\"thumbnailUrl\":\"https:\\\/\\\/focolares.es\\\/wp-content\\\/uploads\\\/2026\\\/07\\\/Al-fondo-Tarifa.jpeg\",\"datePublished\":\"2026-07-14T18:22:25+00:00\",\"dateModified\":\"2026-07-14T22:43:41+00:00\",\"description\":\"Experiencia de siete familias en Marruecos junto a la comunidad de los Focolares, fortaleciendo el di\u00e1logo y la amistad entre culturas.\",\"breadcrumb\":{\"@id\":\"https:\\\/\\\/focolares.es\\\/fraternidad-entre-andalucia-y-marruecos\\\/#breadcrumb\"},\"inLanguage\":\"en-GB\",\"potentialAction\":[{\"@type\":\"ReadAction\",\"target\":[\"https:\\\/\\\/focolares.es\\\/fraternidad-entre-andalucia-y-marruecos\\\/\"]}]},{\"@type\":\"ImageObject\",\"inLanguage\":\"en-GB\",\"@id\":\"https:\\\/\\\/focolares.es\\\/fraternidad-entre-andalucia-y-marruecos\\\/#primaryimage\",\"url\":\"https:\\\/\\\/focolares.es\\\/wp-content\\\/uploads\\\/2026\\\/07\\\/Al-fondo-Tarifa.jpeg\",\"contentUrl\":\"https:\\\/\\\/focolares.es\\\/wp-content\\\/uploads\\\/2026\\\/07\\\/Al-fondo-Tarifa.jpeg\",\"width\":1280,\"height\":720},{\"@type\":\"BreadcrumbList\",\"@id\":\"https:\\\/\\\/focolares.es\\\/fraternidad-entre-andalucia-y-marruecos\\\/#breadcrumb\",\"itemListElement\":[{\"@type\":\"ListItem\",\"position\":1,\"name\":\"Portada\",\"item\":\"https:\\\/\\\/focolares.es\\\/\"},{\"@type\":\"ListItem\",\"position\":2,\"name\":\"El puente que a\u00fan no existe &#8230; ya lo hemos cruzado\"}]},{\"@type\":\"WebSite\",\"@id\":\"https:\\\/\\\/focolares.es\\\/#website\",\"url\":\"https:\\\/\\\/focolares.es\\\/\",\"name\":\"Movimiento de los Focolares\",\"description\":\"\",\"publisher\":{\"@id\":\"https:\\\/\\\/focolares.es\\\/#organization\"},\"potentialAction\":[{\"@type\":\"SearchAction\",\"target\":{\"@type\":\"EntryPoint\",\"urlTemplate\":\"https:\\\/\\\/focolares.es\\\/?s={search_term_string}\"},\"query-input\":{\"@type\":\"PropertyValueSpecification\",\"valueRequired\":true,\"valueName\":\"search_term_string\"}}],\"inLanguage\":\"en-GB\"},{\"@type\":\"Organization\",\"@id\":\"https:\\\/\\\/focolares.es\\\/#organization\",\"name\":\"Movimiento de los Focolares\",\"url\":\"https:\\\/\\\/focolares.es\\\/\",\"logo\":{\"@type\":\"ImageObject\",\"inLanguage\":\"en-GB\",\"@id\":\"https:\\\/\\\/focolares.es\\\/#\\\/schema\\\/logo\\\/image\\\/\",\"url\":\"https:\\\/\\\/focolares.es\\\/wp-content\\\/uploads\\\/2024\\\/03\\\/Logo_focolares-1024x944-1.jpg\",\"contentUrl\":\"https:\\\/\\\/focolares.es\\\/wp-content\\\/uploads\\\/2024\\\/03\\\/Logo_focolares-1024x944-1.jpg\",\"width\":1024,\"height\":944,\"caption\":\"Movimiento de los Focolares\"},\"image\":{\"@id\":\"https:\\\/\\\/focolares.es\\\/#\\\/schema\\\/logo\\\/image\\\/\"}},{\"@type\":\"Person\",\"@id\":\"https:\\\/\\\/focolares.es\\\/#\\\/schema\\\/person\\\/8b058c1a27e387feee62383131d93e9e\",\"name\":\"Inma Tersa\",\"image\":{\"@type\":\"ImageObject\",\"inLanguage\":\"en-GB\",\"@id\":\"https:\\\/\\\/focolares.es\\\/wp-content\\\/litespeed\\\/avatar\\\/7dbc96ecf8c314c6a9f957a8eec59e2a.jpg?ver=1787677034\",\"url\":\"https:\\\/\\\/focolares.es\\\/wp-content\\\/litespeed\\\/avatar\\\/7dbc96ecf8c314c6a9f957a8eec59e2a.jpg?ver=1787677034\",\"contentUrl\":\"https:\\\/\\\/focolares.es\\\/wp-content\\\/litespeed\\\/avatar\\\/7dbc96ecf8c314c6a9f957a8eec59e2a.jpg?ver=1787677034\",\"caption\":\"Inma Tersa\"},\"url\":\"https:\\\/\\\/focolares.es\\\/en\\\/author\\\/inma\\\/\"}]}<\/script>\n<!-- \/ Yoast SEO plugin. -->","yoast_head_json":{"title":"The bridge that doesn&#039;t yet exist... we have already crossed it - Focolare Movement","description":"Experience of seven families in Morocco together with the Focolare community, strengthening dialogue and friendship between cultures.","robots":{"index":"index","follow":"follow","max-snippet":"max-snippet:-1","max-image-preview":"max-image-preview:large","max-video-preview":"max-video-preview:-1"},"canonical":"https:\/\/focolares.es\/en\/fraternity-between-andalusia-and-morocco\/","og_locale":"en_GB","og_type":"article","og_title":"El puente que a\u00fan no existe ... ya lo hemos cruzado - Movimiento de los Focolares","og_description":"Experiencia de siete familias en Marruecos junto a la comunidad de los Focolares, fortaleciendo el di\u00e1logo y la amistad entre culturas.","og_url":"https:\/\/focolares.es\/en\/fraternity-between-andalusia-and-morocco\/","og_site_name":"Movimiento de los Focolares","article_published_time":"2026-07-14T18:22:25+00:00","article_modified_time":"2026-07-14T22:43:41+00:00","og_image":[{"width":1280,"height":720,"url":"https:\/\/focolares.es\/wp-content\/uploads\/2026\/07\/Al-fondo-Tarifa.jpeg","type":"image\/jpeg"}],"author":"Inma Tersa","twitter_card":"summary_large_image","twitter_misc":{"Written by":"Inma Tersa","Estimated reading time":"3 minutes"},"schema":{"@context":"https:\/\/schema.org","@graph":[{"@type":"Article","@id":"https:\/\/focolares.es\/fraternidad-entre-andalucia-y-marruecos\/#article","isPartOf":{"@id":"https:\/\/focolares.es\/fraternidad-entre-andalucia-y-marruecos\/"},"author":{"name":"Inma Tersa","@id":"https:\/\/focolares.es\/#\/schema\/person\/8b058c1a27e387feee62383131d93e9e"},"headline":"El puente que a\u00fan no existe &#8230; ya lo hemos cruzado","datePublished":"2026-07-14T18:22:25+00:00","dateModified":"2026-07-14T22:43:41+00:00","mainEntityOfPage":{"@id":"https:\/\/focolares.es\/fraternidad-entre-andalucia-y-marruecos\/"},"wordCount":441,"commentCount":0,"publisher":{"@id":"https:\/\/focolares.es\/#organization"},"image":{"@id":"https:\/\/focolares.es\/fraternidad-entre-andalucia-y-marruecos\/#primaryimage"},"thumbnailUrl":"https:\/\/focolares.es\/wp-content\/uploads\/2026\/07\/Al-fondo-Tarifa.jpeg","keywords":["Di\u00e1logo y fraternidad","Familia"],"articleSection":["Uncategorized"],"inLanguage":"en-GB","potentialAction":[{"@type":"CommentAction","name":"Comment","target":["https:\/\/focolares.es\/fraternidad-entre-andalucia-y-marruecos\/#respond"]}]},{"@type":"WebPage","@id":"https:\/\/focolares.es\/fraternidad-entre-andalucia-y-marruecos\/","url":"https:\/\/focolares.es\/fraternidad-entre-andalucia-y-marruecos\/","name":"The bridge that doesn&#039;t yet exist... we have already crossed it - Focolare Movement","isPartOf":{"@id":"https:\/\/focolares.es\/#website"},"primaryImageOfPage":{"@id":"https:\/\/focolares.es\/fraternidad-entre-andalucia-y-marruecos\/#primaryimage"},"image":{"@id":"https:\/\/focolares.es\/fraternidad-entre-andalucia-y-marruecos\/#primaryimage"},"thumbnailUrl":"https:\/\/focolares.es\/wp-content\/uploads\/2026\/07\/Al-fondo-Tarifa.jpeg","datePublished":"2026-07-14T18:22:25+00:00","dateModified":"2026-07-14T22:43:41+00:00","description":"Experience of seven families in Morocco together with the Focolare community, strengthening dialogue and friendship between cultures.","breadcrumb":{"@id":"https:\/\/focolares.es\/fraternidad-entre-andalucia-y-marruecos\/#breadcrumb"},"inLanguage":"en-GB","potentialAction":[{"@type":"ReadAction","target":["https:\/\/focolares.es\/fraternidad-entre-andalucia-y-marruecos\/"]}]},{"@type":"ImageObject","inLanguage":"en-GB","@id":"https:\/\/focolares.es\/fraternidad-entre-andalucia-y-marruecos\/#primaryimage","url":"https:\/\/focolares.es\/wp-content\/uploads\/2026\/07\/Al-fondo-Tarifa.jpeg","contentUrl":"https:\/\/focolares.es\/wp-content\/uploads\/2026\/07\/Al-fondo-Tarifa.jpeg","width":1280,"height":720},{"@type":"BreadcrumbList","@id":"https:\/\/focolares.es\/fraternidad-entre-andalucia-y-marruecos\/#breadcrumb","itemListElement":[{"@type":"ListItem","position":1,"name":"Portada","item":"https:\/\/focolares.es\/"},{"@type":"ListItem","position":2,"name":"El puente que a\u00fan no existe &#8230; ya lo hemos cruzado"}]},{"@type":"WebSite","@id":"https:\/\/focolares.es\/#website","url":"https:\/\/focolares.es\/","name":"Focolare Movement","description":"","publisher":{"@id":"https:\/\/focolares.es\/#organization"},"potentialAction":[{"@type":"SearchAction","target":{"@type":"EntryPoint","urlTemplate":"https:\/\/focolares.es\/?s={search_term_string}"},"query-input":{"@type":"PropertyValueSpecification","valueRequired":true,"valueName":"search_term_string"}}],"inLanguage":"en-GB"},{"@type":"Organization","@id":"https:\/\/focolares.es\/#organization","name":"Focolare Movement","url":"https:\/\/focolares.es\/","logo":{"@type":"ImageObject","inLanguage":"en-GB","@id":"https:\/\/focolares.es\/#\/schema\/logo\/image\/","url":"https:\/\/focolares.es\/wp-content\/uploads\/2024\/03\/Logo_focolares-1024x944-1.jpg","contentUrl":"https:\/\/focolares.es\/wp-content\/uploads\/2024\/03\/Logo_focolares-1024x944-1.jpg","width":1024,"height":944,"caption":"Movimiento de los Focolares"},"image":{"@id":"https:\/\/focolares.es\/#\/schema\/logo\/image\/"}},{"@type":"Person","@id":"https:\/\/focolares.es\/#\/schema\/person\/8b058c1a27e387feee62383131d93e9e","name":"Inma Tersa","image":{"@type":"ImageObject","inLanguage":"en-GB","@id":"https:\/\/focolares.es\/wp-content\/litespeed\/avatar\/7dbc96ecf8c314c6a9f957a8eec59e2a.jpg?ver=1787677034","url":"https:\/\/focolares.es\/wp-content\/litespeed\/avatar\/7dbc96ecf8c314c6a9f957a8eec59e2a.jpg?ver=1787677034","contentUrl":"https:\/\/focolares.es\/wp-content\/litespeed\/avatar\/7dbc96ecf8c314c6a9f957a8eec59e2a.jpg?ver=1787677034","caption":"Inma Tersa"},"url":"https:\/\/focolares.es\/en\/author\/inma\/"}]}},"views":130,"_links":{"self":[{"href":"https:\/\/focolares.es\/en\/wp-json\/wp\/v2\/posts\/19778","targetHints":{"allow":["GET"]}}],"collection":[{"href":"https:\/\/focolares.es\/en\/wp-json\/wp\/v2\/posts"}],"about":[{"href":"https:\/\/focolares.es\/en\/wp-json\/wp\/v2\/types\/post"}],"author":[{"embeddable":true,"href":"https:\/\/focolares.es\/en\/wp-json\/wp\/v2\/users\/10"}],"replies":[{"embeddable":true,"href":"https:\/\/focolares.es\/en\/wp-json\/wp\/v2\/comments?post=19778"}],"version-history":[{"count":5,"href":"https:\/\/focolares.es\/en\/wp-json\/wp\/v2\/posts\/19778\/revisions"}],"predecessor-version":[{"id":19874,"href":"https:\/\/focolares.es\/en\/wp-json\/wp\/v2\/posts\/19778\/revisions\/19874"}],"wp:featuredmedia":[{"embeddable":true,"href":"https:\/\/focolares.es\/en\/wp-json\/wp\/v2\/media\/19779"}],"wp:attachment":[{"href":"https:\/\/focolares.es\/en\/wp-json\/wp\/v2\/media?parent=19778"}],"wp:term":[{"taxonomy":"category","embeddable":true,"href":"https:\/\/focolares.es\/en\/wp-json\/wp\/v2\/categories?post=19778"},{"taxonomy":"post_tag","embeddable":true,"href":"https:\/\/focolares.es\/en\/wp-json\/wp\/v2\/tags?post=19778"}],"curies":[{"name":"wp","href":"https:\/\/api.w.org\/{rel}","templated":true}]}}