{"id":4598,"date":"2023-04-03T09:56:44","date_gmt":"2023-04-03T07:56:44","guid":{"rendered":"https:\/\/focolares.es\/?p=4598"},"modified":"2026-04-17T21:53:04","modified_gmt":"2026-04-17T19:53:04","slug":"towards-a-culture-of-comprehensive-protection-of-the-person","status":"publish","type":"post","link":"https:\/\/focolares.es\/en\/hacia-una-cultura-de-la-proteccion-integral-de-la-persona\/","title":{"rendered":"Towards a culture of comprehensive protection of the person"},"content":{"rendered":"<p>He&nbsp;<em>Focolare Movement<\/em>&nbsp;publishes the first report on cases of abuse of minors and vulnerable adults, including spiritual abuse and abuse of authority, occurring within the Movement. It also includes information on reparation measures, new investigation procedures, and training activities aimed at protecting individuals.<\/p>\n\n\n\n<p>The report begins with a letter of&nbsp;<strong>Margaret Karram<\/strong>&nbsp;and&nbsp;<strong>Jesus Moran<\/strong>, President and Co-President of the&nbsp;<em>Focolare<\/em>: \u00ab<em>We are writing to present a public report on the data regarding the notifications and measures we have taken as the Focolare Movement, due to the scourge of sexual abuse of minors and vulnerable people, as well as abuses of conscience, spirituality, and authority over adults, from which we too have not been spared.<\/em>.<\/p>\n\n\n\n<p>The document&nbsp;<a href=\"https:\/\/www.focolare.org\/wp-content\/uploads\/2023\/04\/CGO-00-20230331-Resoconto_MdF_2022-23_Tutela_Persona-ESP.pdf\" target=\"_blank\" rel=\"noreferrer noopener\"><em>Towards a culture of comprehensive protection of the person<\/em><\/a>, will be renewed annually and is published one year after the dissemination of the results of the research carried out by&nbsp;<a href=\"https:\/\/www.focolare.org\/espana\/es\/news\/2022\/03\/30\/informe-de-la-investigacion-independiente-de-gcps-consulting\/\" target=\"_blank\" rel=\"noreferrer noopener\">GCPS Consulting<\/a>&nbsp;on the serious cases of sexual abuse committed by a former French focolarino.<\/p>\n\n\n\n<p>He&nbsp;<em>Focolare Movement<\/em>&nbsp;works to adopt the necessary measures to guarantee the prevention and comprehensive protection of the person in all areas and environments in which its activities are carried out. Therefore, the document now published - explain the President and Co-President of the&nbsp;<em>Focolare<\/em>\u2012, \u00ab<em>This is the first report on the prevention, investigation, transparency, training and change measures undertaken by the Focolare Movement to counter this crime.<\/em><\/p>\n\n\n\n<p>The President and Co-President sincerely apologize to each of the victims and survivors on behalf of the&nbsp;<em>Focolare Movement<\/em><strong>,&nbsp;<\/strong>while expressing deep gratitude to them, as well as to the victims, families and communities involved not only in France, but in all countries where cases of abuse have emerged, because thanks to their cooperation and, above all, to their courage in confronting and bringing these crimes to light,&nbsp;<em>Motion<\/em>&nbsp;is more consciously implementing new commitments and procedures regarding the protection of people.<\/p>\n\n\n\n<p>The report consists of several parts and presents data relating to abuses reported to the&nbsp;<em>Commission for the Well-being and Protection of the Person<\/em>&nbsp;(<em>CO.BE.TU.<\/em>) since its creation in 2014; it therefore systematically compiles notifications until December 2022. The report also presents data on the &quot;basic courses on the protection of the person&quot; carried out in the different countries in which the&nbsp;<em>Focolare Movement<\/em>.<\/p>\n\n\n\n<p>Another section is dedicated to priority measures already in place or in the process of implementation, in response to the recommendations of the independent investigation of&nbsp;<em>GCPS Consulting<\/em>. The courses and training tools for the protection of the person are available to all members of the&nbsp;<em>Motion<\/em>, especially for the trainers and companions of minors. Training activities have already been launched for those responsible for the&nbsp;<em>Motion<\/em>&nbsp;at different levels: from central management to territorial managers in different geographical areas.<\/p>\n\n\n\n<p>On May 1, 2023, the&nbsp;<em>Central Independent Commission<\/em>&nbsp;and will complete the task of the&nbsp;<em>CO.BE.TU.<\/em>&nbsp;The new body will be responsible exclusively for processing notifications, while training will be coordinated at the central and local levels by another team of experts and consultants.<\/p>\n\n\n\n<p>The report also presents the&nbsp;<a href=\"https:\/\/www.focolare.org\/wp-content\/uploads\/2023\/03\/CGO-00-20230328-Protocollo_MdF_gestione_casi_abuso-SP.pdf\"><em>Protocol for the management of cases of abuse in the Focolare Movement<\/em><\/a>, the&nbsp;<em>Powers of the Central Independent Commission&nbsp;<\/em>and the&nbsp;<a href=\"https:\/\/www.focolare.org\/wp-content\/uploads\/2023\/03\/CGO-00-20230328-MdF-Linee-di-sostegno-alle-vittime-e-riparazione-finanziaria-ESP.pdf\"><em>Support lines and financial compensation in cases of sexual abuse of minors and vulnerable adults<\/em><\/a>.<\/p>\n\n\n\n<p>Regarding reporting, denunciation, and investigation procedures in countries where reporting is mandatory, notification is immediately transmitted to the judicial authorities. If national legislation does not provide for mandatory reporting, but the facts nevertheless constitute a crime, the commission will submit the complaint to the judicial authorities immediately after verifying the plausibility of the facts, unless the victim or their parents object. In accordance with international legislative standards, notification of abuse will also occur even if the crime has already expired.<\/p>\n\n\n\n<p><a href=\"https:\/\/www.focolare.org\/wp-content\/uploads\/2023\/04\/CGO-00-20230331-Resoconto_MdF_2022-23_Tutela_Persona-ESP.pdf\" target=\"_blank\" rel=\"noreferrer noopener\">Download the PDF report on the handling of abuse cases in the Focolare Movement.<\/a><\/p>","protected":false},"excerpt":{"rendered":"<p>The Focolare Movement publishes its first report on cases of abuse of minors and vulnerable adults, including spiritual abuse and abuse of authority, occurring within the Movement. It also includes information regarding reparation measures, new investigation procedures, and training activities aimed at protecting the person. The report begins with a letter from Margaret Karram and Jes\u00fas Mor\u00e1n, President and Co-President of the Focolare Movement: &quot;We are writing to present a public report on the data regarding notifications and the measures we have undertaken as the Focolare Movement, due to the scourge of sexual abuse of minors and vulnerable persons; and abuses of conscience, spiritual abuse, and abuse of authority over adults, from which we too have not been immune.&quot; The document, Towards a Culture of Integral Protection of the Person, will be updated annually and is published one year after the release of the results of the investigation conducted by GCPS Consulting into the serious cases of sexual abuse committed by a former French focolarino. The Focolare Movement works to adopt the necessary measures to guarantee the prevention and comprehensive protection of the person in all areas and environments where its activities are carried out. Therefore, the document now being published\u2014the President and Co-President of the Focolare Movement explain\u2014&quot;is a first report on the prevention, investigation, transparency, training, and change measures undertaken by the Focolare Movement to counter this crime.&quot; The President and Co-President sincerely apologize to each of the victims and survivors on behalf of the Focolare Movement, while expressing profound gratitude to them, as well as to the victims, families, and communities involved not only in France but in all countries where cases of abuse have emerged. Thanks to their cooperation and, above all, their courage in confronting and bringing these crimes to light, the Movement is more consciously implementing new commitments and procedures regarding the protection of persons. The report consists of several parts and presents data on abuses reported to the Commission for the Well-being and Protection of the Person (CO.BE.TU.) since its creation in 2014; it systematically compiles reports up to December 2022. The report also presents data on &quot;basic courses on the protection of the person&quot; conducted in the various countries where the Focolare Movement operates. Another section is dedicated to priority measures already in place or in the process of implementation, in response to the recommendations of the independent investigation by GCPS Consulting. The courses and training tools for the protection of the person are available to all members of the Movement, especially trainers and those accompanying minors. Training activities have already been implemented for Movement leaders at various levels, from central management to territorial leaders in the various geographical areas. On May 1, 2023, the Central Independent Commission will begin operating and the CO.BE.TU will complete its work. The new body will be solely responsible for processing notifications, while training will be coordinated at the central and local levels by another team of experts and consultants. The report also presents the Protocol for the Management of Abuse Cases in the Focolare Movement, the Competencies of the Central Independent Commission, and the Support and Financial Reparation Lines in Cases of Sexual Abuse of Minors and Vulnerable Adults. Regarding the reporting, denunciation, and investigation procedures in countries where reporting is mandatory, the notification is immediately transmitted to the judicial authorities. If national legislation does not provide for mandatory reporting, but the facts nevertheless constitute a crime, the commission will submit the complaint to the judicial authorities immediately after verifying the plausibility of the facts, unless the victim or their parents object. In accordance with international legal standards, reporting of abuse will also occur even if the statute of limitations has expired. Download the PDF Report on the Management of Abuse Cases in the Focolare Movement<\/p>","protected":false},"author":3,"featured_media":4599,"comment_status":"open","ping_status":"closed","sticky":false,"template":"","format":"standard","meta":{"_price":"","_stock":"","_tribe_ticket_header":"","_tribe_default_ticket_provider":"","_tribe_ticket_capacity":"0","_ticket_start_date":"","_ticket_end_date":"","_tribe_ticket_show_description":"","_tribe_ticket_show_not_going":false,"_tribe_ticket_use_global_stock":"","_tribe_ticket_global_stock_level":"","_global_stock_mode":"","_global_stock_cap":"","_tribe_rsvp_for_event":"","_tribe_ticket_going_count":"","_tribe_ticket_not_going_count":"","_tribe_tickets_list":"[]","_tribe_ticket_has_attendee_info_fields":false,"footnotes":""},"categories":[1],"tags":[41],"class_list":["post-4598","post","type-post","status-publish","format-standard","has-post-thumbnail","hentry","category-uncategorized","tag-entornos-seguros"],"yoast_head":"<!-- This site is optimized with the Yoast SEO plugin v27.2 - https:\/\/yoast.com\/product\/yoast-seo-wordpress\/ -->\n<title>Hacia una cultura de la protecci\u00f3n integral de la persona - Movimiento de los Focolares<\/title>\n<meta name=\"robots\" content=\"index, follow, max-snippet:-1, max-image-preview:large, max-video-preview:-1\" \/>\n<link rel=\"canonical\" href=\"https:\/\/focolares.es\/en\/towards-a-culture-of-comprehensive-protection-of-the-person\/\" \/>\n<meta property=\"og:locale\" content=\"en_GB\" \/>\n<meta property=\"og:type\" content=\"article\" \/>\n<meta property=\"og:title\" content=\"Hacia una cultura de la protecci\u00f3n integral de la persona - Movimiento de los Focolares\" \/>\n<meta property=\"og:description\" content=\"El&nbsp;Movimiento de los Focolares&nbsp;publica el primer informe sobre casos de abusos a menores y adultos vulnerables, incluyendo abusos espirituales y de autoridad ocurridos en el \u00e1mbito del Movimiento. Recoge tambi\u00e9n informaci\u00f3n referente a medidas de reparaci\u00f3n, nuevos procedimientos de investigaci\u00f3n y actividades formativas destinadas a la protecci\u00f3n de la persona. Dicho informe comienza con una carta de&nbsp;Margaret Karram&nbsp;y&nbsp;Jes\u00fas Mor\u00e1n, Presidenta y Copresidente de los&nbsp;Focolares: \u00abLes escribimos para&nbsp;presentar&nbsp;un informe p\u00fablico sobre los datos relativos a las notificaciones&nbsp;y las medidas que hemos emprendido como Movimiento de los Focolares, a causa de la llaga de los abusos sexuales a&nbsp;menores y a&nbsp;personas vulnerables; y abusos de conciencia, espirituales y de autoridad sobre adultos, de los que tampoco&nbsp;nosotros hemos quedado indemnes\u00bb. El documento&nbsp;Hacia una cultura de la protecci\u00f3n integral de la persona, se renovar\u00e1 anualmente y se publica un a\u00f1o despu\u00e9s de la divulgaci\u00f3n de los resultados de la investigaci\u00f3n realizada por&nbsp;GCPS Consulting&nbsp;sobre los graves casos de abuso sexual cometidos por un ex focolarino franc\u00e9s. El&nbsp;Movimiento de los Focolares&nbsp;trabaja para adoptar las medidas necesarias que garanticen la prevenci\u00f3n y protecci\u00f3n integral de la persona en todos los \u00e1mbitos y entornos en los que se desarrollan sus actividades. Por ello, el documento que ahora se publica \u2012explican la Presidenta y el Copresidente de los&nbsp;Focolares\u2012, \u00abes un primer informe sobre las medidas de prevenci\u00f3n, investigaci\u00f3n, transparencia, formaci\u00f3n y cambio, emprendidas por el Movimiento de los Focolares, para contrarrestar este crimen\u00bb. La Presidenta y el Copresidente piden sinceramente perd\u00f3n a cada una de las v\u00edctimas y de los sobrevivientes en nombre del&nbsp;Movimiento de los Focolares,&nbsp;al tiempo que les expresan un profundo agradecimiento, as\u00ed como a las v\u00edctimas, familias y a las comunidades implicadas no solo en Francia, sino en todos los pa\u00edses en los que han emergido casos de abusos, porque gracias a su cooperaci\u00f3n y, sobre todo, a su valent\u00eda para afrontar y sacar a la luz estos cr\u00edmenes, el&nbsp;Movimiento&nbsp;est\u00e1 llevando a cabo m\u00e1s conscientemente nuevos compromisos y procedimientos en lo que se refiere a la protecci\u00f3n de las personas. El informe consta de varias partes y presenta los datos relativos a los abusos notificados a la&nbsp;Comisi\u00f3n para el Bienestar y la Protecci\u00f3n de la Persona&nbsp;(CO.BE.TU.) desde el a\u00f1o de su creaci\u00f3n, 2014; por tanto, recopila sistem\u00e1ticamente las notificaciones hasta diciembre de 2022.&nbsp; El informe tambi\u00e9n presenta datos relativos a los \u00abcursos b\u00e1sicos sobre la protecci\u00f3n de la persona\u00bb realizados en los diferentes pa\u00edses en los que trabaja el&nbsp;Movimiento de los Focolares. Otra secci\u00f3n est\u00e1 dedicada a las medidas prioritarias ya en acto o en proceso de implementaci\u00f3n, como respuesta a las recomendaciones de la investigaci\u00f3n independiente de&nbsp;GCPS Consulting. Los cursos y las herramientas de formaci\u00f3n para la protecci\u00f3n de la persona, est\u00e1n a disposici\u00f3n de todos los miembros del&nbsp;Movimiento, especialmente de los formadores y acompa\u00f1antes de los menores. Ya se han puesto en marcha actividades de formaci\u00f3n para los responsables del&nbsp;Movimiento&nbsp;a distintos niveles: desde la direcci\u00f3n central hasta los responsables territoriales en las distintas zonas geogr\u00e1ficas. El 1 de mayo de 2023, entrar\u00e1 en funci\u00f3n la&nbsp;Comisi\u00f3n Independiente Central&nbsp;y finalizar\u00e1 la tarea de la&nbsp;CO.BE.TU.&nbsp;El nuevo organismo se ocupar\u00e1 exclusivamente de la tramitaci\u00f3n de las notificaciones, mientras que la formaci\u00f3n ser\u00e1 coordinada a nivel central y local por otro equipo de expertos y consultores. El informe presenta tambi\u00e9n el&nbsp;Protocolo para la gesti\u00f3n de los casos de abusos en el Movimiento de los Focolares, las&nbsp;Competencias de la Comisi\u00f3n Independiente Central&nbsp;y las&nbsp;L\u00edneas de apoyo y reparaci\u00f3n econ\u00f3mica en casos de abusos sexuales a menores y adultos vulnerables. En lo que concierne a los procedimientos de notificaci\u00f3n, denuncia e investigaci\u00f3n en los pa\u00edses en los que la denuncia es obligatoria, la notificaci\u00f3n se transmite inmediatamente a las autoridades judiciales. Si la legislaci\u00f3n nacional no prev\u00e9 la denuncia obligatoria, pero los hechos constituyen de todos modos un delito, la comisi\u00f3n presentar\u00e1 la denuncia a las autoridades judiciales inmediatamente despu\u00e9s de comprobar la verosimilitud de los hechos, a menos que la v\u00edctima o sus padres se opongan a ello. De acuerdo con las normas legislativas internacionales, la notificaci\u00f3n de un abuso tambi\u00e9n tendr\u00e1 lugar, aunque el delito ya haya prescrito. Descargar en PDF el Informe sobre la gesti\u00f3n de los casos de abusos en el Movimiento de los Focolares\" \/>\n<meta property=\"og:url\" content=\"https:\/\/focolares.es\/en\/towards-a-culture-of-comprehensive-protection-of-the-person\/\" \/>\n<meta property=\"og:site_name\" content=\"Movimiento de los Focolares\" \/>\n<meta property=\"article:published_time\" content=\"2023-04-03T07:56:44+00:00\" \/>\n<meta property=\"article:modified_time\" content=\"2026-04-17T19:53:04+00:00\" \/>\n<meta property=\"og:image\" content=\"https:\/\/focolares.es\/wp-content\/uploads\/2024\/03\/Proteccion-integral.jpg\" \/>\n\t<meta property=\"og:image:width\" content=\"792\" \/>\n\t<meta property=\"og:image:height\" content=\"549\" \/>\n\t<meta property=\"og:image:type\" content=\"image\/jpeg\" \/>\n<meta name=\"author\" content=\"Jordi Illa\" \/>\n<meta name=\"twitter:card\" content=\"summary_large_image\" \/>\n<meta name=\"twitter:label1\" content=\"Written by\" \/>\n\t<meta name=\"twitter:data1\" content=\"Jordi Illa\" \/>\n\t<meta name=\"twitter:label2\" content=\"Estimated reading time\" \/>\n\t<meta name=\"twitter:data2\" content=\"4 minutes\" \/>\n<script type=\"application\/ld+json\" class=\"yoast-schema-graph\">{\"@context\":\"https:\/\/schema.org\",\"@graph\":[{\"@type\":\"Article\",\"@id\":\"https:\/\/focolares.es\/hacia-una-cultura-de-la-proteccion-integral-de-la-persona\/#article\",\"isPartOf\":{\"@id\":\"https:\/\/focolares.es\/hacia-una-cultura-de-la-proteccion-integral-de-la-persona\/\"},\"author\":{\"name\":\"Jordi Illa\",\"@id\":\"https:\/\/focolares.es\/#\/schema\/person\/126bed8dcef374cce0a19e99bfdc4fcd\"},\"headline\":\"Hacia una cultura de la protecci\u00f3n integral de la persona\",\"datePublished\":\"2023-04-03T07:56:44+00:00\",\"dateModified\":\"2026-04-17T19:53:04+00:00\",\"mainEntityOfPage\":{\"@id\":\"https:\/\/focolares.es\/hacia-una-cultura-de-la-proteccion-integral-de-la-persona\/\"},\"wordCount\":851,\"commentCount\":0,\"publisher\":{\"@id\":\"https:\/\/focolares.es\/#organization\"},\"image\":{\"@id\":\"https:\/\/focolares.es\/hacia-una-cultura-de-la-proteccion-integral-de-la-persona\/#primaryimage\"},\"thumbnailUrl\":\"https:\/\/focolares.es\/wp-content\/uploads\/2024\/03\/Proteccion-integral.jpg\",\"keywords\":[\"Entornos seguros\"],\"articleSection\":[\"Uncategorized\"],\"inLanguage\":\"en-GB\",\"potentialAction\":[{\"@type\":\"CommentAction\",\"name\":\"Comment\",\"target\":[\"https:\/\/focolares.es\/hacia-una-cultura-de-la-proteccion-integral-de-la-persona\/#respond\"]}]},{\"@type\":\"WebPage\",\"@id\":\"https:\/\/focolares.es\/hacia-una-cultura-de-la-proteccion-integral-de-la-persona\/\",\"url\":\"https:\/\/focolares.es\/hacia-una-cultura-de-la-proteccion-integral-de-la-persona\/\",\"name\":\"Hacia una cultura de la protecci\u00f3n integral de la persona - Movimiento de los Focolares\",\"isPartOf\":{\"@id\":\"https:\/\/focolares.es\/#website\"},\"primaryImageOfPage\":{\"@id\":\"https:\/\/focolares.es\/hacia-una-cultura-de-la-proteccion-integral-de-la-persona\/#primaryimage\"},\"image\":{\"@id\":\"https:\/\/focolares.es\/hacia-una-cultura-de-la-proteccion-integral-de-la-persona\/#primaryimage\"},\"thumbnailUrl\":\"https:\/\/focolares.es\/wp-content\/uploads\/2024\/03\/Proteccion-integral.jpg\",\"datePublished\":\"2023-04-03T07:56:44+00:00\",\"dateModified\":\"2026-04-17T19:53:04+00:00\",\"breadcrumb\":{\"@id\":\"https:\/\/focolares.es\/hacia-una-cultura-de-la-proteccion-integral-de-la-persona\/#breadcrumb\"},\"inLanguage\":\"en-GB\",\"potentialAction\":[{\"@type\":\"ReadAction\",\"target\":[\"https:\/\/focolares.es\/hacia-una-cultura-de-la-proteccion-integral-de-la-persona\/\"]}]},{\"@type\":\"ImageObject\",\"inLanguage\":\"en-GB\",\"@id\":\"https:\/\/focolares.es\/hacia-una-cultura-de-la-proteccion-integral-de-la-persona\/#primaryimage\",\"url\":\"https:\/\/focolares.es\/wp-content\/uploads\/2024\/03\/Proteccion-integral.jpg\",\"contentUrl\":\"https:\/\/focolares.es\/wp-content\/uploads\/2024\/03\/Proteccion-integral.jpg\",\"width\":792,\"height\":549},{\"@type\":\"BreadcrumbList\",\"@id\":\"https:\/\/focolares.es\/hacia-una-cultura-de-la-proteccion-integral-de-la-persona\/#breadcrumb\",\"itemListElement\":[{\"@type\":\"ListItem\",\"position\":1,\"name\":\"Portada\",\"item\":\"https:\/\/focolares.es\/\"},{\"@type\":\"ListItem\",\"position\":2,\"name\":\"Hacia una cultura de la protecci\u00f3n integral de la persona\"}]},{\"@type\":\"WebSite\",\"@id\":\"https:\/\/focolares.es\/#website\",\"url\":\"https:\/\/focolares.es\/\",\"name\":\"Movimiento de los Focolares\",\"description\":\"\",\"publisher\":{\"@id\":\"https:\/\/focolares.es\/#organization\"},\"potentialAction\":[{\"@type\":\"SearchAction\",\"target\":{\"@type\":\"EntryPoint\",\"urlTemplate\":\"https:\/\/focolares.es\/?s={search_term_string}\"},\"query-input\":{\"@type\":\"PropertyValueSpecification\",\"valueRequired\":true,\"valueName\":\"search_term_string\"}}],\"inLanguage\":\"en-GB\"},{\"@type\":\"Organization\",\"@id\":\"https:\/\/focolares.es\/#organization\",\"name\":\"Movimiento de los Focolares\",\"url\":\"https:\/\/focolares.es\/\",\"logo\":{\"@type\":\"ImageObject\",\"inLanguage\":\"en-GB\",\"@id\":\"https:\/\/focolares.es\/#\/schema\/logo\/image\/\",\"url\":\"https:\/\/focolares.es\/wp-content\/uploads\/2024\/03\/Logo_focolares-1024x944-1.jpg\",\"contentUrl\":\"https:\/\/focolares.es\/wp-content\/uploads\/2024\/03\/Logo_focolares-1024x944-1.jpg\",\"width\":1024,\"height\":944,\"caption\":\"Movimiento de los Focolares\"},\"image\":{\"@id\":\"https:\/\/focolares.es\/#\/schema\/logo\/image\/\"}},{\"@type\":\"Person\",\"@id\":\"https:\/\/focolares.es\/#\/schema\/person\/126bed8dcef374cce0a19e99bfdc4fcd\",\"name\":\"Jordi Illa\",\"image\":{\"@type\":\"ImageObject\",\"inLanguage\":\"en-GB\",\"@id\":\"https:\/\/focolares.es\/wp-content\/litespeed\/avatar\/e8decbc8631810d24ab614c6ffa68ee7.jpg?ver=1777387854\",\"url\":\"https:\/\/focolares.es\/wp-content\/litespeed\/avatar\/e8decbc8631810d24ab614c6ffa68ee7.jpg?ver=1777387854\",\"contentUrl\":\"https:\/\/focolares.es\/wp-content\/litespeed\/avatar\/e8decbc8631810d24ab614c6ffa68ee7.jpg?ver=1777387854\",\"caption\":\"Jordi Illa\"},\"url\":\"https:\/\/focolares.es\/en\/author\/jordi\/\"}]}<\/script>\n<!-- \/ Yoast SEO plugin. -->","yoast_head_json":{"title":"Towards a culture of integral protection of the person - Focolare Movement","robots":{"index":"index","follow":"follow","max-snippet":"max-snippet:-1","max-image-preview":"max-image-preview:large","max-video-preview":"max-video-preview:-1"},"canonical":"https:\/\/focolares.es\/en\/towards-a-culture-of-comprehensive-protection-of-the-person\/","og_locale":"en_GB","og_type":"article","og_title":"Hacia una cultura de la protecci\u00f3n integral de la persona - Movimiento de los Focolares","og_description":"El&nbsp;Movimiento de los Focolares&nbsp;publica el primer informe sobre casos de abusos a menores y adultos vulnerables, incluyendo abusos espirituales y de autoridad ocurridos en el \u00e1mbito del Movimiento. Recoge tambi\u00e9n informaci\u00f3n referente a medidas de reparaci\u00f3n, nuevos procedimientos de investigaci\u00f3n y actividades formativas destinadas a la protecci\u00f3n de la persona. Dicho informe comienza con una carta de&nbsp;Margaret Karram&nbsp;y&nbsp;Jes\u00fas Mor\u00e1n, Presidenta y Copresidente de los&nbsp;Focolares: \u00abLes escribimos para&nbsp;presentar&nbsp;un informe p\u00fablico sobre los datos relativos a las notificaciones&nbsp;y las medidas que hemos emprendido como Movimiento de los Focolares, a causa de la llaga de los abusos sexuales a&nbsp;menores y a&nbsp;personas vulnerables; y abusos de conciencia, espirituales y de autoridad sobre adultos, de los que tampoco&nbsp;nosotros hemos quedado indemnes\u00bb. El documento&nbsp;Hacia una cultura de la protecci\u00f3n integral de la persona, se renovar\u00e1 anualmente y se publica un a\u00f1o despu\u00e9s de la divulgaci\u00f3n de los resultados de la investigaci\u00f3n realizada por&nbsp;GCPS Consulting&nbsp;sobre los graves casos de abuso sexual cometidos por un ex focolarino franc\u00e9s. El&nbsp;Movimiento de los Focolares&nbsp;trabaja para adoptar las medidas necesarias que garanticen la prevenci\u00f3n y protecci\u00f3n integral de la persona en todos los \u00e1mbitos y entornos en los que se desarrollan sus actividades. Por ello, el documento que ahora se publica \u2012explican la Presidenta y el Copresidente de los&nbsp;Focolares\u2012, \u00abes un primer informe sobre las medidas de prevenci\u00f3n, investigaci\u00f3n, transparencia, formaci\u00f3n y cambio, emprendidas por el Movimiento de los Focolares, para contrarrestar este crimen\u00bb. La Presidenta y el Copresidente piden sinceramente perd\u00f3n a cada una de las v\u00edctimas y de los sobrevivientes en nombre del&nbsp;Movimiento de los Focolares,&nbsp;al tiempo que les expresan un profundo agradecimiento, as\u00ed como a las v\u00edctimas, familias y a las comunidades implicadas no solo en Francia, sino en todos los pa\u00edses en los que han emergido casos de abusos, porque gracias a su cooperaci\u00f3n y, sobre todo, a su valent\u00eda para afrontar y sacar a la luz estos cr\u00edmenes, el&nbsp;Movimiento&nbsp;est\u00e1 llevando a cabo m\u00e1s conscientemente nuevos compromisos y procedimientos en lo que se refiere a la protecci\u00f3n de las personas. El informe consta de varias partes y presenta los datos relativos a los abusos notificados a la&nbsp;Comisi\u00f3n para el Bienestar y la Protecci\u00f3n de la Persona&nbsp;(CO.BE.TU.) desde el a\u00f1o de su creaci\u00f3n, 2014; por tanto, recopila sistem\u00e1ticamente las notificaciones hasta diciembre de 2022.&nbsp; El informe tambi\u00e9n presenta datos relativos a los \u00abcursos b\u00e1sicos sobre la protecci\u00f3n de la persona\u00bb realizados en los diferentes pa\u00edses en los que trabaja el&nbsp;Movimiento de los Focolares. Otra secci\u00f3n est\u00e1 dedicada a las medidas prioritarias ya en acto o en proceso de implementaci\u00f3n, como respuesta a las recomendaciones de la investigaci\u00f3n independiente de&nbsp;GCPS Consulting. Los cursos y las herramientas de formaci\u00f3n para la protecci\u00f3n de la persona, est\u00e1n a disposici\u00f3n de todos los miembros del&nbsp;Movimiento, especialmente de los formadores y acompa\u00f1antes de los menores. Ya se han puesto en marcha actividades de formaci\u00f3n para los responsables del&nbsp;Movimiento&nbsp;a distintos niveles: desde la direcci\u00f3n central hasta los responsables territoriales en las distintas zonas geogr\u00e1ficas. El 1 de mayo de 2023, entrar\u00e1 en funci\u00f3n la&nbsp;Comisi\u00f3n Independiente Central&nbsp;y finalizar\u00e1 la tarea de la&nbsp;CO.BE.TU.&nbsp;El nuevo organismo se ocupar\u00e1 exclusivamente de la tramitaci\u00f3n de las notificaciones, mientras que la formaci\u00f3n ser\u00e1 coordinada a nivel central y local por otro equipo de expertos y consultores. El informe presenta tambi\u00e9n el&nbsp;Protocolo para la gesti\u00f3n de los casos de abusos en el Movimiento de los Focolares, las&nbsp;Competencias de la Comisi\u00f3n Independiente Central&nbsp;y las&nbsp;L\u00edneas de apoyo y reparaci\u00f3n econ\u00f3mica en casos de abusos sexuales a menores y adultos vulnerables. En lo que concierne a los procedimientos de notificaci\u00f3n, denuncia e investigaci\u00f3n en los pa\u00edses en los que la denuncia es obligatoria, la notificaci\u00f3n se transmite inmediatamente a las autoridades judiciales. Si la legislaci\u00f3n nacional no prev\u00e9 la denuncia obligatoria, pero los hechos constituyen de todos modos un delito, la comisi\u00f3n presentar\u00e1 la denuncia a las autoridades judiciales inmediatamente despu\u00e9s de comprobar la verosimilitud de los hechos, a menos que la v\u00edctima o sus padres se opongan a ello. De acuerdo con las normas legislativas internacionales, la notificaci\u00f3n de un abuso tambi\u00e9n tendr\u00e1 lugar, aunque el delito ya haya prescrito. Descargar en PDF el Informe sobre la gesti\u00f3n de los casos de abusos en el Movimiento de los Focolares","og_url":"https:\/\/focolares.es\/en\/towards-a-culture-of-comprehensive-protection-of-the-person\/","og_site_name":"Movimiento de los Focolares","article_published_time":"2023-04-03T07:56:44+00:00","article_modified_time":"2026-04-17T19:53:04+00:00","og_image":[{"width":792,"height":549,"url":"https:\/\/focolares.es\/wp-content\/uploads\/2024\/03\/Proteccion-integral.jpg","type":"image\/jpeg"}],"author":"Jordi Illa","twitter_card":"summary_large_image","twitter_misc":{"Written by":"Jordi Illa","Estimated reading time":"4 minutes"},"schema":{"@context":"https:\/\/schema.org","@graph":[{"@type":"Article","@id":"https:\/\/focolares.es\/hacia-una-cultura-de-la-proteccion-integral-de-la-persona\/#article","isPartOf":{"@id":"https:\/\/focolares.es\/hacia-una-cultura-de-la-proteccion-integral-de-la-persona\/"},"author":{"name":"Jordi Illa","@id":"https:\/\/focolares.es\/#\/schema\/person\/126bed8dcef374cce0a19e99bfdc4fcd"},"headline":"Hacia una cultura de la protecci\u00f3n integral de la persona","datePublished":"2023-04-03T07:56:44+00:00","dateModified":"2026-04-17T19:53:04+00:00","mainEntityOfPage":{"@id":"https:\/\/focolares.es\/hacia-una-cultura-de-la-proteccion-integral-de-la-persona\/"},"wordCount":851,"commentCount":0,"publisher":{"@id":"https:\/\/focolares.es\/#organization"},"image":{"@id":"https:\/\/focolares.es\/hacia-una-cultura-de-la-proteccion-integral-de-la-persona\/#primaryimage"},"thumbnailUrl":"https:\/\/focolares.es\/wp-content\/uploads\/2024\/03\/Proteccion-integral.jpg","keywords":["Entornos seguros"],"articleSection":["Uncategorized"],"inLanguage":"en-GB","potentialAction":[{"@type":"CommentAction","name":"Comment","target":["https:\/\/focolares.es\/hacia-una-cultura-de-la-proteccion-integral-de-la-persona\/#respond"]}]},{"@type":"WebPage","@id":"https:\/\/focolares.es\/hacia-una-cultura-de-la-proteccion-integral-de-la-persona\/","url":"https:\/\/focolares.es\/hacia-una-cultura-de-la-proteccion-integral-de-la-persona\/","name":"Towards a culture of integral protection of the person - Focolare Movement","isPartOf":{"@id":"https:\/\/focolares.es\/#website"},"primaryImageOfPage":{"@id":"https:\/\/focolares.es\/hacia-una-cultura-de-la-proteccion-integral-de-la-persona\/#primaryimage"},"image":{"@id":"https:\/\/focolares.es\/hacia-una-cultura-de-la-proteccion-integral-de-la-persona\/#primaryimage"},"thumbnailUrl":"https:\/\/focolares.es\/wp-content\/uploads\/2024\/03\/Proteccion-integral.jpg","datePublished":"2023-04-03T07:56:44+00:00","dateModified":"2026-04-17T19:53:04+00:00","breadcrumb":{"@id":"https:\/\/focolares.es\/hacia-una-cultura-de-la-proteccion-integral-de-la-persona\/#breadcrumb"},"inLanguage":"en-GB","potentialAction":[{"@type":"ReadAction","target":["https:\/\/focolares.es\/hacia-una-cultura-de-la-proteccion-integral-de-la-persona\/"]}]},{"@type":"ImageObject","inLanguage":"en-GB","@id":"https:\/\/focolares.es\/hacia-una-cultura-de-la-proteccion-integral-de-la-persona\/#primaryimage","url":"https:\/\/focolares.es\/wp-content\/uploads\/2024\/03\/Proteccion-integral.jpg","contentUrl":"https:\/\/focolares.es\/wp-content\/uploads\/2024\/03\/Proteccion-integral.jpg","width":792,"height":549},{"@type":"BreadcrumbList","@id":"https:\/\/focolares.es\/hacia-una-cultura-de-la-proteccion-integral-de-la-persona\/#breadcrumb","itemListElement":[{"@type":"ListItem","position":1,"name":"Portada","item":"https:\/\/focolares.es\/"},{"@type":"ListItem","position":2,"name":"Hacia una cultura de la protecci\u00f3n integral de la persona"}]},{"@type":"WebSite","@id":"https:\/\/focolares.es\/#website","url":"https:\/\/focolares.es\/","name":"Focolare Movement","description":"","publisher":{"@id":"https:\/\/focolares.es\/#organization"},"potentialAction":[{"@type":"SearchAction","target":{"@type":"EntryPoint","urlTemplate":"https:\/\/focolares.es\/?s={search_term_string}"},"query-input":{"@type":"PropertyValueSpecification","valueRequired":true,"valueName":"search_term_string"}}],"inLanguage":"en-GB"},{"@type":"Organization","@id":"https:\/\/focolares.es\/#organization","name":"Focolare Movement","url":"https:\/\/focolares.es\/","logo":{"@type":"ImageObject","inLanguage":"en-GB","@id":"https:\/\/focolares.es\/#\/schema\/logo\/image\/","url":"https:\/\/focolares.es\/wp-content\/uploads\/2024\/03\/Logo_focolares-1024x944-1.jpg","contentUrl":"https:\/\/focolares.es\/wp-content\/uploads\/2024\/03\/Logo_focolares-1024x944-1.jpg","width":1024,"height":944,"caption":"Movimiento de los Focolares"},"image":{"@id":"https:\/\/focolares.es\/#\/schema\/logo\/image\/"}},{"@type":"Person","@id":"https:\/\/focolares.es\/#\/schema\/person\/126bed8dcef374cce0a19e99bfdc4fcd","name":"Jordi Illa","image":{"@type":"ImageObject","inLanguage":"en-GB","@id":"https:\/\/focolares.es\/wp-content\/litespeed\/avatar\/e8decbc8631810d24ab614c6ffa68ee7.jpg?ver=1777387854","url":"https:\/\/focolares.es\/wp-content\/litespeed\/avatar\/e8decbc8631810d24ab614c6ffa68ee7.jpg?ver=1777387854","contentUrl":"https:\/\/focolares.es\/wp-content\/litespeed\/avatar\/e8decbc8631810d24ab614c6ffa68ee7.jpg?ver=1777387854","caption":"Jordi Illa"},"url":"https:\/\/focolares.es\/en\/author\/jordi\/"}]}},"views":20,"_links":{"self":[{"href":"https:\/\/focolares.es\/en\/wp-json\/wp\/v2\/posts\/4598","targetHints":{"allow":["GET"]}}],"collection":[{"href":"https:\/\/focolares.es\/en\/wp-json\/wp\/v2\/posts"}],"about":[{"href":"https:\/\/focolares.es\/en\/wp-json\/wp\/v2\/types\/post"}],"author":[{"embeddable":true,"href":"https:\/\/focolares.es\/en\/wp-json\/wp\/v2\/users\/3"}],"replies":[{"embeddable":true,"href":"https:\/\/focolares.es\/en\/wp-json\/wp\/v2\/comments?post=4598"}],"version-history":[{"count":1,"href":"https:\/\/focolares.es\/en\/wp-json\/wp\/v2\/posts\/4598\/revisions"}],"predecessor-version":[{"id":4600,"href":"https:\/\/focolares.es\/en\/wp-json\/wp\/v2\/posts\/4598\/revisions\/4600"}],"wp:featuredmedia":[{"embeddable":true,"href":"https:\/\/focolares.es\/en\/wp-json\/wp\/v2\/media\/4599"}],"wp:attachment":[{"href":"https:\/\/focolares.es\/en\/wp-json\/wp\/v2\/media?parent=4598"}],"wp:term":[{"taxonomy":"category","embeddable":true,"href":"https:\/\/focolares.es\/en\/wp-json\/wp\/v2\/categories?post=4598"},{"taxonomy":"post_tag","embeddable":true,"href":"https:\/\/focolares.es\/en\/wp-json\/wp\/v2\/tags?post=4598"}],"curies":[{"name":"wp","href":"https:\/\/api.w.org\/{rel}","templated":true}]}}