{"id":5028,"date":"2023-02-13T22:33:00","date_gmt":"2023-02-13T21:33:00","guid":{"rendered":"https:\/\/focolares.es\/?p=5028"},"modified":"2024-03-13T23:00:06","modified_gmt":"2024-03-13T22:00:06","slug":"working-with-meaning","status":"publish","type":"post","link":"https:\/\/focolares.es\/en\/trabajando-con-sentido\/","title":{"rendered":"Working with meaning"},"content":{"rendered":"<p>The&nbsp;<em>Association for an Economy of Communion Spain<\/em>&nbsp;organizes the&nbsp;<em>Working with meaning day<\/em>. It will be in Madrid on March 4 from 10 a.m. to 2 p.m. at C\/ Francisco Cea, n\u00aa9 \u2013 mezzanine (Metro Diego de Le\u00f3n. Buses 12 and C2).<\/p>\n\n\n\n<p>The morning will begin with an informative framework on the current panorama of work, with references to the vision provided by the social doctrine of the church and the\u00a0<a href=\"https:\/\/focolares.es\/en\/identity-card-of-the-economy-of-communion\/\" target=\"_blank\" rel=\"noreferrer noopener\"><em>economy of communion<\/em><\/a>The second part will focus on work for vulnerable groups and in the fields of education and healthcare. As always in the calls for proposals,\u00a0<em>Association<\/em>, dialogue and sharing of good practices will be a cross-cutting theme of the Conference.<\/p>\n\n\n\n<figure class=\"wp-block-image aligncenter size-full\"><img fetchpriority=\"high\" decoding=\"async\" width=\"551\" height=\"551\" src=\"https:\/\/focolares.es\/wp-content\/uploads\/2024\/03\/20230304_1_TRABAJANDO-CON-SENTIDO.jpg\" alt=\"\" class=\"wp-image-5031\" srcset=\"https:\/\/focolares.es\/wp-content\/uploads\/2024\/03\/20230304_1_TRABAJANDO-CON-SENTIDO.jpg 551w, https:\/\/focolares.es\/wp-content\/uploads\/2024\/03\/20230304_1_TRABAJANDO-CON-SENTIDO-300x300.jpg 300w, https:\/\/focolares.es\/wp-content\/uploads\/2024\/03\/20230304_1_TRABAJANDO-CON-SENTIDO-150x150.jpg 150w\" sizes=\"(max-width: 551px) 100vw, 551px\" \/><\/figure>\n\n\n\n<p><\/p>\n\n\n\n<p>And as the organization states, inviting everyone to participate:\u00a0<em>\u201cWe are a civilization in search of meaning, also in work, perhaps especially in work. It is worth fighting for decent and meaningful work, for work that is not primarily a commodity to be exchanged in any market, but a path to humanization, fulfillment, and individual and collective growth. Therefore, we propose a day of reflection on the meaning of work on March 4th in Madrid.\u201d<\/em><\/p>","protected":false},"excerpt":{"rendered":"<p>The Association for an Economy of Communion (Spain) is organizing the Working with Meaning conference. It will take place in Madrid on March 4th from 10 a.m. to 2 p.m. at C\/ Francisco Cea, No. 9, mezzanine (Diego de Le\u00f3n Metro station. Buses 12 and C2). The morning will begin with an informative roundtable on the current work landscape, with references to the vision provided by the Church&#039;s social doctrine and the economy of communion. The second part will focus on work for vulnerable groups and in the fields of education and healthcare. As always in the Association&#039;s conferences, dialogue and the sharing of good practices will be a cross-cutting theme of the conference. And as the organization states, inviting everyone to participate: &quot;We are a civilization in search of meaning, also in work, perhaps especially in work. It is worth fighting for decent and meaningful work, for work that is not primarily a commodity to be exchanged in any market, but a path to humanization, fulfillment, and individual and collective growth. Therefore, we propose a day of reflection on the meaning of work on March 4th in Madrid.&quot;<\/p>","protected":false},"author":1,"featured_media":5030,"comment_status":"open","ping_status":"closed","sticky":false,"template":"","format":"standard","meta":{"_price":"","_stock":"","_tribe_ticket_header":"","_tribe_default_ticket_provider":"","_tribe_ticket_capacity":"0","_ticket_start_date":"","_ticket_end_date":"","_tribe_ticket_show_description":"","_tribe_ticket_show_not_going":false,"_tribe_ticket_use_global_stock":"","_tribe_ticket_global_stock_level":"","_global_stock_mode":"","_global_stock_cap":"","_tribe_rsvp_for_event":"","_tribe_ticket_going_count":"","_tribe_ticket_not_going_count":"","_tribe_tickets_list":"[]","_tribe_ticket_has_attendee_info_fields":false,"footnotes":""},"categories":[1],"tags":[],"class_list":["post-5028","post","type-post","status-publish","format-standard","has-post-thumbnail","hentry","category-uncategorized"],"yoast_head":"<!-- This site is optimized with the Yoast SEO plugin v27.2 - https:\/\/yoast.com\/product\/yoast-seo-wordpress\/ -->\n<title>Trabajando con sentido - Movimiento de los Focolares<\/title>\n<meta name=\"robots\" content=\"index, follow, max-snippet:-1, max-image-preview:large, max-video-preview:-1\" \/>\n<link rel=\"canonical\" href=\"https:\/\/focolares.es\/en\/working-with-meaning\/\" \/>\n<meta property=\"og:locale\" content=\"en_GB\" \/>\n<meta property=\"og:type\" content=\"article\" \/>\n<meta property=\"og:title\" content=\"Trabajando con sentido - Movimiento de los Focolares\" \/>\n<meta property=\"og:description\" content=\"La&nbsp;Asociaci\u00f3n por una Econom\u00eda de Comuni\u00f3n Espa\u00f1a&nbsp;organiza la&nbsp;Jornada Trabajando con sentido. Ser\u00e1 en Madrid el pr\u00f3ximo 4 de marzo de 10 a 14 h. en la C\/ Francisco Cea, n\u00aa9 \u2013 entreplanta (Metro Diego de Le\u00f3n. Autobuses 12 y C2). La ma\u00f1ana comenzar\u00e1 con un encuadre informativo sobre el panorama actual del trabajo, con referencias a la visi\u00f3n que proporcionan la doctrina social de la iglesia y la\u00a0econom\u00eda de comuni\u00f3n. La segunda parte se centrar\u00e1 en el trabajo para colectivos vulnerables y en los \u00e1mbitos de la educaci\u00f3n y la sanidad. Como siempre en las convocatorias de la\u00a0Asociaci\u00f3n, el di\u00e1logo y el compartir buenas pr\u00e1cticas, ser\u00e1 un eje transversal a la Jornada. Y como afirman desde la organizaci\u00f3n invitando a todas aquellas personas a participar:\u00a0\u201cSomos una civilizaci\u00f3n en busca de sentido, tambi\u00e9n en el trabajo, quiz\u00e1 sobre todo en el trabajo. Merece la pena luchar por el trabajo digno y sensato, por un trabajo que no sea primariamente una mercanc\u00eda de intercambio en cualquier mercado, sino un camino de humanizaci\u00f3n, de realizaci\u00f3n, de crecimiento individual y colectivo. Por eso, proponemos una jornada para reflexionar sobre el sentido del trabajo el pr\u00f3ximo 4 de marzo en Madrid.\u201d\" \/>\n<meta property=\"og:url\" content=\"https:\/\/focolares.es\/en\/working-with-meaning\/\" \/>\n<meta property=\"og:site_name\" content=\"Movimiento de los Focolares\" \/>\n<meta property=\"article:published_time\" content=\"2023-02-13T21:33:00+00:00\" \/>\n<meta property=\"article:modified_time\" content=\"2024-03-13T22:00:06+00:00\" \/>\n<meta property=\"og:image\" content=\"https:\/\/focolares.es\/wp-content\/uploads\/2023\/02\/20230304_EdC.jpg\" \/>\n\t<meta property=\"og:image:width\" content=\"551\" \/>\n\t<meta property=\"og:image:height\" content=\"410\" \/>\n\t<meta property=\"og:image:type\" content=\"image\/jpeg\" \/>\n<meta name=\"author\" content=\"admin\" \/>\n<meta name=\"twitter:card\" content=\"summary_large_image\" \/>\n<meta name=\"twitter:label1\" content=\"Written by\" \/>\n\t<meta name=\"twitter:data1\" content=\"admin\" \/>\n\t<meta name=\"twitter:label2\" content=\"Estimated reading time\" \/>\n\t<meta name=\"twitter:data2\" content=\"2 minutes\" \/>\n<script type=\"application\/ld+json\" class=\"yoast-schema-graph\">{\"@context\":\"https:\/\/schema.org\",\"@graph\":[{\"@type\":\"Article\",\"@id\":\"https:\/\/focolares.es\/trabajando-con-sentido\/#article\",\"isPartOf\":{\"@id\":\"https:\/\/focolares.es\/trabajando-con-sentido\/\"},\"author\":{\"name\":\"admin\",\"@id\":\"https:\/\/focolares.es\/#\/schema\/person\/fdbf1cac3e3957f836bf607a31e7616d\"},\"headline\":\"Trabajando con sentido\",\"datePublished\":\"2023-02-13T21:33:00+00:00\",\"dateModified\":\"2024-03-13T22:00:06+00:00\",\"mainEntityOfPage\":{\"@id\":\"https:\/\/focolares.es\/trabajando-con-sentido\/\"},\"wordCount\":223,\"commentCount\":0,\"publisher\":{\"@id\":\"https:\/\/focolares.es\/#organization\"},\"image\":{\"@id\":\"https:\/\/focolares.es\/trabajando-con-sentido\/#primaryimage\"},\"thumbnailUrl\":\"https:\/\/focolares.es\/wp-content\/uploads\/2023\/02\/20230304_EdC.jpg\",\"articleSection\":[\"Uncategorized\"],\"inLanguage\":\"en-GB\",\"potentialAction\":[{\"@type\":\"CommentAction\",\"name\":\"Comment\",\"target\":[\"https:\/\/focolares.es\/trabajando-con-sentido\/#respond\"]}]},{\"@type\":\"WebPage\",\"@id\":\"https:\/\/focolares.es\/trabajando-con-sentido\/\",\"url\":\"https:\/\/focolares.es\/trabajando-con-sentido\/\",\"name\":\"Trabajando con sentido - Movimiento de los Focolares\",\"isPartOf\":{\"@id\":\"https:\/\/focolares.es\/#website\"},\"primaryImageOfPage\":{\"@id\":\"https:\/\/focolares.es\/trabajando-con-sentido\/#primaryimage\"},\"image\":{\"@id\":\"https:\/\/focolares.es\/trabajando-con-sentido\/#primaryimage\"},\"thumbnailUrl\":\"https:\/\/focolares.es\/wp-content\/uploads\/2023\/02\/20230304_EdC.jpg\",\"datePublished\":\"2023-02-13T21:33:00+00:00\",\"dateModified\":\"2024-03-13T22:00:06+00:00\",\"breadcrumb\":{\"@id\":\"https:\/\/focolares.es\/trabajando-con-sentido\/#breadcrumb\"},\"inLanguage\":\"en-GB\",\"potentialAction\":[{\"@type\":\"ReadAction\",\"target\":[\"https:\/\/focolares.es\/trabajando-con-sentido\/\"]}]},{\"@type\":\"ImageObject\",\"inLanguage\":\"en-GB\",\"@id\":\"https:\/\/focolares.es\/trabajando-con-sentido\/#primaryimage\",\"url\":\"https:\/\/focolares.es\/wp-content\/uploads\/2023\/02\/20230304_EdC.jpg\",\"contentUrl\":\"https:\/\/focolares.es\/wp-content\/uploads\/2023\/02\/20230304_EdC.jpg\",\"width\":551,\"height\":410},{\"@type\":\"BreadcrumbList\",\"@id\":\"https:\/\/focolares.es\/trabajando-con-sentido\/#breadcrumb\",\"itemListElement\":[{\"@type\":\"ListItem\",\"position\":1,\"name\":\"Portada\",\"item\":\"https:\/\/focolares.es\/\"},{\"@type\":\"ListItem\",\"position\":2,\"name\":\"Trabajando con sentido\"}]},{\"@type\":\"WebSite\",\"@id\":\"https:\/\/focolares.es\/#website\",\"url\":\"https:\/\/focolares.es\/\",\"name\":\"Movimiento de los Focolares\",\"description\":\"\",\"publisher\":{\"@id\":\"https:\/\/focolares.es\/#organization\"},\"potentialAction\":[{\"@type\":\"SearchAction\",\"target\":{\"@type\":\"EntryPoint\",\"urlTemplate\":\"https:\/\/focolares.es\/?s={search_term_string}\"},\"query-input\":{\"@type\":\"PropertyValueSpecification\",\"valueRequired\":true,\"valueName\":\"search_term_string\"}}],\"inLanguage\":\"en-GB\"},{\"@type\":\"Organization\",\"@id\":\"https:\/\/focolares.es\/#organization\",\"name\":\"Movimiento de los Focolares\",\"url\":\"https:\/\/focolares.es\/\",\"logo\":{\"@type\":\"ImageObject\",\"inLanguage\":\"en-GB\",\"@id\":\"https:\/\/focolares.es\/#\/schema\/logo\/image\/\",\"url\":\"https:\/\/focolares.es\/wp-content\/uploads\/2024\/03\/Logo_focolares-1024x944-1.jpg\",\"contentUrl\":\"https:\/\/focolares.es\/wp-content\/uploads\/2024\/03\/Logo_focolares-1024x944-1.jpg\",\"width\":1024,\"height\":944,\"caption\":\"Movimiento de los Focolares\"},\"image\":{\"@id\":\"https:\/\/focolares.es\/#\/schema\/logo\/image\/\"}},{\"@type\":\"Person\",\"@id\":\"https:\/\/focolares.es\/#\/schema\/person\/fdbf1cac3e3957f836bf607a31e7616d\",\"name\":\"admin\",\"image\":{\"@type\":\"ImageObject\",\"inLanguage\":\"en-GB\",\"@id\":\"https:\/\/focolares.es\/wp-content\/litespeed\/avatar\/ba00c276ce0fa7863cda4038d70907a8.jpg?ver=1777380135\",\"url\":\"https:\/\/focolares.es\/wp-content\/litespeed\/avatar\/ba00c276ce0fa7863cda4038d70907a8.jpg?ver=1777380135\",\"contentUrl\":\"https:\/\/focolares.es\/wp-content\/litespeed\/avatar\/ba00c276ce0fa7863cda4038d70907a8.jpg?ver=1777380135\",\"caption\":\"admin\"},\"sameAs\":[\"https:\/\/focolares.es\"],\"url\":\"https:\/\/focolares.es\/en\/author\/afesersl_mcjhk9wv\/\"}]}<\/script>\n<!-- \/ Yoast SEO plugin. -->","yoast_head_json":{"title":"Working with meaning - Focolare Movement","robots":{"index":"index","follow":"follow","max-snippet":"max-snippet:-1","max-image-preview":"max-image-preview:large","max-video-preview":"max-video-preview:-1"},"canonical":"https:\/\/focolares.es\/en\/working-with-meaning\/","og_locale":"en_GB","og_type":"article","og_title":"Trabajando con sentido - Movimiento de los Focolares","og_description":"La&nbsp;Asociaci\u00f3n por una Econom\u00eda de Comuni\u00f3n Espa\u00f1a&nbsp;organiza la&nbsp;Jornada Trabajando con sentido. Ser\u00e1 en Madrid el pr\u00f3ximo 4 de marzo de 10 a 14 h. en la C\/ Francisco Cea, n\u00aa9 \u2013 entreplanta (Metro Diego de Le\u00f3n. Autobuses 12 y C2). La ma\u00f1ana comenzar\u00e1 con un encuadre informativo sobre el panorama actual del trabajo, con referencias a la visi\u00f3n que proporcionan la doctrina social de la iglesia y la\u00a0econom\u00eda de comuni\u00f3n. La segunda parte se centrar\u00e1 en el trabajo para colectivos vulnerables y en los \u00e1mbitos de la educaci\u00f3n y la sanidad. Como siempre en las convocatorias de la\u00a0Asociaci\u00f3n, el di\u00e1logo y el compartir buenas pr\u00e1cticas, ser\u00e1 un eje transversal a la Jornada. Y como afirman desde la organizaci\u00f3n invitando a todas aquellas personas a participar:\u00a0\u201cSomos una civilizaci\u00f3n en busca de sentido, tambi\u00e9n en el trabajo, quiz\u00e1 sobre todo en el trabajo. Merece la pena luchar por el trabajo digno y sensato, por un trabajo que no sea primariamente una mercanc\u00eda de intercambio en cualquier mercado, sino un camino de humanizaci\u00f3n, de realizaci\u00f3n, de crecimiento individual y colectivo. Por eso, proponemos una jornada para reflexionar sobre el sentido del trabajo el pr\u00f3ximo 4 de marzo en Madrid.\u201d","og_url":"https:\/\/focolares.es\/en\/working-with-meaning\/","og_site_name":"Movimiento de los Focolares","article_published_time":"2023-02-13T21:33:00+00:00","article_modified_time":"2024-03-13T22:00:06+00:00","og_image":[{"width":551,"height":410,"url":"https:\/\/focolares.es\/wp-content\/uploads\/2023\/02\/20230304_EdC.jpg","type":"image\/jpeg"}],"author":"admin","twitter_card":"summary_large_image","twitter_misc":{"Written by":"admin","Estimated reading time":"2 minutes"},"schema":{"@context":"https:\/\/schema.org","@graph":[{"@type":"Article","@id":"https:\/\/focolares.es\/trabajando-con-sentido\/#article","isPartOf":{"@id":"https:\/\/focolares.es\/trabajando-con-sentido\/"},"author":{"name":"admin","@id":"https:\/\/focolares.es\/#\/schema\/person\/fdbf1cac3e3957f836bf607a31e7616d"},"headline":"Trabajando con sentido","datePublished":"2023-02-13T21:33:00+00:00","dateModified":"2024-03-13T22:00:06+00:00","mainEntityOfPage":{"@id":"https:\/\/focolares.es\/trabajando-con-sentido\/"},"wordCount":223,"commentCount":0,"publisher":{"@id":"https:\/\/focolares.es\/#organization"},"image":{"@id":"https:\/\/focolares.es\/trabajando-con-sentido\/#primaryimage"},"thumbnailUrl":"https:\/\/focolares.es\/wp-content\/uploads\/2023\/02\/20230304_EdC.jpg","articleSection":["Uncategorized"],"inLanguage":"en-GB","potentialAction":[{"@type":"CommentAction","name":"Comment","target":["https:\/\/focolares.es\/trabajando-con-sentido\/#respond"]}]},{"@type":"WebPage","@id":"https:\/\/focolares.es\/trabajando-con-sentido\/","url":"https:\/\/focolares.es\/trabajando-con-sentido\/","name":"Working with meaning - Focolare Movement","isPartOf":{"@id":"https:\/\/focolares.es\/#website"},"primaryImageOfPage":{"@id":"https:\/\/focolares.es\/trabajando-con-sentido\/#primaryimage"},"image":{"@id":"https:\/\/focolares.es\/trabajando-con-sentido\/#primaryimage"},"thumbnailUrl":"https:\/\/focolares.es\/wp-content\/uploads\/2023\/02\/20230304_EdC.jpg","datePublished":"2023-02-13T21:33:00+00:00","dateModified":"2024-03-13T22:00:06+00:00","breadcrumb":{"@id":"https:\/\/focolares.es\/trabajando-con-sentido\/#breadcrumb"},"inLanguage":"en-GB","potentialAction":[{"@type":"ReadAction","target":["https:\/\/focolares.es\/trabajando-con-sentido\/"]}]},{"@type":"ImageObject","inLanguage":"en-GB","@id":"https:\/\/focolares.es\/trabajando-con-sentido\/#primaryimage","url":"https:\/\/focolares.es\/wp-content\/uploads\/2023\/02\/20230304_EdC.jpg","contentUrl":"https:\/\/focolares.es\/wp-content\/uploads\/2023\/02\/20230304_EdC.jpg","width":551,"height":410},{"@type":"BreadcrumbList","@id":"https:\/\/focolares.es\/trabajando-con-sentido\/#breadcrumb","itemListElement":[{"@type":"ListItem","position":1,"name":"Portada","item":"https:\/\/focolares.es\/"},{"@type":"ListItem","position":2,"name":"Trabajando con sentido"}]},{"@type":"WebSite","@id":"https:\/\/focolares.es\/#website","url":"https:\/\/focolares.es\/","name":"Focolare Movement","description":"","publisher":{"@id":"https:\/\/focolares.es\/#organization"},"potentialAction":[{"@type":"SearchAction","target":{"@type":"EntryPoint","urlTemplate":"https:\/\/focolares.es\/?s={search_term_string}"},"query-input":{"@type":"PropertyValueSpecification","valueRequired":true,"valueName":"search_term_string"}}],"inLanguage":"en-GB"},{"@type":"Organization","@id":"https:\/\/focolares.es\/#organization","name":"Focolare Movement","url":"https:\/\/focolares.es\/","logo":{"@type":"ImageObject","inLanguage":"en-GB","@id":"https:\/\/focolares.es\/#\/schema\/logo\/image\/","url":"https:\/\/focolares.es\/wp-content\/uploads\/2024\/03\/Logo_focolares-1024x944-1.jpg","contentUrl":"https:\/\/focolares.es\/wp-content\/uploads\/2024\/03\/Logo_focolares-1024x944-1.jpg","width":1024,"height":944,"caption":"Movimiento de los Focolares"},"image":{"@id":"https:\/\/focolares.es\/#\/schema\/logo\/image\/"}},{"@type":"Person","@id":"https:\/\/focolares.es\/#\/schema\/person\/fdbf1cac3e3957f836bf607a31e7616d","name":"admin","image":{"@type":"ImageObject","inLanguage":"en-GB","@id":"https:\/\/focolares.es\/wp-content\/litespeed\/avatar\/ba00c276ce0fa7863cda4038d70907a8.jpg?ver=1777380135","url":"https:\/\/focolares.es\/wp-content\/litespeed\/avatar\/ba00c276ce0fa7863cda4038d70907a8.jpg?ver=1777380135","contentUrl":"https:\/\/focolares.es\/wp-content\/litespeed\/avatar\/ba00c276ce0fa7863cda4038d70907a8.jpg?ver=1777380135","caption":"admin"},"sameAs":["https:\/\/focolares.es"],"url":"https:\/\/focolares.es\/en\/author\/afesersl_mcjhk9wv\/"}]}},"views":17,"_links":{"self":[{"href":"https:\/\/focolares.es\/en\/wp-json\/wp\/v2\/posts\/5028","targetHints":{"allow":["GET"]}}],"collection":[{"href":"https:\/\/focolares.es\/en\/wp-json\/wp\/v2\/posts"}],"about":[{"href":"https:\/\/focolares.es\/en\/wp-json\/wp\/v2\/types\/post"}],"author":[{"embeddable":true,"href":"https:\/\/focolares.es\/en\/wp-json\/wp\/v2\/users\/1"}],"replies":[{"embeddable":true,"href":"https:\/\/focolares.es\/en\/wp-json\/wp\/v2\/comments?post=5028"}],"version-history":[{"count":4,"href":"https:\/\/focolares.es\/en\/wp-json\/wp\/v2\/posts\/5028\/revisions"}],"predecessor-version":[{"id":5041,"href":"https:\/\/focolares.es\/en\/wp-json\/wp\/v2\/posts\/5028\/revisions\/5041"}],"wp:featuredmedia":[{"embeddable":true,"href":"https:\/\/focolares.es\/en\/wp-json\/wp\/v2\/media\/5030"}],"wp:attachment":[{"href":"https:\/\/focolares.es\/en\/wp-json\/wp\/v2\/media?parent=5028"}],"wp:term":[{"taxonomy":"category","embeddable":true,"href":"https:\/\/focolares.es\/en\/wp-json\/wp\/v2\/categories?post=5028"},{"taxonomy":"post_tag","embeddable":true,"href":"https:\/\/focolares.es\/en\/wp-json\/wp\/v2\/tags?post=5028"}],"curies":[{"name":"wp","href":"https:\/\/api.w.org\/{rel}","templated":true}]}}