{"id":5034,"date":"2021-05-26T22:51:00","date_gmt":"2021-05-26T20:51:00","guid":{"rendered":"https:\/\/focolares.es\/?p=5034"},"modified":"2024-03-13T22:59:22","modified_gmt":"2024-03-13T21:59:22","slug":"identity-card-of-the-economy-of-communion","status":"publish","type":"post","link":"https:\/\/focolares.es\/en\/carta-de-identidad-de-la-economia-de-comunion\/","title":{"rendered":"Identity Card of the Economy of Communion"},"content":{"rendered":"<ol class=\"wp-block-list\">\n<li>The Economy of Communion (EoC) is a movement that brings together entrepreneurs, businesses, associations, and economic institutions, as well as workers, managers, consumers, savers, scholars, economic operators, the poor, citizens, and families. It was founded by Chiara Lubich in May 1991 in S\u00e3o Paulo, Brazil.&nbsp;<strong>Its purpose is to contribute<\/strong>, in the light of the Charism of Unity,&nbsp;<strong>to give life to fraternal enterprises<\/strong>&nbsp;who feel it is their mission to eradicate misery and social injustice, contributing to building an economic system and a human society of communion, in imitation of the first Christian community of Jerusalem, where &quot;<em>among them there was no one in need<\/em>\u201d (<em>Hch<\/em>&nbsp;4,32-34).<\/li>\n\n\n\n<li><strong>The EoC is a unique and global reality<\/strong>, coordinated by a Central Commission and by Local Commissions, linked to the Central Commission based on the principle of subsidiarity.<\/li>\n\n\n\n<li><strong>Who<\/strong>&nbsp;<strong>adhere to the EdC<\/strong>, at any level,&nbsp;<strong>They commit to living the values and culture of communion in the light of the charism of unity<\/strong>, both personally and within the organizations in which they operate, becoming their animators and promoters. In particular, they commit themselves, through their ideas and actions, to ensuring that the culture of communion, giving, and reciprocity increasingly penetrates the world of economics and permeates it at all levels.<\/li>\n\n\n\n<li><strong>The backbone of the EdC is made up of productive companies or organizations<\/strong>&nbsp;with different legal forms, including non-profit ones,&nbsp;<strong>who decide to put the culture and values of the EoC into practice<\/strong>.<\/li>\n\n\n\n<li><strong>EoC companies are committed to generating wealth and creating jobs<\/strong>&nbsp;with creativity and innovation, as well as to share their profits for the purposes of the&nbsp;<em>EdC Project<\/em>, even beyond the scope of its normal interest bearers.<\/li>\n\n\n\n<li>Based on the original inspiration,&nbsp;<strong>The EdC brings business parks to life<\/strong>&nbsp;(called Poles), primarily in the Citadels of the&nbsp;<em>Focolare Movement<\/em>, in which they are integrated. These business parks, signs of the testimony and concretization of the project, are a&nbsp;<strong>essential component of the EoC<\/strong>&nbsp;and complete the project in a specific region and\/or country.<\/li>\n\n\n\n<li><strong>The application for membership in the EdC<\/strong>&nbsp;of people and\/or institutions there are&nbsp;<strong>direct it to the local commission<\/strong>, who grants it provided that the following are met&nbsp;<strong>requirements<\/strong>:<\/li>\n<\/ol>\n\n\n\n<p>to)&nbsp;<strong>a serious commitment on the part of the entrepreneur or entrepreneurs to begin a path of communion<\/strong>&nbsp;with the local commission and with the entire EdC movement at the local and international level, not only as a person but, in the case of a business owner, as a representative of the business community;<\/p>\n\n\n\n<p>b)&nbsp;<strong>share the project objectives<\/strong>&nbsp;and the aims of the Charism of Unity of which the EdC is an expression;<\/p>\n\n\n\n<p>c)&nbsp;<strong>be open to allocating the company&#039;s profits<\/strong>, if obtained,&nbsp;<strong>to the three purposes of the project<\/strong>, which are: concrete help to the needy, training of \u201cnew men\u201d, development of the company and\/or remuneration to partners;<\/p>\n\n\n\n<p>d) to run the company inspired by brotherhood, in accordance with the document \u201c<a href=\"https:\/\/www.edc-online.org\/es\/empresas\/lineas-para-dirigir-una-empresa.html\">Guidelines for managing an EdC company<\/a>\u201d;<\/p>\n\n\n\n<p>e) understand and&nbsp;<strong>To live the relationship with people in need on a level of substantial dignity, respect, equality, reciprocity and communion<\/strong>;<\/p>\n\n\n\n<p>F)&nbsp;<strong>conceive one&#039;s own company<\/strong>&nbsp;and\/or activity&nbsp;<strong>as a place and an instrument to reduce homelessness<\/strong>, misery and injustice, both in the local and global context.<\/p>\n\n\n\n<ol class=\"wp-block-list\" start=\"8\">\n<li>The EoC also gives life to a movement of thoughts and ideas, in authentic dialogue with contemporary culture and with the civil, solidarity, and social economy at the local and international levels.<\/li>\n\n\n\n<li><strong>The EdC cooperates<\/strong>&nbsp;with the initiatives of different i<strong>churches<\/strong>,&nbsp;<strong>religions<\/strong>&nbsp;and of the&nbsp;<strong>civil society and politics<\/strong>, which are felt to be a vital expression and instrument of unity.<\/li>\n\n\n\n<li><strong>The EoC contributes to \u201call being one\u201d<\/strong>&nbsp;(Jn, 17,21).<\/li>\n<\/ol>\n\n\n\n<p><a href=\"https:\/\/www.edc-online.org\/es\/\">https:\/\/www.edc-online.org\/es\/<\/a><\/p>","protected":false},"excerpt":{"rendered":"<p>a) a serious commitment on the part of the entrepreneur(s) to embark on a path of communion with the local committee and with the entire EoC movement at the local and international levels, not only as individuals but, if an entrepreneur, as a representative of the business community; b) sharing the project&#039;s objectives and the aims of the Charism of Unity of which the EoC is an expression; c) being open to allocating the company&#039;s profits, if any, to the three aims of the project, which are: concrete help for those in need, training &quot;new men,&quot; development of the company, and\/or remuneration to partners; d) managing the company with a sense of brotherhood, in accordance with the document &quot;Guidelines for Managing an EoC Company&quot;; e) understanding and living relationships with people in need on a level of substantial dignity, respect, equality, reciprocity, and communion; f) Conceive one&#039;s own company and\/or activity as a place and instrument for reducing poverty, misery, and injustice, both locally and globally. https:\/\/www.edc-online.org\/es\/<\/p>","protected":false},"author":1,"featured_media":5040,"comment_status":"open","ping_status":"closed","sticky":false,"template":"","format":"standard","meta":{"_price":"","_stock":"","_tribe_ticket_header":"","_tribe_default_ticket_provider":"","_tribe_ticket_capacity":"0","_ticket_start_date":"","_ticket_end_date":"","_tribe_ticket_show_description":"","_tribe_ticket_show_not_going":false,"_tribe_ticket_use_global_stock":"","_tribe_ticket_global_stock_level":"","_global_stock_mode":"","_global_stock_cap":"","_tribe_rsvp_for_event":"","_tribe_ticket_going_count":"","_tribe_ticket_not_going_count":"","_tribe_tickets_list":"[]","_tribe_ticket_has_attendee_info_fields":false,"footnotes":""},"categories":[1],"tags":[],"class_list":["post-5034","post","type-post","status-publish","format-standard","has-post-thumbnail","hentry","category-uncategorized"],"yoast_head":"<!-- This site is optimized with the Yoast SEO plugin v27.2 - https:\/\/yoast.com\/product\/yoast-seo-wordpress\/ -->\n<title>Carta de identidad de la Econom\u00eda de Comuni\u00f3n - Movimiento de los Focolares<\/title>\n<meta name=\"robots\" content=\"index, follow, max-snippet:-1, max-image-preview:large, max-video-preview:-1\" \/>\n<link rel=\"canonical\" href=\"https:\/\/focolares.es\/en\/identity-card-of-the-economy-of-communion\/\" \/>\n<meta property=\"og:locale\" content=\"en_GB\" \/>\n<meta property=\"og:type\" content=\"article\" \/>\n<meta property=\"og:title\" content=\"Carta de identidad de la Econom\u00eda de Comuni\u00f3n - Movimiento de los Focolares\" \/>\n<meta property=\"og:description\" content=\"a)&nbsp;un compromiso serio por parte del empresario o empresarios de iniciar un camino de comuni\u00f3n&nbsp;con la comisi\u00f3n local y con todo el movimiento de la EdC a nivel local e internacional, no s\u00f3lo como persona sino, en caso de ser empresario, como representante de la comunidad empresarial; b)&nbsp;compartir los objetivos del proyecto&nbsp;y los fines del Carisma de la Unidad del que la EdC es expresi\u00f3n; c)&nbsp;estar abierto a destinar las ganancias de la empresa, en caso de obtenerse,&nbsp;a los tres fines del proyecto, que son: ayuda concreta a los necesitados, formaci\u00f3n de \u201chombres nuevos\u201d, desarrollo de la empresa y\/o retribuci\u00f3n a los socios; d) dirigir la empresa inspir\u00e1ndose en la fraternidad, de acuerdo con el documento \u201cl\u00edneas para dirigir una empresa de la EdC\u201d; e) entender y&nbsp;vivir la relaci\u00f3n con las personas en situaci\u00f3n de necesidad en un plano de sustancial dignidad, respeto, igualdad, reciprocidad y comuni\u00f3n; f)&nbsp;concebir la propia empresa&nbsp;y\/o actividad&nbsp;como un lugar y un instrumento para reducir la indigencia, la miseria y la injusticia, tanto en el contexto local como global. https:\/\/www.edc-online.org\/es\/\" \/>\n<meta property=\"og:url\" content=\"https:\/\/focolares.es\/en\/identity-card-of-the-economy-of-communion\/\" \/>\n<meta property=\"og:site_name\" content=\"Movimiento de los Focolares\" \/>\n<meta property=\"article:published_time\" content=\"2021-05-26T20:51:00+00:00\" \/>\n<meta property=\"article:modified_time\" content=\"2024-03-13T21:59:22+00:00\" \/>\n<meta property=\"og:image\" content=\"https:\/\/focolares.es\/wp-content\/uploads\/2024\/03\/edc_logo30it.png\" \/>\n\t<meta property=\"og:image:width\" content=\"350\" \/>\n\t<meta property=\"og:image:height\" content=\"391\" \/>\n\t<meta property=\"og:image:type\" content=\"image\/png\" \/>\n<meta name=\"author\" content=\"admin\" \/>\n<meta name=\"twitter:card\" content=\"summary_large_image\" \/>\n<meta name=\"twitter:label1\" content=\"Written by\" \/>\n\t<meta name=\"twitter:data1\" content=\"admin\" \/>\n\t<meta name=\"twitter:label2\" content=\"Estimated reading time\" \/>\n\t<meta name=\"twitter:data2\" content=\"4 minutes\" \/>\n<script type=\"application\/ld+json\" class=\"yoast-schema-graph\">{\"@context\":\"https:\/\/schema.org\",\"@graph\":[{\"@type\":\"Article\",\"@id\":\"https:\/\/focolares.es\/carta-de-identidad-de-la-economia-de-comunion\/#article\",\"isPartOf\":{\"@id\":\"https:\/\/focolares.es\/carta-de-identidad-de-la-economia-de-comunion\/\"},\"author\":{\"name\":\"admin\",\"@id\":\"https:\/\/focolares.es\/#\/schema\/person\/fdbf1cac3e3957f836bf607a31e7616d\"},\"headline\":\"Carta de identidad de la Econom\u00eda de Comuni\u00f3n\",\"datePublished\":\"2021-05-26T20:51:00+00:00\",\"dateModified\":\"2024-03-13T21:59:22+00:00\",\"mainEntityOfPage\":{\"@id\":\"https:\/\/focolares.es\/carta-de-identidad-de-la-economia-de-comunion\/\"},\"wordCount\":728,\"commentCount\":0,\"publisher\":{\"@id\":\"https:\/\/focolares.es\/#organization\"},\"image\":{\"@id\":\"https:\/\/focolares.es\/carta-de-identidad-de-la-economia-de-comunion\/#primaryimage\"},\"thumbnailUrl\":\"https:\/\/focolares.es\/wp-content\/uploads\/2024\/03\/edc_logo30it.png\",\"articleSection\":[\"Uncategorized\"],\"inLanguage\":\"en-GB\",\"potentialAction\":[{\"@type\":\"CommentAction\",\"name\":\"Comment\",\"target\":[\"https:\/\/focolares.es\/carta-de-identidad-de-la-economia-de-comunion\/#respond\"]}]},{\"@type\":\"WebPage\",\"@id\":\"https:\/\/focolares.es\/carta-de-identidad-de-la-economia-de-comunion\/\",\"url\":\"https:\/\/focolares.es\/carta-de-identidad-de-la-economia-de-comunion\/\",\"name\":\"Carta de identidad de la Econom\u00eda de Comuni\u00f3n - Movimiento de los Focolares\",\"isPartOf\":{\"@id\":\"https:\/\/focolares.es\/#website\"},\"primaryImageOfPage\":{\"@id\":\"https:\/\/focolares.es\/carta-de-identidad-de-la-economia-de-comunion\/#primaryimage\"},\"image\":{\"@id\":\"https:\/\/focolares.es\/carta-de-identidad-de-la-economia-de-comunion\/#primaryimage\"},\"thumbnailUrl\":\"https:\/\/focolares.es\/wp-content\/uploads\/2024\/03\/edc_logo30it.png\",\"datePublished\":\"2021-05-26T20:51:00+00:00\",\"dateModified\":\"2024-03-13T21:59:22+00:00\",\"breadcrumb\":{\"@id\":\"https:\/\/focolares.es\/carta-de-identidad-de-la-economia-de-comunion\/#breadcrumb\"},\"inLanguage\":\"en-GB\",\"potentialAction\":[{\"@type\":\"ReadAction\",\"target\":[\"https:\/\/focolares.es\/carta-de-identidad-de-la-economia-de-comunion\/\"]}]},{\"@type\":\"ImageObject\",\"inLanguage\":\"en-GB\",\"@id\":\"https:\/\/focolares.es\/carta-de-identidad-de-la-economia-de-comunion\/#primaryimage\",\"url\":\"https:\/\/focolares.es\/wp-content\/uploads\/2024\/03\/edc_logo30it.png\",\"contentUrl\":\"https:\/\/focolares.es\/wp-content\/uploads\/2024\/03\/edc_logo30it.png\",\"width\":350,\"height\":391},{\"@type\":\"BreadcrumbList\",\"@id\":\"https:\/\/focolares.es\/carta-de-identidad-de-la-economia-de-comunion\/#breadcrumb\",\"itemListElement\":[{\"@type\":\"ListItem\",\"position\":1,\"name\":\"Portada\",\"item\":\"https:\/\/focolares.es\/\"},{\"@type\":\"ListItem\",\"position\":2,\"name\":\"Carta de identidad de la Econom\u00eda de Comuni\u00f3n\"}]},{\"@type\":\"WebSite\",\"@id\":\"https:\/\/focolares.es\/#website\",\"url\":\"https:\/\/focolares.es\/\",\"name\":\"Movimiento de los Focolares\",\"description\":\"\",\"publisher\":{\"@id\":\"https:\/\/focolares.es\/#organization\"},\"potentialAction\":[{\"@type\":\"SearchAction\",\"target\":{\"@type\":\"EntryPoint\",\"urlTemplate\":\"https:\/\/focolares.es\/?s={search_term_string}\"},\"query-input\":{\"@type\":\"PropertyValueSpecification\",\"valueRequired\":true,\"valueName\":\"search_term_string\"}}],\"inLanguage\":\"en-GB\"},{\"@type\":\"Organization\",\"@id\":\"https:\/\/focolares.es\/#organization\",\"name\":\"Movimiento de los Focolares\",\"url\":\"https:\/\/focolares.es\/\",\"logo\":{\"@type\":\"ImageObject\",\"inLanguage\":\"en-GB\",\"@id\":\"https:\/\/focolares.es\/#\/schema\/logo\/image\/\",\"url\":\"https:\/\/focolares.es\/wp-content\/uploads\/2024\/03\/Logo_focolares-1024x944-1.jpg\",\"contentUrl\":\"https:\/\/focolares.es\/wp-content\/uploads\/2024\/03\/Logo_focolares-1024x944-1.jpg\",\"width\":1024,\"height\":944,\"caption\":\"Movimiento de los Focolares\"},\"image\":{\"@id\":\"https:\/\/focolares.es\/#\/schema\/logo\/image\/\"}},{\"@type\":\"Person\",\"@id\":\"https:\/\/focolares.es\/#\/schema\/person\/fdbf1cac3e3957f836bf607a31e7616d\",\"name\":\"admin\",\"image\":{\"@type\":\"ImageObject\",\"inLanguage\":\"en-GB\",\"@id\":\"https:\/\/focolares.es\/wp-content\/litespeed\/avatar\/ba00c276ce0fa7863cda4038d70907a8.jpg?ver=1777380135\",\"url\":\"https:\/\/focolares.es\/wp-content\/litespeed\/avatar\/ba00c276ce0fa7863cda4038d70907a8.jpg?ver=1777380135\",\"contentUrl\":\"https:\/\/focolares.es\/wp-content\/litespeed\/avatar\/ba00c276ce0fa7863cda4038d70907a8.jpg?ver=1777380135\",\"caption\":\"admin\"},\"sameAs\":[\"https:\/\/focolares.es\"],\"url\":\"https:\/\/focolares.es\/en\/author\/afesersl_mcjhk9wv\/\"}]}<\/script>\n<!-- \/ Yoast SEO plugin. -->","yoast_head_json":{"title":"Identity Charter of the Economy of Communion - Focolare Movement","robots":{"index":"index","follow":"follow","max-snippet":"max-snippet:-1","max-image-preview":"max-image-preview:large","max-video-preview":"max-video-preview:-1"},"canonical":"https:\/\/focolares.es\/en\/identity-card-of-the-economy-of-communion\/","og_locale":"en_GB","og_type":"article","og_title":"Carta de identidad de la Econom\u00eda de Comuni\u00f3n - Movimiento de los Focolares","og_description":"a)&nbsp;un compromiso serio por parte del empresario o empresarios de iniciar un camino de comuni\u00f3n&nbsp;con la comisi\u00f3n local y con todo el movimiento de la EdC a nivel local e internacional, no s\u00f3lo como persona sino, en caso de ser empresario, como representante de la comunidad empresarial; b)&nbsp;compartir los objetivos del proyecto&nbsp;y los fines del Carisma de la Unidad del que la EdC es expresi\u00f3n; c)&nbsp;estar abierto a destinar las ganancias de la empresa, en caso de obtenerse,&nbsp;a los tres fines del proyecto, que son: ayuda concreta a los necesitados, formaci\u00f3n de \u201chombres nuevos\u201d, desarrollo de la empresa y\/o retribuci\u00f3n a los socios; d) dirigir la empresa inspir\u00e1ndose en la fraternidad, de acuerdo con el documento \u201cl\u00edneas para dirigir una empresa de la EdC\u201d; e) entender y&nbsp;vivir la relaci\u00f3n con las personas en situaci\u00f3n de necesidad en un plano de sustancial dignidad, respeto, igualdad, reciprocidad y comuni\u00f3n; f)&nbsp;concebir la propia empresa&nbsp;y\/o actividad&nbsp;como un lugar y un instrumento para reducir la indigencia, la miseria y la injusticia, tanto en el contexto local como global. https:\/\/www.edc-online.org\/es\/","og_url":"https:\/\/focolares.es\/en\/identity-card-of-the-economy-of-communion\/","og_site_name":"Movimiento de los Focolares","article_published_time":"2021-05-26T20:51:00+00:00","article_modified_time":"2024-03-13T21:59:22+00:00","og_image":[{"width":350,"height":391,"url":"https:\/\/focolares.es\/wp-content\/uploads\/2024\/03\/edc_logo30it.png","type":"image\/png"}],"author":"admin","twitter_card":"summary_large_image","twitter_misc":{"Written by":"admin","Estimated reading time":"4 minutes"},"schema":{"@context":"https:\/\/schema.org","@graph":[{"@type":"Article","@id":"https:\/\/focolares.es\/carta-de-identidad-de-la-economia-de-comunion\/#article","isPartOf":{"@id":"https:\/\/focolares.es\/carta-de-identidad-de-la-economia-de-comunion\/"},"author":{"name":"admin","@id":"https:\/\/focolares.es\/#\/schema\/person\/fdbf1cac3e3957f836bf607a31e7616d"},"headline":"Carta de identidad de la Econom\u00eda de Comuni\u00f3n","datePublished":"2021-05-26T20:51:00+00:00","dateModified":"2024-03-13T21:59:22+00:00","mainEntityOfPage":{"@id":"https:\/\/focolares.es\/carta-de-identidad-de-la-economia-de-comunion\/"},"wordCount":728,"commentCount":0,"publisher":{"@id":"https:\/\/focolares.es\/#organization"},"image":{"@id":"https:\/\/focolares.es\/carta-de-identidad-de-la-economia-de-comunion\/#primaryimage"},"thumbnailUrl":"https:\/\/focolares.es\/wp-content\/uploads\/2024\/03\/edc_logo30it.png","articleSection":["Uncategorized"],"inLanguage":"en-GB","potentialAction":[{"@type":"CommentAction","name":"Comment","target":["https:\/\/focolares.es\/carta-de-identidad-de-la-economia-de-comunion\/#respond"]}]},{"@type":"WebPage","@id":"https:\/\/focolares.es\/carta-de-identidad-de-la-economia-de-comunion\/","url":"https:\/\/focolares.es\/carta-de-identidad-de-la-economia-de-comunion\/","name":"Identity Charter of the Economy of Communion - Focolare Movement","isPartOf":{"@id":"https:\/\/focolares.es\/#website"},"primaryImageOfPage":{"@id":"https:\/\/focolares.es\/carta-de-identidad-de-la-economia-de-comunion\/#primaryimage"},"image":{"@id":"https:\/\/focolares.es\/carta-de-identidad-de-la-economia-de-comunion\/#primaryimage"},"thumbnailUrl":"https:\/\/focolares.es\/wp-content\/uploads\/2024\/03\/edc_logo30it.png","datePublished":"2021-05-26T20:51:00+00:00","dateModified":"2024-03-13T21:59:22+00:00","breadcrumb":{"@id":"https:\/\/focolares.es\/carta-de-identidad-de-la-economia-de-comunion\/#breadcrumb"},"inLanguage":"en-GB","potentialAction":[{"@type":"ReadAction","target":["https:\/\/focolares.es\/carta-de-identidad-de-la-economia-de-comunion\/"]}]},{"@type":"ImageObject","inLanguage":"en-GB","@id":"https:\/\/focolares.es\/carta-de-identidad-de-la-economia-de-comunion\/#primaryimage","url":"https:\/\/focolares.es\/wp-content\/uploads\/2024\/03\/edc_logo30it.png","contentUrl":"https:\/\/focolares.es\/wp-content\/uploads\/2024\/03\/edc_logo30it.png","width":350,"height":391},{"@type":"BreadcrumbList","@id":"https:\/\/focolares.es\/carta-de-identidad-de-la-economia-de-comunion\/#breadcrumb","itemListElement":[{"@type":"ListItem","position":1,"name":"Portada","item":"https:\/\/focolares.es\/"},{"@type":"ListItem","position":2,"name":"Carta de identidad de la Econom\u00eda de Comuni\u00f3n"}]},{"@type":"WebSite","@id":"https:\/\/focolares.es\/#website","url":"https:\/\/focolares.es\/","name":"Focolare Movement","description":"","publisher":{"@id":"https:\/\/focolares.es\/#organization"},"potentialAction":[{"@type":"SearchAction","target":{"@type":"EntryPoint","urlTemplate":"https:\/\/focolares.es\/?s={search_term_string}"},"query-input":{"@type":"PropertyValueSpecification","valueRequired":true,"valueName":"search_term_string"}}],"inLanguage":"en-GB"},{"@type":"Organization","@id":"https:\/\/focolares.es\/#organization","name":"Focolare Movement","url":"https:\/\/focolares.es\/","logo":{"@type":"ImageObject","inLanguage":"en-GB","@id":"https:\/\/focolares.es\/#\/schema\/logo\/image\/","url":"https:\/\/focolares.es\/wp-content\/uploads\/2024\/03\/Logo_focolares-1024x944-1.jpg","contentUrl":"https:\/\/focolares.es\/wp-content\/uploads\/2024\/03\/Logo_focolares-1024x944-1.jpg","width":1024,"height":944,"caption":"Movimiento de los Focolares"},"image":{"@id":"https:\/\/focolares.es\/#\/schema\/logo\/image\/"}},{"@type":"Person","@id":"https:\/\/focolares.es\/#\/schema\/person\/fdbf1cac3e3957f836bf607a31e7616d","name":"admin","image":{"@type":"ImageObject","inLanguage":"en-GB","@id":"https:\/\/focolares.es\/wp-content\/litespeed\/avatar\/ba00c276ce0fa7863cda4038d70907a8.jpg?ver=1777380135","url":"https:\/\/focolares.es\/wp-content\/litespeed\/avatar\/ba00c276ce0fa7863cda4038d70907a8.jpg?ver=1777380135","contentUrl":"https:\/\/focolares.es\/wp-content\/litespeed\/avatar\/ba00c276ce0fa7863cda4038d70907a8.jpg?ver=1777380135","caption":"admin"},"sameAs":["https:\/\/focolares.es"],"url":"https:\/\/focolares.es\/en\/author\/afesersl_mcjhk9wv\/"}]}},"views":96,"_links":{"self":[{"href":"https:\/\/focolares.es\/en\/wp-json\/wp\/v2\/posts\/5034","targetHints":{"allow":["GET"]}}],"collection":[{"href":"https:\/\/focolares.es\/en\/wp-json\/wp\/v2\/posts"}],"about":[{"href":"https:\/\/focolares.es\/en\/wp-json\/wp\/v2\/types\/post"}],"author":[{"embeddable":true,"href":"https:\/\/focolares.es\/en\/wp-json\/wp\/v2\/users\/1"}],"replies":[{"embeddable":true,"href":"https:\/\/focolares.es\/en\/wp-json\/wp\/v2\/comments?post=5034"}],"version-history":[{"count":1,"href":"https:\/\/focolares.es\/en\/wp-json\/wp\/v2\/posts\/5034\/revisions"}],"predecessor-version":[{"id":5035,"href":"https:\/\/focolares.es\/en\/wp-json\/wp\/v2\/posts\/5034\/revisions\/5035"}],"wp:featuredmedia":[{"embeddable":true,"href":"https:\/\/focolares.es\/en\/wp-json\/wp\/v2\/media\/5040"}],"wp:attachment":[{"href":"https:\/\/focolares.es\/en\/wp-json\/wp\/v2\/media?parent=5034"}],"wp:term":[{"taxonomy":"category","embeddable":true,"href":"https:\/\/focolares.es\/en\/wp-json\/wp\/v2\/categories?post=5034"},{"taxonomy":"post_tag","embeddable":true,"href":"https:\/\/focolares.es\/en\/wp-json\/wp\/v2\/tags?post=5034"}],"curies":[{"name":"wp","href":"https:\/\/api.w.org\/{rel}","templated":true}]}}