{"id":15815,"date":"2025-04-02T22:21:12","date_gmt":"2025-04-02T20:21:12","guid":{"rendered":"https:\/\/focolares.es\/?p=15815"},"modified":"2025-05-10T18:15:04","modified_gmt":"2025-05-10T16:15:04","slug":"gizadi-bat-planeta-bat-lidergo-sinodala","status":"publish","type":"post","link":"https:\/\/focolares.es\/eu\/una-humanidad-un-planeta-liderazgo-sinodal\/","title":{"rendered":"Gizateria bat, Planeta bat: lidergo sinodala"},"content":{"rendered":"\n<h4 class=\"wp-block-heading\">El Movimiento pol\u00edtico por la unidad (MPPU) en colaboraci\u00f3n con Humanidad Nueva (HN) ha lanzado la Convocatoria para la ESCUELA DE POL\u00cdTICA GLOBAL.<\/h4>\n\n\n\n<div style=\"height:30px\" aria-hidden=\"true\" class=\"wp-block-spacer\"><\/div>\n\n\n\n<p>Con esta iniciativa se pretende tejer una red global de l\u00edderes dedicados a abordar los retos m\u00e1s urgentes de nuestro tiempo, promoviendo una cultura pol\u00edtica capaz de afrontar los retos actuales con esp\u00edritu de solidaridad, cuidado del planeta y preocupaci\u00f3n por la humanidad.<\/p>\n\n\n\n<p>La iniciativa se divide en dos fases:<\/p>\n\n\n\n<p>Primera fase: 100 j\u00f3venes liderando un proceso de acci\u00f3n colectiva global, promoviendo iniciativas y sensibilizando sobre ellas.<\/p>\n\n\n\n<p>Segunda fase: una comunidad ampliada a 600 j\u00f3venes, integrados en redes nacionales y continentales, que compartan reflexiones, experiencias, estrategias de aplicaci\u00f3n y acciones con impacto social.<\/p>\n\n\n\n<p>[1] <a href=\"http:\/\/www.mppu.org\/es\/\" target=\"_blank\" rel=\"noreferrer noopener\">Movimiento pol\u00edtico por la unidad<\/a><\/p>\n\n\n\n<p>[2] <a href=\"https:\/\/www.new-humanity.org\/es\/\" target=\"_blank\" rel=\"noreferrer noopener\">Humanidad Nueva<\/a><\/p>\n\n\n\n<hr class=\"wp-block-separator has-alpha-channel-opacity\"\/>\n\n\n\n<div style=\"height:20px\" aria-hidden=\"true\" class=\"wp-block-spacer\"><\/div>\n\n\n\n<p><a href=\"https:\/\/www.new-humanity.org\/es\/politica-bien-comun\/convocatoria-liderazgo-sinodal\/\" target=\"_blank\" rel=\"noreferrer noopener\">Para m\u00e1s informaci\u00f3n<\/a>.<\/p>\n\n\n\n<p><\/p>\n","protected":false},"excerpt":{"rendered":"<p>Gure garaiko erronka larrienei aurre egiteko lider-sare global bat eratu nahi duen nazioarteko ekimena.<\/p>","protected":false},"author":8,"featured_media":15816,"comment_status":"open","ping_status":"closed","sticky":false,"template":"","format":"standard","meta":{"_price":"","_stock":"","_tribe_ticket_header":"","_tribe_default_ticket_provider":"","_tribe_ticket_capacity":"0","_ticket_start_date":"","_ticket_end_date":"","_tribe_ticket_show_description":"","_tribe_ticket_show_not_going":false,"_tribe_ticket_use_global_stock":"","_tribe_ticket_global_stock_level":"","_global_stock_mode":"","_global_stock_cap":"","_tribe_rsvp_for_event":"","_tribe_ticket_going_count":"","_tribe_ticket_not_going_count":"","_tribe_tickets_list":"[]","_tribe_ticket_has_attendee_info_fields":false,"footnotes":""},"categories":[1],"tags":[40],"class_list":["post-15815","post","type-post","status-publish","format-standard","has-post-thumbnail","hentry","category-uncategorized","tag-dialogo-y-fraternidad"],"yoast_head":"<!-- This site is optimized with the Yoast SEO plugin v27.2 - https:\/\/yoast.com\/product\/yoast-seo-wordpress\/ -->\n<title>Una Humanidad, un Planeta: Liderazgo Sinodal - FOCOLARES<\/title>\n<meta name=\"description\" content=\"Iniciativa internacional que quiere tejer una red global de l\u00edderes dedicados a abordar los retos m\u00e1s urgentes de nuestro tiempo\" \/>\n<meta name=\"robots\" content=\"index, follow, max-snippet:-1, max-image-preview:large, max-video-preview:-1\" \/>\n<link rel=\"canonical\" href=\"https:\/\/focolares.es\/eu\/gizadi-bat-planeta-bat-lidergo-sinodala\/\" \/>\n<meta property=\"og:locale\" content=\"en_US\" \/>\n<meta property=\"og:type\" content=\"article\" \/>\n<meta property=\"og:title\" content=\"Una Humanidad, un Planeta: Liderazgo Sinodal - FOCOLARES\" \/>\n<meta property=\"og:description\" content=\"Iniciativa internacional que quiere tejer una red global de l\u00edderes dedicados a abordar los retos m\u00e1s urgentes de nuestro tiempo\" \/>\n<meta property=\"og:url\" content=\"https:\/\/focolares.es\/eu\/gizadi-bat-planeta-bat-lidergo-sinodala\/\" \/>\n<meta property=\"og:site_name\" content=\"Movimiento de los Focolares\" \/>\n<meta property=\"article:published_time\" content=\"2025-04-02T20:21:12+00:00\" \/>\n<meta property=\"article:modified_time\" content=\"2025-05-10T16:15:04+00:00\" \/>\n<meta property=\"og:image\" content=\"https:\/\/focolares.es\/wp-content\/uploads\/2025\/04\/DEST_LIderazgo_sinodal-2025.jpg\" \/>\n\t<meta property=\"og:image:width\" content=\"901\" \/>\n\t<meta property=\"og:image:height\" content=\"507\" \/>\n\t<meta property=\"og:image:type\" content=\"image\/jpeg\" \/>\n<meta name=\"author\" content=\"Sonia\" \/>\n<meta name=\"twitter:card\" content=\"summary_large_image\" \/>\n<meta name=\"twitter:label1\" content=\"Written by\" \/>\n\t<meta name=\"twitter:data1\" content=\"Sonia\" \/>\n\t<meta name=\"twitter:label2\" content=\"Est. reading time\" \/>\n\t<meta name=\"twitter:data2\" content=\"1 minutua\" \/>\n<script type=\"application\/ld+json\" class=\"yoast-schema-graph\">{\"@context\":\"https:\/\/schema.org\",\"@graph\":[{\"@type\":\"Article\",\"@id\":\"https:\/\/focolares.es\/una-humanidad-un-planeta-liderazgo-sinodal\/#article\",\"isPartOf\":{\"@id\":\"https:\/\/focolares.es\/una-humanidad-un-planeta-liderazgo-sinodal\/\"},\"author\":{\"name\":\"Sonia\",\"@id\":\"https:\/\/focolares.es\/#\/schema\/person\/460a502493de84fa7b318667e9a5c289\"},\"headline\":\"Una Humanidad, un Planeta: Liderazgo Sinodal\",\"datePublished\":\"2025-04-02T20:21:12+00:00\",\"dateModified\":\"2025-05-10T16:15:04+00:00\",\"mainEntityOfPage\":{\"@id\":\"https:\/\/focolares.es\/una-humanidad-un-planeta-liderazgo-sinodal\/\"},\"wordCount\":145,\"commentCount\":0,\"publisher\":{\"@id\":\"https:\/\/focolares.es\/#organization\"},\"image\":{\"@id\":\"https:\/\/focolares.es\/una-humanidad-un-planeta-liderazgo-sinodal\/#primaryimage\"},\"thumbnailUrl\":\"https:\/\/focolares.es\/wp-content\/uploads\/2025\/04\/DEST_LIderazgo_sinodal-2025.jpg\",\"keywords\":[\"Di\u00e1logo y fraternidad\"],\"articleSection\":[\"Uncategorized\"],\"inLanguage\":\"eu\",\"potentialAction\":[{\"@type\":\"CommentAction\",\"name\":\"Comment\",\"target\":[\"https:\/\/focolares.es\/una-humanidad-un-planeta-liderazgo-sinodal\/#respond\"]}]},{\"@type\":\"WebPage\",\"@id\":\"https:\/\/focolares.es\/una-humanidad-un-planeta-liderazgo-sinodal\/\",\"url\":\"https:\/\/focolares.es\/una-humanidad-un-planeta-liderazgo-sinodal\/\",\"name\":\"Una Humanidad, un Planeta: Liderazgo Sinodal - FOCOLARES\",\"isPartOf\":{\"@id\":\"https:\/\/focolares.es\/#website\"},\"primaryImageOfPage\":{\"@id\":\"https:\/\/focolares.es\/una-humanidad-un-planeta-liderazgo-sinodal\/#primaryimage\"},\"image\":{\"@id\":\"https:\/\/focolares.es\/una-humanidad-un-planeta-liderazgo-sinodal\/#primaryimage\"},\"thumbnailUrl\":\"https:\/\/focolares.es\/wp-content\/uploads\/2025\/04\/DEST_LIderazgo_sinodal-2025.jpg\",\"datePublished\":\"2025-04-02T20:21:12+00:00\",\"dateModified\":\"2025-05-10T16:15:04+00:00\",\"description\":\"Iniciativa internacional que quiere tejer una red global de l\u00edderes dedicados a abordar los retos m\u00e1s urgentes de nuestro tiempo\",\"breadcrumb\":{\"@id\":\"https:\/\/focolares.es\/una-humanidad-un-planeta-liderazgo-sinodal\/#breadcrumb\"},\"inLanguage\":\"eu\",\"potentialAction\":[{\"@type\":\"ReadAction\",\"target\":[\"https:\/\/focolares.es\/una-humanidad-un-planeta-liderazgo-sinodal\/\"]}]},{\"@type\":\"ImageObject\",\"inLanguage\":\"eu\",\"@id\":\"https:\/\/focolares.es\/una-humanidad-un-planeta-liderazgo-sinodal\/#primaryimage\",\"url\":\"https:\/\/focolares.es\/wp-content\/uploads\/2025\/04\/DEST_LIderazgo_sinodal-2025.jpg\",\"contentUrl\":\"https:\/\/focolares.es\/wp-content\/uploads\/2025\/04\/DEST_LIderazgo_sinodal-2025.jpg\",\"width\":901,\"height\":507},{\"@type\":\"BreadcrumbList\",\"@id\":\"https:\/\/focolares.es\/una-humanidad-un-planeta-liderazgo-sinodal\/#breadcrumb\",\"itemListElement\":[{\"@type\":\"ListItem\",\"position\":1,\"name\":\"Portada\",\"item\":\"https:\/\/focolares.es\/\"},{\"@type\":\"ListItem\",\"position\":2,\"name\":\"Una Humanidad, un Planeta: Liderazgo Sinodal\"}]},{\"@type\":\"WebSite\",\"@id\":\"https:\/\/focolares.es\/#website\",\"url\":\"https:\/\/focolares.es\/\",\"name\":\"Movimiento de los Focolares\",\"description\":\"\",\"publisher\":{\"@id\":\"https:\/\/focolares.es\/#organization\"},\"potentialAction\":[{\"@type\":\"SearchAction\",\"target\":{\"@type\":\"EntryPoint\",\"urlTemplate\":\"https:\/\/focolares.es\/?s={search_term_string}\"},\"query-input\":{\"@type\":\"PropertyValueSpecification\",\"valueRequired\":true,\"valueName\":\"search_term_string\"}}],\"inLanguage\":\"eu\"},{\"@type\":\"Organization\",\"@id\":\"https:\/\/focolares.es\/#organization\",\"name\":\"Movimiento de los Focolares\",\"url\":\"https:\/\/focolares.es\/\",\"logo\":{\"@type\":\"ImageObject\",\"inLanguage\":\"eu\",\"@id\":\"https:\/\/focolares.es\/#\/schema\/logo\/image\/\",\"url\":\"https:\/\/focolares.es\/wp-content\/uploads\/2024\/03\/Logo_focolares-1024x944-1.jpg\",\"contentUrl\":\"https:\/\/focolares.es\/wp-content\/uploads\/2024\/03\/Logo_focolares-1024x944-1.jpg\",\"width\":1024,\"height\":944,\"caption\":\"Movimiento de los Focolares\"},\"image\":{\"@id\":\"https:\/\/focolares.es\/#\/schema\/logo\/image\/\"}},{\"@type\":\"Person\",\"@id\":\"https:\/\/focolares.es\/#\/schema\/person\/460a502493de84fa7b318667e9a5c289\",\"name\":\"Sonia\",\"image\":{\"@type\":\"ImageObject\",\"inLanguage\":\"eu\",\"@id\":\"https:\/\/focolares.es\/wp-content\/litespeed\/avatar\/cdad09e33a37c7312cdc76ceae4bbc88.jpg?ver=1777375640\",\"url\":\"https:\/\/focolares.es\/wp-content\/litespeed\/avatar\/cdad09e33a37c7312cdc76ceae4bbc88.jpg?ver=1777375640\",\"contentUrl\":\"https:\/\/focolares.es\/wp-content\/litespeed\/avatar\/cdad09e33a37c7312cdc76ceae4bbc88.jpg?ver=1777375640\",\"caption\":\"Sonia\"},\"url\":\"https:\/\/focolares.es\/eu\/author\/sonia\/\"}]}<\/script>\n<!-- \/ Yoast SEO plugin. -->","yoast_head_json":{"title":"One Humanity, One Planet: Sinodal Leadership - FOCOLARES","description":"Gure garaiko erronka larrienei aurre egiteko lider-sare global bat eratu nahi duen nazioarteko ekimena.","robots":{"index":"index","follow":"follow","max-snippet":"max-snippet:-1","max-image-preview":"max-image-preview:large","max-video-preview":"max-video-preview:-1"},"canonical":"https:\/\/focolares.es\/eu\/gizadi-bat-planeta-bat-lidergo-sinodala\/","og_locale":"en_US","og_type":"article","og_title":"Una Humanidad, un Planeta: Liderazgo Sinodal - FOCOLARES","og_description":"Iniciativa internacional que quiere tejer una red global de l\u00edderes dedicados a abordar los retos m\u00e1s urgentes de nuestro tiempo","og_url":"https:\/\/focolares.es\/eu\/gizadi-bat-planeta-bat-lidergo-sinodala\/","og_site_name":"Movimiento de los Focolares","article_published_time":"2025-04-02T20:21:12+00:00","article_modified_time":"2025-05-10T16:15:04+00:00","og_image":[{"width":901,"height":507,"url":"https:\/\/focolares.es\/wp-content\/uploads\/2025\/04\/DEST_LIderazgo_sinodal-2025.jpg","type":"image\/jpeg"}],"author":"Sonia","twitter_card":"summary_large_image","twitter_misc":{"Written by":"Sonia","Est. reading time":"1 minutua"},"schema":{"@context":"https:\/\/schema.org","@graph":[{"@type":"Article","@id":"https:\/\/focolares.es\/una-humanidad-un-planeta-liderazgo-sinodal\/#article","isPartOf":{"@id":"https:\/\/focolares.es\/una-humanidad-un-planeta-liderazgo-sinodal\/"},"author":{"name":"Sonia","@id":"https:\/\/focolares.es\/#\/schema\/person\/460a502493de84fa7b318667e9a5c289"},"headline":"Una Humanidad, un Planeta: Liderazgo Sinodal","datePublished":"2025-04-02T20:21:12+00:00","dateModified":"2025-05-10T16:15:04+00:00","mainEntityOfPage":{"@id":"https:\/\/focolares.es\/una-humanidad-un-planeta-liderazgo-sinodal\/"},"wordCount":145,"commentCount":0,"publisher":{"@id":"https:\/\/focolares.es\/#organization"},"image":{"@id":"https:\/\/focolares.es\/una-humanidad-un-planeta-liderazgo-sinodal\/#primaryimage"},"thumbnailUrl":"https:\/\/focolares.es\/wp-content\/uploads\/2025\/04\/DEST_LIderazgo_sinodal-2025.jpg","keywords":["Di\u00e1logo y fraternidad"],"articleSection":["Uncategorized"],"inLanguage":"eu","potentialAction":[{"@type":"CommentAction","name":"Comment","target":["https:\/\/focolares.es\/una-humanidad-un-planeta-liderazgo-sinodal\/#respond"]}]},{"@type":"WebPage","@id":"https:\/\/focolares.es\/una-humanidad-un-planeta-liderazgo-sinodal\/","url":"https:\/\/focolares.es\/una-humanidad-un-planeta-liderazgo-sinodal\/","name":"One Humanity, One Planet: Sinodal Leadership - FOCOLARES","isPartOf":{"@id":"https:\/\/focolares.es\/#website"},"primaryImageOfPage":{"@id":"https:\/\/focolares.es\/una-humanidad-un-planeta-liderazgo-sinodal\/#primaryimage"},"image":{"@id":"https:\/\/focolares.es\/una-humanidad-un-planeta-liderazgo-sinodal\/#primaryimage"},"thumbnailUrl":"https:\/\/focolares.es\/wp-content\/uploads\/2025\/04\/DEST_LIderazgo_sinodal-2025.jpg","datePublished":"2025-04-02T20:21:12+00:00","dateModified":"2025-05-10T16:15:04+00:00","description":"Gure garaiko erronka larrienei aurre egiteko lider-sare global bat eratu nahi duen nazioarteko ekimena.","breadcrumb":{"@id":"https:\/\/focolares.es\/una-humanidad-un-planeta-liderazgo-sinodal\/#breadcrumb"},"inLanguage":"eu","potentialAction":[{"@type":"ReadAction","target":["https:\/\/focolares.es\/una-humanidad-un-planeta-liderazgo-sinodal\/"]}]},{"@type":"ImageObject","inLanguage":"eu","@id":"https:\/\/focolares.es\/una-humanidad-un-planeta-liderazgo-sinodal\/#primaryimage","url":"https:\/\/focolares.es\/wp-content\/uploads\/2025\/04\/DEST_LIderazgo_sinodal-2025.jpg","contentUrl":"https:\/\/focolares.es\/wp-content\/uploads\/2025\/04\/DEST_LIderazgo_sinodal-2025.jpg","width":901,"height":507},{"@type":"BreadcrumbList","@id":"https:\/\/focolares.es\/una-humanidad-un-planeta-liderazgo-sinodal\/#breadcrumb","itemListElement":[{"@type":"ListItem","position":1,"name":"Portada","item":"https:\/\/focolares.es\/"},{"@type":"ListItem","position":2,"name":"Una Humanidad, un Planeta: Liderazgo Sinodal"}]},{"@type":"WebSite","@id":"https:\/\/focolares.es\/#website","url":"https:\/\/focolares.es\/","name":"Fokolareen Mugimenduaren","description":"","publisher":{"@id":"https:\/\/focolares.es\/#organization"},"potentialAction":[{"@type":"SearchAction","target":{"@type":"EntryPoint","urlTemplate":"https:\/\/focolares.es\/?s={search_term_string}"},"query-input":{"@type":"PropertyValueSpecification","valueRequired":true,"valueName":"search_term_string"}}],"inLanguage":"eu"},{"@type":"Organization","@id":"https:\/\/focolares.es\/#organization","name":"Fokolareen Mugimenduaren","url":"https:\/\/focolares.es\/","logo":{"@type":"ImageObject","inLanguage":"eu","@id":"https:\/\/focolares.es\/#\/schema\/logo\/image\/","url":"https:\/\/focolares.es\/wp-content\/uploads\/2024\/03\/Logo_focolares-1024x944-1.jpg","contentUrl":"https:\/\/focolares.es\/wp-content\/uploads\/2024\/03\/Logo_focolares-1024x944-1.jpg","width":1024,"height":944,"caption":"Movimiento de los Focolares"},"image":{"@id":"https:\/\/focolares.es\/#\/schema\/logo\/image\/"}},{"@type":"Person","@id":"https:\/\/focolares.es\/#\/schema\/person\/460a502493de84fa7b318667e9a5c289","name":"Sonia","image":{"@type":"ImageObject","inLanguage":"eu","@id":"https:\/\/focolares.es\/wp-content\/litespeed\/avatar\/cdad09e33a37c7312cdc76ceae4bbc88.jpg?ver=1777375640","url":"https:\/\/focolares.es\/wp-content\/litespeed\/avatar\/cdad09e33a37c7312cdc76ceae4bbc88.jpg?ver=1777375640","contentUrl":"https:\/\/focolares.es\/wp-content\/litespeed\/avatar\/cdad09e33a37c7312cdc76ceae4bbc88.jpg?ver=1777375640","caption":"Sonia"},"url":"https:\/\/focolares.es\/eu\/author\/sonia\/"}]}},"views":137,"_links":{"self":[{"href":"https:\/\/focolares.es\/eu\/wp-json\/wp\/v2\/posts\/15815","targetHints":{"allow":["GET"]}}],"collection":[{"href":"https:\/\/focolares.es\/eu\/wp-json\/wp\/v2\/posts"}],"about":[{"href":"https:\/\/focolares.es\/eu\/wp-json\/wp\/v2\/types\/post"}],"author":[{"embeddable":true,"href":"https:\/\/focolares.es\/eu\/wp-json\/wp\/v2\/users\/8"}],"replies":[{"embeddable":true,"href":"https:\/\/focolares.es\/eu\/wp-json\/wp\/v2\/comments?post=15815"}],"version-history":[{"count":6,"href":"https:\/\/focolares.es\/eu\/wp-json\/wp\/v2\/posts\/15815\/revisions"}],"predecessor-version":[{"id":16279,"href":"https:\/\/focolares.es\/eu\/wp-json\/wp\/v2\/posts\/15815\/revisions\/16279"}],"wp:featuredmedia":[{"embeddable":true,"href":"https:\/\/focolares.es\/eu\/wp-json\/wp\/v2\/media\/15816"}],"wp:attachment":[{"href":"https:\/\/focolares.es\/eu\/wp-json\/wp\/v2\/media?parent=15815"}],"wp:term":[{"taxonomy":"category","embeddable":true,"href":"https:\/\/focolares.es\/eu\/wp-json\/wp\/v2\/categories?post=15815"},{"taxonomy":"post_tag","embeddable":true,"href":"https:\/\/focolares.es\/eu\/wp-json\/wp\/v2\/tags?post=15815"}],"curies":[{"name":"wp","href":"https:\/\/api.w.org\/{rel}","templated":true}]}}