{"id":16979,"date":"2025-07-12T19:35:57","date_gmt":"2025-07-12T17:35:57","guid":{"rendered":"https:\/\/focolares.es\/?p=16979"},"modified":"2025-07-15T10:15:12","modified_gmt":"2025-07-15T08:15:12","slug":"jaiki-eta-ibili","status":"publish","type":"post","link":"https:\/\/focolares.es\/eu\/levantate-y-anda\/","title":{"rendered":"\"Lev\u00e1ntate y anda\" elkarteak 20 urte"},"content":{"rendered":"\n<h4 class=\"wp-block-heading\">Felicitaciones a la Asociaci\u00f3n Lev\u00e1ntate y Anda por el incansable esfuerzo de sus impulsores, que se ha traducido en ayuda concreta en sus m\u00faltiples proyectos en Costa de Marfil durante todos estos a\u00f1os.<\/h4>\n\n\n\n<div style=\"height:48px\" aria-hidden=\"true\" class=\"wp-block-spacer\"><\/div>\n\n\n\n<p>Este a\u00f1o, en el mes de marzo, la <a href=\"https:\/\/focolares.es\/cultura-y-sociedad\/#anda\">Asociaci\u00f3n Lev\u00e1ntate y Anda<\/a> ha celebrado 20 a\u00f1os de vida, contando con la inestimable presencia de Victor Kpan, que lleg\u00f3 desde Costa de Marfil.<\/p>\n\n\n\n<p>Veinte a\u00f1os de ilusi\u00f3n, esperanza, amor y esfuerzo que han generado gran cantidad de acciones que se muestran en el siguiente v\u00eddeo.<\/p>\n\n\n\n<figure class=\"wp-block-embed is-type-video is-provider-youtube wp-block-embed-youtube wp-embed-aspect-16-9 wp-has-aspect-ratio\"><div class=\"wp-block-embed__wrapper\">\n<iframe title=\"SEMBRANDO ESPERANZAS - CAMBIANDO VIDAS\" width=\"800\" height=\"450\" src=\"https:\/\/www.youtube.com\/embed\/o6Afri73ldo?feature=oembed\" frameborder=\"0\" allow=\"accelerometer; autoplay; clipboard-write; encrypted-media; gyroscope; picture-in-picture; web-share\" referrerpolicy=\"strict-origin-when-cross-origin\" allowfullscreen><\/iframe>\n<\/div><\/figure>\n\n\n\n<figure class=\"wp-block-image size-full is-resized\"><img fetchpriority=\"high\" decoding=\"async\" width=\"542\" height=\"500\" src=\"https:\/\/focolares.es\/wp-content\/uploads\/2024\/04\/comilla.png\" alt=\"\" class=\"wp-image-10409\" style=\"width:48px;height:auto\" srcset=\"https:\/\/focolares.es\/wp-content\/uploads\/2024\/04\/comilla.png 542w, https:\/\/focolares.es\/wp-content\/uploads\/2024\/04\/comilla-300x277.png 300w, https:\/\/focolares.es\/wp-content\/uploads\/2024\/04\/comilla-13x12.png 13w\" sizes=\"(max-width: 542px) 100vw, 542px\" \/><\/figure>\n\n\n\n<p>\u00abGracias al Ayuntamiento de Coslada, [&#8230;] por todo los proyectos realizados [&#8230;], por la biblioteca de la Universidad, que ha posibilitado el estudio [&#8230;]. <br>Gracias por el apoyo, por la ayuda a levantarnos y andar, por la siembra de esperanza por tantos lugares de Africa [&#8230;]<br><br>Cuando alguien est\u00e1 pensando en t\u00ed, se tienen m\u00e1s fuerzas para afrontar la vida dif\u00edcil, diaria, en \u00c1frica.\u00bb<\/p>\n\n\n\n<p><\/p>\n","protected":false},"excerpt":{"rendered":"<p>\"Lev\u00e1ntate y Anda\" Elkarteak 20 urte bete ditu Boli Kostan hainbat proiekturi laguntza zehatza ematen.<\/p>","protected":false},"author":8,"featured_media":17008,"comment_status":"open","ping_status":"closed","sticky":false,"template":"","format":"standard","meta":{"_price":"","_stock":"","_tribe_ticket_header":"","_tribe_default_ticket_provider":"","_tribe_ticket_capacity":"0","_ticket_start_date":"","_ticket_end_date":"","_tribe_ticket_show_description":"","_tribe_ticket_show_not_going":false,"_tribe_ticket_use_global_stock":"","_tribe_ticket_global_stock_level":"","_global_stock_mode":"","_global_stock_cap":"","_tribe_rsvp_for_event":"","_tribe_ticket_going_count":"","_tribe_ticket_not_going_count":"","_tribe_tickets_list":"[]","_tribe_ticket_has_attendee_info_fields":false,"footnotes":""},"categories":[1],"tags":[61,54],"class_list":["post-16979","post","type-post","status-publish","format-standard","has-post-thumbnail","hentry","category-uncategorized","tag-solidaridad","tag-testimonio"],"yoast_head":"<!-- This site is optimized with the Yoast SEO plugin v27.2 - https:\/\/yoast.com\/product\/yoast-seo-wordpress\/ -->\n<title>20 a\u00f1os de &quot;Lev\u00e1ntate y anda&quot; - Movimiento de los Focolares<\/title>\n<meta name=\"description\" content=\"La asociaci\u00f3n Lev\u00e1ntate y Anda ha celebrado sus 20 a\u00f1os de vida, en Coslada (Madrid), con la inestimable presencia de Victor Kpan.\" \/>\n<meta name=\"robots\" content=\"index, follow, max-snippet:-1, max-image-preview:large, max-video-preview:-1\" \/>\n<link rel=\"canonical\" href=\"https:\/\/focolares.es\/eu\/jaiki-eta-ibili\/\" \/>\n<meta property=\"og:locale\" content=\"en_US\" \/>\n<meta property=\"og:type\" content=\"article\" \/>\n<meta property=\"og:title\" content=\"20 a\u00f1os de &quot;Lev\u00e1ntate y anda&quot; - Movimiento de los Focolares\" \/>\n<meta property=\"og:description\" content=\"La asociaci\u00f3n Lev\u00e1ntate y Anda ha celebrado sus 20 a\u00f1os de vida, en Coslada (Madrid), con la inestimable presencia de Victor Kpan.\" \/>\n<meta property=\"og:url\" content=\"https:\/\/focolares.es\/eu\/jaiki-eta-ibili\/\" \/>\n<meta property=\"og:site_name\" content=\"Movimiento de los Focolares\" \/>\n<meta property=\"article:published_time\" content=\"2025-07-12T17:35:57+00:00\" \/>\n<meta property=\"article:modified_time\" content=\"2025-07-15T08:15:12+00:00\" \/>\n<meta property=\"og:image\" content=\"https:\/\/focolares.es\/wp-content\/uploads\/2025\/07\/Levantate-y-anda-web.jpg\" \/>\n\t<meta property=\"og:image:width\" content=\"1079\" \/>\n\t<meta property=\"og:image:height\" content=\"600\" \/>\n\t<meta property=\"og:image:type\" content=\"image\/jpeg\" \/>\n<meta name=\"author\" content=\"Sonia\" \/>\n<meta name=\"twitter:card\" content=\"summary_large_image\" \/>\n<meta name=\"twitter:label1\" content=\"Written by\" \/>\n\t<meta name=\"twitter:data1\" content=\"Sonia\" \/>\n\t<meta name=\"twitter:label2\" content=\"Est. reading time\" \/>\n\t<meta name=\"twitter:data2\" content=\"2 minutua\" \/>\n<script type=\"application\/ld+json\" class=\"yoast-schema-graph\">{\"@context\":\"https:\/\/schema.org\",\"@graph\":[{\"@type\":\"Article\",\"@id\":\"https:\/\/focolares.es\/levantate-y-anda\/#article\",\"isPartOf\":{\"@id\":\"https:\/\/focolares.es\/levantate-y-anda\/\"},\"author\":{\"name\":\"Sonia\",\"@id\":\"https:\/\/focolares.es\/#\/schema\/person\/460a502493de84fa7b318667e9a5c289\"},\"headline\":\"20 a\u00f1os de \u00abLev\u00e1ntate y anda\u00bb\",\"datePublished\":\"2025-07-12T17:35:57+00:00\",\"dateModified\":\"2025-07-15T08:15:12+00:00\",\"mainEntityOfPage\":{\"@id\":\"https:\/\/focolares.es\/levantate-y-anda\/\"},\"wordCount\":175,\"commentCount\":0,\"publisher\":{\"@id\":\"https:\/\/focolares.es\/#organization\"},\"image\":{\"@id\":\"https:\/\/focolares.es\/levantate-y-anda\/#primaryimage\"},\"thumbnailUrl\":\"https:\/\/focolares.es\/wp-content\/uploads\/2025\/07\/Levantate-y-anda-web.jpg\",\"keywords\":[\"Solidaridad\",\"Testimonio\"],\"articleSection\":[\"Uncategorized\"],\"inLanguage\":\"eu\",\"potentialAction\":[{\"@type\":\"CommentAction\",\"name\":\"Comment\",\"target\":[\"https:\/\/focolares.es\/levantate-y-anda\/#respond\"]}]},{\"@type\":\"WebPage\",\"@id\":\"https:\/\/focolares.es\/levantate-y-anda\/\",\"url\":\"https:\/\/focolares.es\/levantate-y-anda\/\",\"name\":\"20 a\u00f1os de \\\"Lev\u00e1ntate y anda\\\" - Movimiento de los Focolares\",\"isPartOf\":{\"@id\":\"https:\/\/focolares.es\/#website\"},\"primaryImageOfPage\":{\"@id\":\"https:\/\/focolares.es\/levantate-y-anda\/#primaryimage\"},\"image\":{\"@id\":\"https:\/\/focolares.es\/levantate-y-anda\/#primaryimage\"},\"thumbnailUrl\":\"https:\/\/focolares.es\/wp-content\/uploads\/2025\/07\/Levantate-y-anda-web.jpg\",\"datePublished\":\"2025-07-12T17:35:57+00:00\",\"dateModified\":\"2025-07-15T08:15:12+00:00\",\"description\":\"La asociaci\u00f3n Lev\u00e1ntate y Anda ha celebrado sus 20 a\u00f1os de vida, en Coslada (Madrid), con la inestimable presencia de Victor Kpan.\",\"breadcrumb\":{\"@id\":\"https:\/\/focolares.es\/levantate-y-anda\/#breadcrumb\"},\"inLanguage\":\"eu\",\"potentialAction\":[{\"@type\":\"ReadAction\",\"target\":[\"https:\/\/focolares.es\/levantate-y-anda\/\"]}]},{\"@type\":\"ImageObject\",\"inLanguage\":\"eu\",\"@id\":\"https:\/\/focolares.es\/levantate-y-anda\/#primaryimage\",\"url\":\"https:\/\/focolares.es\/wp-content\/uploads\/2025\/07\/Levantate-y-anda-web.jpg\",\"contentUrl\":\"https:\/\/focolares.es\/wp-content\/uploads\/2025\/07\/Levantate-y-anda-web.jpg\",\"width\":1079,\"height\":600},{\"@type\":\"BreadcrumbList\",\"@id\":\"https:\/\/focolares.es\/levantate-y-anda\/#breadcrumb\",\"itemListElement\":[{\"@type\":\"ListItem\",\"position\":1,\"name\":\"Portada\",\"item\":\"https:\/\/focolares.es\/\"},{\"@type\":\"ListItem\",\"position\":2,\"name\":\"20 a\u00f1os de \u00abLev\u00e1ntate y anda\u00bb\"}]},{\"@type\":\"WebSite\",\"@id\":\"https:\/\/focolares.es\/#website\",\"url\":\"https:\/\/focolares.es\/\",\"name\":\"Movimiento de los Focolares\",\"description\":\"\",\"publisher\":{\"@id\":\"https:\/\/focolares.es\/#organization\"},\"potentialAction\":[{\"@type\":\"SearchAction\",\"target\":{\"@type\":\"EntryPoint\",\"urlTemplate\":\"https:\/\/focolares.es\/?s={search_term_string}\"},\"query-input\":{\"@type\":\"PropertyValueSpecification\",\"valueRequired\":true,\"valueName\":\"search_term_string\"}}],\"inLanguage\":\"eu\"},{\"@type\":\"Organization\",\"@id\":\"https:\/\/focolares.es\/#organization\",\"name\":\"Movimiento de los Focolares\",\"url\":\"https:\/\/focolares.es\/\",\"logo\":{\"@type\":\"ImageObject\",\"inLanguage\":\"eu\",\"@id\":\"https:\/\/focolares.es\/#\/schema\/logo\/image\/\",\"url\":\"https:\/\/focolares.es\/wp-content\/uploads\/2024\/03\/Logo_focolares-1024x944-1.jpg\",\"contentUrl\":\"https:\/\/focolares.es\/wp-content\/uploads\/2024\/03\/Logo_focolares-1024x944-1.jpg\",\"width\":1024,\"height\":944,\"caption\":\"Movimiento de los Focolares\"},\"image\":{\"@id\":\"https:\/\/focolares.es\/#\/schema\/logo\/image\/\"}},{\"@type\":\"Person\",\"@id\":\"https:\/\/focolares.es\/#\/schema\/person\/460a502493de84fa7b318667e9a5c289\",\"name\":\"Sonia\",\"image\":{\"@type\":\"ImageObject\",\"inLanguage\":\"eu\",\"@id\":\"https:\/\/focolares.es\/wp-content\/litespeed\/avatar\/cdad09e33a37c7312cdc76ceae4bbc88.jpg?ver=1777375640\",\"url\":\"https:\/\/focolares.es\/wp-content\/litespeed\/avatar\/cdad09e33a37c7312cdc76ceae4bbc88.jpg?ver=1777375640\",\"contentUrl\":\"https:\/\/focolares.es\/wp-content\/litespeed\/avatar\/cdad09e33a37c7312cdc76ceae4bbc88.jpg?ver=1777375640\",\"caption\":\"Sonia\"},\"url\":\"https:\/\/focolares.es\/eu\/author\/sonia\/\"}]}<\/script>\n<!-- \/ Yoast SEO plugin. -->","yoast_head_json":{"title":"20 urte &quot;Zutik eta ibili&quot; - Fokolare Mugimendua","description":"Lev\u00e1ntate y Anda elkarteak bere 20. urteurrena ospatu zuen Madrilgo Cosladan, Victor Kpanen presentzia baliotsuarekin.","robots":{"index":"index","follow":"follow","max-snippet":"max-snippet:-1","max-image-preview":"max-image-preview:large","max-video-preview":"max-video-preview:-1"},"canonical":"https:\/\/focolares.es\/eu\/jaiki-eta-ibili\/","og_locale":"en_US","og_type":"article","og_title":"20 a\u00f1os de \"Lev\u00e1ntate y anda\" - Movimiento de los Focolares","og_description":"La asociaci\u00f3n Lev\u00e1ntate y Anda ha celebrado sus 20 a\u00f1os de vida, en Coslada (Madrid), con la inestimable presencia de Victor Kpan.","og_url":"https:\/\/focolares.es\/eu\/jaiki-eta-ibili\/","og_site_name":"Movimiento de los Focolares","article_published_time":"2025-07-12T17:35:57+00:00","article_modified_time":"2025-07-15T08:15:12+00:00","og_image":[{"width":1079,"height":600,"url":"https:\/\/focolares.es\/wp-content\/uploads\/2025\/07\/Levantate-y-anda-web.jpg","type":"image\/jpeg"}],"author":"Sonia","twitter_card":"summary_large_image","twitter_misc":{"Written by":"Sonia","Est. reading time":"2 minutua"},"schema":{"@context":"https:\/\/schema.org","@graph":[{"@type":"Article","@id":"https:\/\/focolares.es\/levantate-y-anda\/#article","isPartOf":{"@id":"https:\/\/focolares.es\/levantate-y-anda\/"},"author":{"name":"Sonia","@id":"https:\/\/focolares.es\/#\/schema\/person\/460a502493de84fa7b318667e9a5c289"},"headline":"20 a\u00f1os de \u00abLev\u00e1ntate y anda\u00bb","datePublished":"2025-07-12T17:35:57+00:00","dateModified":"2025-07-15T08:15:12+00:00","mainEntityOfPage":{"@id":"https:\/\/focolares.es\/levantate-y-anda\/"},"wordCount":175,"commentCount":0,"publisher":{"@id":"https:\/\/focolares.es\/#organization"},"image":{"@id":"https:\/\/focolares.es\/levantate-y-anda\/#primaryimage"},"thumbnailUrl":"https:\/\/focolares.es\/wp-content\/uploads\/2025\/07\/Levantate-y-anda-web.jpg","keywords":["Solidaridad","Testimonio"],"articleSection":["Uncategorized"],"inLanguage":"eu","potentialAction":[{"@type":"CommentAction","name":"Comment","target":["https:\/\/focolares.es\/levantate-y-anda\/#respond"]}]},{"@type":"WebPage","@id":"https:\/\/focolares.es\/levantate-y-anda\/","url":"https:\/\/focolares.es\/levantate-y-anda\/","name":"20 urte &quot;Zutik eta ibili&quot; - Fokolare Mugimendua","isPartOf":{"@id":"https:\/\/focolares.es\/#website"},"primaryImageOfPage":{"@id":"https:\/\/focolares.es\/levantate-y-anda\/#primaryimage"},"image":{"@id":"https:\/\/focolares.es\/levantate-y-anda\/#primaryimage"},"thumbnailUrl":"https:\/\/focolares.es\/wp-content\/uploads\/2025\/07\/Levantate-y-anda-web.jpg","datePublished":"2025-07-12T17:35:57+00:00","dateModified":"2025-07-15T08:15:12+00:00","description":"Lev\u00e1ntate y Anda elkarteak bere 20. urteurrena ospatu zuen Madrilgo Cosladan, Victor Kpanen presentzia baliotsuarekin.","breadcrumb":{"@id":"https:\/\/focolares.es\/levantate-y-anda\/#breadcrumb"},"inLanguage":"eu","potentialAction":[{"@type":"ReadAction","target":["https:\/\/focolares.es\/levantate-y-anda\/"]}]},{"@type":"ImageObject","inLanguage":"eu","@id":"https:\/\/focolares.es\/levantate-y-anda\/#primaryimage","url":"https:\/\/focolares.es\/wp-content\/uploads\/2025\/07\/Levantate-y-anda-web.jpg","contentUrl":"https:\/\/focolares.es\/wp-content\/uploads\/2025\/07\/Levantate-y-anda-web.jpg","width":1079,"height":600},{"@type":"BreadcrumbList","@id":"https:\/\/focolares.es\/levantate-y-anda\/#breadcrumb","itemListElement":[{"@type":"ListItem","position":1,"name":"Portada","item":"https:\/\/focolares.es\/"},{"@type":"ListItem","position":2,"name":"20 a\u00f1os de \u00abLev\u00e1ntate y anda\u00bb"}]},{"@type":"WebSite","@id":"https:\/\/focolares.es\/#website","url":"https:\/\/focolares.es\/","name":"Fokolareen Mugimenduaren","description":"","publisher":{"@id":"https:\/\/focolares.es\/#organization"},"potentialAction":[{"@type":"SearchAction","target":{"@type":"EntryPoint","urlTemplate":"https:\/\/focolares.es\/?s={search_term_string}"},"query-input":{"@type":"PropertyValueSpecification","valueRequired":true,"valueName":"search_term_string"}}],"inLanguage":"eu"},{"@type":"Organization","@id":"https:\/\/focolares.es\/#organization","name":"Fokolareen Mugimenduaren","url":"https:\/\/focolares.es\/","logo":{"@type":"ImageObject","inLanguage":"eu","@id":"https:\/\/focolares.es\/#\/schema\/logo\/image\/","url":"https:\/\/focolares.es\/wp-content\/uploads\/2024\/03\/Logo_focolares-1024x944-1.jpg","contentUrl":"https:\/\/focolares.es\/wp-content\/uploads\/2024\/03\/Logo_focolares-1024x944-1.jpg","width":1024,"height":944,"caption":"Movimiento de los Focolares"},"image":{"@id":"https:\/\/focolares.es\/#\/schema\/logo\/image\/"}},{"@type":"Person","@id":"https:\/\/focolares.es\/#\/schema\/person\/460a502493de84fa7b318667e9a5c289","name":"Sonia","image":{"@type":"ImageObject","inLanguage":"eu","@id":"https:\/\/focolares.es\/wp-content\/litespeed\/avatar\/cdad09e33a37c7312cdc76ceae4bbc88.jpg?ver=1777375640","url":"https:\/\/focolares.es\/wp-content\/litespeed\/avatar\/cdad09e33a37c7312cdc76ceae4bbc88.jpg?ver=1777375640","contentUrl":"https:\/\/focolares.es\/wp-content\/litespeed\/avatar\/cdad09e33a37c7312cdc76ceae4bbc88.jpg?ver=1777375640","caption":"Sonia"},"url":"https:\/\/focolares.es\/eu\/author\/sonia\/"}]}},"views":87,"_links":{"self":[{"href":"https:\/\/focolares.es\/eu\/wp-json\/wp\/v2\/posts\/16979","targetHints":{"allow":["GET"]}}],"collection":[{"href":"https:\/\/focolares.es\/eu\/wp-json\/wp\/v2\/posts"}],"about":[{"href":"https:\/\/focolares.es\/eu\/wp-json\/wp\/v2\/types\/post"}],"author":[{"embeddable":true,"href":"https:\/\/focolares.es\/eu\/wp-json\/wp\/v2\/users\/8"}],"replies":[{"embeddable":true,"href":"https:\/\/focolares.es\/eu\/wp-json\/wp\/v2\/comments?post=16979"}],"version-history":[{"count":58,"href":"https:\/\/focolares.es\/eu\/wp-json\/wp\/v2\/posts\/16979\/revisions"}],"predecessor-version":[{"id":17133,"href":"https:\/\/focolares.es\/eu\/wp-json\/wp\/v2\/posts\/16979\/revisions\/17133"}],"wp:featuredmedia":[{"embeddable":true,"href":"https:\/\/focolares.es\/eu\/wp-json\/wp\/v2\/media\/17008"}],"wp:attachment":[{"href":"https:\/\/focolares.es\/eu\/wp-json\/wp\/v2\/media?parent=16979"}],"wp:term":[{"taxonomy":"category","embeddable":true,"href":"https:\/\/focolares.es\/eu\/wp-json\/wp\/v2\/categories?post=16979"},{"taxonomy":"post_tag","embeddable":true,"href":"https:\/\/focolares.es\/eu\/wp-json\/wp\/v2\/tags?post=16979"}],"curies":[{"name":"wp","href":"https:\/\/api.w.org\/{rel}","templated":true}]}}