{"id":17138,"date":"2025-07-10T21:44:31","date_gmt":"2025-07-10T19:44:31","guid":{"rendered":"https:\/\/focolares.es\/?p=17138"},"modified":"2025-07-29T20:23:19","modified_gmt":"2025-07-29T18:23:19","slug":"uztailak-16-itxaropen-berria","status":"publish","type":"post","link":"https:\/\/focolares.es\/eu\/16-de-julio-nueva-esperanza\/","title":{"rendered":"Uztailak 16: itxaropen berria"},"content":{"rendered":"\n<h4 class=\"wp-block-heading\">Celebramos este mes el aniversario del Pacto de Unidad entre Chiara Lubich e Igino Giordani, cofundador del movimiento de los Focolares, que tuvo lugar el 16 de julio de 1949. Con motivo de la celebraci\u00f3n, Margaret Karram dirige un mensaje a todos los que forman parte del Movimiento de los Focolares en el mundo.<\/h4>\n\n\n\n<div style=\"height:74px\" aria-hidden=\"true\" class=\"wp-block-spacer\"><\/div>\n\n\n\n<p><em>Queridos todos:<\/em><\/p>\n\n\n\n<p><em>Tambi\u00e9n este a\u00f1o, el 16 de julio -aniversario del Pacto de Unidad entre Chiara e Igino Giordani (Foco)- transcurre en un tiempo en el que la humanidad est\u00e1 amenazada por una creciente violencia y desilusi\u00f3n. Hemos rezado mucho para que la paz pudiera llegar pronto, pero en muchos pa\u00edses todav\u00eda se sufre mucho por los conflictos en curso.<\/em><\/p>\n\n\n\n<p><em>Sin embargo, siento en el alma que este d\u00eda, tan significativo para el Movimiento, puede infundirnos una nueva esperanza. En aquel Pacto de 1949 se abri\u00f3 para Chiara la experiencia m\u00edstica del Para\u00edso, en la que Dios le mostr\u00f3 tambi\u00e9n la aportaci\u00f3n que la naciente Obra habr\u00eda podido ofrecer a la humanidad a trav\u00e9s de la espiritualidad de la unidad.<\/em><\/p>\n\n\n\n<p><em>Por eso siento en mi coraz\u00f3n que cada uno de nosotros tiene una gran responsabilidad: encarnar ese Pacto tan sublime en nuestra vida cotidiana, para as\u00ed \u00abtrazar sobre la multitud estelas de luz y, al mismo tiempo, compartir con el pr\u00f3jimo la injuria, el hambre, los golpes, las breves alegr\u00edas\u00bb<\/em><a id=\"_ftnref1\" href=\"#_ftn1\">[1]<\/a>.<\/p>\n\n\n\n<p><em>En el a\u00f1o en el que todav\u00eda estamos profundizando el tema de la proximidad y viviendo el Jubileo de la Esperanza, aprovechemos la ocasi\u00f3n para abrir de par en par las puertas de nuestro coraz\u00f3n a cada hermano y hermana para hacer crecer la comuni\u00f3n y reavivar nuestras comunidades.<\/em><\/p>\n\n\n\n<p><em>As\u00ed, nuestras relaciones como individuos, pero tambi\u00e9n como grupos, ser\u00e1n cada vez m\u00e1s el reflejo de esa invitaci\u00f3n del ap\u00f3stol Pablo a los romanos: \u00ab\u00c1mense cordialmente unos a otros; que cada cual estime a los otros m\u00e1s que a s\u00ed mismo\u00bb (cf. Rm 12,10).<\/em><\/p>\n\n\n\n<p>Y<em> precisamente as\u00ed realizaremos esa \u201cnada de amor\u201d que est\u00e1 a la base del Pacto. Estoy segura de que esto dar\u00e1 frutos de paz en nosotros, en la Obra y en el mundo.<\/em><\/p>\n\n\n\n<p><em>Ser\u00e1 la mejor preparaci\u00f3n para la Asamblea General del Movimiento de los Focolares, del pr\u00f3ximo mes de marzo de 2026, que nos ayudar\u00e1 a discernir los caminos a recorrer en el pr\u00f3ximo futuro.<\/em><\/p>\n\n\n\n<p><em>Mis mejores deseos para todos y \u00a1feliz d\u00eda del Pacto!<\/em><\/p>\n\n\n\n<p class=\"has-text-align-right\"><em>Margaret Karram<\/em><\/p>\n\n\n\n<hr>\n\n\n\n<p><a href=\"#_ftnref1\" id=\"_ftn1\">[1]<\/a> Chiara Lubich: <em>El atractivo de nuestro tiempo<\/em>. En <em>La doctrina espiritual<\/em>. Madrid: Ciudad Nueva, 2002<\/p>\n\n\n\n<p><a href=\"https:\/\/focolares.es\/wp-content\/uploads\/2025\/07\/PACTO_Karram-M-ES-c-2.pdf\" target=\"_blank\" rel=\"noreferrer noopener\">Descargar texto<\/a><\/p>\n\n\n\n<div style=\"height:47px\" aria-hidden=\"true\" class=\"wp-block-spacer\"><\/div>\n\n\n\n<figure class=\"wp-block-embed is-type-video is-provider-youtube wp-block-embed-youtube wp-embed-aspect-16-9 wp-has-aspect-ratio\"><div class=\"wp-block-embed__wrapper\">\n<iframe title=\"Un pacto planetario - 16 julio 1949\" width=\"800\" height=\"450\" src=\"https:\/\/www.youtube.com\/embed\/q8GicD7hfGM?feature=oembed\" frameborder=\"0\" allow=\"accelerometer; autoplay; clipboard-write; encrypted-media; gyroscope; picture-in-picture; web-share\" referrerpolicy=\"strict-origin-when-cross-origin\" allowfullscreen><\/iframe>\n<\/div><\/figure>\n","protected":false},"excerpt":{"rendered":"<p>1949ko uztailaren 16an Chiara Lubich-ek eta Igino Giordani-k, Fokolareen Mugimenduaren sortzaileetako batek, egindako Batasun Itunaren urteurrena ospatzen dugu.<\/p>","protected":false},"author":8,"featured_media":17146,"comment_status":"open","ping_status":"closed","sticky":false,"template":"","format":"standard","meta":{"_price":"","_stock":"","_tribe_ticket_header":"","_tribe_default_ticket_provider":"","_tribe_ticket_capacity":"0","_ticket_start_date":"","_ticket_end_date":"","_tribe_ticket_show_description":"","_tribe_ticket_show_not_going":false,"_tribe_ticket_use_global_stock":"","_tribe_ticket_global_stock_level":"","_global_stock_mode":"","_global_stock_cap":"","_tribe_rsvp_for_event":"","_tribe_ticket_going_count":"","_tribe_ticket_not_going_count":"","_tribe_tickets_list":"[]","_tribe_ticket_has_attendee_info_fields":false,"footnotes":""},"categories":[1],"tags":[42],"class_list":["post-17138","post","type-post","status-publish","format-standard","has-post-thumbnail","hentry","category-uncategorized","tag-comunicado"],"yoast_head":"<!-- This site is optimized with the Yoast SEO plugin v27.2 - https:\/\/yoast.com\/product\/yoast-seo-wordpress\/ -->\n<title>16 de julio: nueva esperanza - Movimiento de los Focolares<\/title>\n<meta name=\"description\" content=\"Aniversario del Pacto de Unidad entre Chiara Lubich e Igino Giordani, cofundador del movimiento de los Focolares - 16 de julio de 1949.\" \/>\n<meta name=\"robots\" content=\"index, follow, max-snippet:-1, max-image-preview:large, max-video-preview:-1\" \/>\n<link rel=\"canonical\" href=\"https:\/\/focolares.es\/eu\/uztailak-16-itxaropen-berria\/\" \/>\n<meta property=\"og:locale\" content=\"en_US\" \/>\n<meta property=\"og:type\" content=\"article\" \/>\n<meta property=\"og:title\" content=\"16 de julio: nueva esperanza - Movimiento de los Focolares\" \/>\n<meta property=\"og:description\" content=\"Aniversario del Pacto de Unidad entre Chiara Lubich e Igino Giordani, cofundador del movimiento de los Focolares - 16 de julio de 1949.\" \/>\n<meta property=\"og:url\" content=\"https:\/\/focolares.es\/eu\/uztailak-16-itxaropen-berria\/\" \/>\n<meta property=\"og:site_name\" content=\"Movimiento de los Focolares\" \/>\n<meta property=\"article:published_time\" content=\"2025-07-10T19:44:31+00:00\" \/>\n<meta property=\"article:modified_time\" content=\"2025-07-29T18:23:19+00:00\" \/>\n<meta property=\"og:image\" content=\"https:\/\/focolares.es\/wp-content\/uploads\/2025\/07\/DEST_img_pacto_2025.jpg\" \/>\n\t<meta property=\"og:image:width\" content=\"1678\" \/>\n\t<meta property=\"og:image:height\" content=\"944\" \/>\n\t<meta property=\"og:image:type\" content=\"image\/jpeg\" \/>\n<meta name=\"author\" content=\"Sonia\" \/>\n<meta name=\"twitter:card\" content=\"summary_large_image\" \/>\n<meta name=\"twitter:label1\" content=\"Written by\" \/>\n\t<meta name=\"twitter:data1\" content=\"Sonia\" \/>\n\t<meta name=\"twitter:label2\" content=\"Est. reading time\" \/>\n\t<meta name=\"twitter:data2\" content=\"3 minutua\" \/>\n<script type=\"application\/ld+json\" class=\"yoast-schema-graph\">{\"@context\":\"https:\/\/schema.org\",\"@graph\":[{\"@type\":\"Article\",\"@id\":\"https:\/\/focolares.es\/16-de-julio-nueva-esperanza\/#article\",\"isPartOf\":{\"@id\":\"https:\/\/focolares.es\/16-de-julio-nueva-esperanza\/\"},\"author\":{\"name\":\"Sonia\",\"@id\":\"https:\/\/focolares.es\/#\/schema\/person\/460a502493de84fa7b318667e9a5c289\"},\"headline\":\"16 de julio: nueva esperanza\",\"datePublished\":\"2025-07-10T19:44:31+00:00\",\"dateModified\":\"2025-07-29T18:23:19+00:00\",\"mainEntityOfPage\":{\"@id\":\"https:\/\/focolares.es\/16-de-julio-nueva-esperanza\/\"},\"wordCount\":450,\"commentCount\":0,\"publisher\":{\"@id\":\"https:\/\/focolares.es\/#organization\"},\"image\":{\"@id\":\"https:\/\/focolares.es\/16-de-julio-nueva-esperanza\/#primaryimage\"},\"thumbnailUrl\":\"https:\/\/focolares.es\/wp-content\/uploads\/2025\/07\/DEST_img_pacto_2025.jpg\",\"keywords\":[\"Comunicado\"],\"articleSection\":[\"Uncategorized\"],\"inLanguage\":\"eu\",\"potentialAction\":[{\"@type\":\"CommentAction\",\"name\":\"Comment\",\"target\":[\"https:\/\/focolares.es\/16-de-julio-nueva-esperanza\/#respond\"]}]},{\"@type\":\"WebPage\",\"@id\":\"https:\/\/focolares.es\/16-de-julio-nueva-esperanza\/\",\"url\":\"https:\/\/focolares.es\/16-de-julio-nueva-esperanza\/\",\"name\":\"16 de julio: nueva esperanza - Movimiento de los Focolares\",\"isPartOf\":{\"@id\":\"https:\/\/focolares.es\/#website\"},\"primaryImageOfPage\":{\"@id\":\"https:\/\/focolares.es\/16-de-julio-nueva-esperanza\/#primaryimage\"},\"image\":{\"@id\":\"https:\/\/focolares.es\/16-de-julio-nueva-esperanza\/#primaryimage\"},\"thumbnailUrl\":\"https:\/\/focolares.es\/wp-content\/uploads\/2025\/07\/DEST_img_pacto_2025.jpg\",\"datePublished\":\"2025-07-10T19:44:31+00:00\",\"dateModified\":\"2025-07-29T18:23:19+00:00\",\"description\":\"Aniversario del Pacto de Unidad entre Chiara Lubich e Igino Giordani, cofundador del movimiento de los Focolares - 16 de julio de 1949.\",\"breadcrumb\":{\"@id\":\"https:\/\/focolares.es\/16-de-julio-nueva-esperanza\/#breadcrumb\"},\"inLanguage\":\"eu\",\"potentialAction\":[{\"@type\":\"ReadAction\",\"target\":[\"https:\/\/focolares.es\/16-de-julio-nueva-esperanza\/\"]}]},{\"@type\":\"ImageObject\",\"inLanguage\":\"eu\",\"@id\":\"https:\/\/focolares.es\/16-de-julio-nueva-esperanza\/#primaryimage\",\"url\":\"https:\/\/focolares.es\/wp-content\/uploads\/2025\/07\/DEST_img_pacto_2025.jpg\",\"contentUrl\":\"https:\/\/focolares.es\/wp-content\/uploads\/2025\/07\/DEST_img_pacto_2025.jpg\",\"width\":1678,\"height\":944},{\"@type\":\"BreadcrumbList\",\"@id\":\"https:\/\/focolares.es\/16-de-julio-nueva-esperanza\/#breadcrumb\",\"itemListElement\":[{\"@type\":\"ListItem\",\"position\":1,\"name\":\"Portada\",\"item\":\"https:\/\/focolares.es\/\"},{\"@type\":\"ListItem\",\"position\":2,\"name\":\"16 de julio: nueva esperanza\"}]},{\"@type\":\"WebSite\",\"@id\":\"https:\/\/focolares.es\/#website\",\"url\":\"https:\/\/focolares.es\/\",\"name\":\"Movimiento de los Focolares\",\"description\":\"\",\"publisher\":{\"@id\":\"https:\/\/focolares.es\/#organization\"},\"potentialAction\":[{\"@type\":\"SearchAction\",\"target\":{\"@type\":\"EntryPoint\",\"urlTemplate\":\"https:\/\/focolares.es\/?s={search_term_string}\"},\"query-input\":{\"@type\":\"PropertyValueSpecification\",\"valueRequired\":true,\"valueName\":\"search_term_string\"}}],\"inLanguage\":\"eu\"},{\"@type\":\"Organization\",\"@id\":\"https:\/\/focolares.es\/#organization\",\"name\":\"Movimiento de los Focolares\",\"url\":\"https:\/\/focolares.es\/\",\"logo\":{\"@type\":\"ImageObject\",\"inLanguage\":\"eu\",\"@id\":\"https:\/\/focolares.es\/#\/schema\/logo\/image\/\",\"url\":\"https:\/\/focolares.es\/wp-content\/uploads\/2024\/03\/Logo_focolares-1024x944-1.jpg\",\"contentUrl\":\"https:\/\/focolares.es\/wp-content\/uploads\/2024\/03\/Logo_focolares-1024x944-1.jpg\",\"width\":1024,\"height\":944,\"caption\":\"Movimiento de los Focolares\"},\"image\":{\"@id\":\"https:\/\/focolares.es\/#\/schema\/logo\/image\/\"}},{\"@type\":\"Person\",\"@id\":\"https:\/\/focolares.es\/#\/schema\/person\/460a502493de84fa7b318667e9a5c289\",\"name\":\"Sonia\",\"image\":{\"@type\":\"ImageObject\",\"inLanguage\":\"eu\",\"@id\":\"https:\/\/focolares.es\/wp-content\/litespeed\/avatar\/cdad09e33a37c7312cdc76ceae4bbc88.jpg?ver=1777375640\",\"url\":\"https:\/\/focolares.es\/wp-content\/litespeed\/avatar\/cdad09e33a37c7312cdc76ceae4bbc88.jpg?ver=1777375640\",\"contentUrl\":\"https:\/\/focolares.es\/wp-content\/litespeed\/avatar\/cdad09e33a37c7312cdc76ceae4bbc88.jpg?ver=1777375640\",\"caption\":\"Sonia\"},\"url\":\"https:\/\/focolares.es\/eu\/author\/sonia\/\"}]}<\/script>\n<!-- \/ Yoast SEO plugin. -->","yoast_head_json":{"title":"Uztailak 16: Itxaropen Berria - Fokolare Mugimendua","description":"Chiara Lubich eta Igino Giordaniren, Fokolare Mugimenduko sortzailekidearen, arteko Batasun Itunaren urteurrena - 1949ko uztailaren 16a.","robots":{"index":"index","follow":"follow","max-snippet":"max-snippet:-1","max-image-preview":"max-image-preview:large","max-video-preview":"max-video-preview:-1"},"canonical":"https:\/\/focolares.es\/eu\/uztailak-16-itxaropen-berria\/","og_locale":"en_US","og_type":"article","og_title":"16 de julio: nueva esperanza - Movimiento de los Focolares","og_description":"Aniversario del Pacto de Unidad entre Chiara Lubich e Igino Giordani, cofundador del movimiento de los Focolares - 16 de julio de 1949.","og_url":"https:\/\/focolares.es\/eu\/uztailak-16-itxaropen-berria\/","og_site_name":"Movimiento de los Focolares","article_published_time":"2025-07-10T19:44:31+00:00","article_modified_time":"2025-07-29T18:23:19+00:00","og_image":[{"width":1678,"height":944,"url":"https:\/\/focolares.es\/wp-content\/uploads\/2025\/07\/DEST_img_pacto_2025.jpg","type":"image\/jpeg"}],"author":"Sonia","twitter_card":"summary_large_image","twitter_misc":{"Written by":"Sonia","Est. reading time":"3 minutua"},"schema":{"@context":"https:\/\/schema.org","@graph":[{"@type":"Article","@id":"https:\/\/focolares.es\/16-de-julio-nueva-esperanza\/#article","isPartOf":{"@id":"https:\/\/focolares.es\/16-de-julio-nueva-esperanza\/"},"author":{"name":"Sonia","@id":"https:\/\/focolares.es\/#\/schema\/person\/460a502493de84fa7b318667e9a5c289"},"headline":"16 de julio: nueva esperanza","datePublished":"2025-07-10T19:44:31+00:00","dateModified":"2025-07-29T18:23:19+00:00","mainEntityOfPage":{"@id":"https:\/\/focolares.es\/16-de-julio-nueva-esperanza\/"},"wordCount":450,"commentCount":0,"publisher":{"@id":"https:\/\/focolares.es\/#organization"},"image":{"@id":"https:\/\/focolares.es\/16-de-julio-nueva-esperanza\/#primaryimage"},"thumbnailUrl":"https:\/\/focolares.es\/wp-content\/uploads\/2025\/07\/DEST_img_pacto_2025.jpg","keywords":["Comunicado"],"articleSection":["Uncategorized"],"inLanguage":"eu","potentialAction":[{"@type":"CommentAction","name":"Comment","target":["https:\/\/focolares.es\/16-de-julio-nueva-esperanza\/#respond"]}]},{"@type":"WebPage","@id":"https:\/\/focolares.es\/16-de-julio-nueva-esperanza\/","url":"https:\/\/focolares.es\/16-de-julio-nueva-esperanza\/","name":"Uztailak 16: Itxaropen Berria - Fokolare Mugimendua","isPartOf":{"@id":"https:\/\/focolares.es\/#website"},"primaryImageOfPage":{"@id":"https:\/\/focolares.es\/16-de-julio-nueva-esperanza\/#primaryimage"},"image":{"@id":"https:\/\/focolares.es\/16-de-julio-nueva-esperanza\/#primaryimage"},"thumbnailUrl":"https:\/\/focolares.es\/wp-content\/uploads\/2025\/07\/DEST_img_pacto_2025.jpg","datePublished":"2025-07-10T19:44:31+00:00","dateModified":"2025-07-29T18:23:19+00:00","description":"Chiara Lubich eta Igino Giordaniren, Fokolare Mugimenduko sortzailekidearen, arteko Batasun Itunaren urteurrena - 1949ko uztailaren 16a.","breadcrumb":{"@id":"https:\/\/focolares.es\/16-de-julio-nueva-esperanza\/#breadcrumb"},"inLanguage":"eu","potentialAction":[{"@type":"ReadAction","target":["https:\/\/focolares.es\/16-de-julio-nueva-esperanza\/"]}]},{"@type":"ImageObject","inLanguage":"eu","@id":"https:\/\/focolares.es\/16-de-julio-nueva-esperanza\/#primaryimage","url":"https:\/\/focolares.es\/wp-content\/uploads\/2025\/07\/DEST_img_pacto_2025.jpg","contentUrl":"https:\/\/focolares.es\/wp-content\/uploads\/2025\/07\/DEST_img_pacto_2025.jpg","width":1678,"height":944},{"@type":"BreadcrumbList","@id":"https:\/\/focolares.es\/16-de-julio-nueva-esperanza\/#breadcrumb","itemListElement":[{"@type":"ListItem","position":1,"name":"Portada","item":"https:\/\/focolares.es\/"},{"@type":"ListItem","position":2,"name":"16 de julio: nueva esperanza"}]},{"@type":"WebSite","@id":"https:\/\/focolares.es\/#website","url":"https:\/\/focolares.es\/","name":"Fokolareen Mugimenduaren","description":"","publisher":{"@id":"https:\/\/focolares.es\/#organization"},"potentialAction":[{"@type":"SearchAction","target":{"@type":"EntryPoint","urlTemplate":"https:\/\/focolares.es\/?s={search_term_string}"},"query-input":{"@type":"PropertyValueSpecification","valueRequired":true,"valueName":"search_term_string"}}],"inLanguage":"eu"},{"@type":"Organization","@id":"https:\/\/focolares.es\/#organization","name":"Fokolareen Mugimenduaren","url":"https:\/\/focolares.es\/","logo":{"@type":"ImageObject","inLanguage":"eu","@id":"https:\/\/focolares.es\/#\/schema\/logo\/image\/","url":"https:\/\/focolares.es\/wp-content\/uploads\/2024\/03\/Logo_focolares-1024x944-1.jpg","contentUrl":"https:\/\/focolares.es\/wp-content\/uploads\/2024\/03\/Logo_focolares-1024x944-1.jpg","width":1024,"height":944,"caption":"Movimiento de los Focolares"},"image":{"@id":"https:\/\/focolares.es\/#\/schema\/logo\/image\/"}},{"@type":"Person","@id":"https:\/\/focolares.es\/#\/schema\/person\/460a502493de84fa7b318667e9a5c289","name":"Sonia","image":{"@type":"ImageObject","inLanguage":"eu","@id":"https:\/\/focolares.es\/wp-content\/litespeed\/avatar\/cdad09e33a37c7312cdc76ceae4bbc88.jpg?ver=1777375640","url":"https:\/\/focolares.es\/wp-content\/litespeed\/avatar\/cdad09e33a37c7312cdc76ceae4bbc88.jpg?ver=1777375640","contentUrl":"https:\/\/focolares.es\/wp-content\/litespeed\/avatar\/cdad09e33a37c7312cdc76ceae4bbc88.jpg?ver=1777375640","caption":"Sonia"},"url":"https:\/\/focolares.es\/eu\/author\/sonia\/"}]}},"views":113,"_links":{"self":[{"href":"https:\/\/focolares.es\/eu\/wp-json\/wp\/v2\/posts\/17138","targetHints":{"allow":["GET"]}}],"collection":[{"href":"https:\/\/focolares.es\/eu\/wp-json\/wp\/v2\/posts"}],"about":[{"href":"https:\/\/focolares.es\/eu\/wp-json\/wp\/v2\/types\/post"}],"author":[{"embeddable":true,"href":"https:\/\/focolares.es\/eu\/wp-json\/wp\/v2\/users\/8"}],"replies":[{"embeddable":true,"href":"https:\/\/focolares.es\/eu\/wp-json\/wp\/v2\/comments?post=17138"}],"version-history":[{"count":41,"href":"https:\/\/focolares.es\/eu\/wp-json\/wp\/v2\/posts\/17138\/revisions"}],"predecessor-version":[{"id":17197,"href":"https:\/\/focolares.es\/eu\/wp-json\/wp\/v2\/posts\/17138\/revisions\/17197"}],"wp:featuredmedia":[{"embeddable":true,"href":"https:\/\/focolares.es\/eu\/wp-json\/wp\/v2\/media\/17146"}],"wp:attachment":[{"href":"https:\/\/focolares.es\/eu\/wp-json\/wp\/v2\/media?parent=17138"}],"wp:term":[{"taxonomy":"category","embeddable":true,"href":"https:\/\/focolares.es\/eu\/wp-json\/wp\/v2\/categories?post=17138"},{"taxonomy":"post_tag","embeddable":true,"href":"https:\/\/focolares.es\/eu\/wp-json\/wp\/v2\/tags?post=17138"}],"curies":[{"name":"wp","href":"https:\/\/api.w.org\/{rel}","templated":true}]}}