{"id":17198,"date":"2025-07-24T19:13:04","date_gmt":"2025-07-24T17:13:04","guid":{"rendered":"https:\/\/focolares.es\/?p=17198"},"modified":"2025-11-24T22:57:32","modified_gmt":"2025-11-24T21:57:32","slug":"mariapolis-extremadura","status":"publish","type":"post","link":"https:\/\/focolares.es\/eu\/mariapolis-extremena\/","title":{"rendered":"Extremadurako Mariapolisa"},"content":{"rendered":"<h4 class=\"wp-block-heading\">Extremadurako Fokolareen komunitateek Mariapolis bat ospatuko dute urrian.<\/h4>\n\n\n\n<div style=\"height:41px\" aria-hidden=\"true\" class=\"wp-block-spacer\"><\/div>\n\n\n\n<p>Batasunaren espiritualtasuna besteei eskaintzeko gogoz, Extremadurako Fokolareen tokiko komunitateak elkartu dira eta Mariapoliseko esperientzia bizi nahi dutenak hartzeko dena prestatzen hasi dira.<\/p>\n\n\n\n<p>Urriaren 3tik 5era bitartean izango da Cabezuela del Vallen (C\u00e1ceres).<\/p>\n\n\n\n<p><em>Mariapolis<\/em> senidetasuna gizartea berritzeko bide gisa esperimentatzeko bizikidetza-gune bat izan nahi du, gaurko erronkei eta pertsona orok nahi duen zoriontasuna bilatzeari erantzuna emateko bide gisa. <\/p>\n\n\n\n<p>Helburua? Egun batzuetan zehar, gizarte-klase askotako, ideia desberdinetakoak, erlijio-sinesmen edo sinesmenik gabeko pertsonez osatutako hiri txiki bat eraikitzea; familiak, gazteak, haurrak\u2026 Hori guztia lege bakar baten pean, maitasunaren legearen pean, desberdintasun bakoitza gainditzera eramaten duena.<\/p>\n\n\n\n<div class=\"vimeovideo\" style=\"padding:56.25% 0 0 0;position:relative;margin-bottom:20px;\">\n    <iframe src=\"https:\/\/player.vimeo.com\/video\/1101935718?dnt=1&#038;\" style=\"position:absolute;top:0;left:0;width:100%;height:100%;\" frameborder=\"0\" allow=\"autoplay; fullscreen; picture-in-picture\" allowfullscreen><\/iframe>\n<\/div>\n<script src=\"https:\/\/player.vimeo.com\/api\/player.js\"><\/script>\n\n\n\n<p><a href=\"https:\/\/focolares.es\/eu\/agenda\/mariapolis-extremadura\/\" target=\"_blank\" rel=\"noreferrer noopener\">Informazio gehiago eta izen-ematea<\/a><em>.<\/em><\/p>\n\n\n\n<p><\/p>","protected":false},"excerpt":{"rendered":"<p>Extremadurako Fokolareen komunitateek Mariapolis bat ospatuko dute urrian.<\/p>","protected":false},"author":8,"featured_media":17011,"comment_status":"open","ping_status":"closed","sticky":false,"template":"","format":"standard","meta":{"_price":"","_stock":"","_tribe_ticket_header":"","_tribe_default_ticket_provider":"","_tribe_ticket_capacity":"0","_ticket_start_date":"","_ticket_end_date":"","_tribe_ticket_show_description":"","_tribe_ticket_show_not_going":false,"_tribe_ticket_use_global_stock":"","_tribe_ticket_global_stock_level":"","_global_stock_mode":"","_global_stock_cap":"","_tribe_rsvp_for_event":"","_tribe_ticket_going_count":"","_tribe_ticket_not_going_count":"","_tribe_tickets_list":"[]","_tribe_ticket_has_attendee_info_fields":false,"footnotes":""},"categories":[1],"tags":[40],"class_list":["post-17198","post","type-post","status-publish","format-standard","has-post-thumbnail","hentry","category-uncategorized","tag-dialogo-y-fraternidad"],"yoast_head":"<!-- This site is optimized with the Yoast SEO plugin v27.2 - https:\/\/yoast.com\/product\/yoast-seo-wordpress\/ -->\n<title>Mari\u00e1polis extreme\u00f1a - Movimiento de los Focolares<\/title>\n<meta name=\"description\" content=\"Las comunidades locales de los Focolares en Extremadura celebrar\u00e1n, del 3 al 5 de octubre en Cabezuela del Valle (C\u00e1ceres), una Mari\u00e1polis.\" \/>\n<meta name=\"robots\" content=\"index, follow, max-snippet:-1, max-image-preview:large, max-video-preview:-1\" \/>\n<link rel=\"canonical\" href=\"https:\/\/focolares.es\/eu\/mariapolis-extremadura\/\" \/>\n<meta property=\"og:locale\" content=\"en_US\" \/>\n<meta property=\"og:type\" content=\"article\" \/>\n<meta property=\"og:title\" content=\"Mari\u00e1polis extreme\u00f1a - Movimiento de los Focolares\" \/>\n<meta property=\"og:description\" content=\"Las comunidades locales de los Focolares en Extremadura celebrar\u00e1n, del 3 al 5 de octubre en Cabezuela del Valle (C\u00e1ceres), una Mari\u00e1polis.\" \/>\n<meta property=\"og:url\" content=\"https:\/\/focolares.es\/eu\/mariapolis-extremadura\/\" \/>\n<meta property=\"og:site_name\" content=\"Movimiento de los Focolares\" \/>\n<meta property=\"article:published_time\" content=\"2025-07-24T17:13:04+00:00\" \/>\n<meta property=\"article:modified_time\" content=\"2025-11-24T21:57:32+00:00\" \/>\n<meta property=\"og:image\" content=\"https:\/\/focolares.es\/wp-content\/uploads\/2025\/07\/San-Jose-Extremadura-e1754068349880.jpg\" \/>\n\t<meta property=\"og:image:width\" content=\"809\" \/>\n\t<meta property=\"og:image:height\" content=\"510\" \/>\n\t<meta property=\"og:image:type\" content=\"image\/jpeg\" \/>\n<meta name=\"author\" content=\"Sonia\" \/>\n<meta name=\"twitter:card\" content=\"summary_large_image\" \/>\n<meta name=\"twitter:label1\" content=\"Written by\" \/>\n\t<meta name=\"twitter:data1\" content=\"Sonia\" \/>\n\t<meta name=\"twitter:label2\" content=\"Est. reading time\" \/>\n\t<meta name=\"twitter:data2\" content=\"1 minutua\" \/>\n<script type=\"application\/ld+json\" class=\"yoast-schema-graph\">{\"@context\":\"https:\/\/schema.org\",\"@graph\":[{\"@type\":\"Article\",\"@id\":\"https:\/\/focolares.es\/mariapolis-extremena\/#article\",\"isPartOf\":{\"@id\":\"https:\/\/focolares.es\/mariapolis-extremena\/\"},\"author\":{\"name\":\"Sonia\",\"@id\":\"https:\/\/focolares.es\/#\/schema\/person\/460a502493de84fa7b318667e9a5c289\"},\"headline\":\"Mari\u00e1polis extreme\u00f1a\",\"datePublished\":\"2025-07-24T17:13:04+00:00\",\"dateModified\":\"2025-11-24T21:57:32+00:00\",\"mainEntityOfPage\":{\"@id\":\"https:\/\/focolares.es\/mariapolis-extremena\/\"},\"wordCount\":165,\"commentCount\":0,\"publisher\":{\"@id\":\"https:\/\/focolares.es\/#organization\"},\"image\":{\"@id\":\"https:\/\/focolares.es\/mariapolis-extremena\/#primaryimage\"},\"thumbnailUrl\":\"https:\/\/focolares.es\/wp-content\/uploads\/2025\/07\/San-Jose-Extremadura-e1754068349880.jpg\",\"keywords\":[\"Di\u00e1logo y fraternidad\"],\"articleSection\":[\"Uncategorized\"],\"inLanguage\":\"eu\",\"potentialAction\":[{\"@type\":\"CommentAction\",\"name\":\"Comment\",\"target\":[\"https:\/\/focolares.es\/mariapolis-extremena\/#respond\"]}]},{\"@type\":\"WebPage\",\"@id\":\"https:\/\/focolares.es\/mariapolis-extremena\/\",\"url\":\"https:\/\/focolares.es\/mariapolis-extremena\/\",\"name\":\"Mari\u00e1polis extreme\u00f1a - Movimiento de los Focolares\",\"isPartOf\":{\"@id\":\"https:\/\/focolares.es\/#website\"},\"primaryImageOfPage\":{\"@id\":\"https:\/\/focolares.es\/mariapolis-extremena\/#primaryimage\"},\"image\":{\"@id\":\"https:\/\/focolares.es\/mariapolis-extremena\/#primaryimage\"},\"thumbnailUrl\":\"https:\/\/focolares.es\/wp-content\/uploads\/2025\/07\/San-Jose-Extremadura-e1754068349880.jpg\",\"datePublished\":\"2025-07-24T17:13:04+00:00\",\"dateModified\":\"2025-11-24T21:57:32+00:00\",\"description\":\"Las comunidades locales de los Focolares en Extremadura celebrar\u00e1n, del 3 al 5 de octubre en Cabezuela del Valle (C\u00e1ceres), una Mari\u00e1polis.\",\"breadcrumb\":{\"@id\":\"https:\/\/focolares.es\/mariapolis-extremena\/#breadcrumb\"},\"inLanguage\":\"eu\",\"potentialAction\":[{\"@type\":\"ReadAction\",\"target\":[\"https:\/\/focolares.es\/mariapolis-extremena\/\"]}]},{\"@type\":\"ImageObject\",\"inLanguage\":\"eu\",\"@id\":\"https:\/\/focolares.es\/mariapolis-extremena\/#primaryimage\",\"url\":\"https:\/\/focolares.es\/wp-content\/uploads\/2025\/07\/San-Jose-Extremadura-e1754068349880.jpg\",\"contentUrl\":\"https:\/\/focolares.es\/wp-content\/uploads\/2025\/07\/San-Jose-Extremadura-e1754068349880.jpg\",\"width\":809,\"height\":510},{\"@type\":\"BreadcrumbList\",\"@id\":\"https:\/\/focolares.es\/mariapolis-extremena\/#breadcrumb\",\"itemListElement\":[{\"@type\":\"ListItem\",\"position\":1,\"name\":\"Portada\",\"item\":\"https:\/\/focolares.es\/\"},{\"@type\":\"ListItem\",\"position\":2,\"name\":\"Mari\u00e1polis extreme\u00f1a\"}]},{\"@type\":\"WebSite\",\"@id\":\"https:\/\/focolares.es\/#website\",\"url\":\"https:\/\/focolares.es\/\",\"name\":\"Movimiento de los Focolares\",\"description\":\"\",\"publisher\":{\"@id\":\"https:\/\/focolares.es\/#organization\"},\"potentialAction\":[{\"@type\":\"SearchAction\",\"target\":{\"@type\":\"EntryPoint\",\"urlTemplate\":\"https:\/\/focolares.es\/?s={search_term_string}\"},\"query-input\":{\"@type\":\"PropertyValueSpecification\",\"valueRequired\":true,\"valueName\":\"search_term_string\"}}],\"inLanguage\":\"eu\"},{\"@type\":\"Organization\",\"@id\":\"https:\/\/focolares.es\/#organization\",\"name\":\"Movimiento de los Focolares\",\"url\":\"https:\/\/focolares.es\/\",\"logo\":{\"@type\":\"ImageObject\",\"inLanguage\":\"eu\",\"@id\":\"https:\/\/focolares.es\/#\/schema\/logo\/image\/\",\"url\":\"https:\/\/focolares.es\/wp-content\/uploads\/2024\/03\/Logo_focolares-1024x944-1.jpg\",\"contentUrl\":\"https:\/\/focolares.es\/wp-content\/uploads\/2024\/03\/Logo_focolares-1024x944-1.jpg\",\"width\":1024,\"height\":944,\"caption\":\"Movimiento de los Focolares\"},\"image\":{\"@id\":\"https:\/\/focolares.es\/#\/schema\/logo\/image\/\"}},{\"@type\":\"Person\",\"@id\":\"https:\/\/focolares.es\/#\/schema\/person\/460a502493de84fa7b318667e9a5c289\",\"name\":\"Sonia\",\"image\":{\"@type\":\"ImageObject\",\"inLanguage\":\"eu\",\"@id\":\"https:\/\/focolares.es\/wp-content\/litespeed\/avatar\/cdad09e33a37c7312cdc76ceae4bbc88.jpg?ver=1777375640\",\"url\":\"https:\/\/focolares.es\/wp-content\/litespeed\/avatar\/cdad09e33a37c7312cdc76ceae4bbc88.jpg?ver=1777375640\",\"contentUrl\":\"https:\/\/focolares.es\/wp-content\/litespeed\/avatar\/cdad09e33a37c7312cdc76ceae4bbc88.jpg?ver=1777375640\",\"caption\":\"Sonia\"},\"url\":\"https:\/\/focolares.es\/eu\/author\/sonia\/\"}]}<\/script>\n<!-- \/ Yoast SEO plugin. -->","yoast_head_json":{"title":"Extremadurako Mariapolis - Fokolarien Mugimendua","description":"Extremadurako Focolaren tokiko komunitateek Mariapolis bat ospatuko dute urriaren 3tik 5era Cabezuela del Vallen (C\u00e1ceres).","robots":{"index":"index","follow":"follow","max-snippet":"max-snippet:-1","max-image-preview":"max-image-preview:large","max-video-preview":"max-video-preview:-1"},"canonical":"https:\/\/focolares.es\/eu\/mariapolis-extremadura\/","og_locale":"en_US","og_type":"article","og_title":"Mari\u00e1polis extreme\u00f1a - Movimiento de los Focolares","og_description":"Las comunidades locales de los Focolares en Extremadura celebrar\u00e1n, del 3 al 5 de octubre en Cabezuela del Valle (C\u00e1ceres), una Mari\u00e1polis.","og_url":"https:\/\/focolares.es\/eu\/mariapolis-extremadura\/","og_site_name":"Movimiento de los Focolares","article_published_time":"2025-07-24T17:13:04+00:00","article_modified_time":"2025-11-24T21:57:32+00:00","og_image":[{"width":809,"height":510,"url":"https:\/\/focolares.es\/wp-content\/uploads\/2025\/07\/San-Jose-Extremadura-e1754068349880.jpg","type":"image\/jpeg"}],"author":"Sonia","twitter_card":"summary_large_image","twitter_misc":{"Written by":"Sonia","Est. reading time":"1 minutua"},"schema":{"@context":"https:\/\/schema.org","@graph":[{"@type":"Article","@id":"https:\/\/focolares.es\/mariapolis-extremena\/#article","isPartOf":{"@id":"https:\/\/focolares.es\/mariapolis-extremena\/"},"author":{"name":"Sonia","@id":"https:\/\/focolares.es\/#\/schema\/person\/460a502493de84fa7b318667e9a5c289"},"headline":"Mari\u00e1polis extreme\u00f1a","datePublished":"2025-07-24T17:13:04+00:00","dateModified":"2025-11-24T21:57:32+00:00","mainEntityOfPage":{"@id":"https:\/\/focolares.es\/mariapolis-extremena\/"},"wordCount":165,"commentCount":0,"publisher":{"@id":"https:\/\/focolares.es\/#organization"},"image":{"@id":"https:\/\/focolares.es\/mariapolis-extremena\/#primaryimage"},"thumbnailUrl":"https:\/\/focolares.es\/wp-content\/uploads\/2025\/07\/San-Jose-Extremadura-e1754068349880.jpg","keywords":["Di\u00e1logo y fraternidad"],"articleSection":["Uncategorized"],"inLanguage":"eu","potentialAction":[{"@type":"CommentAction","name":"Comment","target":["https:\/\/focolares.es\/mariapolis-extremena\/#respond"]}]},{"@type":"WebPage","@id":"https:\/\/focolares.es\/mariapolis-extremena\/","url":"https:\/\/focolares.es\/mariapolis-extremena\/","name":"Extremadurako Mariapolis - Fokolarien Mugimendua","isPartOf":{"@id":"https:\/\/focolares.es\/#website"},"primaryImageOfPage":{"@id":"https:\/\/focolares.es\/mariapolis-extremena\/#primaryimage"},"image":{"@id":"https:\/\/focolares.es\/mariapolis-extremena\/#primaryimage"},"thumbnailUrl":"https:\/\/focolares.es\/wp-content\/uploads\/2025\/07\/San-Jose-Extremadura-e1754068349880.jpg","datePublished":"2025-07-24T17:13:04+00:00","dateModified":"2025-11-24T21:57:32+00:00","description":"Extremadurako Focolaren tokiko komunitateek Mariapolis bat ospatuko dute urriaren 3tik 5era Cabezuela del Vallen (C\u00e1ceres).","breadcrumb":{"@id":"https:\/\/focolares.es\/mariapolis-extremena\/#breadcrumb"},"inLanguage":"eu","potentialAction":[{"@type":"ReadAction","target":["https:\/\/focolares.es\/mariapolis-extremena\/"]}]},{"@type":"ImageObject","inLanguage":"eu","@id":"https:\/\/focolares.es\/mariapolis-extremena\/#primaryimage","url":"https:\/\/focolares.es\/wp-content\/uploads\/2025\/07\/San-Jose-Extremadura-e1754068349880.jpg","contentUrl":"https:\/\/focolares.es\/wp-content\/uploads\/2025\/07\/San-Jose-Extremadura-e1754068349880.jpg","width":809,"height":510},{"@type":"BreadcrumbList","@id":"https:\/\/focolares.es\/mariapolis-extremena\/#breadcrumb","itemListElement":[{"@type":"ListItem","position":1,"name":"Portada","item":"https:\/\/focolares.es\/"},{"@type":"ListItem","position":2,"name":"Mari\u00e1polis extreme\u00f1a"}]},{"@type":"WebSite","@id":"https:\/\/focolares.es\/#website","url":"https:\/\/focolares.es\/","name":"Fokolareen Mugimenduaren","description":"","publisher":{"@id":"https:\/\/focolares.es\/#organization"},"potentialAction":[{"@type":"SearchAction","target":{"@type":"EntryPoint","urlTemplate":"https:\/\/focolares.es\/?s={search_term_string}"},"query-input":{"@type":"PropertyValueSpecification","valueRequired":true,"valueName":"search_term_string"}}],"inLanguage":"eu"},{"@type":"Organization","@id":"https:\/\/focolares.es\/#organization","name":"Fokolareen Mugimenduaren","url":"https:\/\/focolares.es\/","logo":{"@type":"ImageObject","inLanguage":"eu","@id":"https:\/\/focolares.es\/#\/schema\/logo\/image\/","url":"https:\/\/focolares.es\/wp-content\/uploads\/2024\/03\/Logo_focolares-1024x944-1.jpg","contentUrl":"https:\/\/focolares.es\/wp-content\/uploads\/2024\/03\/Logo_focolares-1024x944-1.jpg","width":1024,"height":944,"caption":"Movimiento de los Focolares"},"image":{"@id":"https:\/\/focolares.es\/#\/schema\/logo\/image\/"}},{"@type":"Person","@id":"https:\/\/focolares.es\/#\/schema\/person\/460a502493de84fa7b318667e9a5c289","name":"Sonia","image":{"@type":"ImageObject","inLanguage":"eu","@id":"https:\/\/focolares.es\/wp-content\/litespeed\/avatar\/cdad09e33a37c7312cdc76ceae4bbc88.jpg?ver=1777375640","url":"https:\/\/focolares.es\/wp-content\/litespeed\/avatar\/cdad09e33a37c7312cdc76ceae4bbc88.jpg?ver=1777375640","contentUrl":"https:\/\/focolares.es\/wp-content\/litespeed\/avatar\/cdad09e33a37c7312cdc76ceae4bbc88.jpg?ver=1777375640","caption":"Sonia"},"url":"https:\/\/focolares.es\/eu\/author\/sonia\/"}]}},"views":309,"_links":{"self":[{"href":"https:\/\/focolares.es\/eu\/wp-json\/wp\/v2\/posts\/17198","targetHints":{"allow":["GET"]}}],"collection":[{"href":"https:\/\/focolares.es\/eu\/wp-json\/wp\/v2\/posts"}],"about":[{"href":"https:\/\/focolares.es\/eu\/wp-json\/wp\/v2\/types\/post"}],"author":[{"embeddable":true,"href":"https:\/\/focolares.es\/eu\/wp-json\/wp\/v2\/users\/8"}],"replies":[{"embeddable":true,"href":"https:\/\/focolares.es\/eu\/wp-json\/wp\/v2\/comments?post=17198"}],"version-history":[{"count":13,"href":"https:\/\/focolares.es\/eu\/wp-json\/wp\/v2\/posts\/17198\/revisions"}],"predecessor-version":[{"id":17215,"href":"https:\/\/focolares.es\/eu\/wp-json\/wp\/v2\/posts\/17198\/revisions\/17215"}],"wp:featuredmedia":[{"embeddable":true,"href":"https:\/\/focolares.es\/eu\/wp-json\/wp\/v2\/media\/17011"}],"wp:attachment":[{"href":"https:\/\/focolares.es\/eu\/wp-json\/wp\/v2\/media?parent=17198"}],"wp:term":[{"taxonomy":"category","embeddable":true,"href":"https:\/\/focolares.es\/eu\/wp-json\/wp\/v2\/categories?post=17198"},{"taxonomy":"post_tag","embeddable":true,"href":"https:\/\/focolares.es\/eu\/wp-json\/wp\/v2\/tags?post=17198"}],"curies":[{"name":"wp","href":"https:\/\/api.w.org\/{rel}","templated":true}]}}