{"id":17364,"date":"2025-09-19T08:06:00","date_gmt":"2025-09-19T06:06:00","guid":{"rendered":"https:\/\/focolares.es\/?p=17364"},"modified":"2025-09-16T20:31:32","modified_gmt":"2025-09-16T18:31:32","slug":"barkamena-eta-bakea","status":"publish","type":"post","link":"https:\/\/focolares.es\/eu\/perdon-y-paz\/","title":{"rendered":"Barkamena eta bakea"},"content":{"rendered":"<h4 class=\"wp-block-heading\">Jubileu urtean itxaropena ereiteko mahai-ingurua.<\/h4>\n\n\n\n<div style=\"height:40px\" aria-hidden=\"true\" class=\"wp-block-spacer\"><\/div>\n\n\n\n<p>Joan den maiatzaren 31n, Focolareen Mugimenduko Konbikzio ez Erlijiosoetako Pertsonekin Elkarrizketarako Zentroak mahai-inguru bat antolatu zuen, honako izenburupean:&nbsp;<em>\u00abBarkamena eta bakea: erabaki zailen ausardia\u00bb<\/em>.<\/p>\n\n\n\n<p>Zauri sakonek, gatazketak eta zatiketek markatutako mundu honetan, bilera honek hausnarketarako eta itxaropenerako espazio bat eskaini nahi izan zuen, batez ere Jubileuaren testuinguruan. Mahai-inguruan parte hartu zuten\u00a0<strong>Manolo Toribio<\/strong>historialariak,\u00a0<strong>Rodrigo Mardones<\/strong>zientzia politikoetan adituak eta testigantza emanez\u00a0<strong>Cristina Ala<\/strong>. Elkarrekin, gatazkaren, justizia eta adiskidetzearen arteko harreman konplexua aztertu zuten, bai begirada historiko batetik, bai egungo erronkei dagokionez.<\/p>\n\n\n\n<p>Begirada anitz eta konprometitu batetik, analisi historikoa integratu zuen ibilbidea eskaini zen: oinarri etiko eta instituzionalak eta bizipen pertsonala eta kolektiboa. Hori guztia helburu amankomun batekin: zubiak eraikitzea eta benetako bake-kultura sustatzea.<\/p>\n\n\n\n<p>Topaketaren helburu nagusietako bat, hain zuzen ere, sinesmen ezberdinetako pertsonen arteko elkarrizketa sustatzea izan zen, erlijiosoak izan ala ez, horrela elkarbizitza eta elkar ulertzea sendotuz. Hainbat herrialdetatik, eta online konexioan, pertsona ugarik parte hartu zuten. Madril bezalako hirietan, hainbat hiritatik etorritako talde batzuk aurrez aurre bildu ziren mahai-ingurua jarraitzeko eta elkarrizketa bizi eta aberasgarrian iritziak partekatzeko.<\/p>\n\n\n\n<p>Barkamenaren esperientziak, azpimarratu zen, ez du maila indibidualean bakarrik askatzen, dimentsio sozial eta kolektibo indartsua du: bake iturri eta askatasun osoago baterako bidea da.<\/p>\n\n\n\n<figure class=\"wp-block-embed is-type-video is-provider-youtube wp-block-embed-youtube wp-embed-aspect-16-9 wp-has-aspect-ratio\"><div class=\"wp-block-embed__wrapper\">\n<iframe title=\"BARKAMENA ETA BAKEA\" width=\"800\" height=\"450\" src=\"https:\/\/www.youtube.com\/embed\/F5zkU3b6H3o?start=46&#038;feature=oembed\" frameborder=\"0\" allow=\"accelerometer; autoplay; clipboard-write; encrypted-media; gyroscope; picture-in-picture; web-share\" referrerpolicy=\"strict-origin-when-cross-origin\" allowfullscreen><\/iframe>\n<\/div><\/figure>\n\n\n\n<p><\/p>","protected":false},"excerpt":{"rendered":"<p>Maiatzaren 31n, \"Barkamena eta Bakea: Erabaki zailen ausardia\" izeneko nazioarteko mahai-ingurua egin zen.<\/p>","protected":false},"author":1,"featured_media":16177,"comment_status":"open","ping_status":"closed","sticky":false,"template":"","format":"standard","meta":{"_price":"","_stock":"","_tribe_ticket_header":"","_tribe_default_ticket_provider":"","_tribe_ticket_capacity":"0","_ticket_start_date":"","_ticket_end_date":"","_tribe_ticket_show_description":"","_tribe_ticket_show_not_going":false,"_tribe_ticket_use_global_stock":"","_tribe_ticket_global_stock_level":"","_global_stock_mode":"","_global_stock_cap":"","_tribe_rsvp_for_event":"","_tribe_ticket_going_count":"","_tribe_ticket_not_going_count":"","_tribe_tickets_list":"[]","_tribe_ticket_has_attendee_info_fields":false,"footnotes":""},"categories":[1],"tags":[40,54],"class_list":["post-17364","post","type-post","status-publish","format-standard","has-post-thumbnail","hentry","category-uncategorized","tag-dialogo-y-fraternidad","tag-testimonio"],"yoast_head":"<!-- This site is optimized with the Yoast SEO plugin v27.2 - https:\/\/yoast.com\/product\/yoast-seo-wordpress\/ -->\n<title>Perd\u00f3n y paz - Movimiento de los Focolares<\/title>\n<meta name=\"description\" content=\"Mesa redonda internacional titulada &quot;Perd\u00f3n y Paz: El coraje de las decisiones dif\u00edciles&quot;, para sembrar esperanza en el a\u00f1o del Jubileo.\" \/>\n<meta name=\"robots\" content=\"index, follow, max-snippet:-1, max-image-preview:large, max-video-preview:-1\" \/>\n<link rel=\"canonical\" href=\"https:\/\/focolares.es\/eu\/barkamena-eta-bakea\/\" \/>\n<meta property=\"og:locale\" content=\"en_US\" \/>\n<meta property=\"og:type\" content=\"article\" \/>\n<meta property=\"og:title\" content=\"Perd\u00f3n y paz - Movimiento de los Focolares\" \/>\n<meta property=\"og:description\" content=\"Mesa redonda internacional titulada &quot;Perd\u00f3n y Paz: El coraje de las decisiones dif\u00edciles&quot;, para sembrar esperanza en el a\u00f1o del Jubileo.\" \/>\n<meta property=\"og:url\" content=\"https:\/\/focolares.es\/eu\/barkamena-eta-bakea\/\" \/>\n<meta property=\"og:site_name\" content=\"Movimiento de los Focolares\" \/>\n<meta property=\"article:published_time\" content=\"2025-09-19T06:06:00+00:00\" \/>\n<meta property=\"og:image\" content=\"https:\/\/focolares.es\/wp-content\/uploads\/2025\/05\/Perdon-y-paz-dest.jpg\" \/>\n\t<meta property=\"og:image:width\" content=\"900\" \/>\n\t<meta property=\"og:image:height\" content=\"506\" \/>\n\t<meta property=\"og:image:type\" content=\"image\/jpeg\" \/>\n<meta name=\"author\" content=\"admin\" \/>\n<meta name=\"twitter:card\" content=\"summary_large_image\" \/>\n<meta name=\"twitter:label1\" content=\"Written by\" \/>\n\t<meta name=\"twitter:data1\" content=\"admin\" \/>\n\t<meta name=\"twitter:label2\" content=\"Est. reading time\" \/>\n\t<meta name=\"twitter:data2\" content=\"2 minutua\" \/>\n<script type=\"application\/ld+json\" class=\"yoast-schema-graph\">{\"@context\":\"https:\/\/schema.org\",\"@graph\":[{\"@type\":\"Article\",\"@id\":\"https:\/\/focolares.es\/perdon-y-paz\/#article\",\"isPartOf\":{\"@id\":\"https:\/\/focolares.es\/perdon-y-paz\/\"},\"author\":{\"name\":\"admin\",\"@id\":\"https:\/\/focolares.es\/#\/schema\/person\/fdbf1cac3e3957f836bf607a31e7616d\"},\"headline\":\"Perd\u00f3n y paz\",\"datePublished\":\"2025-09-19T06:06:00+00:00\",\"mainEntityOfPage\":{\"@id\":\"https:\/\/focolares.es\/perdon-y-paz\/\"},\"wordCount\":304,\"commentCount\":0,\"publisher\":{\"@id\":\"https:\/\/focolares.es\/#organization\"},\"image\":{\"@id\":\"https:\/\/focolares.es\/perdon-y-paz\/#primaryimage\"},\"thumbnailUrl\":\"https:\/\/focolares.es\/wp-content\/uploads\/2025\/05\/Perdon-y-paz-dest.jpg\",\"keywords\":[\"Di\u00e1logo y fraternidad\",\"Testimonio\"],\"articleSection\":[\"Uncategorized\"],\"inLanguage\":\"eu\",\"potentialAction\":[{\"@type\":\"CommentAction\",\"name\":\"Comment\",\"target\":[\"https:\/\/focolares.es\/perdon-y-paz\/#respond\"]}]},{\"@type\":\"WebPage\",\"@id\":\"https:\/\/focolares.es\/perdon-y-paz\/\",\"url\":\"https:\/\/focolares.es\/perdon-y-paz\/\",\"name\":\"Perd\u00f3n y paz - Movimiento de los Focolares\",\"isPartOf\":{\"@id\":\"https:\/\/focolares.es\/#website\"},\"primaryImageOfPage\":{\"@id\":\"https:\/\/focolares.es\/perdon-y-paz\/#primaryimage\"},\"image\":{\"@id\":\"https:\/\/focolares.es\/perdon-y-paz\/#primaryimage\"},\"thumbnailUrl\":\"https:\/\/focolares.es\/wp-content\/uploads\/2025\/05\/Perdon-y-paz-dest.jpg\",\"datePublished\":\"2025-09-19T06:06:00+00:00\",\"description\":\"Mesa redonda internacional titulada \\\"Perd\u00f3n y Paz: El coraje de las decisiones dif\u00edciles\\\", para sembrar esperanza en el a\u00f1o del Jubileo.\",\"breadcrumb\":{\"@id\":\"https:\/\/focolares.es\/perdon-y-paz\/#breadcrumb\"},\"inLanguage\":\"eu\",\"potentialAction\":[{\"@type\":\"ReadAction\",\"target\":[\"https:\/\/focolares.es\/perdon-y-paz\/\"]}]},{\"@type\":\"ImageObject\",\"inLanguage\":\"eu\",\"@id\":\"https:\/\/focolares.es\/perdon-y-paz\/#primaryimage\",\"url\":\"https:\/\/focolares.es\/wp-content\/uploads\/2025\/05\/Perdon-y-paz-dest.jpg\",\"contentUrl\":\"https:\/\/focolares.es\/wp-content\/uploads\/2025\/05\/Perdon-y-paz-dest.jpg\",\"width\":900,\"height\":506},{\"@type\":\"BreadcrumbList\",\"@id\":\"https:\/\/focolares.es\/perdon-y-paz\/#breadcrumb\",\"itemListElement\":[{\"@type\":\"ListItem\",\"position\":1,\"name\":\"Portada\",\"item\":\"https:\/\/focolares.es\/\"},{\"@type\":\"ListItem\",\"position\":2,\"name\":\"Perd\u00f3n y paz\"}]},{\"@type\":\"WebSite\",\"@id\":\"https:\/\/focolares.es\/#website\",\"url\":\"https:\/\/focolares.es\/\",\"name\":\"Movimiento de los Focolares\",\"description\":\"\",\"publisher\":{\"@id\":\"https:\/\/focolares.es\/#organization\"},\"potentialAction\":[{\"@type\":\"SearchAction\",\"target\":{\"@type\":\"EntryPoint\",\"urlTemplate\":\"https:\/\/focolares.es\/?s={search_term_string}\"},\"query-input\":{\"@type\":\"PropertyValueSpecification\",\"valueRequired\":true,\"valueName\":\"search_term_string\"}}],\"inLanguage\":\"eu\"},{\"@type\":\"Organization\",\"@id\":\"https:\/\/focolares.es\/#organization\",\"name\":\"Movimiento de los Focolares\",\"url\":\"https:\/\/focolares.es\/\",\"logo\":{\"@type\":\"ImageObject\",\"inLanguage\":\"eu\",\"@id\":\"https:\/\/focolares.es\/#\/schema\/logo\/image\/\",\"url\":\"https:\/\/focolares.es\/wp-content\/uploads\/2024\/03\/Logo_focolares-1024x944-1.jpg\",\"contentUrl\":\"https:\/\/focolares.es\/wp-content\/uploads\/2024\/03\/Logo_focolares-1024x944-1.jpg\",\"width\":1024,\"height\":944,\"caption\":\"Movimiento de los Focolares\"},\"image\":{\"@id\":\"https:\/\/focolares.es\/#\/schema\/logo\/image\/\"}},{\"@type\":\"Person\",\"@id\":\"https:\/\/focolares.es\/#\/schema\/person\/fdbf1cac3e3957f836bf607a31e7616d\",\"name\":\"admin\",\"image\":{\"@type\":\"ImageObject\",\"inLanguage\":\"eu\",\"@id\":\"https:\/\/focolares.es\/wp-content\/litespeed\/avatar\/ba00c276ce0fa7863cda4038d70907a8.jpg?ver=1777380135\",\"url\":\"https:\/\/focolares.es\/wp-content\/litespeed\/avatar\/ba00c276ce0fa7863cda4038d70907a8.jpg?ver=1777380135\",\"contentUrl\":\"https:\/\/focolares.es\/wp-content\/litespeed\/avatar\/ba00c276ce0fa7863cda4038d70907a8.jpg?ver=1777380135\",\"caption\":\"admin\"},\"sameAs\":[\"https:\/\/focolares.es\"],\"url\":\"https:\/\/focolares.es\/eu\/author\/afesersl_mcjhk9wv\/\"}]}<\/script>\n<!-- \/ Yoast SEO plugin. -->","yoast_head_json":{"title":"Barkamena eta Bakea - Fokolare Mugimendua","description":"&quot;Barkamena eta Bakea: Erabaki Zailen Ausardia&quot; izeneko nazioarteko mahai-ingurua Jubileu Urtean itxaropena ereiteko.","robots":{"index":"index","follow":"follow","max-snippet":"max-snippet:-1","max-image-preview":"max-image-preview:large","max-video-preview":"max-video-preview:-1"},"canonical":"https:\/\/focolares.es\/eu\/barkamena-eta-bakea\/","og_locale":"en_US","og_type":"article","og_title":"Perd\u00f3n y paz - Movimiento de los Focolares","og_description":"Mesa redonda internacional titulada \"Perd\u00f3n y Paz: El coraje de las decisiones dif\u00edciles\", para sembrar esperanza en el a\u00f1o del Jubileo.","og_url":"https:\/\/focolares.es\/eu\/barkamena-eta-bakea\/","og_site_name":"Movimiento de los Focolares","article_published_time":"2025-09-19T06:06:00+00:00","og_image":[{"width":900,"height":506,"url":"https:\/\/focolares.es\/wp-content\/uploads\/2025\/05\/Perdon-y-paz-dest.jpg","type":"image\/jpeg"}],"author":"admin","twitter_card":"summary_large_image","twitter_misc":{"Written by":"admin","Est. reading time":"2 minutua"},"schema":{"@context":"https:\/\/schema.org","@graph":[{"@type":"Article","@id":"https:\/\/focolares.es\/perdon-y-paz\/#article","isPartOf":{"@id":"https:\/\/focolares.es\/perdon-y-paz\/"},"author":{"name":"admin","@id":"https:\/\/focolares.es\/#\/schema\/person\/fdbf1cac3e3957f836bf607a31e7616d"},"headline":"Perd\u00f3n y paz","datePublished":"2025-09-19T06:06:00+00:00","mainEntityOfPage":{"@id":"https:\/\/focolares.es\/perdon-y-paz\/"},"wordCount":304,"commentCount":0,"publisher":{"@id":"https:\/\/focolares.es\/#organization"},"image":{"@id":"https:\/\/focolares.es\/perdon-y-paz\/#primaryimage"},"thumbnailUrl":"https:\/\/focolares.es\/wp-content\/uploads\/2025\/05\/Perdon-y-paz-dest.jpg","keywords":["Di\u00e1logo y fraternidad","Testimonio"],"articleSection":["Uncategorized"],"inLanguage":"eu","potentialAction":[{"@type":"CommentAction","name":"Comment","target":["https:\/\/focolares.es\/perdon-y-paz\/#respond"]}]},{"@type":"WebPage","@id":"https:\/\/focolares.es\/perdon-y-paz\/","url":"https:\/\/focolares.es\/perdon-y-paz\/","name":"Barkamena eta Bakea - Fokolare Mugimendua","isPartOf":{"@id":"https:\/\/focolares.es\/#website"},"primaryImageOfPage":{"@id":"https:\/\/focolares.es\/perdon-y-paz\/#primaryimage"},"image":{"@id":"https:\/\/focolares.es\/perdon-y-paz\/#primaryimage"},"thumbnailUrl":"https:\/\/focolares.es\/wp-content\/uploads\/2025\/05\/Perdon-y-paz-dest.jpg","datePublished":"2025-09-19T06:06:00+00:00","description":"&quot;Barkamena eta Bakea: Erabaki Zailen Ausardia&quot; izeneko nazioarteko mahai-ingurua Jubileu Urtean itxaropena ereiteko.","breadcrumb":{"@id":"https:\/\/focolares.es\/perdon-y-paz\/#breadcrumb"},"inLanguage":"eu","potentialAction":[{"@type":"ReadAction","target":["https:\/\/focolares.es\/perdon-y-paz\/"]}]},{"@type":"ImageObject","inLanguage":"eu","@id":"https:\/\/focolares.es\/perdon-y-paz\/#primaryimage","url":"https:\/\/focolares.es\/wp-content\/uploads\/2025\/05\/Perdon-y-paz-dest.jpg","contentUrl":"https:\/\/focolares.es\/wp-content\/uploads\/2025\/05\/Perdon-y-paz-dest.jpg","width":900,"height":506},{"@type":"BreadcrumbList","@id":"https:\/\/focolares.es\/perdon-y-paz\/#breadcrumb","itemListElement":[{"@type":"ListItem","position":1,"name":"Portada","item":"https:\/\/focolares.es\/"},{"@type":"ListItem","position":2,"name":"Perd\u00f3n y paz"}]},{"@type":"WebSite","@id":"https:\/\/focolares.es\/#website","url":"https:\/\/focolares.es\/","name":"Fokolareen Mugimenduaren","description":"","publisher":{"@id":"https:\/\/focolares.es\/#organization"},"potentialAction":[{"@type":"SearchAction","target":{"@type":"EntryPoint","urlTemplate":"https:\/\/focolares.es\/?s={search_term_string}"},"query-input":{"@type":"PropertyValueSpecification","valueRequired":true,"valueName":"search_term_string"}}],"inLanguage":"eu"},{"@type":"Organization","@id":"https:\/\/focolares.es\/#organization","name":"Fokolareen Mugimenduaren","url":"https:\/\/focolares.es\/","logo":{"@type":"ImageObject","inLanguage":"eu","@id":"https:\/\/focolares.es\/#\/schema\/logo\/image\/","url":"https:\/\/focolares.es\/wp-content\/uploads\/2024\/03\/Logo_focolares-1024x944-1.jpg","contentUrl":"https:\/\/focolares.es\/wp-content\/uploads\/2024\/03\/Logo_focolares-1024x944-1.jpg","width":1024,"height":944,"caption":"Movimiento de los Focolares"},"image":{"@id":"https:\/\/focolares.es\/#\/schema\/logo\/image\/"}},{"@type":"Person","@id":"https:\/\/focolares.es\/#\/schema\/person\/fdbf1cac3e3957f836bf607a31e7616d","name":"admin","image":{"@type":"ImageObject","inLanguage":"eu","@id":"https:\/\/focolares.es\/wp-content\/litespeed\/avatar\/ba00c276ce0fa7863cda4038d70907a8.jpg?ver=1777380135","url":"https:\/\/focolares.es\/wp-content\/litespeed\/avatar\/ba00c276ce0fa7863cda4038d70907a8.jpg?ver=1777380135","contentUrl":"https:\/\/focolares.es\/wp-content\/litespeed\/avatar\/ba00c276ce0fa7863cda4038d70907a8.jpg?ver=1777380135","caption":"admin"},"sameAs":["https:\/\/focolares.es"],"url":"https:\/\/focolares.es\/eu\/author\/afesersl_mcjhk9wv\/"}]}},"views":138,"_links":{"self":[{"href":"https:\/\/focolares.es\/eu\/wp-json\/wp\/v2\/posts\/17364","targetHints":{"allow":["GET"]}}],"collection":[{"href":"https:\/\/focolares.es\/eu\/wp-json\/wp\/v2\/posts"}],"about":[{"href":"https:\/\/focolares.es\/eu\/wp-json\/wp\/v2\/types\/post"}],"author":[{"embeddable":true,"href":"https:\/\/focolares.es\/eu\/wp-json\/wp\/v2\/users\/1"}],"replies":[{"embeddable":true,"href":"https:\/\/focolares.es\/eu\/wp-json\/wp\/v2\/comments?post=17364"}],"version-history":[{"count":21,"href":"https:\/\/focolares.es\/eu\/wp-json\/wp\/v2\/posts\/17364\/revisions"}],"predecessor-version":[{"id":17673,"href":"https:\/\/focolares.es\/eu\/wp-json\/wp\/v2\/posts\/17364\/revisions\/17673"}],"wp:featuredmedia":[{"embeddable":true,"href":"https:\/\/focolares.es\/eu\/wp-json\/wp\/v2\/media\/16177"}],"wp:attachment":[{"href":"https:\/\/focolares.es\/eu\/wp-json\/wp\/v2\/media?parent=17364"}],"wp:term":[{"taxonomy":"category","embeddable":true,"href":"https:\/\/focolares.es\/eu\/wp-json\/wp\/v2\/categories?post=17364"},{"taxonomy":"post_tag","embeddable":true,"href":"https:\/\/focolares.es\/eu\/wp-json\/wp\/v2\/tags?post=17364"}],"curies":[{"name":"wp","href":"https:\/\/api.w.org\/{rel}","templated":true}]}}