{"id":18405,"date":"2025-11-28T19:58:12","date_gmt":"2025-11-28T18:58:12","guid":{"rendered":"https:\/\/focolares.es\/?p=18405"},"modified":"2025-11-28T20:04:03","modified_gmt":"2025-11-28T19:04:03","slug":"itxaropenaren-artisauak","status":"publish","type":"post","link":"https:\/\/focolares.es\/eu\/artesanos-de-esperanza\/","title":{"rendered":"Itxaropenaren artisauak"},"content":{"rendered":"<h4 class=\"wp-block-heading\">Azaroaren 8an eta 9an, parrokietan lan egiten dutenentzako topaketa bat egin zen Las Mataseko  Luminosa Mariapolis Zentroan. Jatorri eta adin desberdinetako hirurogeita hamar pertsona inguru bildu ziren \"eskuak zikintzeko\" eta elkarrekin itxaropenaren artisau izatea zer den ulertzeko.<\/h4>\n\n\n\n<div style=\"height:56px\" aria-hidden=\"true\" class=\"wp-block-spacer\"><\/div>\n\n\n\n<p>Hausnarketarako uneak itxaropena piztu eta bizia sortzen duten jarreretan zentratu ziren, guztiak ere berez Mariaren, itxaropenezko emakumearen irudiaren inguruan bilduak. Eliz mugimenduen eta parrokien arteko harremana ere argitu zen, baita batasunaren karismaren eta parrokiako bizitzaren arteko elkarlanak eman ditzakeen fruituak ere. Partekatutako testigantzek egunez egun eraikitako elkartasuna erakutsi zuten, erronken erdian fideltasunez: gehien sufritzen dutenekiko keinu konkretuen arrosario bat eta komunitate askori zirrara eragiten dien ekimen ugari.<\/p>\n\n\n\n<p>Elkarrizketak beste maila batera egin zuen jauzi Izpirituko elkarrizketa-esperientzia baten bidez, non sakonki entzuteak \u2014norberarena eta bestearena\u2014 gogoeta sakonagoak ireki baitzituen.<\/p>\n\n\n\n<figure class=\"wp-block-gallery has-nested-images columns-default is-cropped wp-block-gallery-1 is-layout-flex wp-block-gallery-is-layout-flex\">\n<figure class=\"wp-block-image size-large\"><img fetchpriority=\"high\" decoding=\"async\" width=\"900\" height=\"675\" data-id=\"18499\" src=\"https:\/\/focolares.es\/wp-content\/uploads\/2025\/11\/Compartiendo-900x600-1.jpg\" alt=\"\" class=\"wp-image-18499\" srcset=\"https:\/\/focolares.es\/wp-content\/uploads\/2025\/11\/Compartiendo-900x600-1.jpg 900w, https:\/\/focolares.es\/wp-content\/uploads\/2025\/11\/Compartiendo-900x600-1-300x225.jpg 300w, https:\/\/focolares.es\/wp-content\/uploads\/2025\/11\/Compartiendo-900x600-1-768x576.jpg 768w, https:\/\/focolares.es\/wp-content\/uploads\/2025\/11\/Compartiendo-900x600-1-16x12.jpg 16w\" sizes=\"(max-width: 900px) 100vw, 900px\" \/><\/figure>\n\n\n\n<figure class=\"wp-block-image size-large\"><img decoding=\"async\" width=\"900\" height=\"600\" data-id=\"18500\" src=\"https:\/\/focolares.es\/wp-content\/uploads\/2025\/11\/Velada-900x600-1.jpg\" alt=\"\" class=\"wp-image-18500\" srcset=\"https:\/\/focolares.es\/wp-content\/uploads\/2025\/11\/Velada-900x600-1.jpg 900w, https:\/\/focolares.es\/wp-content\/uploads\/2025\/11\/Velada-900x600-1-300x200.jpg 300w, https:\/\/focolares.es\/wp-content\/uploads\/2025\/11\/Velada-900x600-1-768x512.jpg 768w, https:\/\/focolares.es\/wp-content\/uploads\/2025\/11\/Velada-900x600-1-18x12.jpg 18w\" sizes=\"(max-width: 900px) 100vw, 900px\" \/><\/figure>\n<\/figure>\n\n\n\n<p>Otoitza, kantatua edo isiltasunean beratua, gogoak eta bihotzak zabaldu zituen legamia izan zen. Eta egunotan bizi izandako giroa izan zen seinalerik onena, han sustatu nahi izan zen komunioa, partekatutako errealitatea zela.<\/p>\n\n\n\n<p>Elkartzeko, berritzeko, argia emateko eta bultzada berria emateko egunak. <\/p>\n\n\n\n<p>Ez dezagun amaiera eman, jarraituko du baizik ...<\/p>\n\n\n\n<div style=\"height:64px\" aria-hidden=\"true\" class=\"wp-block-spacer\"><\/div>\n\n\n\n<p>Informazio gehiago:&nbsp;<a href=\"mailto:movimientoparroquial@focolares.org\"><strong>movimientoparroquial@focolares.org<\/strong><\/a><\/p>\n\n\n\n<figure class=\"wp-block-image size-full\"><img decoding=\"async\" width=\"892\" height=\"502\" src=\"https:\/\/focolares.es\/wp-content\/uploads\/2025\/11\/Artesanos-de-esperanza-2.jpg\" alt=\"\" class=\"wp-image-18407\" srcset=\"https:\/\/focolares.es\/wp-content\/uploads\/2025\/11\/Artesanos-de-esperanza-2.jpg 892w, https:\/\/focolares.es\/wp-content\/uploads\/2025\/11\/Artesanos-de-esperanza-2-300x169.jpg 300w, https:\/\/focolares.es\/wp-content\/uploads\/2025\/11\/Artesanos-de-esperanza-2-768x432.jpg 768w, https:\/\/focolares.es\/wp-content\/uploads\/2025\/11\/Artesanos-de-esperanza-2-18x10.jpg 18w\" sizes=\"(max-width: 892px) 100vw, 892px\" \/><\/figure>","protected":false},"excerpt":{"rendered":"<p>Parrokiei bizitza ematea, Elizan eta gizaterian \u201celkarte-esperantza\u201d izan daitezen.<\/p>","protected":false},"author":12,"featured_media":18504,"comment_status":"open","ping_status":"closed","sticky":false,"template":"","format":"standard","meta":{"_price":"","_stock":"","_tribe_ticket_header":"","_tribe_default_ticket_provider":"","_tribe_ticket_capacity":"0","_ticket_start_date":"","_ticket_end_date":"","_tribe_ticket_show_description":"","_tribe_ticket_show_not_going":false,"_tribe_ticket_use_global_stock":"","_tribe_ticket_global_stock_level":"","_global_stock_mode":"","_global_stock_cap":"","_tribe_rsvp_for_event":"","_tribe_ticket_going_count":"","_tribe_ticket_not_going_count":"","_tribe_tickets_list":"[]","_tribe_ticket_has_attendee_info_fields":false,"footnotes":""},"categories":[1],"tags":[40,47],"class_list":["post-18405","post","type-post","status-publish","format-standard","has-post-thumbnail","hentry","category-uncategorized","tag-dialogo-y-fraternidad","tag-iglesia"],"yoast_head":"<!-- This site is optimized with the Yoast SEO plugin v27.2 - https:\/\/yoast.com\/product\/yoast-seo-wordpress\/ -->\n<title>Artesanos de esperanza - Movimiento de los Focolares<\/title>\n<meta name=\"description\" content=\"Setenta agentes parroquiales se reunieron en el Centro Mari\u00e1polis Luminosa para vivir la comuni\u00f3n, la esperanza y descubrir c\u00f3mo ser artesanos de unidad.\" \/>\n<meta name=\"robots\" content=\"index, follow, max-snippet:-1, max-image-preview:large, max-video-preview:-1\" \/>\n<link rel=\"canonical\" href=\"https:\/\/focolares.es\/eu\/itxaropenaren-artisauak\/\" \/>\n<meta property=\"og:locale\" content=\"en_US\" \/>\n<meta property=\"og:type\" content=\"article\" \/>\n<meta property=\"og:title\" content=\"Artesanos de esperanza - Movimiento de los Focolares\" \/>\n<meta property=\"og:description\" content=\"Setenta agentes parroquiales se reunieron en el Centro Mari\u00e1polis Luminosa para vivir la comuni\u00f3n, la esperanza y descubrir c\u00f3mo ser artesanos de unidad.\" \/>\n<meta property=\"og:url\" content=\"https:\/\/focolares.es\/eu\/itxaropenaren-artisauak\/\" \/>\n<meta property=\"og:site_name\" content=\"Movimiento de los Focolares\" \/>\n<meta property=\"article:published_time\" content=\"2025-11-28T18:58:12+00:00\" \/>\n<meta property=\"article:modified_time\" content=\"2025-11-28T19:04:03+00:00\" \/>\n<meta property=\"og:image\" content=\"https:\/\/focolares.es\/wp-content\/uploads\/2025\/11\/Nube_palabras3.jpg\" \/>\n\t<meta property=\"og:image:width\" content=\"583\" \/>\n\t<meta property=\"og:image:height\" content=\"328\" \/>\n\t<meta property=\"og:image:type\" content=\"image\/jpeg\" \/>\n<meta name=\"author\" content=\"Arantza Ech\u00e1niz\" \/>\n<meta name=\"twitter:card\" content=\"summary_large_image\" \/>\n<meta name=\"twitter:label1\" content=\"Written by\" \/>\n\t<meta name=\"twitter:data1\" content=\"Arantza Ech\u00e1niz\" \/>\n\t<meta name=\"twitter:label2\" content=\"Est. reading time\" \/>\n\t<meta name=\"twitter:data2\" content=\"2 minutua\" \/>\n<script type=\"application\/ld+json\" class=\"yoast-schema-graph\">{\"@context\":\"https:\/\/schema.org\",\"@graph\":[{\"@type\":\"Article\",\"@id\":\"https:\/\/focolares.es\/artesanos-de-esperanza\/#article\",\"isPartOf\":{\"@id\":\"https:\/\/focolares.es\/artesanos-de-esperanza\/\"},\"author\":{\"name\":\"Arantza Ech\u00e1niz\",\"@id\":\"https:\/\/focolares.es\/#\/schema\/person\/408a88b3ec375e72bd669e45b0c95016\"},\"headline\":\"Artesanos de esperanza\",\"datePublished\":\"2025-11-28T18:58:12+00:00\",\"dateModified\":\"2025-11-28T19:04:03+00:00\",\"mainEntityOfPage\":{\"@id\":\"https:\/\/focolares.es\/artesanos-de-esperanza\/\"},\"wordCount\":269,\"commentCount\":0,\"publisher\":{\"@id\":\"https:\/\/focolares.es\/#organization\"},\"image\":{\"@id\":\"https:\/\/focolares.es\/artesanos-de-esperanza\/#primaryimage\"},\"thumbnailUrl\":\"https:\/\/focolares.es\/wp-content\/uploads\/2025\/11\/Nube_palabras3.jpg\",\"keywords\":[\"Di\u00e1logo y fraternidad\",\"Iglesia\"],\"articleSection\":[\"Uncategorized\"],\"inLanguage\":\"eu\",\"potentialAction\":[{\"@type\":\"CommentAction\",\"name\":\"Comment\",\"target\":[\"https:\/\/focolares.es\/artesanos-de-esperanza\/#respond\"]}]},{\"@type\":\"WebPage\",\"@id\":\"https:\/\/focolares.es\/artesanos-de-esperanza\/\",\"url\":\"https:\/\/focolares.es\/artesanos-de-esperanza\/\",\"name\":\"Artesanos de esperanza - Movimiento de los Focolares\",\"isPartOf\":{\"@id\":\"https:\/\/focolares.es\/#website\"},\"primaryImageOfPage\":{\"@id\":\"https:\/\/focolares.es\/artesanos-de-esperanza\/#primaryimage\"},\"image\":{\"@id\":\"https:\/\/focolares.es\/artesanos-de-esperanza\/#primaryimage\"},\"thumbnailUrl\":\"https:\/\/focolares.es\/wp-content\/uploads\/2025\/11\/Nube_palabras3.jpg\",\"datePublished\":\"2025-11-28T18:58:12+00:00\",\"dateModified\":\"2025-11-28T19:04:03+00:00\",\"description\":\"Setenta agentes parroquiales se reunieron en el Centro Mari\u00e1polis Luminosa para vivir la comuni\u00f3n, la esperanza y descubrir c\u00f3mo ser artesanos de unidad.\",\"breadcrumb\":{\"@id\":\"https:\/\/focolares.es\/artesanos-de-esperanza\/#breadcrumb\"},\"inLanguage\":\"eu\",\"potentialAction\":[{\"@type\":\"ReadAction\",\"target\":[\"https:\/\/focolares.es\/artesanos-de-esperanza\/\"]}]},{\"@type\":\"ImageObject\",\"inLanguage\":\"eu\",\"@id\":\"https:\/\/focolares.es\/artesanos-de-esperanza\/#primaryimage\",\"url\":\"https:\/\/focolares.es\/wp-content\/uploads\/2025\/11\/Nube_palabras3.jpg\",\"contentUrl\":\"https:\/\/focolares.es\/wp-content\/uploads\/2025\/11\/Nube_palabras3.jpg\",\"width\":583,\"height\":328},{\"@type\":\"BreadcrumbList\",\"@id\":\"https:\/\/focolares.es\/artesanos-de-esperanza\/#breadcrumb\",\"itemListElement\":[{\"@type\":\"ListItem\",\"position\":1,\"name\":\"Portada\",\"item\":\"https:\/\/focolares.es\/\"},{\"@type\":\"ListItem\",\"position\":2,\"name\":\"Artesanos de esperanza\"}]},{\"@type\":\"WebSite\",\"@id\":\"https:\/\/focolares.es\/#website\",\"url\":\"https:\/\/focolares.es\/\",\"name\":\"Movimiento de los Focolares\",\"description\":\"\",\"publisher\":{\"@id\":\"https:\/\/focolares.es\/#organization\"},\"potentialAction\":[{\"@type\":\"SearchAction\",\"target\":{\"@type\":\"EntryPoint\",\"urlTemplate\":\"https:\/\/focolares.es\/?s={search_term_string}\"},\"query-input\":{\"@type\":\"PropertyValueSpecification\",\"valueRequired\":true,\"valueName\":\"search_term_string\"}}],\"inLanguage\":\"eu\"},{\"@type\":\"Organization\",\"@id\":\"https:\/\/focolares.es\/#organization\",\"name\":\"Movimiento de los Focolares\",\"url\":\"https:\/\/focolares.es\/\",\"logo\":{\"@type\":\"ImageObject\",\"inLanguage\":\"eu\",\"@id\":\"https:\/\/focolares.es\/#\/schema\/logo\/image\/\",\"url\":\"https:\/\/focolares.es\/wp-content\/uploads\/2024\/03\/Logo_focolares-1024x944-1.jpg\",\"contentUrl\":\"https:\/\/focolares.es\/wp-content\/uploads\/2024\/03\/Logo_focolares-1024x944-1.jpg\",\"width\":1024,\"height\":944,\"caption\":\"Movimiento de los Focolares\"},\"image\":{\"@id\":\"https:\/\/focolares.es\/#\/schema\/logo\/image\/\"}},{\"@type\":\"Person\",\"@id\":\"https:\/\/focolares.es\/#\/schema\/person\/408a88b3ec375e72bd669e45b0c95016\",\"name\":\"Arantza Ech\u00e1niz\",\"image\":{\"@type\":\"ImageObject\",\"inLanguage\":\"eu\",\"@id\":\"https:\/\/focolares.es\/wp-content\/litespeed\/avatar\/93f247023d9e040113e796f0d8db508b.jpg?ver=1777464735\",\"url\":\"https:\/\/focolares.es\/wp-content\/litespeed\/avatar\/93f247023d9e040113e796f0d8db508b.jpg?ver=1777464735\",\"contentUrl\":\"https:\/\/focolares.es\/wp-content\/litespeed\/avatar\/93f247023d9e040113e796f0d8db508b.jpg?ver=1777464735\",\"caption\":\"Arantza Ech\u00e1niz\"},\"url\":\"https:\/\/focolares.es\/eu\/author\/arantza\/\"}]}<\/script>\n<!-- \/ Yoast SEO plugin. -->","yoast_head_json":{"title":"Itxaropenaren Artisauak - Fokolare Mugimendua","description":"Hirurogeita hamar parrokiako agente elkartu ziren Mariapolis Luminosa Zentroan batasuna, itxaropena bizitzeko eta batasunaren artisau izaten ikasteko.","robots":{"index":"index","follow":"follow","max-snippet":"max-snippet:-1","max-image-preview":"max-image-preview:large","max-video-preview":"max-video-preview:-1"},"canonical":"https:\/\/focolares.es\/eu\/itxaropenaren-artisauak\/","og_locale":"en_US","og_type":"article","og_title":"Artesanos de esperanza - Movimiento de los Focolares","og_description":"Setenta agentes parroquiales se reunieron en el Centro Mari\u00e1polis Luminosa para vivir la comuni\u00f3n, la esperanza y descubrir c\u00f3mo ser artesanos de unidad.","og_url":"https:\/\/focolares.es\/eu\/itxaropenaren-artisauak\/","og_site_name":"Movimiento de los Focolares","article_published_time":"2025-11-28T18:58:12+00:00","article_modified_time":"2025-11-28T19:04:03+00:00","og_image":[{"width":583,"height":328,"url":"https:\/\/focolares.es\/wp-content\/uploads\/2025\/11\/Nube_palabras3.jpg","type":"image\/jpeg"}],"author":"Arantza Ech\u00e1niz","twitter_card":"summary_large_image","twitter_misc":{"Written by":"Arantza Ech\u00e1niz","Est. reading time":"2 minutua"},"schema":{"@context":"https:\/\/schema.org","@graph":[{"@type":"Article","@id":"https:\/\/focolares.es\/artesanos-de-esperanza\/#article","isPartOf":{"@id":"https:\/\/focolares.es\/artesanos-de-esperanza\/"},"author":{"name":"Arantza Ech\u00e1niz","@id":"https:\/\/focolares.es\/#\/schema\/person\/408a88b3ec375e72bd669e45b0c95016"},"headline":"Artesanos de esperanza","datePublished":"2025-11-28T18:58:12+00:00","dateModified":"2025-11-28T19:04:03+00:00","mainEntityOfPage":{"@id":"https:\/\/focolares.es\/artesanos-de-esperanza\/"},"wordCount":269,"commentCount":0,"publisher":{"@id":"https:\/\/focolares.es\/#organization"},"image":{"@id":"https:\/\/focolares.es\/artesanos-de-esperanza\/#primaryimage"},"thumbnailUrl":"https:\/\/focolares.es\/wp-content\/uploads\/2025\/11\/Nube_palabras3.jpg","keywords":["Di\u00e1logo y fraternidad","Iglesia"],"articleSection":["Uncategorized"],"inLanguage":"eu","potentialAction":[{"@type":"CommentAction","name":"Comment","target":["https:\/\/focolares.es\/artesanos-de-esperanza\/#respond"]}]},{"@type":"WebPage","@id":"https:\/\/focolares.es\/artesanos-de-esperanza\/","url":"https:\/\/focolares.es\/artesanos-de-esperanza\/","name":"Itxaropenaren Artisauak - Fokolare Mugimendua","isPartOf":{"@id":"https:\/\/focolares.es\/#website"},"primaryImageOfPage":{"@id":"https:\/\/focolares.es\/artesanos-de-esperanza\/#primaryimage"},"image":{"@id":"https:\/\/focolares.es\/artesanos-de-esperanza\/#primaryimage"},"thumbnailUrl":"https:\/\/focolares.es\/wp-content\/uploads\/2025\/11\/Nube_palabras3.jpg","datePublished":"2025-11-28T18:58:12+00:00","dateModified":"2025-11-28T19:04:03+00:00","description":"Hirurogeita hamar parrokiako agente elkartu ziren Mariapolis Luminosa Zentroan batasuna, itxaropena bizitzeko eta batasunaren artisau izaten ikasteko.","breadcrumb":{"@id":"https:\/\/focolares.es\/artesanos-de-esperanza\/#breadcrumb"},"inLanguage":"eu","potentialAction":[{"@type":"ReadAction","target":["https:\/\/focolares.es\/artesanos-de-esperanza\/"]}]},{"@type":"ImageObject","inLanguage":"eu","@id":"https:\/\/focolares.es\/artesanos-de-esperanza\/#primaryimage","url":"https:\/\/focolares.es\/wp-content\/uploads\/2025\/11\/Nube_palabras3.jpg","contentUrl":"https:\/\/focolares.es\/wp-content\/uploads\/2025\/11\/Nube_palabras3.jpg","width":583,"height":328},{"@type":"BreadcrumbList","@id":"https:\/\/focolares.es\/artesanos-de-esperanza\/#breadcrumb","itemListElement":[{"@type":"ListItem","position":1,"name":"Portada","item":"https:\/\/focolares.es\/"},{"@type":"ListItem","position":2,"name":"Artesanos de esperanza"}]},{"@type":"WebSite","@id":"https:\/\/focolares.es\/#website","url":"https:\/\/focolares.es\/","name":"Fokolareen Mugimenduaren","description":"","publisher":{"@id":"https:\/\/focolares.es\/#organization"},"potentialAction":[{"@type":"SearchAction","target":{"@type":"EntryPoint","urlTemplate":"https:\/\/focolares.es\/?s={search_term_string}"},"query-input":{"@type":"PropertyValueSpecification","valueRequired":true,"valueName":"search_term_string"}}],"inLanguage":"eu"},{"@type":"Organization","@id":"https:\/\/focolares.es\/#organization","name":"Fokolareen Mugimenduaren","url":"https:\/\/focolares.es\/","logo":{"@type":"ImageObject","inLanguage":"eu","@id":"https:\/\/focolares.es\/#\/schema\/logo\/image\/","url":"https:\/\/focolares.es\/wp-content\/uploads\/2024\/03\/Logo_focolares-1024x944-1.jpg","contentUrl":"https:\/\/focolares.es\/wp-content\/uploads\/2024\/03\/Logo_focolares-1024x944-1.jpg","width":1024,"height":944,"caption":"Movimiento de los Focolares"},"image":{"@id":"https:\/\/focolares.es\/#\/schema\/logo\/image\/"}},{"@type":"Person","@id":"https:\/\/focolares.es\/#\/schema\/person\/408a88b3ec375e72bd669e45b0c95016","name":"Arantza Ech\u00e1niz","image":{"@type":"ImageObject","inLanguage":"eu","@id":"https:\/\/focolares.es\/wp-content\/litespeed\/avatar\/93f247023d9e040113e796f0d8db508b.jpg?ver=1777464735","url":"https:\/\/focolares.es\/wp-content\/litespeed\/avatar\/93f247023d9e040113e796f0d8db508b.jpg?ver=1777464735","contentUrl":"https:\/\/focolares.es\/wp-content\/litespeed\/avatar\/93f247023d9e040113e796f0d8db508b.jpg?ver=1777464735","caption":"Arantza Ech\u00e1niz"},"url":"https:\/\/focolares.es\/eu\/author\/arantza\/"}]}},"views":131,"_links":{"self":[{"href":"https:\/\/focolares.es\/eu\/wp-json\/wp\/v2\/posts\/18405","targetHints":{"allow":["GET"]}}],"collection":[{"href":"https:\/\/focolares.es\/eu\/wp-json\/wp\/v2\/posts"}],"about":[{"href":"https:\/\/focolares.es\/eu\/wp-json\/wp\/v2\/types\/post"}],"author":[{"embeddable":true,"href":"https:\/\/focolares.es\/eu\/wp-json\/wp\/v2\/users\/12"}],"replies":[{"embeddable":true,"href":"https:\/\/focolares.es\/eu\/wp-json\/wp\/v2\/comments?post=18405"}],"version-history":[{"count":8,"href":"https:\/\/focolares.es\/eu\/wp-json\/wp\/v2\/posts\/18405\/revisions"}],"predecessor-version":[{"id":18503,"href":"https:\/\/focolares.es\/eu\/wp-json\/wp\/v2\/posts\/18405\/revisions\/18503"}],"wp:featuredmedia":[{"embeddable":true,"href":"https:\/\/focolares.es\/eu\/wp-json\/wp\/v2\/media\/18504"}],"wp:attachment":[{"href":"https:\/\/focolares.es\/eu\/wp-json\/wp\/v2\/media?parent=18405"}],"wp:term":[{"taxonomy":"category","embeddable":true,"href":"https:\/\/focolares.es\/eu\/wp-json\/wp\/v2\/categories?post=18405"},{"taxonomy":"post_tag","embeddable":true,"href":"https:\/\/focolares.es\/eu\/wp-json\/wp\/v2\/tags?post=18405"}],"curies":[{"name":"wp","href":"https:\/\/api.w.org\/{rel}","templated":true}]}}