{"id":19360,"date":"2026-04-27T18:09:05","date_gmt":"2026-04-27T16:09:05","guid":{"rendered":"https:\/\/focolares.es\/?p=19360"},"modified":"2026-04-27T18:09:07","modified_gmt":"2026-04-27T16:09:07","slug":"teologia-bizitza-eta-kultura-bihurtzen-denean","status":"publish","type":"post","link":"https:\/\/focolares.es\/eu\/cuando-la-teologia-se-hace-vida-y-cultura\/","title":{"rendered":"Teologia bizitza eta kultura bihurtzen denean"},"content":{"rendered":"<h4 class=\"wp-block-heading\">Espekulazio abstraktu gisa ikusteaz gain, Trinitate Ontologiak gizarte-zatikatzea, esanahiaren krisia eta erlijioen arteko elkarrizketa bezalako egungo erronkei aurre egiten lagundu nahi die. Diziplina emergente honek proposatzen du &quot;Izatea&quot; ez dela bakartia, funtsean harremanezkoa den maitasun trinitarioa baizik, filosofia, teologia eta eguneroko bizitza ulertzeko esparru berri bat eskainiz.<\/h4>\n\n\n\n<div style=\"height:40px\" aria-hidden=\"true\" class=\"wp-block-spacer\"><\/div>\n\n\n\n<p>Ontologia Trinitarioa Chiara Lubichen intuizioan kokatzen da eta akademikoki garatu dute Piero Coda eta Klaus Hemmerle bezalako teologo eta filosofoek. Honek, Klaus Hemmerlek, eman zion bultzada definitiboa eta identitate-eratzailea 1976an, bere idazkiko 9. tesian formula esplizituki sartuz \u00abpentsamendu berri\u00bb baten sorrera profilatzeko. <\/p>\n\n\n\n<p>Gakoa Jainkoaren eta gizakiaren ikuspegi estatikoa gainditzean datza. Jainkoa Hirutasuna baldin bada -betiereko harremana-, orduan sortutako errealitate osoak darama erlaziotasunaren marka. <\/p>\n\n\n\n<p>Diziplina honen alderdi berritzaile bat da ez dela teologia soilik \u2014Jainkoaren azterketa\u2014 ezta filosofia soilik \u2014izatearen azterketa\u2014, baizik eta biek elkar aberasten duten \u00abhirugarren espazio\u00bb bat. Espainian egindako mintegietako baten izenburuak oso ondo ilustratzen du hori: \u00abMaitasun trinitarioak filosofia eta teologia aberasten ditu\u00bb.<\/p>\n\n\n\n<p>Gure herrialdean, Ciudad Nueva argitaletxeak antolatutako bost mintegi egin dira dagoeneko, hainbat aditu espainiar eta latinoamerikarrek parte hartuz, baita Italiako Loppianoko Sophia Unibertsitate Institutuko irakasle batzuek ere.<\/p>\n\n\n\n<figure class=\"wp-block-image size-full\"><img fetchpriority=\"high\" decoding=\"async\" width=\"1024\" height=\"683\" src=\"https:\/\/focolares.es\/wp-content\/uploads\/2026\/04\/Granada-1-1024x683-1.jpg\" alt=\"\" class=\"wp-image-19362\" srcset=\"https:\/\/focolares.es\/wp-content\/uploads\/2026\/04\/Granada-1-1024x683-1.jpg 1024w, https:\/\/focolares.es\/wp-content\/uploads\/2026\/04\/Granada-1-1024x683-1-300x200.jpg 300w, https:\/\/focolares.es\/wp-content\/uploads\/2026\/04\/Granada-1-1024x683-1-768x512.jpg 768w, https:\/\/focolares.es\/wp-content\/uploads\/2026\/04\/Granada-1-1024x683-1-18x12.jpg 18w\" sizes=\"(max-width: 1024px) 100vw, 1024px\" \/><\/figure>\n\n\n\n<p>Azken mintegia Granadan egin zen joan den urrian, hiri horretako Fokolareen Mugimenduko komunitateak antolatuta, eta komunitate horrek ere lagundu zuen liburu honen lehen liburukiaren aurkezpenean: <a href=\"https:\/\/www.ciudadnueva.com\/libro\/manifiesto-para-una-reforma-del-pensar\" target=\"_blank\" rel=\"noreferrer noopener\"><em>Diccionario Din\u00e1mico de Ontolog\u00eda Trinitaria<\/em>.<\/a> Antolatzaileetako batek adierazi zuen bezala, \"komunitateko une bat izan zen, familiakoa, harreman trinitario hauek praktikan jartzeko leku pribilegiatua\". <\/p>\n\n\n\n<p>Izan ere, Ontologia Trinitarioa leku batean praktikatuz ikasten da, ikasteko eta ikertzeko gela batean, pentsamendu-laborategia baita, eta, aldi berean, bizitza eta maitasuna entrenatzeko esparrua. <br>Hau da, tailer honetan, guztiak dira aktore eta protagonista; bidean, bata bestearen arduradun, elkarrekikotasunez.<\/p>\n\n\n\n<p><\/p>","protected":false},"excerpt":{"rendered":"<p>Ontologia Trinitarioak errealitatearen ikuspegi erlazionala proposatzen du.<\/p>","protected":false},"author":1,"featured_media":19379,"comment_status":"open","ping_status":"closed","sticky":false,"template":"","format":"standard","meta":{"_price":"","_stock":"","_tribe_ticket_header":"","_tribe_default_ticket_provider":"","_tribe_ticket_capacity":"0","_ticket_start_date":"","_ticket_end_date":"","_tribe_ticket_show_description":"","_tribe_ticket_show_not_going":false,"_tribe_ticket_use_global_stock":"","_tribe_ticket_global_stock_level":"","_global_stock_mode":"","_global_stock_cap":"","_tribe_rsvp_for_event":"","_tribe_ticket_going_count":"","_tribe_ticket_not_going_count":"","_tribe_tickets_list":"[]","_tribe_ticket_has_attendee_info_fields":false,"footnotes":""},"categories":[1],"tags":[52],"class_list":["post-19360","post","type-post","status-publish","format-standard","has-post-thumbnail","hentry","category-uncategorized","tag-ciencia-humanidades-y-pensamiento"],"yoast_head":"<!-- This site is optimized with the Yoast SEO plugin v27.2 - https:\/\/yoast.com\/product\/yoast-seo-wordpress\/ -->\n<title>Cuando la teolog\u00eda se hace vida y cultura - Movimiento de los Focolares<\/title>\n<meta name=\"description\" content=\"La Ontolog\u00eda Trinitaria contribuye a dar respuesta a retos contempor\u00e1neos como la fragmentaci\u00f3n social, la crisis de sentido o el di\u00e1logo interreligioso.\" \/>\n<meta name=\"robots\" content=\"index, follow, max-snippet:-1, max-image-preview:large, max-video-preview:-1\" \/>\n<link rel=\"canonical\" href=\"https:\/\/focolares.es\/eu\/teologia-bizitza-eta-kultura-bihurtzen-denean\/\" \/>\n<meta property=\"og:locale\" content=\"en_US\" \/>\n<meta property=\"og:type\" content=\"article\" \/>\n<meta property=\"og:title\" content=\"Cuando la teolog\u00eda se hace vida y cultura - Movimiento de los Focolares\" \/>\n<meta property=\"og:description\" content=\"La Ontolog\u00eda Trinitaria contribuye a dar respuesta a retos contempor\u00e1neos como la fragmentaci\u00f3n social, la crisis de sentido o el di\u00e1logo interreligioso.\" \/>\n<meta property=\"og:url\" content=\"https:\/\/focolares.es\/eu\/teologia-bizitza-eta-kultura-bihurtzen-denean\/\" \/>\n<meta property=\"og:site_name\" content=\"Movimiento de los Focolares\" \/>\n<meta property=\"article:published_time\" content=\"2026-04-27T16:09:05+00:00\" \/>\n<meta property=\"article:modified_time\" content=\"2026-04-27T16:09:07+00:00\" \/>\n<meta property=\"og:image\" content=\"https:\/\/focolares.es\/wp-content\/uploads\/2026\/04\/Ontologia-trinitaria-Las-Matas.jpg\" \/>\n\t<meta property=\"og:image:width\" content=\"900\" \/>\n\t<meta property=\"og:image:height\" content=\"506\" \/>\n\t<meta property=\"og:image:type\" content=\"image\/jpeg\" \/>\n<meta name=\"author\" content=\"admin\" \/>\n<meta name=\"twitter:card\" content=\"summary_large_image\" \/>\n<meta name=\"twitter:label1\" content=\"Written by\" \/>\n\t<meta name=\"twitter:data1\" content=\"admin\" \/>\n\t<meta name=\"twitter:label2\" content=\"Est. reading time\" \/>\n\t<meta name=\"twitter:data2\" content=\"3 minutua\" \/>\n<script type=\"application\/ld+json\" class=\"yoast-schema-graph\">{\"@context\":\"https:\/\/schema.org\",\"@graph\":[{\"@type\":\"Article\",\"@id\":\"https:\/\/focolares.es\/cuando-la-teologia-se-hace-vida-y-cultura\/#article\",\"isPartOf\":{\"@id\":\"https:\/\/focolares.es\/cuando-la-teologia-se-hace-vida-y-cultura\/\"},\"author\":{\"name\":\"admin\",\"@id\":\"https:\/\/focolares.es\/#\/schema\/person\/fdbf1cac3e3957f836bf607a31e7616d\"},\"headline\":\"Cuando la teolog\u00eda se hace vida y cultura\",\"datePublished\":\"2026-04-27T16:09:05+00:00\",\"dateModified\":\"2026-04-27T16:09:07+00:00\",\"mainEntityOfPage\":{\"@id\":\"https:\/\/focolares.es\/cuando-la-teologia-se-hace-vida-y-cultura\/\"},\"wordCount\":413,\"commentCount\":0,\"publisher\":{\"@id\":\"https:\/\/focolares.es\/#organization\"},\"image\":{\"@id\":\"https:\/\/focolares.es\/cuando-la-teologia-se-hace-vida-y-cultura\/#primaryimage\"},\"thumbnailUrl\":\"https:\/\/focolares.es\/wp-content\/uploads\/2026\/04\/Ontologia-trinitaria-Las-Matas.jpg\",\"keywords\":[\"Ciencia, humanidades y pensamiento\"],\"articleSection\":[\"Uncategorized\"],\"inLanguage\":\"eu\",\"potentialAction\":[{\"@type\":\"CommentAction\",\"name\":\"Comment\",\"target\":[\"https:\/\/focolares.es\/cuando-la-teologia-se-hace-vida-y-cultura\/#respond\"]}]},{\"@type\":\"WebPage\",\"@id\":\"https:\/\/focolares.es\/cuando-la-teologia-se-hace-vida-y-cultura\/\",\"url\":\"https:\/\/focolares.es\/cuando-la-teologia-se-hace-vida-y-cultura\/\",\"name\":\"Cuando la teolog\u00eda se hace vida y cultura - Movimiento de los Focolares\",\"isPartOf\":{\"@id\":\"https:\/\/focolares.es\/#website\"},\"primaryImageOfPage\":{\"@id\":\"https:\/\/focolares.es\/cuando-la-teologia-se-hace-vida-y-cultura\/#primaryimage\"},\"image\":{\"@id\":\"https:\/\/focolares.es\/cuando-la-teologia-se-hace-vida-y-cultura\/#primaryimage\"},\"thumbnailUrl\":\"https:\/\/focolares.es\/wp-content\/uploads\/2026\/04\/Ontologia-trinitaria-Las-Matas.jpg\",\"datePublished\":\"2026-04-27T16:09:05+00:00\",\"dateModified\":\"2026-04-27T16:09:07+00:00\",\"description\":\"La Ontolog\u00eda Trinitaria contribuye a dar respuesta a retos contempor\u00e1neos como la fragmentaci\u00f3n social, la crisis de sentido o el di\u00e1logo interreligioso.\",\"breadcrumb\":{\"@id\":\"https:\/\/focolares.es\/cuando-la-teologia-se-hace-vida-y-cultura\/#breadcrumb\"},\"inLanguage\":\"eu\",\"potentialAction\":[{\"@type\":\"ReadAction\",\"target\":[\"https:\/\/focolares.es\/cuando-la-teologia-se-hace-vida-y-cultura\/\"]}]},{\"@type\":\"ImageObject\",\"inLanguage\":\"eu\",\"@id\":\"https:\/\/focolares.es\/cuando-la-teologia-se-hace-vida-y-cultura\/#primaryimage\",\"url\":\"https:\/\/focolares.es\/wp-content\/uploads\/2026\/04\/Ontologia-trinitaria-Las-Matas.jpg\",\"contentUrl\":\"https:\/\/focolares.es\/wp-content\/uploads\/2026\/04\/Ontologia-trinitaria-Las-Matas.jpg\",\"width\":900,\"height\":506},{\"@type\":\"BreadcrumbList\",\"@id\":\"https:\/\/focolares.es\/cuando-la-teologia-se-hace-vida-y-cultura\/#breadcrumb\",\"itemListElement\":[{\"@type\":\"ListItem\",\"position\":1,\"name\":\"Portada\",\"item\":\"https:\/\/focolares.es\/\"},{\"@type\":\"ListItem\",\"position\":2,\"name\":\"Cuando la teolog\u00eda se hace vida y cultura\"}]},{\"@type\":\"WebSite\",\"@id\":\"https:\/\/focolares.es\/#website\",\"url\":\"https:\/\/focolares.es\/\",\"name\":\"Movimiento de los Focolares\",\"description\":\"\",\"publisher\":{\"@id\":\"https:\/\/focolares.es\/#organization\"},\"potentialAction\":[{\"@type\":\"SearchAction\",\"target\":{\"@type\":\"EntryPoint\",\"urlTemplate\":\"https:\/\/focolares.es\/?s={search_term_string}\"},\"query-input\":{\"@type\":\"PropertyValueSpecification\",\"valueRequired\":true,\"valueName\":\"search_term_string\"}}],\"inLanguage\":\"eu\"},{\"@type\":\"Organization\",\"@id\":\"https:\/\/focolares.es\/#organization\",\"name\":\"Movimiento de los Focolares\",\"url\":\"https:\/\/focolares.es\/\",\"logo\":{\"@type\":\"ImageObject\",\"inLanguage\":\"eu\",\"@id\":\"https:\/\/focolares.es\/#\/schema\/logo\/image\/\",\"url\":\"https:\/\/focolares.es\/wp-content\/uploads\/2024\/03\/Logo_focolares-1024x944-1.jpg\",\"contentUrl\":\"https:\/\/focolares.es\/wp-content\/uploads\/2024\/03\/Logo_focolares-1024x944-1.jpg\",\"width\":1024,\"height\":944,\"caption\":\"Movimiento de los Focolares\"},\"image\":{\"@id\":\"https:\/\/focolares.es\/#\/schema\/logo\/image\/\"}},{\"@type\":\"Person\",\"@id\":\"https:\/\/focolares.es\/#\/schema\/person\/fdbf1cac3e3957f836bf607a31e7616d\",\"name\":\"admin\",\"image\":{\"@type\":\"ImageObject\",\"inLanguage\":\"eu\",\"@id\":\"https:\/\/focolares.es\/wp-content\/litespeed\/avatar\/ba00c276ce0fa7863cda4038d70907a8.jpg?ver=1777380135\",\"url\":\"https:\/\/focolares.es\/wp-content\/litespeed\/avatar\/ba00c276ce0fa7863cda4038d70907a8.jpg?ver=1777380135\",\"contentUrl\":\"https:\/\/focolares.es\/wp-content\/litespeed\/avatar\/ba00c276ce0fa7863cda4038d70907a8.jpg?ver=1777380135\",\"caption\":\"admin\"},\"sameAs\":[\"https:\/\/focolares.es\"],\"url\":\"https:\/\/focolares.es\/eu\/author\/afesersl_mcjhk9wv\/\"}]}<\/script>\n<!-- \/ Yoast SEO plugin. -->","yoast_head_json":{"title":"Teologia bizitza eta kultura bihurtzen denean - Fokolaren Mugimendua","description":"Trinitate Ontologiak gizarte-zatikatzea, esanahiaren krisia eta erlijioen arteko elkarrizketa bezalako egungo erronkei erantzuten laguntzen du.","robots":{"index":"index","follow":"follow","max-snippet":"max-snippet:-1","max-image-preview":"max-image-preview:large","max-video-preview":"max-video-preview:-1"},"canonical":"https:\/\/focolares.es\/eu\/teologia-bizitza-eta-kultura-bihurtzen-denean\/","og_locale":"en_US","og_type":"article","og_title":"Cuando la teolog\u00eda se hace vida y cultura - Movimiento de los Focolares","og_description":"La Ontolog\u00eda Trinitaria contribuye a dar respuesta a retos contempor\u00e1neos como la fragmentaci\u00f3n social, la crisis de sentido o el di\u00e1logo interreligioso.","og_url":"https:\/\/focolares.es\/eu\/teologia-bizitza-eta-kultura-bihurtzen-denean\/","og_site_name":"Movimiento de los Focolares","article_published_time":"2026-04-27T16:09:05+00:00","article_modified_time":"2026-04-27T16:09:07+00:00","og_image":[{"width":900,"height":506,"url":"https:\/\/focolares.es\/wp-content\/uploads\/2026\/04\/Ontologia-trinitaria-Las-Matas.jpg","type":"image\/jpeg"}],"author":"admin","twitter_card":"summary_large_image","twitter_misc":{"Written by":"admin","Est. reading time":"3 minutua"},"schema":{"@context":"https:\/\/schema.org","@graph":[{"@type":"Article","@id":"https:\/\/focolares.es\/cuando-la-teologia-se-hace-vida-y-cultura\/#article","isPartOf":{"@id":"https:\/\/focolares.es\/cuando-la-teologia-se-hace-vida-y-cultura\/"},"author":{"name":"admin","@id":"https:\/\/focolares.es\/#\/schema\/person\/fdbf1cac3e3957f836bf607a31e7616d"},"headline":"Cuando la teolog\u00eda se hace vida y cultura","datePublished":"2026-04-27T16:09:05+00:00","dateModified":"2026-04-27T16:09:07+00:00","mainEntityOfPage":{"@id":"https:\/\/focolares.es\/cuando-la-teologia-se-hace-vida-y-cultura\/"},"wordCount":413,"commentCount":0,"publisher":{"@id":"https:\/\/focolares.es\/#organization"},"image":{"@id":"https:\/\/focolares.es\/cuando-la-teologia-se-hace-vida-y-cultura\/#primaryimage"},"thumbnailUrl":"https:\/\/focolares.es\/wp-content\/uploads\/2026\/04\/Ontologia-trinitaria-Las-Matas.jpg","keywords":["Ciencia, humanidades y pensamiento"],"articleSection":["Uncategorized"],"inLanguage":"eu","potentialAction":[{"@type":"CommentAction","name":"Comment","target":["https:\/\/focolares.es\/cuando-la-teologia-se-hace-vida-y-cultura\/#respond"]}]},{"@type":"WebPage","@id":"https:\/\/focolares.es\/cuando-la-teologia-se-hace-vida-y-cultura\/","url":"https:\/\/focolares.es\/cuando-la-teologia-se-hace-vida-y-cultura\/","name":"Teologia bizitza eta kultura bihurtzen denean - Fokolaren Mugimendua","isPartOf":{"@id":"https:\/\/focolares.es\/#website"},"primaryImageOfPage":{"@id":"https:\/\/focolares.es\/cuando-la-teologia-se-hace-vida-y-cultura\/#primaryimage"},"image":{"@id":"https:\/\/focolares.es\/cuando-la-teologia-se-hace-vida-y-cultura\/#primaryimage"},"thumbnailUrl":"https:\/\/focolares.es\/wp-content\/uploads\/2026\/04\/Ontologia-trinitaria-Las-Matas.jpg","datePublished":"2026-04-27T16:09:05+00:00","dateModified":"2026-04-27T16:09:07+00:00","description":"Trinitate Ontologiak gizarte-zatikatzea, esanahiaren krisia eta erlijioen arteko elkarrizketa bezalako egungo erronkei erantzuten laguntzen du.","breadcrumb":{"@id":"https:\/\/focolares.es\/cuando-la-teologia-se-hace-vida-y-cultura\/#breadcrumb"},"inLanguage":"eu","potentialAction":[{"@type":"ReadAction","target":["https:\/\/focolares.es\/cuando-la-teologia-se-hace-vida-y-cultura\/"]}]},{"@type":"ImageObject","inLanguage":"eu","@id":"https:\/\/focolares.es\/cuando-la-teologia-se-hace-vida-y-cultura\/#primaryimage","url":"https:\/\/focolares.es\/wp-content\/uploads\/2026\/04\/Ontologia-trinitaria-Las-Matas.jpg","contentUrl":"https:\/\/focolares.es\/wp-content\/uploads\/2026\/04\/Ontologia-trinitaria-Las-Matas.jpg","width":900,"height":506},{"@type":"BreadcrumbList","@id":"https:\/\/focolares.es\/cuando-la-teologia-se-hace-vida-y-cultura\/#breadcrumb","itemListElement":[{"@type":"ListItem","position":1,"name":"Portada","item":"https:\/\/focolares.es\/"},{"@type":"ListItem","position":2,"name":"Cuando la teolog\u00eda se hace vida y cultura"}]},{"@type":"WebSite","@id":"https:\/\/focolares.es\/#website","url":"https:\/\/focolares.es\/","name":"Fokolareen Mugimenduaren","description":"","publisher":{"@id":"https:\/\/focolares.es\/#organization"},"potentialAction":[{"@type":"SearchAction","target":{"@type":"EntryPoint","urlTemplate":"https:\/\/focolares.es\/?s={search_term_string}"},"query-input":{"@type":"PropertyValueSpecification","valueRequired":true,"valueName":"search_term_string"}}],"inLanguage":"eu"},{"@type":"Organization","@id":"https:\/\/focolares.es\/#organization","name":"Fokolareen Mugimenduaren","url":"https:\/\/focolares.es\/","logo":{"@type":"ImageObject","inLanguage":"eu","@id":"https:\/\/focolares.es\/#\/schema\/logo\/image\/","url":"https:\/\/focolares.es\/wp-content\/uploads\/2024\/03\/Logo_focolares-1024x944-1.jpg","contentUrl":"https:\/\/focolares.es\/wp-content\/uploads\/2024\/03\/Logo_focolares-1024x944-1.jpg","width":1024,"height":944,"caption":"Movimiento de los Focolares"},"image":{"@id":"https:\/\/focolares.es\/#\/schema\/logo\/image\/"}},{"@type":"Person","@id":"https:\/\/focolares.es\/#\/schema\/person\/fdbf1cac3e3957f836bf607a31e7616d","name":"admin","image":{"@type":"ImageObject","inLanguage":"eu","@id":"https:\/\/focolares.es\/wp-content\/litespeed\/avatar\/ba00c276ce0fa7863cda4038d70907a8.jpg?ver=1777380135","url":"https:\/\/focolares.es\/wp-content\/litespeed\/avatar\/ba00c276ce0fa7863cda4038d70907a8.jpg?ver=1777380135","contentUrl":"https:\/\/focolares.es\/wp-content\/litespeed\/avatar\/ba00c276ce0fa7863cda4038d70907a8.jpg?ver=1777380135","caption":"admin"},"sameAs":["https:\/\/focolares.es"],"url":"https:\/\/focolares.es\/eu\/author\/afesersl_mcjhk9wv\/"}]}},"views":1,"_links":{"self":[{"href":"https:\/\/focolares.es\/eu\/wp-json\/wp\/v2\/posts\/19360","targetHints":{"allow":["GET"]}}],"collection":[{"href":"https:\/\/focolares.es\/eu\/wp-json\/wp\/v2\/posts"}],"about":[{"href":"https:\/\/focolares.es\/eu\/wp-json\/wp\/v2\/types\/post"}],"author":[{"embeddable":true,"href":"https:\/\/focolares.es\/eu\/wp-json\/wp\/v2\/users\/1"}],"replies":[{"embeddable":true,"href":"https:\/\/focolares.es\/eu\/wp-json\/wp\/v2\/comments?post=19360"}],"version-history":[{"count":8,"href":"https:\/\/focolares.es\/eu\/wp-json\/wp\/v2\/posts\/19360\/revisions"}],"predecessor-version":[{"id":19380,"href":"https:\/\/focolares.es\/eu\/wp-json\/wp\/v2\/posts\/19360\/revisions\/19380"}],"wp:featuredmedia":[{"embeddable":true,"href":"https:\/\/focolares.es\/eu\/wp-json\/wp\/v2\/media\/19379"}],"wp:attachment":[{"href":"https:\/\/focolares.es\/eu\/wp-json\/wp\/v2\/media?parent=19360"}],"wp:term":[{"taxonomy":"category","embeddable":true,"href":"https:\/\/focolares.es\/eu\/wp-json\/wp\/v2\/categories?post=19360"},{"taxonomy":"post_tag","embeddable":true,"href":"https:\/\/focolares.es\/eu\/wp-json\/wp\/v2\/tags?post=19360"}],"curies":[{"name":"wp","href":"https:\/\/api.w.org\/{rel}","templated":true}]}}