{"id":19384,"date":"2026-01-26T12:16:00","date_gmt":"2026-01-26T11:16:00","guid":{"rendered":"https:\/\/focolares.es\/?p=19384"},"modified":"2026-04-27T13:20:24","modified_gmt":"2026-04-27T11:20:24","slug":"2026ko-otoitz-aste-kristaua","status":"publish","type":"post","link":"https:\/\/focolares.es\/eu\/semana-oracion-cristianos-2026\/","title":{"rendered":"Gorputz bat, itxaropen bat: kristauak batasunerantz bidean"},"content":{"rendered":"<h4 class=\"wp-block-heading\"><em>Urtarrilaren 18tik 25era, Espainia osoko kristau komunitateak Batasunaren aldeko Otoitz Astean elkartu dira, fedea, topaketa eta anaitasunerako nahia partekatuz.<\/em><\/h4>\n\n\n\n<div style=\"height:24px\" aria-hidden=\"true\" class=\"wp-block-spacer\"><\/div>\n\n\n\n<p>\u00abGorputz bat eta Espiritu bat daude, itxaropen bakarrera deitu zaituzteten bezala\u00bb.<\/p>\n\n\n\n<p>Hau da aurten, 2026an, Kristauen Batasunaren Aldeko Otoitz Asterako aukeratu den gaia, urtero urtarrilaren 18tik 25era ospatzen dena. Fedearen tradizio eta adierazpen anitzak elkarrekin bizi diren mundu batean, askotan zatituta, gai honek (Efesoarrei 4:4) gogorarazten digu sinestun guztiak Kristoren &quot;gorputz bakarraren&quot; parte direla.<\/p>\n\n\n\n<p>Aurtengo otoitzak eta hausnarketak Armeniako Eliza Apostolikoko fededunek prestatu dituzte, Armeniako Eliza Katoliko eta Ebanjelikoetako anai-arrebekin batera. Armeniako Eliza Apostolikoa munduko kristau komunitate zaharrenetakotzat hartzen da. Gaur egun, fedearen, batasunaren eta erresilientziaren itsasargi gisa dago mundu osoko armeniarrentzat, eta munduko kristau komunitatean oihartzuna duen ikuspegia eskaintzen jarraitzen du.<\/p>\n\n\n\n<p>Eskainitako baliabideak armeniar herriak erabiltzen zituen otoitz eta eskaera tradizioetan oinarritzen dira, baita antzinako armeniar monasterio eta elizetan sortutako ereserkietan ere, horietako batzuk IV. mendekoak. Aste honek kristau ondare partekatu horretatik baliatzera eta Kristogan dugun batasuna sakontzera gonbidatzen gaitu.<\/p>\n\n\n\n<p>Aurreko urteetan bezala, Fokolare Mugimenduko hainbat komunitate elkartu dira ospakizun ekumeniko hauek sustatzeko: Zaragoza, Valladolid, Donostia, Madril, Cuenca, C\u00e1ceres, Badajoz, Granada, Ja\u00e9n, Cartagena eta C\u00e1diz, besteak beste. Mota guztietako ospakizunak: batzuk solemneak katedraletan, beste batzuk xumeagoak Ja\u00e9ngo auzo-elkarte batean, baina guztiak pazientziaz, apaltasunez eta Jainkoaren denboran konfiantzaz batasuna eraikitzeko gogo berarekin.<\/p>\n\n\n\n<p>Madrilgo artzapezpikuak esan zuen bezala, batasun bat \u201cgure bakoitzaren bihotzetik eta gure komunitate bakoitzaren bihotzetik sortzen da, gure hauskortasuna eta besteena onartzeko konpromisoa hartzen dugunean, autosufizientzia espiritualari uko egin eta Jainkoari jarduten uzten diogunean\u201d.<\/p>\n\n\n\n<p>Eliza ezberdinekin \u2014ortodoxoekin, ebanjelikoekin, erreformatuekin eta anglikanoekin\u2014 izandako topaketa guztietan, anaitasun loturak ezagutu eta sendotzearen poza bizi izan dugu. Elkarrekin, batasunerako dei honi zerbait zehatz eta eguneroko gisa erantzuteko dugun nahia ere berritu dugu. Batasunean biziz, Jainkoaren maitasunaren lekuko egiten gara eta elkar ezagutzen ikasten dugu gure dohainen aberastasunean, anai-arreba gisa elkarrekin ibiliz mundu batuago baten zerbitzura.<\/p>","protected":false},"excerpt":{"rendered":"<p>Espainia osoko komunitateak elkartu dira 2026ko Kristau Batasunaren Aldeko Otoitz Astean, Elizen arteko anaitasuna sendotzen duten topaketa xume baina sakonak biziz.<\/p>","protected":false},"author":1,"featured_media":19387,"comment_status":"open","ping_status":"closed","sticky":false,"template":"","format":"standard","meta":{"_price":"","_stock":"","_tribe_ticket_header":"","_tribe_default_ticket_provider":"","_tribe_ticket_capacity":"0","_ticket_start_date":"","_ticket_end_date":"","_tribe_ticket_show_description":"","_tribe_ticket_show_not_going":false,"_tribe_ticket_use_global_stock":"","_tribe_ticket_global_stock_level":"","_global_stock_mode":"","_global_stock_cap":"","_tribe_rsvp_for_event":"","_tribe_ticket_going_count":"","_tribe_ticket_not_going_count":"","_tribe_tickets_list":"[]","_tribe_ticket_has_attendee_info_fields":false,"footnotes":""},"categories":[1],"tags":[],"class_list":["post-19384","post","type-post","status-publish","format-standard","has-post-thumbnail","hentry","category-uncategorized"],"yoast_head":"<!-- This site is optimized with the Yoast SEO plugin v27.2 - https:\/\/yoast.com\/product\/yoast-seo-wordpress\/ -->\n<title>Semana de Oraci\u00f3n por la Unidad de los Cristianos - Movimiento de los Focolares<\/title>\n<meta name=\"description\" content=\"La Semana de Oraci\u00f3n por la Unidad de los Cristianos 2026 re\u00fane a comunidades de toda Espa\u00f1a en un camino de encuentro, fe compartida y fraternidad.\" \/>\n<meta name=\"robots\" content=\"index, follow, max-snippet:-1, max-image-preview:large, max-video-preview:-1\" \/>\n<link rel=\"canonical\" href=\"https:\/\/focolares.es\/eu\/2026ko-otoitz-aste-kristaua\/\" \/>\n<meta property=\"og:locale\" content=\"en_US\" \/>\n<meta property=\"og:type\" content=\"article\" \/>\n<meta property=\"og:title\" content=\"Semana de Oraci\u00f3n por la Unidad de los Cristianos - Movimiento de los Focolares\" \/>\n<meta property=\"og:description\" content=\"La Semana de Oraci\u00f3n por la Unidad de los Cristianos 2026 re\u00fane a comunidades de toda Espa\u00f1a en un camino de encuentro, fe compartida y fraternidad.\" \/>\n<meta property=\"og:url\" content=\"https:\/\/focolares.es\/eu\/2026ko-otoitz-aste-kristaua\/\" \/>\n<meta property=\"og:site_name\" content=\"Movimiento de los Focolares\" \/>\n<meta property=\"article:published_time\" content=\"2026-01-26T11:16:00+00:00\" \/>\n<meta property=\"article:modified_time\" content=\"2026-04-27T11:20:24+00:00\" \/>\n<meta property=\"og:image\" content=\"https:\/\/focolares.es\/wp-content\/uploads\/2026\/01\/Semana-oracion-cristianos-2026-2.jpg\" \/>\n\t<meta property=\"og:image:width\" content=\"900\" \/>\n\t<meta property=\"og:image:height\" content=\"545\" \/>\n\t<meta property=\"og:image:type\" content=\"image\/jpeg\" \/>\n<meta name=\"author\" content=\"admin\" \/>\n<meta name=\"twitter:card\" content=\"summary_large_image\" \/>\n<meta name=\"twitter:label1\" content=\"Written by\" \/>\n\t<meta name=\"twitter:data1\" content=\"admin\" \/>\n\t<meta name=\"twitter:label2\" content=\"Est. reading time\" \/>\n\t<meta name=\"twitter:data2\" content=\"3 minutua\" \/>\n<script type=\"application\/ld+json\" class=\"yoast-schema-graph\">{\"@context\":\"https:\/\/schema.org\",\"@graph\":[{\"@type\":\"Article\",\"@id\":\"https:\/\/focolares.es\/semana-oracion-cristianos-2026\/#article\",\"isPartOf\":{\"@id\":\"https:\/\/focolares.es\/semana-oracion-cristianos-2026\/\"},\"author\":{\"name\":\"admin\",\"@id\":\"https:\/\/focolares.es\/#\/schema\/person\/fdbf1cac3e3957f836bf607a31e7616d\"},\"headline\":\"Un solo cuerpo, una sola esperanza: cristianos que caminan hacia la unidad\",\"datePublished\":\"2026-01-26T11:16:00+00:00\",\"dateModified\":\"2026-04-27T11:20:24+00:00\",\"mainEntityOfPage\":{\"@id\":\"https:\/\/focolares.es\/semana-oracion-cristianos-2026\/\"},\"wordCount\":490,\"commentCount\":0,\"publisher\":{\"@id\":\"https:\/\/focolares.es\/#organization\"},\"image\":{\"@id\":\"https:\/\/focolares.es\/semana-oracion-cristianos-2026\/#primaryimage\"},\"thumbnailUrl\":\"https:\/\/focolares.es\/wp-content\/uploads\/2026\/01\/Semana-oracion-cristianos-2026-2.jpg\",\"articleSection\":[\"Uncategorized\"],\"inLanguage\":\"eu\",\"potentialAction\":[{\"@type\":\"CommentAction\",\"name\":\"Comment\",\"target\":[\"https:\/\/focolares.es\/semana-oracion-cristianos-2026\/#respond\"]}]},{\"@type\":\"WebPage\",\"@id\":\"https:\/\/focolares.es\/semana-oracion-cristianos-2026\/\",\"url\":\"https:\/\/focolares.es\/semana-oracion-cristianos-2026\/\",\"name\":\"Semana de Oraci\u00f3n por la Unidad de los Cristianos - Movimiento de los Focolares\",\"isPartOf\":{\"@id\":\"https:\/\/focolares.es\/#website\"},\"primaryImageOfPage\":{\"@id\":\"https:\/\/focolares.es\/semana-oracion-cristianos-2026\/#primaryimage\"},\"image\":{\"@id\":\"https:\/\/focolares.es\/semana-oracion-cristianos-2026\/#primaryimage\"},\"thumbnailUrl\":\"https:\/\/focolares.es\/wp-content\/uploads\/2026\/01\/Semana-oracion-cristianos-2026-2.jpg\",\"datePublished\":\"2026-01-26T11:16:00+00:00\",\"dateModified\":\"2026-04-27T11:20:24+00:00\",\"description\":\"La Semana de Oraci\u00f3n por la Unidad de los Cristianos 2026 re\u00fane a comunidades de toda Espa\u00f1a en un camino de encuentro, fe compartida y fraternidad.\",\"breadcrumb\":{\"@id\":\"https:\/\/focolares.es\/semana-oracion-cristianos-2026\/#breadcrumb\"},\"inLanguage\":\"eu\",\"potentialAction\":[{\"@type\":\"ReadAction\",\"target\":[\"https:\/\/focolares.es\/semana-oracion-cristianos-2026\/\"]}]},{\"@type\":\"ImageObject\",\"inLanguage\":\"eu\",\"@id\":\"https:\/\/focolares.es\/semana-oracion-cristianos-2026\/#primaryimage\",\"url\":\"https:\/\/focolares.es\/wp-content\/uploads\/2026\/01\/Semana-oracion-cristianos-2026-2.jpg\",\"contentUrl\":\"https:\/\/focolares.es\/wp-content\/uploads\/2026\/01\/Semana-oracion-cristianos-2026-2.jpg\",\"width\":900,\"height\":545},{\"@type\":\"BreadcrumbList\",\"@id\":\"https:\/\/focolares.es\/semana-oracion-cristianos-2026\/#breadcrumb\",\"itemListElement\":[{\"@type\":\"ListItem\",\"position\":1,\"name\":\"Portada\",\"item\":\"https:\/\/focolares.es\/\"},{\"@type\":\"ListItem\",\"position\":2,\"name\":\"Un solo cuerpo, una sola esperanza: cristianos que caminan hacia la unidad\"}]},{\"@type\":\"WebSite\",\"@id\":\"https:\/\/focolares.es\/#website\",\"url\":\"https:\/\/focolares.es\/\",\"name\":\"Movimiento de los Focolares\",\"description\":\"\",\"publisher\":{\"@id\":\"https:\/\/focolares.es\/#organization\"},\"potentialAction\":[{\"@type\":\"SearchAction\",\"target\":{\"@type\":\"EntryPoint\",\"urlTemplate\":\"https:\/\/focolares.es\/?s={search_term_string}\"},\"query-input\":{\"@type\":\"PropertyValueSpecification\",\"valueRequired\":true,\"valueName\":\"search_term_string\"}}],\"inLanguage\":\"eu\"},{\"@type\":\"Organization\",\"@id\":\"https:\/\/focolares.es\/#organization\",\"name\":\"Movimiento de los Focolares\",\"url\":\"https:\/\/focolares.es\/\",\"logo\":{\"@type\":\"ImageObject\",\"inLanguage\":\"eu\",\"@id\":\"https:\/\/focolares.es\/#\/schema\/logo\/image\/\",\"url\":\"https:\/\/focolares.es\/wp-content\/uploads\/2024\/03\/Logo_focolares-1024x944-1.jpg\",\"contentUrl\":\"https:\/\/focolares.es\/wp-content\/uploads\/2024\/03\/Logo_focolares-1024x944-1.jpg\",\"width\":1024,\"height\":944,\"caption\":\"Movimiento de los Focolares\"},\"image\":{\"@id\":\"https:\/\/focolares.es\/#\/schema\/logo\/image\/\"}},{\"@type\":\"Person\",\"@id\":\"https:\/\/focolares.es\/#\/schema\/person\/fdbf1cac3e3957f836bf607a31e7616d\",\"name\":\"admin\",\"image\":{\"@type\":\"ImageObject\",\"inLanguage\":\"eu\",\"@id\":\"https:\/\/focolares.es\/wp-content\/litespeed\/avatar\/ba00c276ce0fa7863cda4038d70907a8.jpg?ver=1777380135\",\"url\":\"https:\/\/focolares.es\/wp-content\/litespeed\/avatar\/ba00c276ce0fa7863cda4038d70907a8.jpg?ver=1777380135\",\"contentUrl\":\"https:\/\/focolares.es\/wp-content\/litespeed\/avatar\/ba00c276ce0fa7863cda4038d70907a8.jpg?ver=1777380135\",\"caption\":\"admin\"},\"sameAs\":[\"https:\/\/focolares.es\"],\"url\":\"https:\/\/focolares.es\/eu\/author\/afesersl_mcjhk9wv\/\"}]}<\/script>\n<!-- \/ Yoast SEO plugin. -->","yoast_head_json":{"title":"Kristauen Batasunaren Aldeko Otoitz Astea - Fokolare Mugimendua","description":"2026ko Kristau Batasunaren Aldeko Otoitz Asteak Espainia osoko komunitateak elkartzen ditu topaketa, fede partekatu eta anaitasun bide batean.","robots":{"index":"index","follow":"follow","max-snippet":"max-snippet:-1","max-image-preview":"max-image-preview:large","max-video-preview":"max-video-preview:-1"},"canonical":"https:\/\/focolares.es\/eu\/2026ko-otoitz-aste-kristaua\/","og_locale":"en_US","og_type":"article","og_title":"Semana de Oraci\u00f3n por la Unidad de los Cristianos - Movimiento de los Focolares","og_description":"La Semana de Oraci\u00f3n por la Unidad de los Cristianos 2026 re\u00fane a comunidades de toda Espa\u00f1a en un camino de encuentro, fe compartida y fraternidad.","og_url":"https:\/\/focolares.es\/eu\/2026ko-otoitz-aste-kristaua\/","og_site_name":"Movimiento de los Focolares","article_published_time":"2026-01-26T11:16:00+00:00","article_modified_time":"2026-04-27T11:20:24+00:00","og_image":[{"width":900,"height":545,"url":"https:\/\/focolares.es\/wp-content\/uploads\/2026\/01\/Semana-oracion-cristianos-2026-2.jpg","type":"image\/jpeg"}],"author":"admin","twitter_card":"summary_large_image","twitter_misc":{"Written by":"admin","Est. reading time":"3 minutua"},"schema":{"@context":"https:\/\/schema.org","@graph":[{"@type":"Article","@id":"https:\/\/focolares.es\/semana-oracion-cristianos-2026\/#article","isPartOf":{"@id":"https:\/\/focolares.es\/semana-oracion-cristianos-2026\/"},"author":{"name":"admin","@id":"https:\/\/focolares.es\/#\/schema\/person\/fdbf1cac3e3957f836bf607a31e7616d"},"headline":"Un solo cuerpo, una sola esperanza: cristianos que caminan hacia la unidad","datePublished":"2026-01-26T11:16:00+00:00","dateModified":"2026-04-27T11:20:24+00:00","mainEntityOfPage":{"@id":"https:\/\/focolares.es\/semana-oracion-cristianos-2026\/"},"wordCount":490,"commentCount":0,"publisher":{"@id":"https:\/\/focolares.es\/#organization"},"image":{"@id":"https:\/\/focolares.es\/semana-oracion-cristianos-2026\/#primaryimage"},"thumbnailUrl":"https:\/\/focolares.es\/wp-content\/uploads\/2026\/01\/Semana-oracion-cristianos-2026-2.jpg","articleSection":["Uncategorized"],"inLanguage":"eu","potentialAction":[{"@type":"CommentAction","name":"Comment","target":["https:\/\/focolares.es\/semana-oracion-cristianos-2026\/#respond"]}]},{"@type":"WebPage","@id":"https:\/\/focolares.es\/semana-oracion-cristianos-2026\/","url":"https:\/\/focolares.es\/semana-oracion-cristianos-2026\/","name":"Kristauen Batasunaren Aldeko Otoitz Astea - Fokolare Mugimendua","isPartOf":{"@id":"https:\/\/focolares.es\/#website"},"primaryImageOfPage":{"@id":"https:\/\/focolares.es\/semana-oracion-cristianos-2026\/#primaryimage"},"image":{"@id":"https:\/\/focolares.es\/semana-oracion-cristianos-2026\/#primaryimage"},"thumbnailUrl":"https:\/\/focolares.es\/wp-content\/uploads\/2026\/01\/Semana-oracion-cristianos-2026-2.jpg","datePublished":"2026-01-26T11:16:00+00:00","dateModified":"2026-04-27T11:20:24+00:00","description":"2026ko Kristau Batasunaren Aldeko Otoitz Asteak Espainia osoko komunitateak elkartzen ditu topaketa, fede partekatu eta anaitasun bide batean.","breadcrumb":{"@id":"https:\/\/focolares.es\/semana-oracion-cristianos-2026\/#breadcrumb"},"inLanguage":"eu","potentialAction":[{"@type":"ReadAction","target":["https:\/\/focolares.es\/semana-oracion-cristianos-2026\/"]}]},{"@type":"ImageObject","inLanguage":"eu","@id":"https:\/\/focolares.es\/semana-oracion-cristianos-2026\/#primaryimage","url":"https:\/\/focolares.es\/wp-content\/uploads\/2026\/01\/Semana-oracion-cristianos-2026-2.jpg","contentUrl":"https:\/\/focolares.es\/wp-content\/uploads\/2026\/01\/Semana-oracion-cristianos-2026-2.jpg","width":900,"height":545},{"@type":"BreadcrumbList","@id":"https:\/\/focolares.es\/semana-oracion-cristianos-2026\/#breadcrumb","itemListElement":[{"@type":"ListItem","position":1,"name":"Portada","item":"https:\/\/focolares.es\/"},{"@type":"ListItem","position":2,"name":"Un solo cuerpo, una sola esperanza: cristianos que caminan hacia la unidad"}]},{"@type":"WebSite","@id":"https:\/\/focolares.es\/#website","url":"https:\/\/focolares.es\/","name":"Fokolareen Mugimenduaren","description":"","publisher":{"@id":"https:\/\/focolares.es\/#organization"},"potentialAction":[{"@type":"SearchAction","target":{"@type":"EntryPoint","urlTemplate":"https:\/\/focolares.es\/?s={search_term_string}"},"query-input":{"@type":"PropertyValueSpecification","valueRequired":true,"valueName":"search_term_string"}}],"inLanguage":"eu"},{"@type":"Organization","@id":"https:\/\/focolares.es\/#organization","name":"Fokolareen Mugimenduaren","url":"https:\/\/focolares.es\/","logo":{"@type":"ImageObject","inLanguage":"eu","@id":"https:\/\/focolares.es\/#\/schema\/logo\/image\/","url":"https:\/\/focolares.es\/wp-content\/uploads\/2024\/03\/Logo_focolares-1024x944-1.jpg","contentUrl":"https:\/\/focolares.es\/wp-content\/uploads\/2024\/03\/Logo_focolares-1024x944-1.jpg","width":1024,"height":944,"caption":"Movimiento de los Focolares"},"image":{"@id":"https:\/\/focolares.es\/#\/schema\/logo\/image\/"}},{"@type":"Person","@id":"https:\/\/focolares.es\/#\/schema\/person\/fdbf1cac3e3957f836bf607a31e7616d","name":"admin","image":{"@type":"ImageObject","inLanguage":"eu","@id":"https:\/\/focolares.es\/wp-content\/litespeed\/avatar\/ba00c276ce0fa7863cda4038d70907a8.jpg?ver=1777380135","url":"https:\/\/focolares.es\/wp-content\/litespeed\/avatar\/ba00c276ce0fa7863cda4038d70907a8.jpg?ver=1777380135","contentUrl":"https:\/\/focolares.es\/wp-content\/litespeed\/avatar\/ba00c276ce0fa7863cda4038d70907a8.jpg?ver=1777380135","caption":"admin"},"sameAs":["https:\/\/focolares.es"],"url":"https:\/\/focolares.es\/eu\/author\/afesersl_mcjhk9wv\/"}]}},"views":0,"_links":{"self":[{"href":"https:\/\/focolares.es\/eu\/wp-json\/wp\/v2\/posts\/19384","targetHints":{"allow":["GET"]}}],"collection":[{"href":"https:\/\/focolares.es\/eu\/wp-json\/wp\/v2\/posts"}],"about":[{"href":"https:\/\/focolares.es\/eu\/wp-json\/wp\/v2\/types\/post"}],"author":[{"embeddable":true,"href":"https:\/\/focolares.es\/eu\/wp-json\/wp\/v2\/users\/1"}],"replies":[{"embeddable":true,"href":"https:\/\/focolares.es\/eu\/wp-json\/wp\/v2\/comments?post=19384"}],"version-history":[{"count":3,"href":"https:\/\/focolares.es\/eu\/wp-json\/wp\/v2\/posts\/19384\/revisions"}],"predecessor-version":[{"id":19388,"href":"https:\/\/focolares.es\/eu\/wp-json\/wp\/v2\/posts\/19384\/revisions\/19388"}],"wp:featuredmedia":[{"embeddable":true,"href":"https:\/\/focolares.es\/eu\/wp-json\/wp\/v2\/media\/19387"}],"wp:attachment":[{"href":"https:\/\/focolares.es\/eu\/wp-json\/wp\/v2\/media?parent=19384"}],"wp:term":[{"taxonomy":"category","embeddable":true,"href":"https:\/\/focolares.es\/eu\/wp-json\/wp\/v2\/categories?post=19384"},{"taxonomy":"post_tag","embeddable":true,"href":"https:\/\/focolares.es\/eu\/wp-json\/wp\/v2\/tags?post=19384"}],"curies":[{"name":"wp","href":"https:\/\/api.w.org\/{rel}","templated":true}]}}