{"id":4545,"date":"2023-04-17T19:49:16","date_gmt":"2023-04-17T17:49:16","guid":{"rendered":"https:\/\/focolares.es\/?p=4545"},"modified":"2024-03-12T09:56:39","modified_gmt":"2024-03-12T08:56:39","slug":"uraren-kudeaketa","status":"publish","type":"post","link":"https:\/\/focolares.es\/eu\/gestion-del-agua\/","title":{"rendered":"Uraren kudeaketa"},"content":{"rendered":"<p>Apirilaren 25ean, asteartean, honako kasu hau aztertuko da:&nbsp;<em>Uraren kudeaketa eta lotutako zerbitzuen zikloa<\/em>.<\/p>\n\n\n\n<p>Saio honetarako egongo da&nbsp;<strong>Lorenzo Correa<\/strong>, Zibil Ingeniaria eta entrenatzailea. Aurrekoetan bezala, jarraitu dezakezu&nbsp;<em>sarean<\/em>&nbsp;erdal herrialde guztietako jendearen parte hartzea errazteko.<\/p>\n\n\n\n<p>Formatuak berdina izaten jarraitzen du: negozio-kasu errealeko azterketa baten aurkezpena, bertaratutakoek euren iritziak adierazteko eta proposamen zehatzak egiteko aukera emanez. Hurrengo saioa 2023ko apirilaren 25ean, asteartean, izango da, 19:00etatik aurrera. 20:30era. Ordu-eremua: Madril, Erroma, Paris.<\/p>\n\n\n\n<p>Bileran bideokonferentziaz parte hartzeko&nbsp;<em>Zoomatu<\/em>&nbsp;Interesa duten pertsonek bertaratzea berretsi behar dute&nbsp;<a href=\"mailto:grupdegestio@focolars.org\">posta elektronikoa<\/a>. Kasuaren laburpen idatzia jasoko duzu lehenbailehen eztabaidatzeko, nahi izanez gero, zure iritziak eta proposamenak prestatu ahal izateko. Bileraren egunean, posta elektronikoz konektatzeko argibideak jasoko dituzu.<\/p>\n\n\n\n<p>buruz gehiago jakiteko\u00a0<em>Klusterra,\u00a0<\/em>rena<em>\u00a0Gizatasun berria,<\/em>\u00a0sar daiteke\u00a0<a href=\"https:\/\/sway.com\/H32Hs6UQRDhtwlYR\">zure aurkezpena<\/a>. Haiekin harremanetan jar zaitezke\u00a0<a href=\"mailto:grupdegestio@focolars.org\">posta elektronikoa<\/a>. Berak\u00a0<em>Bartzelonako Enpresa Zuzendaritza Taldea<\/em>\u00a0rekin lotuta dago\u00a0<em>Komunio Ekonomia<\/em>\u00a0gisa\u00a0<a href=\"https:\/\/www.edc-online.org\/es\/eventi-e-news\/circoli-di-comunione.html.\"><em>Komunio Zirkulua<\/em><\/a>.<\/p>\n\n\n\n<figure class=\"wp-block-image aligncenter size-full is-resized\"><img fetchpriority=\"high\" decoding=\"async\" width=\"724\" height=\"1024\" src=\"https:\/\/focolares.es\/wp-content\/uploads\/2024\/03\/20230425_GrupGestioEmpresarial_cartel.jpg\" alt=\"\" class=\"wp-image-4547\" style=\"width:641px;height:auto\" srcset=\"https:\/\/focolares.es\/wp-content\/uploads\/2024\/03\/20230425_GrupGestioEmpresarial_cartel.jpg 724w, https:\/\/focolares.es\/wp-content\/uploads\/2024\/03\/20230425_GrupGestioEmpresarial_cartel-212x300.jpg 212w\" sizes=\"(max-width: 724px) 100vw, 724px\" \/><\/figure>","protected":false},"excerpt":{"rendered":"<p>Apirilaren 25ean, asteartea, hurrengo gaia jorratuko da: Uraren Kudeaketa eta Zerbitzu Elkartuen Zikloa. Saio honetarako, Lorenzo Correa, Zibil Ingeniari eta Coach izango dugu. Aurrekoetan bezala, ekitaldia sarean egongo da eskuragarri, erdal herrialde guztietako jendearen parte hartzea errazteko. Formatuak berdina izaten jarraitzen du: negozio-kasu errealeko azterketa baten aurkezpena, bertaratutakoek euren iritziak adierazteko eta proposamen zehatzak egiteko aukera emanez. Hurrengo saioa 2023ko apirilaren 25ean, asteartean, izango da, 19:00etatik aurrera. 20:30era. Ordu-eremua: Madril, Erroma, Paris. Zoom bideokonferentzia bileran parte hartzeko, interesatuek bertaratzea baieztatu beharko dute posta elektroniko bidez. Kasuaren laburpen idatzia jasoko duzu lehenbailehen eztabaidatzeko, nahi izanez gero, zure iritziak eta proposamenak prestatu ahal izateko. Bileraren egunean, posta elektronikoz konektatzeko argibideak jasoko dituzu. New Humanity-ri dagokion Taldeari buruz gehiago jakiteko, haien aurkezpena sar zaitezke. Eurekin harremanetan jar zaitezke posta elektroniko bidez. Bartzelonako Enpresa Kudeaketa Taldea Komunioaren Ekonomiarekin lotuta dago Komunioaren Zirkulu gisa.<\/p>","protected":false},"author":3,"featured_media":4546,"comment_status":"open","ping_status":"closed","sticky":false,"template":"","format":"standard","meta":{"_price":"","_stock":"","_tribe_ticket_header":"","_tribe_default_ticket_provider":"","_tribe_ticket_capacity":"0","_ticket_start_date":"","_ticket_end_date":"","_tribe_ticket_show_description":"","_tribe_ticket_show_not_going":false,"_tribe_ticket_use_global_stock":"","_tribe_ticket_global_stock_level":"","_global_stock_mode":"","_global_stock_cap":"","_tribe_rsvp_for_event":"","_tribe_ticket_going_count":"","_tribe_ticket_not_going_count":"","_tribe_tickets_list":"[]","_tribe_ticket_has_attendee_info_fields":false,"footnotes":""},"categories":[1],"tags":[],"class_list":["post-4545","post","type-post","status-publish","format-standard","has-post-thumbnail","hentry","category-uncategorized"],"yoast_head":"<!-- This site is optimized with the Yoast SEO plugin v27.2 - https:\/\/yoast.com\/product\/yoast-seo-wordpress\/ -->\n<title>Gesti\u00f3n del agua - Movimiento de los Focolares<\/title>\n<meta name=\"robots\" content=\"index, follow, max-snippet:-1, max-image-preview:large, max-video-preview:-1\" \/>\n<link rel=\"canonical\" href=\"https:\/\/focolares.es\/eu\/uraren-kudeaketa\/\" \/>\n<meta property=\"og:locale\" content=\"en_US\" \/>\n<meta property=\"og:type\" content=\"article\" \/>\n<meta property=\"og:title\" content=\"Gesti\u00f3n del agua - Movimiento de los Focolares\" \/>\n<meta property=\"og:description\" content=\"En la reuni\u00f3n del martes 25 de abril se tratar\u00e1 el caso:&nbsp;Gesti\u00f3n del agua y del ciclo de los servicios asociados. Para esta sesi\u00f3n se contar\u00e1 con&nbsp;Lorenzo Correa,&nbsp;Ingeniero civil &amp; Coach. Como en anteriores ocasiones, se podr\u00e1 seguir&nbsp;online&nbsp;para facilitar la participaci\u00f3n de personas de todos los pa\u00edses de lengua castellana. El formato contin\u00faa siendo el mismo: exposici\u00f3n de un caso real de gesti\u00f3n empresarial sobre el que los asistentes podr\u00e1n expresar sus opiniones y realizar propuestas concretas. La pr\u00f3xima sesi\u00f3n ser\u00e1 el martes 25 de abril de 2023, en horario de 19 a 20:30 h. Zona horaria: Madrid, Roma, Par\u00eds. Para participar en la reuni\u00f3n por videoconferencia&nbsp;Zoom&nbsp;se requiere que las personas interesadas confirmen su asistencia por&nbsp;correo electr\u00f3nico. En el plazo m\u00e1s breve posible recibir\u00e1n un resumen escrito del caso que se tratar\u00e1, para que puedan preparar sus opiniones y propuestas, si as\u00ed lo desean. El d\u00eda de la reuni\u00f3n les llegar\u00e1n por correo electr\u00f3nico las indicaciones para conectar. Para conocer m\u00e1s al\u00a0Grupo,\u00a0perteneciente a\u00a0Humanidad Nueva,\u00a0se puede acceder a\u00a0su presentaci\u00f3n. Puede ponerse en contacto con ellos a trav\u00e9s del\u00a0correo electr\u00f3nico. El\u00a0Grupo de Gesti\u00f3n Empresarial de Barcelona\u00a0se encuentra asociado a la\u00a0Econom\u00eda de Comuni\u00f3n\u00a0como\u00a0C\u00edrculo de Comuni\u00f3n.\" \/>\n<meta property=\"og:url\" content=\"https:\/\/focolares.es\/eu\/uraren-kudeaketa\/\" \/>\n<meta property=\"og:site_name\" content=\"Movimiento de los Focolares\" \/>\n<meta property=\"article:published_time\" content=\"2023-04-17T17:49:16+00:00\" \/>\n<meta property=\"article:modified_time\" content=\"2024-03-12T08:56:39+00:00\" \/>\n<meta property=\"og:image\" content=\"https:\/\/focolares.es\/wp-content\/uploads\/2024\/03\/20230425_GrupGestioEmpresarial_cartel.jpg\" \/>\n<meta name=\"author\" content=\"Jordi Illa\" \/>\n<meta name=\"twitter:card\" content=\"summary_large_image\" \/>\n<meta name=\"twitter:label1\" content=\"Written by\" \/>\n\t<meta name=\"twitter:data1\" content=\"Jordi Illa\" \/>\n\t<meta name=\"twitter:label2\" content=\"Est. reading time\" \/>\n\t<meta name=\"twitter:data2\" content=\"1 minutua\" \/>\n<script type=\"application\/ld+json\" class=\"yoast-schema-graph\">{\"@context\":\"https:\/\/schema.org\",\"@graph\":[{\"@type\":\"Article\",\"@id\":\"https:\/\/focolares.es\/gestion-del-agua\/#article\",\"isPartOf\":{\"@id\":\"https:\/\/focolares.es\/gestion-del-agua\/\"},\"author\":{\"name\":\"Jordi Illa\",\"@id\":\"https:\/\/focolares.es\/#\/schema\/person\/126bed8dcef374cce0a19e99bfdc4fcd\"},\"headline\":\"Gesti\u00f3n del agua\",\"datePublished\":\"2023-04-17T17:49:16+00:00\",\"dateModified\":\"2024-03-12T08:56:39+00:00\",\"mainEntityOfPage\":{\"@id\":\"https:\/\/focolares.es\/gestion-del-agua\/\"},\"wordCount\":247,\"commentCount\":0,\"publisher\":{\"@id\":\"https:\/\/focolares.es\/#organization\"},\"image\":{\"@id\":\"https:\/\/focolares.es\/gestion-del-agua\/#primaryimage\"},\"thumbnailUrl\":\"https:\/\/focolares.es\/wp-content\/uploads\/2024\/03\/20230425_GrupGestioEmpresarial.jpg\",\"articleSection\":[\"Uncategorized\"],\"inLanguage\":\"eu\",\"potentialAction\":[{\"@type\":\"CommentAction\",\"name\":\"Comment\",\"target\":[\"https:\/\/focolares.es\/gestion-del-agua\/#respond\"]}]},{\"@type\":\"WebPage\",\"@id\":\"https:\/\/focolares.es\/gestion-del-agua\/\",\"url\":\"https:\/\/focolares.es\/gestion-del-agua\/\",\"name\":\"Gesti\u00f3n del agua - Movimiento de los Focolares\",\"isPartOf\":{\"@id\":\"https:\/\/focolares.es\/#website\"},\"primaryImageOfPage\":{\"@id\":\"https:\/\/focolares.es\/gestion-del-agua\/#primaryimage\"},\"image\":{\"@id\":\"https:\/\/focolares.es\/gestion-del-agua\/#primaryimage\"},\"thumbnailUrl\":\"https:\/\/focolares.es\/wp-content\/uploads\/2024\/03\/20230425_GrupGestioEmpresarial.jpg\",\"datePublished\":\"2023-04-17T17:49:16+00:00\",\"dateModified\":\"2024-03-12T08:56:39+00:00\",\"breadcrumb\":{\"@id\":\"https:\/\/focolares.es\/gestion-del-agua\/#breadcrumb\"},\"inLanguage\":\"eu\",\"potentialAction\":[{\"@type\":\"ReadAction\",\"target\":[\"https:\/\/focolares.es\/gestion-del-agua\/\"]}]},{\"@type\":\"ImageObject\",\"inLanguage\":\"eu\",\"@id\":\"https:\/\/focolares.es\/gestion-del-agua\/#primaryimage\",\"url\":\"https:\/\/focolares.es\/wp-content\/uploads\/2024\/03\/20230425_GrupGestioEmpresarial.jpg\",\"contentUrl\":\"https:\/\/focolares.es\/wp-content\/uploads\/2024\/03\/20230425_GrupGestioEmpresarial.jpg\",\"width\":784,\"height\":441},{\"@type\":\"BreadcrumbList\",\"@id\":\"https:\/\/focolares.es\/gestion-del-agua\/#breadcrumb\",\"itemListElement\":[{\"@type\":\"ListItem\",\"position\":1,\"name\":\"Portada\",\"item\":\"https:\/\/focolares.es\/\"},{\"@type\":\"ListItem\",\"position\":2,\"name\":\"Gesti\u00f3n del agua\"}]},{\"@type\":\"WebSite\",\"@id\":\"https:\/\/focolares.es\/#website\",\"url\":\"https:\/\/focolares.es\/\",\"name\":\"Movimiento de los Focolares\",\"description\":\"\",\"publisher\":{\"@id\":\"https:\/\/focolares.es\/#organization\"},\"potentialAction\":[{\"@type\":\"SearchAction\",\"target\":{\"@type\":\"EntryPoint\",\"urlTemplate\":\"https:\/\/focolares.es\/?s={search_term_string}\"},\"query-input\":{\"@type\":\"PropertyValueSpecification\",\"valueRequired\":true,\"valueName\":\"search_term_string\"}}],\"inLanguage\":\"eu\"},{\"@type\":\"Organization\",\"@id\":\"https:\/\/focolares.es\/#organization\",\"name\":\"Movimiento de los Focolares\",\"url\":\"https:\/\/focolares.es\/\",\"logo\":{\"@type\":\"ImageObject\",\"inLanguage\":\"eu\",\"@id\":\"https:\/\/focolares.es\/#\/schema\/logo\/image\/\",\"url\":\"https:\/\/focolares.es\/wp-content\/uploads\/2024\/03\/Logo_focolares-1024x944-1.jpg\",\"contentUrl\":\"https:\/\/focolares.es\/wp-content\/uploads\/2024\/03\/Logo_focolares-1024x944-1.jpg\",\"width\":1024,\"height\":944,\"caption\":\"Movimiento de los Focolares\"},\"image\":{\"@id\":\"https:\/\/focolares.es\/#\/schema\/logo\/image\/\"}},{\"@type\":\"Person\",\"@id\":\"https:\/\/focolares.es\/#\/schema\/person\/126bed8dcef374cce0a19e99bfdc4fcd\",\"name\":\"Jordi Illa\",\"image\":{\"@type\":\"ImageObject\",\"inLanguage\":\"eu\",\"@id\":\"https:\/\/focolares.es\/wp-content\/litespeed\/avatar\/e8decbc8631810d24ab614c6ffa68ee7.jpg?ver=1777387854\",\"url\":\"https:\/\/focolares.es\/wp-content\/litespeed\/avatar\/e8decbc8631810d24ab614c6ffa68ee7.jpg?ver=1777387854\",\"contentUrl\":\"https:\/\/focolares.es\/wp-content\/litespeed\/avatar\/e8decbc8631810d24ab614c6ffa68ee7.jpg?ver=1777387854\",\"caption\":\"Jordi Illa\"},\"url\":\"https:\/\/focolares.es\/eu\/author\/jordi\/\"}]}<\/script>\n<!-- \/ Yoast SEO plugin. -->","yoast_head_json":{"title":"Uraren Kudeaketa - Fokolarien Mugimendua","robots":{"index":"index","follow":"follow","max-snippet":"max-snippet:-1","max-image-preview":"max-image-preview:large","max-video-preview":"max-video-preview:-1"},"canonical":"https:\/\/focolares.es\/eu\/uraren-kudeaketa\/","og_locale":"en_US","og_type":"article","og_title":"Gesti\u00f3n del agua - Movimiento de los Focolares","og_description":"En la reuni\u00f3n del martes 25 de abril se tratar\u00e1 el caso:&nbsp;Gesti\u00f3n del agua y del ciclo de los servicios asociados. Para esta sesi\u00f3n se contar\u00e1 con&nbsp;Lorenzo Correa,&nbsp;Ingeniero civil &amp; Coach. Como en anteriores ocasiones, se podr\u00e1 seguir&nbsp;online&nbsp;para facilitar la participaci\u00f3n de personas de todos los pa\u00edses de lengua castellana. El formato contin\u00faa siendo el mismo: exposici\u00f3n de un caso real de gesti\u00f3n empresarial sobre el que los asistentes podr\u00e1n expresar sus opiniones y realizar propuestas concretas. La pr\u00f3xima sesi\u00f3n ser\u00e1 el martes 25 de abril de 2023, en horario de 19 a 20:30 h. Zona horaria: Madrid, Roma, Par\u00eds. Para participar en la reuni\u00f3n por videoconferencia&nbsp;Zoom&nbsp;se requiere que las personas interesadas confirmen su asistencia por&nbsp;correo electr\u00f3nico. En el plazo m\u00e1s breve posible recibir\u00e1n un resumen escrito del caso que se tratar\u00e1, para que puedan preparar sus opiniones y propuestas, si as\u00ed lo desean. El d\u00eda de la reuni\u00f3n les llegar\u00e1n por correo electr\u00f3nico las indicaciones para conectar. Para conocer m\u00e1s al\u00a0Grupo,\u00a0perteneciente a\u00a0Humanidad Nueva,\u00a0se puede acceder a\u00a0su presentaci\u00f3n. Puede ponerse en contacto con ellos a trav\u00e9s del\u00a0correo electr\u00f3nico. El\u00a0Grupo de Gesti\u00f3n Empresarial de Barcelona\u00a0se encuentra asociado a la\u00a0Econom\u00eda de Comuni\u00f3n\u00a0como\u00a0C\u00edrculo de Comuni\u00f3n.","og_url":"https:\/\/focolares.es\/eu\/uraren-kudeaketa\/","og_site_name":"Movimiento de los Focolares","article_published_time":"2023-04-17T17:49:16+00:00","article_modified_time":"2024-03-12T08:56:39+00:00","og_image":[{"url":"https:\/\/focolares.es\/wp-content\/uploads\/2024\/03\/20230425_GrupGestioEmpresarial_cartel.jpg","type":"","width":"","height":""}],"author":"Jordi Illa","twitter_card":"summary_large_image","twitter_misc":{"Written by":"Jordi Illa","Est. reading time":"1 minutua"},"schema":{"@context":"https:\/\/schema.org","@graph":[{"@type":"Article","@id":"https:\/\/focolares.es\/gestion-del-agua\/#article","isPartOf":{"@id":"https:\/\/focolares.es\/gestion-del-agua\/"},"author":{"name":"Jordi Illa","@id":"https:\/\/focolares.es\/#\/schema\/person\/126bed8dcef374cce0a19e99bfdc4fcd"},"headline":"Gesti\u00f3n del agua","datePublished":"2023-04-17T17:49:16+00:00","dateModified":"2024-03-12T08:56:39+00:00","mainEntityOfPage":{"@id":"https:\/\/focolares.es\/gestion-del-agua\/"},"wordCount":247,"commentCount":0,"publisher":{"@id":"https:\/\/focolares.es\/#organization"},"image":{"@id":"https:\/\/focolares.es\/gestion-del-agua\/#primaryimage"},"thumbnailUrl":"https:\/\/focolares.es\/wp-content\/uploads\/2024\/03\/20230425_GrupGestioEmpresarial.jpg","articleSection":["Uncategorized"],"inLanguage":"eu","potentialAction":[{"@type":"CommentAction","name":"Comment","target":["https:\/\/focolares.es\/gestion-del-agua\/#respond"]}]},{"@type":"WebPage","@id":"https:\/\/focolares.es\/gestion-del-agua\/","url":"https:\/\/focolares.es\/gestion-del-agua\/","name":"Uraren Kudeaketa - Fokolarien Mugimendua","isPartOf":{"@id":"https:\/\/focolares.es\/#website"},"primaryImageOfPage":{"@id":"https:\/\/focolares.es\/gestion-del-agua\/#primaryimage"},"image":{"@id":"https:\/\/focolares.es\/gestion-del-agua\/#primaryimage"},"thumbnailUrl":"https:\/\/focolares.es\/wp-content\/uploads\/2024\/03\/20230425_GrupGestioEmpresarial.jpg","datePublished":"2023-04-17T17:49:16+00:00","dateModified":"2024-03-12T08:56:39+00:00","breadcrumb":{"@id":"https:\/\/focolares.es\/gestion-del-agua\/#breadcrumb"},"inLanguage":"eu","potentialAction":[{"@type":"ReadAction","target":["https:\/\/focolares.es\/gestion-del-agua\/"]}]},{"@type":"ImageObject","inLanguage":"eu","@id":"https:\/\/focolares.es\/gestion-del-agua\/#primaryimage","url":"https:\/\/focolares.es\/wp-content\/uploads\/2024\/03\/20230425_GrupGestioEmpresarial.jpg","contentUrl":"https:\/\/focolares.es\/wp-content\/uploads\/2024\/03\/20230425_GrupGestioEmpresarial.jpg","width":784,"height":441},{"@type":"BreadcrumbList","@id":"https:\/\/focolares.es\/gestion-del-agua\/#breadcrumb","itemListElement":[{"@type":"ListItem","position":1,"name":"Portada","item":"https:\/\/focolares.es\/"},{"@type":"ListItem","position":2,"name":"Gesti\u00f3n del agua"}]},{"@type":"WebSite","@id":"https:\/\/focolares.es\/#website","url":"https:\/\/focolares.es\/","name":"Fokolareen Mugimenduaren","description":"","publisher":{"@id":"https:\/\/focolares.es\/#organization"},"potentialAction":[{"@type":"SearchAction","target":{"@type":"EntryPoint","urlTemplate":"https:\/\/focolares.es\/?s={search_term_string}"},"query-input":{"@type":"PropertyValueSpecification","valueRequired":true,"valueName":"search_term_string"}}],"inLanguage":"eu"},{"@type":"Organization","@id":"https:\/\/focolares.es\/#organization","name":"Fokolareen Mugimenduaren","url":"https:\/\/focolares.es\/","logo":{"@type":"ImageObject","inLanguage":"eu","@id":"https:\/\/focolares.es\/#\/schema\/logo\/image\/","url":"https:\/\/focolares.es\/wp-content\/uploads\/2024\/03\/Logo_focolares-1024x944-1.jpg","contentUrl":"https:\/\/focolares.es\/wp-content\/uploads\/2024\/03\/Logo_focolares-1024x944-1.jpg","width":1024,"height":944,"caption":"Movimiento de los Focolares"},"image":{"@id":"https:\/\/focolares.es\/#\/schema\/logo\/image\/"}},{"@type":"Person","@id":"https:\/\/focolares.es\/#\/schema\/person\/126bed8dcef374cce0a19e99bfdc4fcd","name":"Jordi Illa","image":{"@type":"ImageObject","inLanguage":"eu","@id":"https:\/\/focolares.es\/wp-content\/litespeed\/avatar\/e8decbc8631810d24ab614c6ffa68ee7.jpg?ver=1777387854","url":"https:\/\/focolares.es\/wp-content\/litespeed\/avatar\/e8decbc8631810d24ab614c6ffa68ee7.jpg?ver=1777387854","contentUrl":"https:\/\/focolares.es\/wp-content\/litespeed\/avatar\/e8decbc8631810d24ab614c6ffa68ee7.jpg?ver=1777387854","caption":"Jordi Illa"},"url":"https:\/\/focolares.es\/eu\/author\/jordi\/"}]}},"views":32,"_links":{"self":[{"href":"https:\/\/focolares.es\/eu\/wp-json\/wp\/v2\/posts\/4545","targetHints":{"allow":["GET"]}}],"collection":[{"href":"https:\/\/focolares.es\/eu\/wp-json\/wp\/v2\/posts"}],"about":[{"href":"https:\/\/focolares.es\/eu\/wp-json\/wp\/v2\/types\/post"}],"author":[{"embeddable":true,"href":"https:\/\/focolares.es\/eu\/wp-json\/wp\/v2\/users\/3"}],"replies":[{"embeddable":true,"href":"https:\/\/focolares.es\/eu\/wp-json\/wp\/v2\/comments?post=4545"}],"version-history":[{"count":1,"href":"https:\/\/focolares.es\/eu\/wp-json\/wp\/v2\/posts\/4545\/revisions"}],"predecessor-version":[{"id":4597,"href":"https:\/\/focolares.es\/eu\/wp-json\/wp\/v2\/posts\/4545\/revisions\/4597"}],"wp:featuredmedia":[{"embeddable":true,"href":"https:\/\/focolares.es\/eu\/wp-json\/wp\/v2\/media\/4546"}],"wp:attachment":[{"href":"https:\/\/focolares.es\/eu\/wp-json\/wp\/v2\/media?parent=4545"}],"wp:term":[{"taxonomy":"category","embeddable":true,"href":"https:\/\/focolares.es\/eu\/wp-json\/wp\/v2\/categories?post=4545"},{"taxonomy":"post_tag","embeddable":true,"href":"https:\/\/focolares.es\/eu\/wp-json\/wp\/v2\/tags?post=4545"}],"curies":[{"name":"wp","href":"https:\/\/api.w.org\/{rel}","templated":true}]}}