{"id":4598,"date":"2023-04-03T09:56:44","date_gmt":"2023-04-03T07:56:44","guid":{"rendered":"https:\/\/focolares.es\/?p=4598"},"modified":"2026-04-17T21:53:04","modified_gmt":"2026-04-17T19:53:04","slug":"pertsonaren-babes-integralaren-kultura-baterantz","status":"publish","type":"post","link":"https:\/\/focolares.es\/eu\/hacia-una-cultura-de-la-proteccion-integral-de-la-persona\/","title":{"rendered":"Pertsonaren babes integralaren kultura baterantz"},"content":{"rendered":"<p>Lankidetzan,&nbsp;<em>Fokolareen Mugimenduaren<\/em>&nbsp;Mugimenduaren baitan gertatzen diren adingabeen eta heldu ahulei buruzko tratu txarren kasuei buruzko lehen txostena argitaratzen du, baita espiritual eta autoritate gehiegikeriak ere. Era berean, neurri zuzentzaileei, ikerketa-prozedura berriei eta babes pertsonalari zuzendutako prestakuntza-jarduerei buruzko informazioa jasotzen du.<\/p>\n\n\n\n<p>Txostena gutun batekin hasten da&nbsp;<strong>Margaret Karram-ek<\/strong>&nbsp;eta&nbsp;<strong>Jesus Moran<\/strong>, presidentea eta lehendakarikidea&nbsp;<em>Fokolarrak<\/em>: \u00ab<em>Focolaren Mugimendu gisa hartu ditugun jakinarazpen eta neurriei buruzko txosten publikoa aurkezteko idazten ari gara, adingabeen eta pertsona zaurgarrien aurkako sexu abusuaren gaitzagatik; eta helduen gaineko kontzientzia, espiritualtasun eta aginte gehiegikeriak, gu ere ez gaituzte salbatu\u00bb.<\/em>.<\/p>\n\n\n\n<p>Dokumentua&nbsp;<a href=\"https:\/\/www.focolare.org\/wp-content\/uploads\/2023\/04\/CGO-00-20230331-Resoconto_MdF_2022-23_Tutela_Persona-ESP.pdf\" target=\"_blank\" rel=\"noreferrer noopener\"><em>Pertsonaren babes integralaren kultura baterantz<\/em><\/a>, urtero berrituko da eta egindako ikerketaren emaitzak ezagutarazi eta urtebetera argitaratzen da.&nbsp;<a href=\"https:\/\/www.focolare.org\/espana\/es\/news\/2022\/03\/30\/informe-de-la-investigacion-independiente-de-gcps-consulting\/\" target=\"_blank\" rel=\"noreferrer noopener\">GCPS Aholkularitza<\/a>&nbsp;Frantziako focolarino ohi batek egindako sexu abusu kasu larriei buruz.<\/p>\n\n\n\n<p>Lankidetzan,&nbsp;<em>Fokolareen Mugimenduaren<\/em>&nbsp;Bere jarduera garatzen diren eremu eta ingurune guztietan pertsonen prebentzioa eta babes integrala bermatzeko beharrezko neurriak hartzeko lan egiten du. Hori dela eta, orain argitaratzen ari den dokumentua - azaldu dute lehendakariak eta lehendakariordeak&nbsp;<em>Fokolarrak<\/em>\u2012, \u00ab<em>Focolaren Mugimenduak delitu horri aurre egiteko hartutako prebentzio, ikerketa, gardentasun, prestakuntza eta aldaketa neurriei buruzko lehen txostena da.<\/em><\/p>\n\n\n\n<p>Lehendakariak eta Lehendakarikideak bihotzez barkamena eskatzen diete biktima eta bizirik atera diren bakoitzari, haren izenean&nbsp;<em>Fokolareen Mugimenduaren<\/em><strong>,&nbsp;<\/strong>aldi berean, esker ona adieraziz, baita Frantzian ez ezik, tratu txar kasuak agertu diren herrialde guztietan inplikatutako biktimei, familiei eta komunitateei ere, izan ere, haien lankidetzari esker eta, batez ere, krimen hauei aurre egiteko eta agerian jartzeko ausardiari esker,&nbsp;<em>Mugimendua<\/em>&nbsp;Pertsonen babesari buruzko konpromiso eta prozedura berriak modu kontzienteagoan ezartzen ari da.<\/p>\n\n\n\n<p>Txostenak hainbat atal ditu eta salatutako abusuei buruzko datuak aurkezten ditu&nbsp;<em>Pertsonaren Ongizaterako eta Zaintzeko Batzordea<\/em>&nbsp;(<em>CO.BE.TU.<\/em>) sortu zenetik, 2014; Hori dela eta, jakinarazpenak sistematikoki biltzen ditu 2022ko abendura arte. Txostenak, halaber, &quot;pertsonaren babesari buruzko oinarrizko ikastaroei&quot; buruzko datuak aurkezten ditu herrialde ezberdinetan.&nbsp;<em>Fokolareen Mugimenduaren<\/em>.<\/p>\n\n\n\n<p>Beste atal bat dagoeneko indarrean dauden edo ezartzeko prozesuan dauden lehentasunezko neurriei eskainita dago, ikerketa independentearen gomendioei erantzunez.&nbsp;<em>GCPS Aholkularitza<\/em>. Pertsona babesteko ikastaroak eta prestakuntza-tresnak bazkide guztien eskura daude&nbsp;<em>Mugimendua<\/em>, batez ere adingabeen prestatzaile eta bidelagunenak. Prestakuntza-jarduerak martxan jarri dira dagoeneko arduradunentzat&nbsp;<em>Mugimendua<\/em>&nbsp;maila ezberdinetan: kudeaketa zentraletik eremu geografiko ezberdinetako lurralde kudeatzaileetaraino.<\/p>\n\n\n\n<p>2023ko maiatzaren 1ean&nbsp;<em>Batzorde independente nagusia<\/em>&nbsp;eta zeregina beteko du&nbsp;<em>CO.BE.TU.<\/em>&nbsp;Organo berria jakinarazpenak izapidetzeaz arduratuko da esklusiboki, eta prestakuntza maila zentralean eta lokalean koordinatuko du beste aditu eta aholkulari talde batek.<\/p>\n\n\n\n<p>Txostenak ere aurkezten du&nbsp;<a href=\"https:\/\/www.focolare.org\/wp-content\/uploads\/2023\/03\/CGO-00-20230328-Protocollo_MdF_gestione_casi_abuso-SP.pdf\"><em>Focolaren mugimenduan tratu txarren kasuak kudeatzeko protokoloa<\/em><\/a>, du&nbsp;<em>Batzorde Zentral Independentearen eskumenak&nbsp;<\/em>eta&nbsp;<a href=\"https:\/\/www.focolare.org\/wp-content\/uploads\/2023\/03\/CGO-00-20230328-MdF-Linee-di-sostegno-alle-vittime-e-riparazione-finanziaria-ESP.pdf\"><em>Laguntza-lerroak eta konpentsazio ekonomikoa adingabeen eta heldu ahulenen aurkako sexu-abusu kasuetan<\/em><\/a>.<\/p>\n\n\n\n<p>Jakinarazpena, txostena eta ikerketa prozedurei dagokienez, jakinarazpena derrigorrezkoa den herrialdeetan, jakinarazpena berehala igortzen zaie agintari judizialei. Legeria nazionalak ez badu derrigorrezko salaketarik aurreikusten, baina egitateak, hala ere, delitutzat hartzen badira, batzordeak salaketa aurkeztuko du agintari judizialei gertakarien sinesgarritasuna egiaztatu eta berehala, biktimak edo haien gurasoek aurka egiten ez badute. Nazioarteko lege-arauekin bat etorriz, gehiegikeria baten berri ere egingo da, nahiz eta preskripzio-epea iraungi.<\/p>\n\n\n\n<p><a href=\"https:\/\/www.focolare.org\/wp-content\/uploads\/2023\/04\/CGO-00-20230331-Resoconto_MdF_2022-23_Tutela_Persona-ESP.pdf\" target=\"_blank\" rel=\"noreferrer noopener\">Deskargatu PDF Focolaren mugimenduan tratu txarren kasuak kudeatzeari buruzko txostena.<\/a><\/p>","protected":false},"excerpt":{"rendered":"<p>Focolaren Mugimenduak bere lehen txostena argitaratzen du Mugimenduaren barruan gertatzen diren adingabeen eta heldu ahulen aurkako tratu txarren kasuei buruz, tratu txar espiritualak eta autoritate gehiegikeria barne. Era berean, neurri zuzentzaileei, ikerketa-prozedura berriei eta babes pertsonalari zuzendutako prestakuntza-jarduerei buruzko informazioa jasotzen du. Txostena Margaret Karram eta Jes\u00fas Mor\u00e1n Focolaren Mugimenduko presidente eta presidentekidearen gutun batekin hasten da: &quot;Focolaren Mugimendu gisa hartutako jakinarazpenei eta neurriei buruzko datuei buruzko txosten publikoa aurkezteko idazten ari gara, adingabeen eta pertsona ahulen aurkako sexu abusuen gaitzagatik; eta kontzientzia, espiritualtasun eta agintaritza gehiegikeriak helduen aurrean ere ez ditugu salbatu&quot;. &quot;Pertsonaren babes integralaren kulturarantz&quot; dokumentua urtero eguneratuko da eta GCPS Consulting-ek focolarino ohi batek egindako sexu abusu kasu larriei buruz egindako ikerketaren emaitzak kaleratu eta urtebetera argitaratuko dira. Focolaren Mugimenduak bere jarduerak egiten diren eremu eta ingurune guztietan pertsonen prebentzioa eta babes integrala bermatzeko beharrezko neurriak hartzeko lan egiten du. Hori dela eta, orain argitaratzen ari den dokumentua \u2014Focolaren Mugimenduko presidenteak eta presidentekideek azaltzen dute\u2014 \u00abFocolaren Mugimenduak delitu horri aurre egiteko hartutako prebentzio, ikerketa, gardentasun, prestakuntza eta aldaketa neurriei buruzko lehen txostena da\u00bb. Lehendakariak eta Lehendakariordeak barkamena eskatzen diete biktimen eta bizirik irtendako bakoitzari Fokolarien Mugimenduaren izenean, eta esker ona adierazi zieten, baita inplikatutako biktimei, familiei eta komunitateei ere, ez bakarrik Frantzian, baita tratu txar kasuak agertu diren herrialde guztietan ere, haien lankidetzari esker eta, batez ere, krimen hauei aurre egiteko eta argitzeko ausardia dela eta. pertsonen babesari buruzko konpromisoak eta prozedurak. Txostenak hainbat atal ditu eta 2014an sortu zenetik Pertsonen Ongizate eta Babeserako Batzordeari (CO.BE.TU.) salatutako abusuei buruzko datuak aurkezten ditu; Hori dela eta, 2022ko abendura arteko jakinarazpenak biltzen ditu sistematikoki. Txostenak Focolaren Mugimenduak diharduen herrialdeetan egindako &quot;pertsonaren babesari buruzko oinarrizko ikastaroei&quot; buruzko datuak ere aurkezten ditu. Beste atal bat dagoeneko indarrean dauden edo ezartzeko prozesuan dauden lehentasunezko neurriei eskaintzen zaie, GCPS Consulting-ek egindako ikerketa independentearen gomendioei erantzunez. Babes pertsonalerako ikastaroak eta prestakuntza-tresnak Mugimenduko kide guztien eskura daude, bereziki prestatzaile eta adingabeen zaintzaileentzat. Dagoeneko hainbat mailatako Mugimenduko buruzagientzako prestakuntza-jarduerak martxan jarri dira, zuzendaritza zentraletik hasi eta eremu geografiko ezberdinetako lurralde-buruetaraino. 2023ko maiatzaren 1ean Batzorde Independente Zentrala martxan jarriko da eta CO.BE.TUren lana amaituko da. Organo berria jakinarazpenak izapidetzeaz arduratuko da esklusiboki, eta prestakuntza maila zentralean eta lokalean koordinatuko du beste aditu eta aholkulari talde batek. Txostenak Focolaren Mugimenduko Abusu Kasuak Kudeatzeko Protokoloa, Batzorde Independente Zentralaren Eskumenak eta Adingabeen eta Heldu Ahulenen Sexu Abusu Kasuetan Laguntza eta Finantza Erreparazio Ildoak ere aurkezten ditu. Jakinarazpena, txostena eta ikerketa prozedurei dagokienez, jakinarazpena derrigorrezkoa den herrialdeetan, jakinarazpena berehala igortzen zaie agintari judizialei. Legeria nazionalak ez badu derrigorrezko salaketarik aurreikusten, baina egitateak, hala ere, delitutzat hartzen badira, batzordeak salaketa aurkeztuko du agintari judizialei gertakarien sinesgarritasuna egiaztatu eta berehala, biktimak edo haien gurasoek aurka egiten ez badute. Nazioarteko lege-arauekin bat etorriz, gehiegikeria baten berri ere egingo da, nahiz eta preskripzio-epea iraungi. Deskargatu PDF Focolaren mugimenduan tratu txarren kasuak kudeatzeari buruzko txostena.<\/p>","protected":false},"author":3,"featured_media":4599,"comment_status":"open","ping_status":"closed","sticky":false,"template":"","format":"standard","meta":{"_price":"","_stock":"","_tribe_ticket_header":"","_tribe_default_ticket_provider":"","_tribe_ticket_capacity":"0","_ticket_start_date":"","_ticket_end_date":"","_tribe_ticket_show_description":"","_tribe_ticket_show_not_going":false,"_tribe_ticket_use_global_stock":"","_tribe_ticket_global_stock_level":"","_global_stock_mode":"","_global_stock_cap":"","_tribe_rsvp_for_event":"","_tribe_ticket_going_count":"","_tribe_ticket_not_going_count":"","_tribe_tickets_list":"[]","_tribe_ticket_has_attendee_info_fields":false,"footnotes":""},"categories":[1],"tags":[41],"class_list":["post-4598","post","type-post","status-publish","format-standard","has-post-thumbnail","hentry","category-uncategorized","tag-entornos-seguros"],"yoast_head":"<!-- This site is optimized with the Yoast SEO plugin v27.2 - https:\/\/yoast.com\/product\/yoast-seo-wordpress\/ -->\n<title>Hacia una cultura de la protecci\u00f3n integral de la persona - Movimiento de los Focolares<\/title>\n<meta name=\"robots\" content=\"index, follow, max-snippet:-1, max-image-preview:large, max-video-preview:-1\" \/>\n<link rel=\"canonical\" href=\"https:\/\/focolares.es\/eu\/pertsonaren-babes-integralaren-kultura-baterantz\/\" \/>\n<meta property=\"og:locale\" content=\"en_US\" \/>\n<meta property=\"og:type\" content=\"article\" \/>\n<meta property=\"og:title\" content=\"Hacia una cultura de la protecci\u00f3n integral de la persona - Movimiento de los Focolares\" \/>\n<meta property=\"og:description\" content=\"El&nbsp;Movimiento de los Focolares&nbsp;publica el primer informe sobre casos de abusos a menores y adultos vulnerables, incluyendo abusos espirituales y de autoridad ocurridos en el \u00e1mbito del Movimiento. Recoge tambi\u00e9n informaci\u00f3n referente a medidas de reparaci\u00f3n, nuevos procedimientos de investigaci\u00f3n y actividades formativas destinadas a la protecci\u00f3n de la persona. Dicho informe comienza con una carta de&nbsp;Margaret Karram&nbsp;y&nbsp;Jes\u00fas Mor\u00e1n, Presidenta y Copresidente de los&nbsp;Focolares: \u00abLes escribimos para&nbsp;presentar&nbsp;un informe p\u00fablico sobre los datos relativos a las notificaciones&nbsp;y las medidas que hemos emprendido como Movimiento de los Focolares, a causa de la llaga de los abusos sexuales a&nbsp;menores y a&nbsp;personas vulnerables; y abusos de conciencia, espirituales y de autoridad sobre adultos, de los que tampoco&nbsp;nosotros hemos quedado indemnes\u00bb. El documento&nbsp;Hacia una cultura de la protecci\u00f3n integral de la persona, se renovar\u00e1 anualmente y se publica un a\u00f1o despu\u00e9s de la divulgaci\u00f3n de los resultados de la investigaci\u00f3n realizada por&nbsp;GCPS Consulting&nbsp;sobre los graves casos de abuso sexual cometidos por un ex focolarino franc\u00e9s. El&nbsp;Movimiento de los Focolares&nbsp;trabaja para adoptar las medidas necesarias que garanticen la prevenci\u00f3n y protecci\u00f3n integral de la persona en todos los \u00e1mbitos y entornos en los que se desarrollan sus actividades. Por ello, el documento que ahora se publica \u2012explican la Presidenta y el Copresidente de los&nbsp;Focolares\u2012, \u00abes un primer informe sobre las medidas de prevenci\u00f3n, investigaci\u00f3n, transparencia, formaci\u00f3n y cambio, emprendidas por el Movimiento de los Focolares, para contrarrestar este crimen\u00bb. La Presidenta y el Copresidente piden sinceramente perd\u00f3n a cada una de las v\u00edctimas y de los sobrevivientes en nombre del&nbsp;Movimiento de los Focolares,&nbsp;al tiempo que les expresan un profundo agradecimiento, as\u00ed como a las v\u00edctimas, familias y a las comunidades implicadas no solo en Francia, sino en todos los pa\u00edses en los que han emergido casos de abusos, porque gracias a su cooperaci\u00f3n y, sobre todo, a su valent\u00eda para afrontar y sacar a la luz estos cr\u00edmenes, el&nbsp;Movimiento&nbsp;est\u00e1 llevando a cabo m\u00e1s conscientemente nuevos compromisos y procedimientos en lo que se refiere a la protecci\u00f3n de las personas. El informe consta de varias partes y presenta los datos relativos a los abusos notificados a la&nbsp;Comisi\u00f3n para el Bienestar y la Protecci\u00f3n de la Persona&nbsp;(CO.BE.TU.) desde el a\u00f1o de su creaci\u00f3n, 2014; por tanto, recopila sistem\u00e1ticamente las notificaciones hasta diciembre de 2022.&nbsp; El informe tambi\u00e9n presenta datos relativos a los \u00abcursos b\u00e1sicos sobre la protecci\u00f3n de la persona\u00bb realizados en los diferentes pa\u00edses en los que trabaja el&nbsp;Movimiento de los Focolares. Otra secci\u00f3n est\u00e1 dedicada a las medidas prioritarias ya en acto o en proceso de implementaci\u00f3n, como respuesta a las recomendaciones de la investigaci\u00f3n independiente de&nbsp;GCPS Consulting. Los cursos y las herramientas de formaci\u00f3n para la protecci\u00f3n de la persona, est\u00e1n a disposici\u00f3n de todos los miembros del&nbsp;Movimiento, especialmente de los formadores y acompa\u00f1antes de los menores. Ya se han puesto en marcha actividades de formaci\u00f3n para los responsables del&nbsp;Movimiento&nbsp;a distintos niveles: desde la direcci\u00f3n central hasta los responsables territoriales en las distintas zonas geogr\u00e1ficas. El 1 de mayo de 2023, entrar\u00e1 en funci\u00f3n la&nbsp;Comisi\u00f3n Independiente Central&nbsp;y finalizar\u00e1 la tarea de la&nbsp;CO.BE.TU.&nbsp;El nuevo organismo se ocupar\u00e1 exclusivamente de la tramitaci\u00f3n de las notificaciones, mientras que la formaci\u00f3n ser\u00e1 coordinada a nivel central y local por otro equipo de expertos y consultores. El informe presenta tambi\u00e9n el&nbsp;Protocolo para la gesti\u00f3n de los casos de abusos en el Movimiento de los Focolares, las&nbsp;Competencias de la Comisi\u00f3n Independiente Central&nbsp;y las&nbsp;L\u00edneas de apoyo y reparaci\u00f3n econ\u00f3mica en casos de abusos sexuales a menores y adultos vulnerables. En lo que concierne a los procedimientos de notificaci\u00f3n, denuncia e investigaci\u00f3n en los pa\u00edses en los que la denuncia es obligatoria, la notificaci\u00f3n se transmite inmediatamente a las autoridades judiciales. Si la legislaci\u00f3n nacional no prev\u00e9 la denuncia obligatoria, pero los hechos constituyen de todos modos un delito, la comisi\u00f3n presentar\u00e1 la denuncia a las autoridades judiciales inmediatamente despu\u00e9s de comprobar la verosimilitud de los hechos, a menos que la v\u00edctima o sus padres se opongan a ello. De acuerdo con las normas legislativas internacionales, la notificaci\u00f3n de un abuso tambi\u00e9n tendr\u00e1 lugar, aunque el delito ya haya prescrito. Descargar en PDF el Informe sobre la gesti\u00f3n de los casos de abusos en el Movimiento de los Focolares\" \/>\n<meta property=\"og:url\" content=\"https:\/\/focolares.es\/eu\/pertsonaren-babes-integralaren-kultura-baterantz\/\" \/>\n<meta property=\"og:site_name\" content=\"Movimiento de los Focolares\" \/>\n<meta property=\"article:published_time\" content=\"2023-04-03T07:56:44+00:00\" \/>\n<meta property=\"article:modified_time\" content=\"2026-04-17T19:53:04+00:00\" \/>\n<meta property=\"og:image\" content=\"https:\/\/focolares.es\/wp-content\/uploads\/2024\/03\/Proteccion-integral.jpg\" \/>\n\t<meta property=\"og:image:width\" content=\"792\" \/>\n\t<meta property=\"og:image:height\" content=\"549\" \/>\n\t<meta property=\"og:image:type\" content=\"image\/jpeg\" \/>\n<meta name=\"author\" content=\"Jordi Illa\" \/>\n<meta name=\"twitter:card\" content=\"summary_large_image\" \/>\n<meta name=\"twitter:label1\" content=\"Written by\" \/>\n\t<meta name=\"twitter:data1\" content=\"Jordi Illa\" \/>\n\t<meta name=\"twitter:label2\" content=\"Est. reading time\" \/>\n\t<meta name=\"twitter:data2\" content=\"4 minutua\" \/>\n<script type=\"application\/ld+json\" class=\"yoast-schema-graph\">{\"@context\":\"https:\/\/schema.org\",\"@graph\":[{\"@type\":\"Article\",\"@id\":\"https:\/\/focolares.es\/hacia-una-cultura-de-la-proteccion-integral-de-la-persona\/#article\",\"isPartOf\":{\"@id\":\"https:\/\/focolares.es\/hacia-una-cultura-de-la-proteccion-integral-de-la-persona\/\"},\"author\":{\"name\":\"Jordi Illa\",\"@id\":\"https:\/\/focolares.es\/#\/schema\/person\/126bed8dcef374cce0a19e99bfdc4fcd\"},\"headline\":\"Hacia una cultura de la protecci\u00f3n integral de la persona\",\"datePublished\":\"2023-04-03T07:56:44+00:00\",\"dateModified\":\"2026-04-17T19:53:04+00:00\",\"mainEntityOfPage\":{\"@id\":\"https:\/\/focolares.es\/hacia-una-cultura-de-la-proteccion-integral-de-la-persona\/\"},\"wordCount\":851,\"commentCount\":0,\"publisher\":{\"@id\":\"https:\/\/focolares.es\/#organization\"},\"image\":{\"@id\":\"https:\/\/focolares.es\/hacia-una-cultura-de-la-proteccion-integral-de-la-persona\/#primaryimage\"},\"thumbnailUrl\":\"https:\/\/focolares.es\/wp-content\/uploads\/2024\/03\/Proteccion-integral.jpg\",\"keywords\":[\"Entornos seguros\"],\"articleSection\":[\"Uncategorized\"],\"inLanguage\":\"eu\",\"potentialAction\":[{\"@type\":\"CommentAction\",\"name\":\"Comment\",\"target\":[\"https:\/\/focolares.es\/hacia-una-cultura-de-la-proteccion-integral-de-la-persona\/#respond\"]}]},{\"@type\":\"WebPage\",\"@id\":\"https:\/\/focolares.es\/hacia-una-cultura-de-la-proteccion-integral-de-la-persona\/\",\"url\":\"https:\/\/focolares.es\/hacia-una-cultura-de-la-proteccion-integral-de-la-persona\/\",\"name\":\"Hacia una cultura de la protecci\u00f3n integral de la persona - Movimiento de los Focolares\",\"isPartOf\":{\"@id\":\"https:\/\/focolares.es\/#website\"},\"primaryImageOfPage\":{\"@id\":\"https:\/\/focolares.es\/hacia-una-cultura-de-la-proteccion-integral-de-la-persona\/#primaryimage\"},\"image\":{\"@id\":\"https:\/\/focolares.es\/hacia-una-cultura-de-la-proteccion-integral-de-la-persona\/#primaryimage\"},\"thumbnailUrl\":\"https:\/\/focolares.es\/wp-content\/uploads\/2024\/03\/Proteccion-integral.jpg\",\"datePublished\":\"2023-04-03T07:56:44+00:00\",\"dateModified\":\"2026-04-17T19:53:04+00:00\",\"breadcrumb\":{\"@id\":\"https:\/\/focolares.es\/hacia-una-cultura-de-la-proteccion-integral-de-la-persona\/#breadcrumb\"},\"inLanguage\":\"eu\",\"potentialAction\":[{\"@type\":\"ReadAction\",\"target\":[\"https:\/\/focolares.es\/hacia-una-cultura-de-la-proteccion-integral-de-la-persona\/\"]}]},{\"@type\":\"ImageObject\",\"inLanguage\":\"eu\",\"@id\":\"https:\/\/focolares.es\/hacia-una-cultura-de-la-proteccion-integral-de-la-persona\/#primaryimage\",\"url\":\"https:\/\/focolares.es\/wp-content\/uploads\/2024\/03\/Proteccion-integral.jpg\",\"contentUrl\":\"https:\/\/focolares.es\/wp-content\/uploads\/2024\/03\/Proteccion-integral.jpg\",\"width\":792,\"height\":549},{\"@type\":\"BreadcrumbList\",\"@id\":\"https:\/\/focolares.es\/hacia-una-cultura-de-la-proteccion-integral-de-la-persona\/#breadcrumb\",\"itemListElement\":[{\"@type\":\"ListItem\",\"position\":1,\"name\":\"Portada\",\"item\":\"https:\/\/focolares.es\/\"},{\"@type\":\"ListItem\",\"position\":2,\"name\":\"Hacia una cultura de la protecci\u00f3n integral de la persona\"}]},{\"@type\":\"WebSite\",\"@id\":\"https:\/\/focolares.es\/#website\",\"url\":\"https:\/\/focolares.es\/\",\"name\":\"Movimiento de los Focolares\",\"description\":\"\",\"publisher\":{\"@id\":\"https:\/\/focolares.es\/#organization\"},\"potentialAction\":[{\"@type\":\"SearchAction\",\"target\":{\"@type\":\"EntryPoint\",\"urlTemplate\":\"https:\/\/focolares.es\/?s={search_term_string}\"},\"query-input\":{\"@type\":\"PropertyValueSpecification\",\"valueRequired\":true,\"valueName\":\"search_term_string\"}}],\"inLanguage\":\"eu\"},{\"@type\":\"Organization\",\"@id\":\"https:\/\/focolares.es\/#organization\",\"name\":\"Movimiento de los Focolares\",\"url\":\"https:\/\/focolares.es\/\",\"logo\":{\"@type\":\"ImageObject\",\"inLanguage\":\"eu\",\"@id\":\"https:\/\/focolares.es\/#\/schema\/logo\/image\/\",\"url\":\"https:\/\/focolares.es\/wp-content\/uploads\/2024\/03\/Logo_focolares-1024x944-1.jpg\",\"contentUrl\":\"https:\/\/focolares.es\/wp-content\/uploads\/2024\/03\/Logo_focolares-1024x944-1.jpg\",\"width\":1024,\"height\":944,\"caption\":\"Movimiento de los Focolares\"},\"image\":{\"@id\":\"https:\/\/focolares.es\/#\/schema\/logo\/image\/\"}},{\"@type\":\"Person\",\"@id\":\"https:\/\/focolares.es\/#\/schema\/person\/126bed8dcef374cce0a19e99bfdc4fcd\",\"name\":\"Jordi Illa\",\"image\":{\"@type\":\"ImageObject\",\"inLanguage\":\"eu\",\"@id\":\"https:\/\/focolares.es\/wp-content\/litespeed\/avatar\/e8decbc8631810d24ab614c6ffa68ee7.jpg?ver=1777387854\",\"url\":\"https:\/\/focolares.es\/wp-content\/litespeed\/avatar\/e8decbc8631810d24ab614c6ffa68ee7.jpg?ver=1777387854\",\"contentUrl\":\"https:\/\/focolares.es\/wp-content\/litespeed\/avatar\/e8decbc8631810d24ab614c6ffa68ee7.jpg?ver=1777387854\",\"caption\":\"Jordi Illa\"},\"url\":\"https:\/\/focolares.es\/eu\/author\/jordi\/\"}]}<\/script>\n<!-- \/ Yoast SEO plugin. -->","yoast_head_json":{"title":"Pertsonaren babes integralaren kulturarantz - Focolareren Mugimendua","robots":{"index":"index","follow":"follow","max-snippet":"max-snippet:-1","max-image-preview":"max-image-preview:large","max-video-preview":"max-video-preview:-1"},"canonical":"https:\/\/focolares.es\/eu\/pertsonaren-babes-integralaren-kultura-baterantz\/","og_locale":"en_US","og_type":"article","og_title":"Hacia una cultura de la protecci\u00f3n integral de la persona - Movimiento de los Focolares","og_description":"El&nbsp;Movimiento de los Focolares&nbsp;publica el primer informe sobre casos de abusos a menores y adultos vulnerables, incluyendo abusos espirituales y de autoridad ocurridos en el \u00e1mbito del Movimiento. Recoge tambi\u00e9n informaci\u00f3n referente a medidas de reparaci\u00f3n, nuevos procedimientos de investigaci\u00f3n y actividades formativas destinadas a la protecci\u00f3n de la persona. Dicho informe comienza con una carta de&nbsp;Margaret Karram&nbsp;y&nbsp;Jes\u00fas Mor\u00e1n, Presidenta y Copresidente de los&nbsp;Focolares: \u00abLes escribimos para&nbsp;presentar&nbsp;un informe p\u00fablico sobre los datos relativos a las notificaciones&nbsp;y las medidas que hemos emprendido como Movimiento de los Focolares, a causa de la llaga de los abusos sexuales a&nbsp;menores y a&nbsp;personas vulnerables; y abusos de conciencia, espirituales y de autoridad sobre adultos, de los que tampoco&nbsp;nosotros hemos quedado indemnes\u00bb. El documento&nbsp;Hacia una cultura de la protecci\u00f3n integral de la persona, se renovar\u00e1 anualmente y se publica un a\u00f1o despu\u00e9s de la divulgaci\u00f3n de los resultados de la investigaci\u00f3n realizada por&nbsp;GCPS Consulting&nbsp;sobre los graves casos de abuso sexual cometidos por un ex focolarino franc\u00e9s. El&nbsp;Movimiento de los Focolares&nbsp;trabaja para adoptar las medidas necesarias que garanticen la prevenci\u00f3n y protecci\u00f3n integral de la persona en todos los \u00e1mbitos y entornos en los que se desarrollan sus actividades. Por ello, el documento que ahora se publica \u2012explican la Presidenta y el Copresidente de los&nbsp;Focolares\u2012, \u00abes un primer informe sobre las medidas de prevenci\u00f3n, investigaci\u00f3n, transparencia, formaci\u00f3n y cambio, emprendidas por el Movimiento de los Focolares, para contrarrestar este crimen\u00bb. La Presidenta y el Copresidente piden sinceramente perd\u00f3n a cada una de las v\u00edctimas y de los sobrevivientes en nombre del&nbsp;Movimiento de los Focolares,&nbsp;al tiempo que les expresan un profundo agradecimiento, as\u00ed como a las v\u00edctimas, familias y a las comunidades implicadas no solo en Francia, sino en todos los pa\u00edses en los que han emergido casos de abusos, porque gracias a su cooperaci\u00f3n y, sobre todo, a su valent\u00eda para afrontar y sacar a la luz estos cr\u00edmenes, el&nbsp;Movimiento&nbsp;est\u00e1 llevando a cabo m\u00e1s conscientemente nuevos compromisos y procedimientos en lo que se refiere a la protecci\u00f3n de las personas. El informe consta de varias partes y presenta los datos relativos a los abusos notificados a la&nbsp;Comisi\u00f3n para el Bienestar y la Protecci\u00f3n de la Persona&nbsp;(CO.BE.TU.) desde el a\u00f1o de su creaci\u00f3n, 2014; por tanto, recopila sistem\u00e1ticamente las notificaciones hasta diciembre de 2022.&nbsp; El informe tambi\u00e9n presenta datos relativos a los \u00abcursos b\u00e1sicos sobre la protecci\u00f3n de la persona\u00bb realizados en los diferentes pa\u00edses en los que trabaja el&nbsp;Movimiento de los Focolares. Otra secci\u00f3n est\u00e1 dedicada a las medidas prioritarias ya en acto o en proceso de implementaci\u00f3n, como respuesta a las recomendaciones de la investigaci\u00f3n independiente de&nbsp;GCPS Consulting. Los cursos y las herramientas de formaci\u00f3n para la protecci\u00f3n de la persona, est\u00e1n a disposici\u00f3n de todos los miembros del&nbsp;Movimiento, especialmente de los formadores y acompa\u00f1antes de los menores. Ya se han puesto en marcha actividades de formaci\u00f3n para los responsables del&nbsp;Movimiento&nbsp;a distintos niveles: desde la direcci\u00f3n central hasta los responsables territoriales en las distintas zonas geogr\u00e1ficas. El 1 de mayo de 2023, entrar\u00e1 en funci\u00f3n la&nbsp;Comisi\u00f3n Independiente Central&nbsp;y finalizar\u00e1 la tarea de la&nbsp;CO.BE.TU.&nbsp;El nuevo organismo se ocupar\u00e1 exclusivamente de la tramitaci\u00f3n de las notificaciones, mientras que la formaci\u00f3n ser\u00e1 coordinada a nivel central y local por otro equipo de expertos y consultores. El informe presenta tambi\u00e9n el&nbsp;Protocolo para la gesti\u00f3n de los casos de abusos en el Movimiento de los Focolares, las&nbsp;Competencias de la Comisi\u00f3n Independiente Central&nbsp;y las&nbsp;L\u00edneas de apoyo y reparaci\u00f3n econ\u00f3mica en casos de abusos sexuales a menores y adultos vulnerables. En lo que concierne a los procedimientos de notificaci\u00f3n, denuncia e investigaci\u00f3n en los pa\u00edses en los que la denuncia es obligatoria, la notificaci\u00f3n se transmite inmediatamente a las autoridades judiciales. Si la legislaci\u00f3n nacional no prev\u00e9 la denuncia obligatoria, pero los hechos constituyen de todos modos un delito, la comisi\u00f3n presentar\u00e1 la denuncia a las autoridades judiciales inmediatamente despu\u00e9s de comprobar la verosimilitud de los hechos, a menos que la v\u00edctima o sus padres se opongan a ello. De acuerdo con las normas legislativas internacionales, la notificaci\u00f3n de un abuso tambi\u00e9n tendr\u00e1 lugar, aunque el delito ya haya prescrito. Descargar en PDF el Informe sobre la gesti\u00f3n de los casos de abusos en el Movimiento de los Focolares","og_url":"https:\/\/focolares.es\/eu\/pertsonaren-babes-integralaren-kultura-baterantz\/","og_site_name":"Movimiento de los Focolares","article_published_time":"2023-04-03T07:56:44+00:00","article_modified_time":"2026-04-17T19:53:04+00:00","og_image":[{"width":792,"height":549,"url":"https:\/\/focolares.es\/wp-content\/uploads\/2024\/03\/Proteccion-integral.jpg","type":"image\/jpeg"}],"author":"Jordi Illa","twitter_card":"summary_large_image","twitter_misc":{"Written by":"Jordi Illa","Est. reading time":"4 minutua"},"schema":{"@context":"https:\/\/schema.org","@graph":[{"@type":"Article","@id":"https:\/\/focolares.es\/hacia-una-cultura-de-la-proteccion-integral-de-la-persona\/#article","isPartOf":{"@id":"https:\/\/focolares.es\/hacia-una-cultura-de-la-proteccion-integral-de-la-persona\/"},"author":{"name":"Jordi Illa","@id":"https:\/\/focolares.es\/#\/schema\/person\/126bed8dcef374cce0a19e99bfdc4fcd"},"headline":"Hacia una cultura de la protecci\u00f3n integral de la persona","datePublished":"2023-04-03T07:56:44+00:00","dateModified":"2026-04-17T19:53:04+00:00","mainEntityOfPage":{"@id":"https:\/\/focolares.es\/hacia-una-cultura-de-la-proteccion-integral-de-la-persona\/"},"wordCount":851,"commentCount":0,"publisher":{"@id":"https:\/\/focolares.es\/#organization"},"image":{"@id":"https:\/\/focolares.es\/hacia-una-cultura-de-la-proteccion-integral-de-la-persona\/#primaryimage"},"thumbnailUrl":"https:\/\/focolares.es\/wp-content\/uploads\/2024\/03\/Proteccion-integral.jpg","keywords":["Entornos seguros"],"articleSection":["Uncategorized"],"inLanguage":"eu","potentialAction":[{"@type":"CommentAction","name":"Comment","target":["https:\/\/focolares.es\/hacia-una-cultura-de-la-proteccion-integral-de-la-persona\/#respond"]}]},{"@type":"WebPage","@id":"https:\/\/focolares.es\/hacia-una-cultura-de-la-proteccion-integral-de-la-persona\/","url":"https:\/\/focolares.es\/hacia-una-cultura-de-la-proteccion-integral-de-la-persona\/","name":"Pertsonaren babes integralaren kulturarantz - Focolareren Mugimendua","isPartOf":{"@id":"https:\/\/focolares.es\/#website"},"primaryImageOfPage":{"@id":"https:\/\/focolares.es\/hacia-una-cultura-de-la-proteccion-integral-de-la-persona\/#primaryimage"},"image":{"@id":"https:\/\/focolares.es\/hacia-una-cultura-de-la-proteccion-integral-de-la-persona\/#primaryimage"},"thumbnailUrl":"https:\/\/focolares.es\/wp-content\/uploads\/2024\/03\/Proteccion-integral.jpg","datePublished":"2023-04-03T07:56:44+00:00","dateModified":"2026-04-17T19:53:04+00:00","breadcrumb":{"@id":"https:\/\/focolares.es\/hacia-una-cultura-de-la-proteccion-integral-de-la-persona\/#breadcrumb"},"inLanguage":"eu","potentialAction":[{"@type":"ReadAction","target":["https:\/\/focolares.es\/hacia-una-cultura-de-la-proteccion-integral-de-la-persona\/"]}]},{"@type":"ImageObject","inLanguage":"eu","@id":"https:\/\/focolares.es\/hacia-una-cultura-de-la-proteccion-integral-de-la-persona\/#primaryimage","url":"https:\/\/focolares.es\/wp-content\/uploads\/2024\/03\/Proteccion-integral.jpg","contentUrl":"https:\/\/focolares.es\/wp-content\/uploads\/2024\/03\/Proteccion-integral.jpg","width":792,"height":549},{"@type":"BreadcrumbList","@id":"https:\/\/focolares.es\/hacia-una-cultura-de-la-proteccion-integral-de-la-persona\/#breadcrumb","itemListElement":[{"@type":"ListItem","position":1,"name":"Portada","item":"https:\/\/focolares.es\/"},{"@type":"ListItem","position":2,"name":"Hacia una cultura de la protecci\u00f3n integral de la persona"}]},{"@type":"WebSite","@id":"https:\/\/focolares.es\/#website","url":"https:\/\/focolares.es\/","name":"Fokolareen Mugimenduaren","description":"","publisher":{"@id":"https:\/\/focolares.es\/#organization"},"potentialAction":[{"@type":"SearchAction","target":{"@type":"EntryPoint","urlTemplate":"https:\/\/focolares.es\/?s={search_term_string}"},"query-input":{"@type":"PropertyValueSpecification","valueRequired":true,"valueName":"search_term_string"}}],"inLanguage":"eu"},{"@type":"Organization","@id":"https:\/\/focolares.es\/#organization","name":"Fokolareen Mugimenduaren","url":"https:\/\/focolares.es\/","logo":{"@type":"ImageObject","inLanguage":"eu","@id":"https:\/\/focolares.es\/#\/schema\/logo\/image\/","url":"https:\/\/focolares.es\/wp-content\/uploads\/2024\/03\/Logo_focolares-1024x944-1.jpg","contentUrl":"https:\/\/focolares.es\/wp-content\/uploads\/2024\/03\/Logo_focolares-1024x944-1.jpg","width":1024,"height":944,"caption":"Movimiento de los Focolares"},"image":{"@id":"https:\/\/focolares.es\/#\/schema\/logo\/image\/"}},{"@type":"Person","@id":"https:\/\/focolares.es\/#\/schema\/person\/126bed8dcef374cce0a19e99bfdc4fcd","name":"Jordi Illa","image":{"@type":"ImageObject","inLanguage":"eu","@id":"https:\/\/focolares.es\/wp-content\/litespeed\/avatar\/e8decbc8631810d24ab614c6ffa68ee7.jpg?ver=1777387854","url":"https:\/\/focolares.es\/wp-content\/litespeed\/avatar\/e8decbc8631810d24ab614c6ffa68ee7.jpg?ver=1777387854","contentUrl":"https:\/\/focolares.es\/wp-content\/litespeed\/avatar\/e8decbc8631810d24ab614c6ffa68ee7.jpg?ver=1777387854","caption":"Jordi Illa"},"url":"https:\/\/focolares.es\/eu\/author\/jordi\/"}]}},"views":20,"_links":{"self":[{"href":"https:\/\/focolares.es\/eu\/wp-json\/wp\/v2\/posts\/4598","targetHints":{"allow":["GET"]}}],"collection":[{"href":"https:\/\/focolares.es\/eu\/wp-json\/wp\/v2\/posts"}],"about":[{"href":"https:\/\/focolares.es\/eu\/wp-json\/wp\/v2\/types\/post"}],"author":[{"embeddable":true,"href":"https:\/\/focolares.es\/eu\/wp-json\/wp\/v2\/users\/3"}],"replies":[{"embeddable":true,"href":"https:\/\/focolares.es\/eu\/wp-json\/wp\/v2\/comments?post=4598"}],"version-history":[{"count":1,"href":"https:\/\/focolares.es\/eu\/wp-json\/wp\/v2\/posts\/4598\/revisions"}],"predecessor-version":[{"id":4600,"href":"https:\/\/focolares.es\/eu\/wp-json\/wp\/v2\/posts\/4598\/revisions\/4600"}],"wp:featuredmedia":[{"embeddable":true,"href":"https:\/\/focolares.es\/eu\/wp-json\/wp\/v2\/media\/4599"}],"wp:attachment":[{"href":"https:\/\/focolares.es\/eu\/wp-json\/wp\/v2\/media?parent=4598"}],"wp:term":[{"taxonomy":"category","embeddable":true,"href":"https:\/\/focolares.es\/eu\/wp-json\/wp\/v2\/categories?post=4598"},{"taxonomy":"post_tag","embeddable":true,"href":"https:\/\/focolares.es\/eu\/wp-json\/wp\/v2\/tags?post=4598"}],"curies":[{"name":"wp","href":"https:\/\/api.w.org\/{rel}","templated":true}]}}