{"id":5012,"date":"2023-03-22T21:48:00","date_gmt":"2023-03-22T20:48:00","guid":{"rendered":"https:\/\/focolares.es\/?p=5012"},"modified":"2024-03-13T21:57:06","modified_gmt":"2024-03-13T20:57:06","slug":"gatazkak-ez-dira-arazoa","status":"publish","type":"post","link":"https:\/\/focolares.es\/eu\/los-conflictos-no-son-el-problema\/","title":{"rendered":"Gatazkak ez dira arazoa"},"content":{"rendered":"<p><a href=\"https:\/\/focolares.es\/wp-content\/uploads\/2024\/03\/2023_dijimossiquiero.pdf\" target=\"_blank\" rel=\"noreferrer noopener\">Gatazkak ez dira arazoa: horiei aurre egiteko gakoak eta tresnak<\/a>, da hurrengo edizioaren izenburua\u00a0<em>Bikote bizitzarako tailerra\u2026 esan genuelako: \u201cNik bai\u201d<\/em>. Maiatzaren 6an eta 7an izango da\u00a0<em><a href=\"https:\/\/cmluminosa.es\/\" target=\"_blank\" rel=\"noreferrer noopener\">Luminosa Mariapolis Zentroa<\/a><\/em>.<\/p>\n\n\n\n<p>Tailerra, aurreko edizioetan bezala, antolatu du&nbsp;<em>Familias Nuevas Mugimendutik<\/em>&nbsp;eta&nbsp;<em>Acciones Familias Nuevas<\/em>. Beraiek adierazi dutenez, &quot;tailer honetan, gatazkaren ideia haustea dugu helburu, bizikidetzaren etsai gisa, gatazkaren kudeaketa bikotearen baitan ezagutza eta hazkuntza pertsonalerako aukera gisa azpimarratuz. Hori guztia prestakuntza-gaien, dinamiken, hausnarketen, eta, nola ez, bikote gisa elkarrekin igarotako uneen bitartez lortzen da&quot;.<\/p>\n\n\n\n<p>Informazio praktikoa eta&nbsp;<a href=\"https:\/\/forms.gle\/fjWa2tHbaWbcZByw7\" target=\"_blank\" rel=\"noreferrer noopener\">izen ematea<\/a>.<\/p>\n\n\n\n<p>Informazio gehiago\u00a0<a href=\"mailto:porquedijimossiquiero@gmail.com\" target=\"_blank\" rel=\"noreferrer noopener\">posta elektronikoa<\/a>.<\/p>","protected":false},"excerpt":{"rendered":"<p>Gatazkak ez dira arazoa: haiei aurre egiteko giltzak eta tresnak izenburua du Bikotearen Bizitzako Tailerraren hurrengo edizioak... esan genuelako: \u00abNik bai\u00bb. Maiatzaren 6an eta 7an izango da Mari\u00e1polis Luminosa Zentroan. Tailerra, aurreko edizioetan bezala, Familia Berriak eta Familia Ekintza Berriak antolatu dute. Beraiek adierazi dutenez, &quot;tailer honetan, gatazkaren ideia haustea dugu helburu, bizikidetzaren etsai gisa, gatazkaren kudeaketa bikotearen baitan ezagutza eta hazkuntza pertsonalerako aukera gisa azpimarratuz. Hori guztia prestakuntza-gaien, dinamiken, hausnarketen, eta, nola ez, bikote gisa elkarrekin igarotako uneen bitartez lortzen da&quot;. Informazio praktikoa eta izen-ematea. Informazio gehiago emailean.<\/p>","protected":false},"author":1,"featured_media":5016,"comment_status":"open","ping_status":"closed","sticky":false,"template":"","format":"standard","meta":{"_price":"","_stock":"","_tribe_ticket_header":"","_tribe_default_ticket_provider":"","_tribe_ticket_capacity":"0","_ticket_start_date":"","_ticket_end_date":"","_tribe_ticket_show_description":"","_tribe_ticket_show_not_going":false,"_tribe_ticket_use_global_stock":"","_tribe_ticket_global_stock_level":"","_global_stock_mode":"","_global_stock_cap":"","_tribe_rsvp_for_event":"","_tribe_ticket_going_count":"","_tribe_ticket_not_going_count":"","_tribe_tickets_list":"[]","_tribe_ticket_has_attendee_info_fields":false,"footnotes":""},"categories":[1],"tags":[],"class_list":["post-5012","post","type-post","status-publish","format-standard","has-post-thumbnail","hentry","category-uncategorized"],"yoast_head":"<!-- This site is optimized with the Yoast SEO plugin v27.2 - https:\/\/yoast.com\/product\/yoast-seo-wordpress\/ -->\n<title>Los conflictos no son el problema - Movimiento de los Focolares<\/title>\n<meta name=\"robots\" content=\"index, follow, max-snippet:-1, max-image-preview:large, max-video-preview:-1\" \/>\n<link rel=\"canonical\" href=\"https:\/\/focolares.es\/eu\/gatazkak-ez-dira-arazoa\/\" \/>\n<meta property=\"og:locale\" content=\"en_US\" \/>\n<meta property=\"og:type\" content=\"article\" \/>\n<meta property=\"og:title\" content=\"Los conflictos no son el problema - Movimiento de los Focolares\" \/>\n<meta property=\"og:description\" content=\"Los conflictos no son el problema: claves y herramientas para afrontarlos, es el t\u00edtulo de la pr\u00f3xima edici\u00f3n del\u00a0Taller para la vida en pareja,\u2026porque dijimos: \u201cS\u00ed quiero\u201d. Tendr\u00e1 lugar los d\u00edas 6 y 7 de mayo en el\u00a0Centro Mari\u00e1polis Luminosa. El taller, como en anteriores ediciones, est\u00e1 organizado por&nbsp;Familias Nuevas&nbsp;y&nbsp;Acciones de Familias Nuevas. Ellos mismos afirman que \u201cen este taller queremos romper la idea del conflicto como enemigo de la convivencia, poniendo el acento en la gesti\u00f3n del mismo como oportunidad de conocimiento en la pareja y de crecimiento personal. Todo esto a trav\u00e9s de temas formativos, din\u00e1micas, reflexiones y, por supuesto, momentos en pareja\u201d. Informaci\u00f3n pr\u00e1ctica e&nbsp;inscripci\u00f3n. M\u00e1s informaci\u00f3n en el\u00a0correo electr\u00f3nico.\" \/>\n<meta property=\"og:url\" content=\"https:\/\/focolares.es\/eu\/gatazkak-ez-dira-arazoa\/\" \/>\n<meta property=\"og:site_name\" content=\"Movimiento de los Focolares\" \/>\n<meta property=\"article:published_time\" content=\"2023-03-22T20:48:00+00:00\" \/>\n<meta property=\"article:modified_time\" content=\"2024-03-13T20:57:06+00:00\" \/>\n<meta property=\"og:image\" content=\"https:\/\/focolares.es\/wp-content\/uploads\/2024\/03\/Porquedijimossiquiero.jpeg\" \/>\n\t<meta property=\"og:image:width\" content=\"900\" \/>\n\t<meta property=\"og:image:height\" content=\"600\" \/>\n\t<meta property=\"og:image:type\" content=\"image\/jpeg\" \/>\n<meta name=\"author\" content=\"admin\" \/>\n<meta name=\"twitter:card\" content=\"summary_large_image\" \/>\n<meta name=\"twitter:label1\" content=\"Written by\" \/>\n\t<meta name=\"twitter:data1\" content=\"admin\" \/>\n\t<meta name=\"twitter:label2\" content=\"Est. reading time\" \/>\n\t<meta name=\"twitter:data2\" content=\"1 minutua\" \/>\n<script type=\"application\/ld+json\" class=\"yoast-schema-graph\">{\"@context\":\"https:\/\/schema.org\",\"@graph\":[{\"@type\":\"Article\",\"@id\":\"https:\/\/focolares.es\/los-conflictos-no-son-el-problema\/#article\",\"isPartOf\":{\"@id\":\"https:\/\/focolares.es\/los-conflictos-no-son-el-problema\/\"},\"author\":{\"name\":\"admin\",\"@id\":\"https:\/\/focolares.es\/#\/schema\/person\/fdbf1cac3e3957f836bf607a31e7616d\"},\"headline\":\"Los conflictos no son el problema\",\"datePublished\":\"2023-03-22T20:48:00+00:00\",\"dateModified\":\"2024-03-13T20:57:06+00:00\",\"mainEntityOfPage\":{\"@id\":\"https:\/\/focolares.es\/los-conflictos-no-son-el-problema\/\"},\"wordCount\":143,\"commentCount\":0,\"publisher\":{\"@id\":\"https:\/\/focolares.es\/#organization\"},\"image\":{\"@id\":\"https:\/\/focolares.es\/los-conflictos-no-son-el-problema\/#primaryimage\"},\"thumbnailUrl\":\"https:\/\/focolares.es\/wp-content\/uploads\/2024\/03\/Porquedijimossiquiero.jpeg\",\"articleSection\":[\"Uncategorized\"],\"inLanguage\":\"eu\",\"potentialAction\":[{\"@type\":\"CommentAction\",\"name\":\"Comment\",\"target\":[\"https:\/\/focolares.es\/los-conflictos-no-son-el-problema\/#respond\"]}]},{\"@type\":\"WebPage\",\"@id\":\"https:\/\/focolares.es\/los-conflictos-no-son-el-problema\/\",\"url\":\"https:\/\/focolares.es\/los-conflictos-no-son-el-problema\/\",\"name\":\"Los conflictos no son el problema - Movimiento de los Focolares\",\"isPartOf\":{\"@id\":\"https:\/\/focolares.es\/#website\"},\"primaryImageOfPage\":{\"@id\":\"https:\/\/focolares.es\/los-conflictos-no-son-el-problema\/#primaryimage\"},\"image\":{\"@id\":\"https:\/\/focolares.es\/los-conflictos-no-son-el-problema\/#primaryimage\"},\"thumbnailUrl\":\"https:\/\/focolares.es\/wp-content\/uploads\/2024\/03\/Porquedijimossiquiero.jpeg\",\"datePublished\":\"2023-03-22T20:48:00+00:00\",\"dateModified\":\"2024-03-13T20:57:06+00:00\",\"breadcrumb\":{\"@id\":\"https:\/\/focolares.es\/los-conflictos-no-son-el-problema\/#breadcrumb\"},\"inLanguage\":\"eu\",\"potentialAction\":[{\"@type\":\"ReadAction\",\"target\":[\"https:\/\/focolares.es\/los-conflictos-no-son-el-problema\/\"]}]},{\"@type\":\"ImageObject\",\"inLanguage\":\"eu\",\"@id\":\"https:\/\/focolares.es\/los-conflictos-no-son-el-problema\/#primaryimage\",\"url\":\"https:\/\/focolares.es\/wp-content\/uploads\/2024\/03\/Porquedijimossiquiero.jpeg\",\"contentUrl\":\"https:\/\/focolares.es\/wp-content\/uploads\/2024\/03\/Porquedijimossiquiero.jpeg\",\"width\":900,\"height\":600},{\"@type\":\"BreadcrumbList\",\"@id\":\"https:\/\/focolares.es\/los-conflictos-no-son-el-problema\/#breadcrumb\",\"itemListElement\":[{\"@type\":\"ListItem\",\"position\":1,\"name\":\"Portada\",\"item\":\"https:\/\/focolares.es\/\"},{\"@type\":\"ListItem\",\"position\":2,\"name\":\"Los conflictos no son el problema\"}]},{\"@type\":\"WebSite\",\"@id\":\"https:\/\/focolares.es\/#website\",\"url\":\"https:\/\/focolares.es\/\",\"name\":\"Movimiento de los Focolares\",\"description\":\"\",\"publisher\":{\"@id\":\"https:\/\/focolares.es\/#organization\"},\"potentialAction\":[{\"@type\":\"SearchAction\",\"target\":{\"@type\":\"EntryPoint\",\"urlTemplate\":\"https:\/\/focolares.es\/?s={search_term_string}\"},\"query-input\":{\"@type\":\"PropertyValueSpecification\",\"valueRequired\":true,\"valueName\":\"search_term_string\"}}],\"inLanguage\":\"eu\"},{\"@type\":\"Organization\",\"@id\":\"https:\/\/focolares.es\/#organization\",\"name\":\"Movimiento de los Focolares\",\"url\":\"https:\/\/focolares.es\/\",\"logo\":{\"@type\":\"ImageObject\",\"inLanguage\":\"eu\",\"@id\":\"https:\/\/focolares.es\/#\/schema\/logo\/image\/\",\"url\":\"https:\/\/focolares.es\/wp-content\/uploads\/2024\/03\/Logo_focolares-1024x944-1.jpg\",\"contentUrl\":\"https:\/\/focolares.es\/wp-content\/uploads\/2024\/03\/Logo_focolares-1024x944-1.jpg\",\"width\":1024,\"height\":944,\"caption\":\"Movimiento de los Focolares\"},\"image\":{\"@id\":\"https:\/\/focolares.es\/#\/schema\/logo\/image\/\"}},{\"@type\":\"Person\",\"@id\":\"https:\/\/focolares.es\/#\/schema\/person\/fdbf1cac3e3957f836bf607a31e7616d\",\"name\":\"admin\",\"image\":{\"@type\":\"ImageObject\",\"inLanguage\":\"eu\",\"@id\":\"https:\/\/focolares.es\/wp-content\/litespeed\/avatar\/ba00c276ce0fa7863cda4038d70907a8.jpg?ver=1777380135\",\"url\":\"https:\/\/focolares.es\/wp-content\/litespeed\/avatar\/ba00c276ce0fa7863cda4038d70907a8.jpg?ver=1777380135\",\"contentUrl\":\"https:\/\/focolares.es\/wp-content\/litespeed\/avatar\/ba00c276ce0fa7863cda4038d70907a8.jpg?ver=1777380135\",\"caption\":\"admin\"},\"sameAs\":[\"https:\/\/focolares.es\"],\"url\":\"https:\/\/focolares.es\/eu\/author\/afesersl_mcjhk9wv\/\"}]}<\/script>\n<!-- \/ Yoast SEO plugin. -->","yoast_head_json":{"title":"Gatazkak ez dira arazoa - Fokolarien Mugimendua","robots":{"index":"index","follow":"follow","max-snippet":"max-snippet:-1","max-image-preview":"max-image-preview:large","max-video-preview":"max-video-preview:-1"},"canonical":"https:\/\/focolares.es\/eu\/gatazkak-ez-dira-arazoa\/","og_locale":"en_US","og_type":"article","og_title":"Los conflictos no son el problema - Movimiento de los Focolares","og_description":"Los conflictos no son el problema: claves y herramientas para afrontarlos, es el t\u00edtulo de la pr\u00f3xima edici\u00f3n del\u00a0Taller para la vida en pareja,\u2026porque dijimos: \u201cS\u00ed quiero\u201d. Tendr\u00e1 lugar los d\u00edas 6 y 7 de mayo en el\u00a0Centro Mari\u00e1polis Luminosa. El taller, como en anteriores ediciones, est\u00e1 organizado por&nbsp;Familias Nuevas&nbsp;y&nbsp;Acciones de Familias Nuevas. Ellos mismos afirman que \u201cen este taller queremos romper la idea del conflicto como enemigo de la convivencia, poniendo el acento en la gesti\u00f3n del mismo como oportunidad de conocimiento en la pareja y de crecimiento personal. Todo esto a trav\u00e9s de temas formativos, din\u00e1micas, reflexiones y, por supuesto, momentos en pareja\u201d. Informaci\u00f3n pr\u00e1ctica e&nbsp;inscripci\u00f3n. M\u00e1s informaci\u00f3n en el\u00a0correo electr\u00f3nico.","og_url":"https:\/\/focolares.es\/eu\/gatazkak-ez-dira-arazoa\/","og_site_name":"Movimiento de los Focolares","article_published_time":"2023-03-22T20:48:00+00:00","article_modified_time":"2024-03-13T20:57:06+00:00","og_image":[{"width":900,"height":600,"url":"https:\/\/focolares.es\/wp-content\/uploads\/2024\/03\/Porquedijimossiquiero.jpeg","type":"image\/jpeg"}],"author":"admin","twitter_card":"summary_large_image","twitter_misc":{"Written by":"admin","Est. reading time":"1 minutua"},"schema":{"@context":"https:\/\/schema.org","@graph":[{"@type":"Article","@id":"https:\/\/focolares.es\/los-conflictos-no-son-el-problema\/#article","isPartOf":{"@id":"https:\/\/focolares.es\/los-conflictos-no-son-el-problema\/"},"author":{"name":"admin","@id":"https:\/\/focolares.es\/#\/schema\/person\/fdbf1cac3e3957f836bf607a31e7616d"},"headline":"Los conflictos no son el problema","datePublished":"2023-03-22T20:48:00+00:00","dateModified":"2024-03-13T20:57:06+00:00","mainEntityOfPage":{"@id":"https:\/\/focolares.es\/los-conflictos-no-son-el-problema\/"},"wordCount":143,"commentCount":0,"publisher":{"@id":"https:\/\/focolares.es\/#organization"},"image":{"@id":"https:\/\/focolares.es\/los-conflictos-no-son-el-problema\/#primaryimage"},"thumbnailUrl":"https:\/\/focolares.es\/wp-content\/uploads\/2024\/03\/Porquedijimossiquiero.jpeg","articleSection":["Uncategorized"],"inLanguage":"eu","potentialAction":[{"@type":"CommentAction","name":"Comment","target":["https:\/\/focolares.es\/los-conflictos-no-son-el-problema\/#respond"]}]},{"@type":"WebPage","@id":"https:\/\/focolares.es\/los-conflictos-no-son-el-problema\/","url":"https:\/\/focolares.es\/los-conflictos-no-son-el-problema\/","name":"Gatazkak ez dira arazoa - Fokolarien Mugimendua","isPartOf":{"@id":"https:\/\/focolares.es\/#website"},"primaryImageOfPage":{"@id":"https:\/\/focolares.es\/los-conflictos-no-son-el-problema\/#primaryimage"},"image":{"@id":"https:\/\/focolares.es\/los-conflictos-no-son-el-problema\/#primaryimage"},"thumbnailUrl":"https:\/\/focolares.es\/wp-content\/uploads\/2024\/03\/Porquedijimossiquiero.jpeg","datePublished":"2023-03-22T20:48:00+00:00","dateModified":"2024-03-13T20:57:06+00:00","breadcrumb":{"@id":"https:\/\/focolares.es\/los-conflictos-no-son-el-problema\/#breadcrumb"},"inLanguage":"eu","potentialAction":[{"@type":"ReadAction","target":["https:\/\/focolares.es\/los-conflictos-no-son-el-problema\/"]}]},{"@type":"ImageObject","inLanguage":"eu","@id":"https:\/\/focolares.es\/los-conflictos-no-son-el-problema\/#primaryimage","url":"https:\/\/focolares.es\/wp-content\/uploads\/2024\/03\/Porquedijimossiquiero.jpeg","contentUrl":"https:\/\/focolares.es\/wp-content\/uploads\/2024\/03\/Porquedijimossiquiero.jpeg","width":900,"height":600},{"@type":"BreadcrumbList","@id":"https:\/\/focolares.es\/los-conflictos-no-son-el-problema\/#breadcrumb","itemListElement":[{"@type":"ListItem","position":1,"name":"Portada","item":"https:\/\/focolares.es\/"},{"@type":"ListItem","position":2,"name":"Los conflictos no son el problema"}]},{"@type":"WebSite","@id":"https:\/\/focolares.es\/#website","url":"https:\/\/focolares.es\/","name":"Fokolareen Mugimenduaren","description":"","publisher":{"@id":"https:\/\/focolares.es\/#organization"},"potentialAction":[{"@type":"SearchAction","target":{"@type":"EntryPoint","urlTemplate":"https:\/\/focolares.es\/?s={search_term_string}"},"query-input":{"@type":"PropertyValueSpecification","valueRequired":true,"valueName":"search_term_string"}}],"inLanguage":"eu"},{"@type":"Organization","@id":"https:\/\/focolares.es\/#organization","name":"Fokolareen Mugimenduaren","url":"https:\/\/focolares.es\/","logo":{"@type":"ImageObject","inLanguage":"eu","@id":"https:\/\/focolares.es\/#\/schema\/logo\/image\/","url":"https:\/\/focolares.es\/wp-content\/uploads\/2024\/03\/Logo_focolares-1024x944-1.jpg","contentUrl":"https:\/\/focolares.es\/wp-content\/uploads\/2024\/03\/Logo_focolares-1024x944-1.jpg","width":1024,"height":944,"caption":"Movimiento de los Focolares"},"image":{"@id":"https:\/\/focolares.es\/#\/schema\/logo\/image\/"}},{"@type":"Person","@id":"https:\/\/focolares.es\/#\/schema\/person\/fdbf1cac3e3957f836bf607a31e7616d","name":"admin","image":{"@type":"ImageObject","inLanguage":"eu","@id":"https:\/\/focolares.es\/wp-content\/litespeed\/avatar\/ba00c276ce0fa7863cda4038d70907a8.jpg?ver=1777380135","url":"https:\/\/focolares.es\/wp-content\/litespeed\/avatar\/ba00c276ce0fa7863cda4038d70907a8.jpg?ver=1777380135","contentUrl":"https:\/\/focolares.es\/wp-content\/litespeed\/avatar\/ba00c276ce0fa7863cda4038d70907a8.jpg?ver=1777380135","caption":"admin"},"sameAs":["https:\/\/focolares.es"],"url":"https:\/\/focolares.es\/eu\/author\/afesersl_mcjhk9wv\/"}]}},"views":21,"_links":{"self":[{"href":"https:\/\/focolares.es\/eu\/wp-json\/wp\/v2\/posts\/5012","targetHints":{"allow":["GET"]}}],"collection":[{"href":"https:\/\/focolares.es\/eu\/wp-json\/wp\/v2\/posts"}],"about":[{"href":"https:\/\/focolares.es\/eu\/wp-json\/wp\/v2\/types\/post"}],"author":[{"embeddable":true,"href":"https:\/\/focolares.es\/eu\/wp-json\/wp\/v2\/users\/1"}],"replies":[{"embeddable":true,"href":"https:\/\/focolares.es\/eu\/wp-json\/wp\/v2\/comments?post=5012"}],"version-history":[{"count":2,"href":"https:\/\/focolares.es\/eu\/wp-json\/wp\/v2\/posts\/5012\/revisions"}],"predecessor-version":[{"id":5017,"href":"https:\/\/focolares.es\/eu\/wp-json\/wp\/v2\/posts\/5012\/revisions\/5017"}],"wp:featuredmedia":[{"embeddable":true,"href":"https:\/\/focolares.es\/eu\/wp-json\/wp\/v2\/media\/5016"}],"wp:attachment":[{"href":"https:\/\/focolares.es\/eu\/wp-json\/wp\/v2\/media?parent=5012"}],"wp:term":[{"taxonomy":"category","embeddable":true,"href":"https:\/\/focolares.es\/eu\/wp-json\/wp\/v2\/categories?post=5012"},{"taxonomy":"post_tag","embeddable":true,"href":"https:\/\/focolares.es\/eu\/wp-json\/wp\/v2\/tags?post=5012"}],"curies":[{"name":"wp","href":"https:\/\/api.w.org\/{rel}","templated":true}]}}