{"id":5018,"date":"2023-03-15T21:58:00","date_gmt":"2023-03-15T20:58:00","guid":{"rendered":"https:\/\/focolares.es\/?p=5018"},"modified":"2024-03-13T22:05:22","modified_gmt":"2024-03-13T21:05:22","slug":"2023ko-aste-santua-boluntario-gisa","status":"publish","type":"post","link":"https:\/\/focolares.es\/eu\/voluntariado-semana-santa-2023\/","title":{"rendered":"Aste Santuko Boluntariotza 2023"},"content":{"rendered":"<p>18 eta 30 urte bitarteko gazteak gonbidatzen dituzte haiekin parte hartzera. Antolakuntzak dioen bezala: \u201cEsperientzia bat bizitzera gonbidatzen zaitugu&nbsp;<strong>ahaztezina<\/strong>. Ez pentsatu bi aldiz eta egin salto abenturara. Zuen zain gaude!! &quot;Zer irabazia!&quot;<\/p>\n\n\n\n<p>Boluntariotza apirilaren 6tik 9ra izango da&nbsp;<em>Ombr\u00eda Baserria<\/em>&nbsp;(Valentzia). urtean&nbsp;<em>Baserria<\/em>&nbsp;Ekologia, bizikidetza eta kulturartekotasunari buruzko proiektu solidarioa egiten ari da.<\/p>\n\n\n\n<p>Aste Santua elkarrekin bizitzeko egun batzuk izango dira, prestakuntza, lan eta hausnarketarekin, immigrazioaren errealitatea ezagutu edo gehiago ezagutuz; kultur trukean aritzeko eta bizitza partekatzeko aukera. Guztia ren esparruan&nbsp;<a href=\"https:\/\/avsavalencia.org\/delegacion-vallada\/\" target=\"_blank\" rel=\"noreferrer noopener\">Vallada Proiektua<\/a>.<\/p>\n\n\n\n<p>Informazio gehiago\u00a0<a href=\"mailto:gen2@focolares.org\" target=\"_blank\" rel=\"noreferrer noopener\">posta elektronikoa<\/a>.\u00a0<a href=\"https:\/\/docs.google.com\/forms\/d\/e\/1FAIpQLSdxHeXeVf6BjBAhBpDgyt6GQPkVTAXibK3csh30zKokBoV3jQ\/viewform\" target=\"_blank\" rel=\"noreferrer noopener\">Izen emateak<\/a>.<\/p>","protected":false},"excerpt":{"rendered":"<p>18 eta 30 urte bitarteko gazteak gonbidatzen dituzte haiekin parte hartzera. Antolatzaileek azaldu dutenez: &quot;Esperientzia ahaztezina bizitzera gonbidatzen zaituztegu. Ez izan zalantzarik eta egin salto abenturara. Zure zain gaude! Ilusio handiz zaude!&quot; Boluntariotza programa apirilaren 6tik 9ra egingo da Granja de l&#039;Ombrian (Valentzia). Ekologia, bizikidetza eta kulturartekotasuna ardatz dituen proiektu solidarioa burutzen ari da Baserria. Aste Santua elkarrekin bizitzeko egun batzuk izango dira, prestakuntza, lan eta hausnarketarekin, immigrazioaren errealitatea ezagutu edo gehiago ezagutuz; kultura-trukean aritzeko eta bizitza partekatzeko aukera. Guztia Vallada Proiektuaren esparruan. Informazio gehiago emailean. Izen emateak.<\/p>","protected":false},"author":1,"featured_media":5019,"comment_status":"open","ping_status":"closed","sticky":false,"template":"","format":"standard","meta":{"_price":"","_stock":"","_tribe_ticket_header":"","_tribe_default_ticket_provider":"","_tribe_ticket_capacity":"0","_ticket_start_date":"","_ticket_end_date":"","_tribe_ticket_show_description":"","_tribe_ticket_show_not_going":false,"_tribe_ticket_use_global_stock":"","_tribe_ticket_global_stock_level":"","_global_stock_mode":"","_global_stock_cap":"","_tribe_rsvp_for_event":"","_tribe_ticket_going_count":"","_tribe_ticket_not_going_count":"","_tribe_tickets_list":"[]","_tribe_ticket_has_attendee_info_fields":false,"footnotes":""},"categories":[1],"tags":[],"class_list":["post-5018","post","type-post","status-publish","format-standard","has-post-thumbnail","hentry","category-uncategorized"],"yoast_head":"<!-- This site is optimized with the Yoast SEO plugin v27.2 - https:\/\/yoast.com\/product\/yoast-seo-wordpress\/ -->\n<title>Voluntariado Semana Santa 2023 - Movimiento de los Focolares<\/title>\n<meta name=\"robots\" content=\"index, follow, max-snippet:-1, max-image-preview:large, max-video-preview:-1\" \/>\n<link rel=\"canonical\" href=\"https:\/\/focolares.es\/eu\/2023ko-aste-santua-boluntario-gisa\/\" \/>\n<meta property=\"og:locale\" content=\"en_US\" \/>\n<meta property=\"og:type\" content=\"article\" \/>\n<meta property=\"og:title\" content=\"Voluntariado Semana Santa 2023 - Movimiento de los Focolares\" \/>\n<meta property=\"og:description\" content=\"Invitan a participar con ellos a j\u00f3venes de entre 18 y 30 a\u00f1os. Como cuentan desde la organizaci\u00f3n: \u201cOs invitamos vivir una experiencia&nbsp;inolvidable. No le des m\u00e1s vueltas y l\u00e1nzate a la aventura. \u00a1Te esperamoos!! \u00a1Qu\u00e9 ganaas\u201d El voluntariado tendr\u00e1 lugar del 6 al 9 de abril en la&nbsp;Granja de l\u2019Ombr\u00eda&nbsp;(Valencia). En la&nbsp;Granja&nbsp;se lleva adelante un proyecto solidario de ecolog\u00eda, convivencia e interculturalidad. Ser\u00e1n unos d\u00edas para vivir juntos la Semana Santa, con formaci\u00f3n, trabajo y reflexi\u00f3n, descubriendo o conociendo m\u00e1s de cerca la realidad de la inmigraci\u00f3n; una posibilidad de realizar un intercambio cultural y compartir la vida. Todo en el marco del&nbsp;Proyecto Vallada. M\u00e1s informaci\u00f3n en el\u00a0correo electr\u00f3nico.\u00a0Inscripciones.\" \/>\n<meta property=\"og:url\" content=\"https:\/\/focolares.es\/eu\/2023ko-aste-santua-boluntario-gisa\/\" \/>\n<meta property=\"og:site_name\" content=\"Movimiento de los Focolares\" \/>\n<meta property=\"article:published_time\" content=\"2023-03-15T20:58:00+00:00\" \/>\n<meta property=\"article:modified_time\" content=\"2024-03-13T21:05:22+00:00\" \/>\n<meta property=\"og:image\" content=\"https:\/\/focolares.es\/wp-content\/uploads\/2024\/03\/INVITACION-SEMANA-SANTA.jpg\" \/>\n\t<meta property=\"og:image:width\" content=\"1024\" \/>\n\t<meta property=\"og:image:height\" content=\"683\" \/>\n\t<meta property=\"og:image:type\" content=\"image\/jpeg\" \/>\n<meta name=\"author\" content=\"admin\" \/>\n<meta name=\"twitter:card\" content=\"summary_large_image\" \/>\n<meta name=\"twitter:label1\" content=\"Written by\" \/>\n\t<meta name=\"twitter:data1\" content=\"admin\" \/>\n\t<meta name=\"twitter:label2\" content=\"Est. reading time\" \/>\n\t<meta name=\"twitter:data2\" content=\"1 minutua\" \/>\n<script type=\"application\/ld+json\" class=\"yoast-schema-graph\">{\"@context\":\"https:\/\/schema.org\",\"@graph\":[{\"@type\":\"Article\",\"@id\":\"https:\/\/focolares.es\/voluntariado-semana-santa-2023\/#article\",\"isPartOf\":{\"@id\":\"https:\/\/focolares.es\/voluntariado-semana-santa-2023\/\"},\"author\":{\"name\":\"admin\",\"@id\":\"https:\/\/focolares.es\/#\/schema\/person\/fdbf1cac3e3957f836bf607a31e7616d\"},\"headline\":\"Voluntariado Semana Santa 2023\",\"datePublished\":\"2023-03-15T20:58:00+00:00\",\"dateModified\":\"2024-03-13T21:05:22+00:00\",\"mainEntityOfPage\":{\"@id\":\"https:\/\/focolares.es\/voluntariado-semana-santa-2023\/\"},\"wordCount\":140,\"commentCount\":0,\"publisher\":{\"@id\":\"https:\/\/focolares.es\/#organization\"},\"image\":{\"@id\":\"https:\/\/focolares.es\/voluntariado-semana-santa-2023\/#primaryimage\"},\"thumbnailUrl\":\"https:\/\/focolares.es\/wp-content\/uploads\/2024\/03\/INVITACION-SEMANA-SANTA.jpg\",\"articleSection\":[\"Uncategorized\"],\"inLanguage\":\"eu\",\"potentialAction\":[{\"@type\":\"CommentAction\",\"name\":\"Comment\",\"target\":[\"https:\/\/focolares.es\/voluntariado-semana-santa-2023\/#respond\"]}]},{\"@type\":\"WebPage\",\"@id\":\"https:\/\/focolares.es\/voluntariado-semana-santa-2023\/\",\"url\":\"https:\/\/focolares.es\/voluntariado-semana-santa-2023\/\",\"name\":\"Voluntariado Semana Santa 2023 - Movimiento de los Focolares\",\"isPartOf\":{\"@id\":\"https:\/\/focolares.es\/#website\"},\"primaryImageOfPage\":{\"@id\":\"https:\/\/focolares.es\/voluntariado-semana-santa-2023\/#primaryimage\"},\"image\":{\"@id\":\"https:\/\/focolares.es\/voluntariado-semana-santa-2023\/#primaryimage\"},\"thumbnailUrl\":\"https:\/\/focolares.es\/wp-content\/uploads\/2024\/03\/INVITACION-SEMANA-SANTA.jpg\",\"datePublished\":\"2023-03-15T20:58:00+00:00\",\"dateModified\":\"2024-03-13T21:05:22+00:00\",\"breadcrumb\":{\"@id\":\"https:\/\/focolares.es\/voluntariado-semana-santa-2023\/#breadcrumb\"},\"inLanguage\":\"eu\",\"potentialAction\":[{\"@type\":\"ReadAction\",\"target\":[\"https:\/\/focolares.es\/voluntariado-semana-santa-2023\/\"]}]},{\"@type\":\"ImageObject\",\"inLanguage\":\"eu\",\"@id\":\"https:\/\/focolares.es\/voluntariado-semana-santa-2023\/#primaryimage\",\"url\":\"https:\/\/focolares.es\/wp-content\/uploads\/2024\/03\/INVITACION-SEMANA-SANTA.jpg\",\"contentUrl\":\"https:\/\/focolares.es\/wp-content\/uploads\/2024\/03\/INVITACION-SEMANA-SANTA.jpg\",\"width\":1024,\"height\":683},{\"@type\":\"BreadcrumbList\",\"@id\":\"https:\/\/focolares.es\/voluntariado-semana-santa-2023\/#breadcrumb\",\"itemListElement\":[{\"@type\":\"ListItem\",\"position\":1,\"name\":\"Portada\",\"item\":\"https:\/\/focolares.es\/\"},{\"@type\":\"ListItem\",\"position\":2,\"name\":\"Voluntariado Semana Santa 2023\"}]},{\"@type\":\"WebSite\",\"@id\":\"https:\/\/focolares.es\/#website\",\"url\":\"https:\/\/focolares.es\/\",\"name\":\"Movimiento de los Focolares\",\"description\":\"\",\"publisher\":{\"@id\":\"https:\/\/focolares.es\/#organization\"},\"potentialAction\":[{\"@type\":\"SearchAction\",\"target\":{\"@type\":\"EntryPoint\",\"urlTemplate\":\"https:\/\/focolares.es\/?s={search_term_string}\"},\"query-input\":{\"@type\":\"PropertyValueSpecification\",\"valueRequired\":true,\"valueName\":\"search_term_string\"}}],\"inLanguage\":\"eu\"},{\"@type\":\"Organization\",\"@id\":\"https:\/\/focolares.es\/#organization\",\"name\":\"Movimiento de los Focolares\",\"url\":\"https:\/\/focolares.es\/\",\"logo\":{\"@type\":\"ImageObject\",\"inLanguage\":\"eu\",\"@id\":\"https:\/\/focolares.es\/#\/schema\/logo\/image\/\",\"url\":\"https:\/\/focolares.es\/wp-content\/uploads\/2024\/03\/Logo_focolares-1024x944-1.jpg\",\"contentUrl\":\"https:\/\/focolares.es\/wp-content\/uploads\/2024\/03\/Logo_focolares-1024x944-1.jpg\",\"width\":1024,\"height\":944,\"caption\":\"Movimiento de los Focolares\"},\"image\":{\"@id\":\"https:\/\/focolares.es\/#\/schema\/logo\/image\/\"}},{\"@type\":\"Person\",\"@id\":\"https:\/\/focolares.es\/#\/schema\/person\/fdbf1cac3e3957f836bf607a31e7616d\",\"name\":\"admin\",\"image\":{\"@type\":\"ImageObject\",\"inLanguage\":\"eu\",\"@id\":\"https:\/\/focolares.es\/wp-content\/litespeed\/avatar\/ba00c276ce0fa7863cda4038d70907a8.jpg?ver=1777380135\",\"url\":\"https:\/\/focolares.es\/wp-content\/litespeed\/avatar\/ba00c276ce0fa7863cda4038d70907a8.jpg?ver=1777380135\",\"contentUrl\":\"https:\/\/focolares.es\/wp-content\/litespeed\/avatar\/ba00c276ce0fa7863cda4038d70907a8.jpg?ver=1777380135\",\"caption\":\"admin\"},\"sameAs\":[\"https:\/\/focolares.es\"],\"url\":\"https:\/\/focolares.es\/eu\/author\/afesersl_mcjhk9wv\/\"}]}<\/script>\n<!-- \/ Yoast SEO plugin. -->","yoast_head_json":{"title":"Pazko Boluntariotza 2023 - Fokolarien Mugimendua","robots":{"index":"index","follow":"follow","max-snippet":"max-snippet:-1","max-image-preview":"max-image-preview:large","max-video-preview":"max-video-preview:-1"},"canonical":"https:\/\/focolares.es\/eu\/2023ko-aste-santua-boluntario-gisa\/","og_locale":"en_US","og_type":"article","og_title":"Voluntariado Semana Santa 2023 - Movimiento de los Focolares","og_description":"Invitan a participar con ellos a j\u00f3venes de entre 18 y 30 a\u00f1os. Como cuentan desde la organizaci\u00f3n: \u201cOs invitamos vivir una experiencia&nbsp;inolvidable. No le des m\u00e1s vueltas y l\u00e1nzate a la aventura. \u00a1Te esperamoos!! \u00a1Qu\u00e9 ganaas\u201d El voluntariado tendr\u00e1 lugar del 6 al 9 de abril en la&nbsp;Granja de l\u2019Ombr\u00eda&nbsp;(Valencia). En la&nbsp;Granja&nbsp;se lleva adelante un proyecto solidario de ecolog\u00eda, convivencia e interculturalidad. Ser\u00e1n unos d\u00edas para vivir juntos la Semana Santa, con formaci\u00f3n, trabajo y reflexi\u00f3n, descubriendo o conociendo m\u00e1s de cerca la realidad de la inmigraci\u00f3n; una posibilidad de realizar un intercambio cultural y compartir la vida. Todo en el marco del&nbsp;Proyecto Vallada. M\u00e1s informaci\u00f3n en el\u00a0correo electr\u00f3nico.\u00a0Inscripciones.","og_url":"https:\/\/focolares.es\/eu\/2023ko-aste-santua-boluntario-gisa\/","og_site_name":"Movimiento de los Focolares","article_published_time":"2023-03-15T20:58:00+00:00","article_modified_time":"2024-03-13T21:05:22+00:00","og_image":[{"width":1024,"height":683,"url":"https:\/\/focolares.es\/wp-content\/uploads\/2024\/03\/INVITACION-SEMANA-SANTA.jpg","type":"image\/jpeg"}],"author":"admin","twitter_card":"summary_large_image","twitter_misc":{"Written by":"admin","Est. reading time":"1 minutua"},"schema":{"@context":"https:\/\/schema.org","@graph":[{"@type":"Article","@id":"https:\/\/focolares.es\/voluntariado-semana-santa-2023\/#article","isPartOf":{"@id":"https:\/\/focolares.es\/voluntariado-semana-santa-2023\/"},"author":{"name":"admin","@id":"https:\/\/focolares.es\/#\/schema\/person\/fdbf1cac3e3957f836bf607a31e7616d"},"headline":"Voluntariado Semana Santa 2023","datePublished":"2023-03-15T20:58:00+00:00","dateModified":"2024-03-13T21:05:22+00:00","mainEntityOfPage":{"@id":"https:\/\/focolares.es\/voluntariado-semana-santa-2023\/"},"wordCount":140,"commentCount":0,"publisher":{"@id":"https:\/\/focolares.es\/#organization"},"image":{"@id":"https:\/\/focolares.es\/voluntariado-semana-santa-2023\/#primaryimage"},"thumbnailUrl":"https:\/\/focolares.es\/wp-content\/uploads\/2024\/03\/INVITACION-SEMANA-SANTA.jpg","articleSection":["Uncategorized"],"inLanguage":"eu","potentialAction":[{"@type":"CommentAction","name":"Comment","target":["https:\/\/focolares.es\/voluntariado-semana-santa-2023\/#respond"]}]},{"@type":"WebPage","@id":"https:\/\/focolares.es\/voluntariado-semana-santa-2023\/","url":"https:\/\/focolares.es\/voluntariado-semana-santa-2023\/","name":"Pazko Boluntariotza 2023 - Fokolarien Mugimendua","isPartOf":{"@id":"https:\/\/focolares.es\/#website"},"primaryImageOfPage":{"@id":"https:\/\/focolares.es\/voluntariado-semana-santa-2023\/#primaryimage"},"image":{"@id":"https:\/\/focolares.es\/voluntariado-semana-santa-2023\/#primaryimage"},"thumbnailUrl":"https:\/\/focolares.es\/wp-content\/uploads\/2024\/03\/INVITACION-SEMANA-SANTA.jpg","datePublished":"2023-03-15T20:58:00+00:00","dateModified":"2024-03-13T21:05:22+00:00","breadcrumb":{"@id":"https:\/\/focolares.es\/voluntariado-semana-santa-2023\/#breadcrumb"},"inLanguage":"eu","potentialAction":[{"@type":"ReadAction","target":["https:\/\/focolares.es\/voluntariado-semana-santa-2023\/"]}]},{"@type":"ImageObject","inLanguage":"eu","@id":"https:\/\/focolares.es\/voluntariado-semana-santa-2023\/#primaryimage","url":"https:\/\/focolares.es\/wp-content\/uploads\/2024\/03\/INVITACION-SEMANA-SANTA.jpg","contentUrl":"https:\/\/focolares.es\/wp-content\/uploads\/2024\/03\/INVITACION-SEMANA-SANTA.jpg","width":1024,"height":683},{"@type":"BreadcrumbList","@id":"https:\/\/focolares.es\/voluntariado-semana-santa-2023\/#breadcrumb","itemListElement":[{"@type":"ListItem","position":1,"name":"Portada","item":"https:\/\/focolares.es\/"},{"@type":"ListItem","position":2,"name":"Voluntariado Semana Santa 2023"}]},{"@type":"WebSite","@id":"https:\/\/focolares.es\/#website","url":"https:\/\/focolares.es\/","name":"Fokolareen Mugimenduaren","description":"","publisher":{"@id":"https:\/\/focolares.es\/#organization"},"potentialAction":[{"@type":"SearchAction","target":{"@type":"EntryPoint","urlTemplate":"https:\/\/focolares.es\/?s={search_term_string}"},"query-input":{"@type":"PropertyValueSpecification","valueRequired":true,"valueName":"search_term_string"}}],"inLanguage":"eu"},{"@type":"Organization","@id":"https:\/\/focolares.es\/#organization","name":"Fokolareen Mugimenduaren","url":"https:\/\/focolares.es\/","logo":{"@type":"ImageObject","inLanguage":"eu","@id":"https:\/\/focolares.es\/#\/schema\/logo\/image\/","url":"https:\/\/focolares.es\/wp-content\/uploads\/2024\/03\/Logo_focolares-1024x944-1.jpg","contentUrl":"https:\/\/focolares.es\/wp-content\/uploads\/2024\/03\/Logo_focolares-1024x944-1.jpg","width":1024,"height":944,"caption":"Movimiento de los Focolares"},"image":{"@id":"https:\/\/focolares.es\/#\/schema\/logo\/image\/"}},{"@type":"Person","@id":"https:\/\/focolares.es\/#\/schema\/person\/fdbf1cac3e3957f836bf607a31e7616d","name":"admin","image":{"@type":"ImageObject","inLanguage":"eu","@id":"https:\/\/focolares.es\/wp-content\/litespeed\/avatar\/ba00c276ce0fa7863cda4038d70907a8.jpg?ver=1777380135","url":"https:\/\/focolares.es\/wp-content\/litespeed\/avatar\/ba00c276ce0fa7863cda4038d70907a8.jpg?ver=1777380135","contentUrl":"https:\/\/focolares.es\/wp-content\/litespeed\/avatar\/ba00c276ce0fa7863cda4038d70907a8.jpg?ver=1777380135","caption":"admin"},"sameAs":["https:\/\/focolares.es"],"url":"https:\/\/focolares.es\/eu\/author\/afesersl_mcjhk9wv\/"}]}},"views":23,"_links":{"self":[{"href":"https:\/\/focolares.es\/eu\/wp-json\/wp\/v2\/posts\/5018","targetHints":{"allow":["GET"]}}],"collection":[{"href":"https:\/\/focolares.es\/eu\/wp-json\/wp\/v2\/posts"}],"about":[{"href":"https:\/\/focolares.es\/eu\/wp-json\/wp\/v2\/types\/post"}],"author":[{"embeddable":true,"href":"https:\/\/focolares.es\/eu\/wp-json\/wp\/v2\/users\/1"}],"replies":[{"embeddable":true,"href":"https:\/\/focolares.es\/eu\/wp-json\/wp\/v2\/comments?post=5018"}],"version-history":[{"count":2,"href":"https:\/\/focolares.es\/eu\/wp-json\/wp\/v2\/posts\/5018\/revisions"}],"predecessor-version":[{"id":16282,"href":"https:\/\/focolares.es\/eu\/wp-json\/wp\/v2\/posts\/5018\/revisions\/16282"}],"wp:featuredmedia":[{"embeddable":true,"href":"https:\/\/focolares.es\/eu\/wp-json\/wp\/v2\/media\/5019"}],"wp:attachment":[{"href":"https:\/\/focolares.es\/eu\/wp-json\/wp\/v2\/media?parent=5018"}],"wp:term":[{"taxonomy":"category","embeddable":true,"href":"https:\/\/focolares.es\/eu\/wp-json\/wp\/v2\/categories?post=5018"},{"taxonomy":"post_tag","embeddable":true,"href":"https:\/\/focolares.es\/eu\/wp-json\/wp\/v2\/tags?post=5018"}],"curies":[{"name":"wp","href":"https:\/\/api.w.org\/{rel}","templated":true}]}}