{"id":5021,"date":"2023-03-06T22:07:00","date_gmt":"2023-03-06T21:07:00","guid":{"rendered":"https:\/\/focolares.es\/?p=5021"},"modified":"2024-07-12T19:14:59","modified_gmt":"2024-07-12T17:14:59","slug":"infiniturantz-jaurtitako-erdi-lerro-bat-bezala","status":"publish","type":"post","link":"https:\/\/focolares.es\/eu\/como-una-semirrecta-lanzada-al-infinito\/","title":{"rendered":"Infinitura jaurtitako erdi-lerro bat bezala"},"content":{"rendered":"<figure class=\"wp-block-image alignright\"><img decoding=\"async\" src=\"https:\/\/www.focolare.org\/espana\/files\/2013\/11\/luminosa_2_peq.jpg\" alt=\"\" class=\"wp-image-84681\"\/><\/figure>\n\n\n\n<p>Hil zenetik 38 urtera&nbsp;<strong>Margarita Bavosi,&nbsp;<em>Argitsua<\/em><\/strong>, Jainkoaren zerbitzariaren bizitzak bere horretan jarraitzen du gaur egun. Hori berresten dute iristen diren lekukotasun ugariek&nbsp;<em>Batzordea<\/em>&nbsp;bere kausaz. Horietako batzuk aurtengo Buletinean agertzen dira. Jainkoarekin bat eginda hazteko otoitzean eta barne-bizitzan zentratutako buletin bat, Fr.&nbsp;<strong>Jos\u00e9-Dami\u00e1n Gait\u00e1n<\/strong>, OCD, teologian doktorea eta Margarita ezagutzen zuena.<\/p>\n\n\n\n<p><em>Sarbidea\u00a0<a href=\"https:\/\/www.focolare.org\/espana\/files\/2023\/03\/2023_bolet%C3%ADn_Luminosa.pdf\" target=\"_blank\" rel=\"noreferrer noopener\">Buletina<\/a><\/em><a href=\"https:\/\/luminosa.focolares.es\/boletines\/2023_encarte_20.pdf\" target=\"_blank\" rel=\"noreferrer noopener\">.<\/a><\/p>\n\n\n\n<p>Martxoaren 7an bezala, Jainkoaren zerbitzariaren heriotzaren urteurrenean, Eukaristia ospatzen da.&nbsp;<a href=\"https:\/\/cmluminosa.es\/?doing_wp_cron=1646645654.9370219707489013671875\" target=\"_blank\" rel=\"noreferrer noopener\"><em>CM Luminosa<\/em><\/a>. 19:00etan izango da. eta jarraitu daiteke&nbsp;<a href=\"https:\/\/www.focolare.org\/espana\/es\/news\/2023\/02\/13\/margarita-bavosi-luminosa-2\/\"><em>sarean<\/em><\/a>. Ondoren, ekitaldi bat egingo da, non Jainkoarekin batasunari buruzko Luminosaren orrialde batzuk irakurriko diren. Bera ezagutu zutenen edo euren gizarte-ekintzetarako inspiratu zirenen hainbat lekukotasunez gain, Fr.&nbsp;<strong>Fabio Ciardi<\/strong>, omi eta&nbsp;<em>Argi Ekintza Elkartea<\/em>&nbsp;Sevillatik. Azkenik, Beatifikazio Prozesuaren egungo fasearen egoeraren berri emango da.<\/p>\n\n\n\n<p>Zuzenean jarraitu ahal izango da honetan&nbsp;<a href=\"https:\/\/us02web.zoom.us\/j\/89161691325\">hemen<\/a>. Sarbide kodea: Luminosa38.<\/p>\n\n\n\n<p>Margarita Bavosik beregan duen bizitzari buruzko informazio gehiago&nbsp;<a href=\"https:\/\/luminosa.focolares.es\/\" target=\"_blank\" rel=\"noreferrer noopener\">web orrian<\/a>&nbsp;eta -ren profilean&nbsp;<a href=\"https:\/\/instagram.com\/luminosafoco41?utm_medium=copy_link\" target=\"_blank\" rel=\"noreferrer noopener\">Instagram<\/a>.<\/p>","protected":false},"excerpt":{"rendered":"<p>Margarita Bavosi, Luminosa, hil eta hogeita hemezortzi urtera, Jainkoaren Zerbitzariaren bizitza gaurkotasuna mantentzen du. Hori agerikoa da Batzordeak bere kausagatik jaso dituen testigantza ugarietan. Horietako batzuk aurtengo Buletinean agertzen dira. Buletin batek otoitzean eta Jainkoarekin bat eginda hazteko barne-bizitzan jartzen du arreta, besteak beste, Margarita ezagutzen zuen Jos\u00e9-Dami\u00e1n Gait\u00e1n apaizaren, OCD, teologiako doktorearen, testigantza. Sartu Buletinera. Martxoaren 7an bezala, Jainkoaren Zerbitzariaren heriotzaren urteurrenean, meza bat ospatuko da Luminosa elizan. 19:00etan izango da eta online jarraitu ahal izango da. Meza ondoren, Luminosako orrialde batzuk irakurriko dira Jainkoarekin bat egiteari buruz. Gainera, ezagutu zutenen edo gizarte-ekintzetarako hark inspiratutakoen hainbat testigantza izango dira, hala nola Fabio Ciardi apaizaren, IMO, eta Sevillako &quot;Ekintza Luminosoa&quot; Elkartearenak. Azkenik, Beatifikazio Prozesuaren egungo fasearen egoera iragarriko da. Zuzenean jarrai dezakezu esteka honetan. Sarbide-kodea: Luminosa38. Margarita Bavosiren bizitzari buruzko informazio gehiago bere webgunean eta Instagram profilean dago eskuragarri.<\/p>","protected":false},"author":1,"featured_media":5025,"comment_status":"open","ping_status":"closed","sticky":false,"template":"","format":"standard","meta":{"_price":"","_stock":"","_tribe_ticket_header":"","_tribe_default_ticket_provider":"","_tribe_ticket_capacity":"0","_ticket_start_date":"","_ticket_end_date":"","_tribe_ticket_show_description":"","_tribe_ticket_show_not_going":false,"_tribe_ticket_use_global_stock":"","_tribe_ticket_global_stock_level":"","_global_stock_mode":"","_global_stock_cap":"","_tribe_rsvp_for_event":"","_tribe_ticket_going_count":"","_tribe_ticket_not_going_count":"","_tribe_tickets_list":"[]","_tribe_ticket_has_attendee_info_fields":false,"footnotes":""},"categories":[1],"tags":[],"class_list":["post-5021","post","type-post","status-publish","format-standard","has-post-thumbnail","hentry","category-uncategorized"],"yoast_head":"<!-- This site is optimized with the Yoast SEO plugin v27.2 - https:\/\/yoast.com\/product\/yoast-seo-wordpress\/ -->\n<title>Como una semirrecta lanzada al infinito - Movimiento de los Focolares<\/title>\n<meta name=\"robots\" content=\"index, follow, max-snippet:-1, max-image-preview:large, max-video-preview:-1\" \/>\n<link rel=\"canonical\" href=\"https:\/\/focolares.es\/eu\/infiniturantz-jaurtitako-erdi-lerro-bat-bezala\/\" \/>\n<meta property=\"og:locale\" content=\"en_US\" \/>\n<meta property=\"og:type\" content=\"article\" \/>\n<meta property=\"og:title\" content=\"Como una semirrecta lanzada al infinito - Movimiento de los Focolares\" \/>\n<meta property=\"og:description\" content=\"Treinta y ocho a\u00f1os despu\u00e9s de la muerte de&nbsp;Margarita Bavosi,&nbsp;Luminosa, la vida de la sierva de Dios contin\u00faa de actualidad. As\u00ed se constata a trav\u00e9s de los muchos testimonios que llegan a la&nbsp;Comisi\u00f3n&nbsp;de su causa. Algunos de ellos, aparecen en el Bolet\u00edn de este a\u00f1o.Un bolet\u00edn centrado en la oraci\u00f3n y la vida interior para crecer en la uni\u00f3n con Dios, incluyendo el testimonio del P.&nbsp;Jos\u00e9-Dami\u00e1n Gait\u00e1n, ocd, doctor en teolog\u00eda y quien conoci\u00f3&nbsp;a Margarita. Acceso al\u00a0Bolet\u00edn. Como cada 7 de marzo, aniversario de la muerte de la sierva de Dios, se celebra una eucarist\u00eda en el&nbsp;CM Luminosa. Ser\u00e1 a las 19 h. y podr\u00e1 seguirse&nbsp;online. Tras la misma, seguir\u00e1 un acto donde se leer\u00e1n algunas p\u00e1ginas de Luminosa sobre la uni\u00f3n con Dios. Adem\u00e1s de diferentes testimonios de quienes la conocieron o que se inspiran en ella para sus acciones sociales, como el P.&nbsp;Fabio Ciardi, omi y la&nbsp;Asociaci\u00f3n \u201cAcci\u00f3n Luminosa\u201d&nbsp;de Sevilla. Por \u00faltimo, se notificar\u00e1 el estado de la actual fase del Proceso de Beatificaci\u00f3n. Podr\u00e1 seguirse en directo en este&nbsp;enlace. C\u00f3digo de acceso: Luminosa38. M\u00e1s informaci\u00f3n sobre la vida de Margarita Bavosi en su&nbsp;p\u00e1gina web&nbsp;y en el perfil de&nbsp;instragram.\" \/>\n<meta property=\"og:url\" content=\"https:\/\/focolares.es\/eu\/infiniturantz-jaurtitako-erdi-lerro-bat-bezala\/\" \/>\n<meta property=\"og:site_name\" content=\"Movimiento de los Focolares\" \/>\n<meta property=\"article:published_time\" content=\"2023-03-06T21:07:00+00:00\" \/>\n<meta property=\"article:modified_time\" content=\"2024-07-12T17:14:59+00:00\" \/>\n<meta property=\"og:image\" content=\"https:\/\/focolares.es\/wp-content\/uploads\/2024\/03\/luminosa_estampa.jpg\" \/>\n\t<meta property=\"og:image:width\" content=\"883\" \/>\n\t<meta property=\"og:image:height\" content=\"1024\" \/>\n\t<meta property=\"og:image:type\" content=\"image\/jpeg\" \/>\n<meta name=\"author\" content=\"admin\" \/>\n<meta name=\"twitter:card\" content=\"summary_large_image\" \/>\n<meta name=\"twitter:label1\" content=\"Written by\" \/>\n\t<meta name=\"twitter:data1\" content=\"admin\" \/>\n\t<meta name=\"twitter:label2\" content=\"Est. reading time\" \/>\n\t<meta name=\"twitter:data2\" content=\"2 minutua\" \/>\n<script type=\"application\/ld+json\" class=\"yoast-schema-graph\">{\"@context\":\"https:\/\/schema.org\",\"@graph\":[{\"@type\":\"Article\",\"@id\":\"https:\/\/focolares.es\/como-una-semirrecta-lanzada-al-infinito\/#article\",\"isPartOf\":{\"@id\":\"https:\/\/focolares.es\/como-una-semirrecta-lanzada-al-infinito\/\"},\"author\":{\"name\":\"admin\",\"@id\":\"https:\/\/focolares.es\/#\/schema\/person\/fdbf1cac3e3957f836bf607a31e7616d\"},\"headline\":\"Como una semirrecta lanzada al infinito\",\"datePublished\":\"2023-03-06T21:07:00+00:00\",\"dateModified\":\"2024-07-12T17:14:59+00:00\",\"mainEntityOfPage\":{\"@id\":\"https:\/\/focolares.es\/como-una-semirrecta-lanzada-al-infinito\/\"},\"wordCount\":254,\"commentCount\":0,\"publisher\":{\"@id\":\"https:\/\/focolares.es\/#organization\"},\"image\":{\"@id\":\"https:\/\/focolares.es\/como-una-semirrecta-lanzada-al-infinito\/#primaryimage\"},\"thumbnailUrl\":\"https:\/\/focolares.es\/wp-content\/uploads\/2024\/03\/luminosa_estampa.jpg\",\"articleSection\":[\"Uncategorized\"],\"inLanguage\":\"eu\",\"potentialAction\":[{\"@type\":\"CommentAction\",\"name\":\"Comment\",\"target\":[\"https:\/\/focolares.es\/como-una-semirrecta-lanzada-al-infinito\/#respond\"]}]},{\"@type\":\"WebPage\",\"@id\":\"https:\/\/focolares.es\/como-una-semirrecta-lanzada-al-infinito\/\",\"url\":\"https:\/\/focolares.es\/como-una-semirrecta-lanzada-al-infinito\/\",\"name\":\"Como una semirrecta lanzada al infinito - Movimiento de los Focolares\",\"isPartOf\":{\"@id\":\"https:\/\/focolares.es\/#website\"},\"primaryImageOfPage\":{\"@id\":\"https:\/\/focolares.es\/como-una-semirrecta-lanzada-al-infinito\/#primaryimage\"},\"image\":{\"@id\":\"https:\/\/focolares.es\/como-una-semirrecta-lanzada-al-infinito\/#primaryimage\"},\"thumbnailUrl\":\"https:\/\/focolares.es\/wp-content\/uploads\/2024\/03\/luminosa_estampa.jpg\",\"datePublished\":\"2023-03-06T21:07:00+00:00\",\"dateModified\":\"2024-07-12T17:14:59+00:00\",\"breadcrumb\":{\"@id\":\"https:\/\/focolares.es\/como-una-semirrecta-lanzada-al-infinito\/#breadcrumb\"},\"inLanguage\":\"eu\",\"potentialAction\":[{\"@type\":\"ReadAction\",\"target\":[\"https:\/\/focolares.es\/como-una-semirrecta-lanzada-al-infinito\/\"]}]},{\"@type\":\"ImageObject\",\"inLanguage\":\"eu\",\"@id\":\"https:\/\/focolares.es\/como-una-semirrecta-lanzada-al-infinito\/#primaryimage\",\"url\":\"https:\/\/focolares.es\/wp-content\/uploads\/2024\/03\/luminosa_estampa.jpg\",\"contentUrl\":\"https:\/\/focolares.es\/wp-content\/uploads\/2024\/03\/luminosa_estampa.jpg\",\"width\":883,\"height\":1024},{\"@type\":\"BreadcrumbList\",\"@id\":\"https:\/\/focolares.es\/como-una-semirrecta-lanzada-al-infinito\/#breadcrumb\",\"itemListElement\":[{\"@type\":\"ListItem\",\"position\":1,\"name\":\"Portada\",\"item\":\"https:\/\/focolares.es\/\"},{\"@type\":\"ListItem\",\"position\":2,\"name\":\"Como una semirrecta lanzada al infinito\"}]},{\"@type\":\"WebSite\",\"@id\":\"https:\/\/focolares.es\/#website\",\"url\":\"https:\/\/focolares.es\/\",\"name\":\"Movimiento de los Focolares\",\"description\":\"\",\"publisher\":{\"@id\":\"https:\/\/focolares.es\/#organization\"},\"potentialAction\":[{\"@type\":\"SearchAction\",\"target\":{\"@type\":\"EntryPoint\",\"urlTemplate\":\"https:\/\/focolares.es\/?s={search_term_string}\"},\"query-input\":{\"@type\":\"PropertyValueSpecification\",\"valueRequired\":true,\"valueName\":\"search_term_string\"}}],\"inLanguage\":\"eu\"},{\"@type\":\"Organization\",\"@id\":\"https:\/\/focolares.es\/#organization\",\"name\":\"Movimiento de los Focolares\",\"url\":\"https:\/\/focolares.es\/\",\"logo\":{\"@type\":\"ImageObject\",\"inLanguage\":\"eu\",\"@id\":\"https:\/\/focolares.es\/#\/schema\/logo\/image\/\",\"url\":\"https:\/\/focolares.es\/wp-content\/uploads\/2024\/03\/Logo_focolares-1024x944-1.jpg\",\"contentUrl\":\"https:\/\/focolares.es\/wp-content\/uploads\/2024\/03\/Logo_focolares-1024x944-1.jpg\",\"width\":1024,\"height\":944,\"caption\":\"Movimiento de los Focolares\"},\"image\":{\"@id\":\"https:\/\/focolares.es\/#\/schema\/logo\/image\/\"}},{\"@type\":\"Person\",\"@id\":\"https:\/\/focolares.es\/#\/schema\/person\/fdbf1cac3e3957f836bf607a31e7616d\",\"name\":\"admin\",\"image\":{\"@type\":\"ImageObject\",\"inLanguage\":\"eu\",\"@id\":\"https:\/\/focolares.es\/wp-content\/litespeed\/avatar\/ba00c276ce0fa7863cda4038d70907a8.jpg?ver=1777380135\",\"url\":\"https:\/\/focolares.es\/wp-content\/litespeed\/avatar\/ba00c276ce0fa7863cda4038d70907a8.jpg?ver=1777380135\",\"contentUrl\":\"https:\/\/focolares.es\/wp-content\/litespeed\/avatar\/ba00c276ce0fa7863cda4038d70907a8.jpg?ver=1777380135\",\"caption\":\"admin\"},\"sameAs\":[\"https:\/\/focolares.es\"],\"url\":\"https:\/\/focolares.es\/eu\/author\/afesersl_mcjhk9wv\/\"}]}<\/script>\n<!-- \/ Yoast SEO plugin. -->","yoast_head_json":{"title":"Infinitura jaurtitako izpi bat bezala - Fokolarien Mugimendua","robots":{"index":"index","follow":"follow","max-snippet":"max-snippet:-1","max-image-preview":"max-image-preview:large","max-video-preview":"max-video-preview:-1"},"canonical":"https:\/\/focolares.es\/eu\/infiniturantz-jaurtitako-erdi-lerro-bat-bezala\/","og_locale":"en_US","og_type":"article","og_title":"Como una semirrecta lanzada al infinito - Movimiento de los Focolares","og_description":"Treinta y ocho a\u00f1os despu\u00e9s de la muerte de&nbsp;Margarita Bavosi,&nbsp;Luminosa, la vida de la sierva de Dios contin\u00faa de actualidad. As\u00ed se constata a trav\u00e9s de los muchos testimonios que llegan a la&nbsp;Comisi\u00f3n&nbsp;de su causa. Algunos de ellos, aparecen en el Bolet\u00edn de este a\u00f1o.Un bolet\u00edn centrado en la oraci\u00f3n y la vida interior para crecer en la uni\u00f3n con Dios, incluyendo el testimonio del P.&nbsp;Jos\u00e9-Dami\u00e1n Gait\u00e1n, ocd, doctor en teolog\u00eda y quien conoci\u00f3&nbsp;a Margarita. Acceso al\u00a0Bolet\u00edn. Como cada 7 de marzo, aniversario de la muerte de la sierva de Dios, se celebra una eucarist\u00eda en el&nbsp;CM Luminosa. Ser\u00e1 a las 19 h. y podr\u00e1 seguirse&nbsp;online. Tras la misma, seguir\u00e1 un acto donde se leer\u00e1n algunas p\u00e1ginas de Luminosa sobre la uni\u00f3n con Dios. Adem\u00e1s de diferentes testimonios de quienes la conocieron o que se inspiran en ella para sus acciones sociales, como el P.&nbsp;Fabio Ciardi, omi y la&nbsp;Asociaci\u00f3n \u201cAcci\u00f3n Luminosa\u201d&nbsp;de Sevilla. Por \u00faltimo, se notificar\u00e1 el estado de la actual fase del Proceso de Beatificaci\u00f3n. Podr\u00e1 seguirse en directo en este&nbsp;enlace. C\u00f3digo de acceso: Luminosa38. M\u00e1s informaci\u00f3n sobre la vida de Margarita Bavosi en su&nbsp;p\u00e1gina web&nbsp;y en el perfil de&nbsp;instragram.","og_url":"https:\/\/focolares.es\/eu\/infiniturantz-jaurtitako-erdi-lerro-bat-bezala\/","og_site_name":"Movimiento de los Focolares","article_published_time":"2023-03-06T21:07:00+00:00","article_modified_time":"2024-07-12T17:14:59+00:00","og_image":[{"width":883,"height":1024,"url":"https:\/\/focolares.es\/wp-content\/uploads\/2024\/03\/luminosa_estampa.jpg","type":"image\/jpeg"}],"author":"admin","twitter_card":"summary_large_image","twitter_misc":{"Written by":"admin","Est. reading time":"2 minutua"},"schema":{"@context":"https:\/\/schema.org","@graph":[{"@type":"Article","@id":"https:\/\/focolares.es\/como-una-semirrecta-lanzada-al-infinito\/#article","isPartOf":{"@id":"https:\/\/focolares.es\/como-una-semirrecta-lanzada-al-infinito\/"},"author":{"name":"admin","@id":"https:\/\/focolares.es\/#\/schema\/person\/fdbf1cac3e3957f836bf607a31e7616d"},"headline":"Como una semirrecta lanzada al infinito","datePublished":"2023-03-06T21:07:00+00:00","dateModified":"2024-07-12T17:14:59+00:00","mainEntityOfPage":{"@id":"https:\/\/focolares.es\/como-una-semirrecta-lanzada-al-infinito\/"},"wordCount":254,"commentCount":0,"publisher":{"@id":"https:\/\/focolares.es\/#organization"},"image":{"@id":"https:\/\/focolares.es\/como-una-semirrecta-lanzada-al-infinito\/#primaryimage"},"thumbnailUrl":"https:\/\/focolares.es\/wp-content\/uploads\/2024\/03\/luminosa_estampa.jpg","articleSection":["Uncategorized"],"inLanguage":"eu","potentialAction":[{"@type":"CommentAction","name":"Comment","target":["https:\/\/focolares.es\/como-una-semirrecta-lanzada-al-infinito\/#respond"]}]},{"@type":"WebPage","@id":"https:\/\/focolares.es\/como-una-semirrecta-lanzada-al-infinito\/","url":"https:\/\/focolares.es\/como-una-semirrecta-lanzada-al-infinito\/","name":"Infinitura jaurtitako izpi bat bezala - Fokolarien Mugimendua","isPartOf":{"@id":"https:\/\/focolares.es\/#website"},"primaryImageOfPage":{"@id":"https:\/\/focolares.es\/como-una-semirrecta-lanzada-al-infinito\/#primaryimage"},"image":{"@id":"https:\/\/focolares.es\/como-una-semirrecta-lanzada-al-infinito\/#primaryimage"},"thumbnailUrl":"https:\/\/focolares.es\/wp-content\/uploads\/2024\/03\/luminosa_estampa.jpg","datePublished":"2023-03-06T21:07:00+00:00","dateModified":"2024-07-12T17:14:59+00:00","breadcrumb":{"@id":"https:\/\/focolares.es\/como-una-semirrecta-lanzada-al-infinito\/#breadcrumb"},"inLanguage":"eu","potentialAction":[{"@type":"ReadAction","target":["https:\/\/focolares.es\/como-una-semirrecta-lanzada-al-infinito\/"]}]},{"@type":"ImageObject","inLanguage":"eu","@id":"https:\/\/focolares.es\/como-una-semirrecta-lanzada-al-infinito\/#primaryimage","url":"https:\/\/focolares.es\/wp-content\/uploads\/2024\/03\/luminosa_estampa.jpg","contentUrl":"https:\/\/focolares.es\/wp-content\/uploads\/2024\/03\/luminosa_estampa.jpg","width":883,"height":1024},{"@type":"BreadcrumbList","@id":"https:\/\/focolares.es\/como-una-semirrecta-lanzada-al-infinito\/#breadcrumb","itemListElement":[{"@type":"ListItem","position":1,"name":"Portada","item":"https:\/\/focolares.es\/"},{"@type":"ListItem","position":2,"name":"Como una semirrecta lanzada al infinito"}]},{"@type":"WebSite","@id":"https:\/\/focolares.es\/#website","url":"https:\/\/focolares.es\/","name":"Fokolareen Mugimenduaren","description":"","publisher":{"@id":"https:\/\/focolares.es\/#organization"},"potentialAction":[{"@type":"SearchAction","target":{"@type":"EntryPoint","urlTemplate":"https:\/\/focolares.es\/?s={search_term_string}"},"query-input":{"@type":"PropertyValueSpecification","valueRequired":true,"valueName":"search_term_string"}}],"inLanguage":"eu"},{"@type":"Organization","@id":"https:\/\/focolares.es\/#organization","name":"Fokolareen Mugimenduaren","url":"https:\/\/focolares.es\/","logo":{"@type":"ImageObject","inLanguage":"eu","@id":"https:\/\/focolares.es\/#\/schema\/logo\/image\/","url":"https:\/\/focolares.es\/wp-content\/uploads\/2024\/03\/Logo_focolares-1024x944-1.jpg","contentUrl":"https:\/\/focolares.es\/wp-content\/uploads\/2024\/03\/Logo_focolares-1024x944-1.jpg","width":1024,"height":944,"caption":"Movimiento de los Focolares"},"image":{"@id":"https:\/\/focolares.es\/#\/schema\/logo\/image\/"}},{"@type":"Person","@id":"https:\/\/focolares.es\/#\/schema\/person\/fdbf1cac3e3957f836bf607a31e7616d","name":"admin","image":{"@type":"ImageObject","inLanguage":"eu","@id":"https:\/\/focolares.es\/wp-content\/litespeed\/avatar\/ba00c276ce0fa7863cda4038d70907a8.jpg?ver=1777380135","url":"https:\/\/focolares.es\/wp-content\/litespeed\/avatar\/ba00c276ce0fa7863cda4038d70907a8.jpg?ver=1777380135","contentUrl":"https:\/\/focolares.es\/wp-content\/litespeed\/avatar\/ba00c276ce0fa7863cda4038d70907a8.jpg?ver=1777380135","caption":"admin"},"sameAs":["https:\/\/focolares.es"],"url":"https:\/\/focolares.es\/eu\/author\/afesersl_mcjhk9wv\/"}]}},"views":24,"_links":{"self":[{"href":"https:\/\/focolares.es\/eu\/wp-json\/wp\/v2\/posts\/5021","targetHints":{"allow":["GET"]}}],"collection":[{"href":"https:\/\/focolares.es\/eu\/wp-json\/wp\/v2\/posts"}],"about":[{"href":"https:\/\/focolares.es\/eu\/wp-json\/wp\/v2\/types\/post"}],"author":[{"embeddable":true,"href":"https:\/\/focolares.es\/eu\/wp-json\/wp\/v2\/users\/1"}],"replies":[{"embeddable":true,"href":"https:\/\/focolares.es\/eu\/wp-json\/wp\/v2\/comments?post=5021"}],"version-history":[{"count":1,"href":"https:\/\/focolares.es\/eu\/wp-json\/wp\/v2\/posts\/5021\/revisions"}],"predecessor-version":[{"id":5022,"href":"https:\/\/focolares.es\/eu\/wp-json\/wp\/v2\/posts\/5021\/revisions\/5022"}],"wp:featuredmedia":[{"embeddable":true,"href":"https:\/\/focolares.es\/eu\/wp-json\/wp\/v2\/media\/5025"}],"wp:attachment":[{"href":"https:\/\/focolares.es\/eu\/wp-json\/wp\/v2\/media?parent=5021"}],"wp:term":[{"taxonomy":"category","embeddable":true,"href":"https:\/\/focolares.es\/eu\/wp-json\/wp\/v2\/categories?post=5021"},{"taxonomy":"post_tag","embeddable":true,"href":"https:\/\/focolares.es\/eu\/wp-json\/wp\/v2\/tags?post=5021"}],"curies":[{"name":"wp","href":"https:\/\/api.w.org\/{rel}","templated":true}]}}