{"id":5028,"date":"2023-02-13T22:33:00","date_gmt":"2023-02-13T21:33:00","guid":{"rendered":"https:\/\/focolares.es\/?p=5028"},"modified":"2024-03-13T23:00:06","modified_gmt":"2024-03-13T22:00:06","slug":"esanahiarekin-lan-egitea","status":"publish","type":"post","link":"https:\/\/focolares.es\/eu\/trabajando-con-sentido\/","title":{"rendered":"Esanahiarekin lan egitea"},"content":{"rendered":"<p>Elkarrizketa,&nbsp;<em>Espainia Komunioaren Ekonomiarako Elkartea<\/em>&nbsp;antolatzen du&nbsp;<em>Esanahiaren egunarekin lan egitea<\/em>. Madrilen izango da martxoaren 4an, 10:00etatik 14:00etara. Francisco Cea kalean, n\u00aa9 \u2013 solairuartea (Diego de Le\u00f3n metroa. 12 eta C2 autobusak).<\/p>\n\n\n\n<p>Egungo lan-panoramari buruzko informazio-esparru batekin hasiko da goiza, elizaren doktrina sozialak eta\u00a0<a href=\"https:\/\/focolares.es\/eu\/komunztadura-ekonomiaren-identitate-gutuna\/\" target=\"_blank\" rel=\"noreferrer noopener\"><em>jaunartzearen ekonomia<\/em><\/a>. Bigarren zatian kolektibo ahulenentzako lanari eta hezkuntza eta osasun arloetan arituko da. Deialdietan beti bezala\u00a0<em>Elkartea<\/em>, elkarrizketa eta praktika onak partekatzea izango dira Jardunaldiaren zeharkako gaia.<\/p>\n\n\n\n<figure class=\"wp-block-image aligncenter size-full\"><img fetchpriority=\"high\" decoding=\"async\" width=\"551\" height=\"551\" src=\"https:\/\/focolares.es\/wp-content\/uploads\/2024\/03\/20230304_1_TRABAJANDO-CON-SENTIDO.jpg\" alt=\"\" class=\"wp-image-5031\" srcset=\"https:\/\/focolares.es\/wp-content\/uploads\/2024\/03\/20230304_1_TRABAJANDO-CON-SENTIDO.jpg 551w, https:\/\/focolares.es\/wp-content\/uploads\/2024\/03\/20230304_1_TRABAJANDO-CON-SENTIDO-300x300.jpg 300w, https:\/\/focolares.es\/wp-content\/uploads\/2024\/03\/20230304_1_TRABAJANDO-CON-SENTIDO-150x150.jpg 150w\" sizes=\"(max-width: 551px) 100vw, 551px\" \/><\/figure>\n\n\n\n<p><\/p>\n\n\n\n<p>Eta erakundeak dioen bezala, denei parte hartzera gonbidatuz:\u00a0<em>&quot;Esanahi bila dabilen zibilizazioa gara, lanean ere, beharbada lanean batez ere. Merezi du lan duin eta esanguratsuaren alde borrokatzea, batez ere edozein merkatutan trukatu beharreko merkantzia ez den lana, baizik eta humanizaziorako, betetzeko eta hazkuntza indibidual eta kolektiborako bidea. Hori dela eta, lanaren zentzuari buruzko hausnarketa eguna proposatzen dugu martxoaren 4an Madrilen&quot;.<\/em><\/p>","protected":false},"excerpt":{"rendered":"<p>Espainia Komunioaren Ekonomiarako Elkarteak Esanahiarekin Lan egiten ekitaldia antolatzen du. Madrilen izango da martxoaren 4an, 10:00etatik 14:00etara. Francisco Cea kalean, n\u00aa9 \u2013 solairuartea (Diego de Le\u00f3n metroa. 12 eta C2 autobusak). Egungo lan-giroari buruzko errepaso informatiboarekin hasiko da goiza, Elizaren doktrina sozialak eta komunztadura ekonomiak ematen duen ikuspegiari erreferentzia eginez. Bigarren zatian kolektibo ahulenentzako lanari eta hezkuntza eta osasun arloetan arituko da. Elkartearen ekitaldietan beti bezala, elkarrizketa eta jardunbide egokien partekatzea izango dira ekitaldiaren gai nagusia. Eta erakundeak dioen bezala, denei parte hartzera gonbidatuz: &quot;Zibilizazioa gara zentzu bila, lanean ere, agian batez ere lanean. Merezi du lan duin eta esanguratsuaren alde borrokatzea, batez ere edozein merkatutan trukatu beharreko merkantzia ez den lanaren alde, humanizazio, betetze eta hazkuntza indibidual eta kolektiborako bidea baizik. Horregatik, martxoaren 4an Madrilgo hausnarketa eguna proposatzen dugu&quot;.<\/p>","protected":false},"author":1,"featured_media":5030,"comment_status":"open","ping_status":"closed","sticky":false,"template":"","format":"standard","meta":{"_price":"","_stock":"","_tribe_ticket_header":"","_tribe_default_ticket_provider":"","_tribe_ticket_capacity":"0","_ticket_start_date":"","_ticket_end_date":"","_tribe_ticket_show_description":"","_tribe_ticket_show_not_going":false,"_tribe_ticket_use_global_stock":"","_tribe_ticket_global_stock_level":"","_global_stock_mode":"","_global_stock_cap":"","_tribe_rsvp_for_event":"","_tribe_ticket_going_count":"","_tribe_ticket_not_going_count":"","_tribe_tickets_list":"[]","_tribe_ticket_has_attendee_info_fields":false,"footnotes":""},"categories":[1],"tags":[],"class_list":["post-5028","post","type-post","status-publish","format-standard","has-post-thumbnail","hentry","category-uncategorized"],"yoast_head":"<!-- This site is optimized with the Yoast SEO plugin v27.2 - https:\/\/yoast.com\/product\/yoast-seo-wordpress\/ -->\n<title>Trabajando con sentido - Movimiento de los Focolares<\/title>\n<meta name=\"robots\" content=\"index, follow, max-snippet:-1, max-image-preview:large, max-video-preview:-1\" \/>\n<link rel=\"canonical\" href=\"https:\/\/focolares.es\/eu\/esanahiarekin-lan-egitea\/\" \/>\n<meta property=\"og:locale\" content=\"en_US\" \/>\n<meta property=\"og:type\" content=\"article\" \/>\n<meta property=\"og:title\" content=\"Trabajando con sentido - Movimiento de los Focolares\" \/>\n<meta property=\"og:description\" content=\"La&nbsp;Asociaci\u00f3n por una Econom\u00eda de Comuni\u00f3n Espa\u00f1a&nbsp;organiza la&nbsp;Jornada Trabajando con sentido. Ser\u00e1 en Madrid el pr\u00f3ximo 4 de marzo de 10 a 14 h. en la C\/ Francisco Cea, n\u00aa9 \u2013 entreplanta (Metro Diego de Le\u00f3n. Autobuses 12 y C2). La ma\u00f1ana comenzar\u00e1 con un encuadre informativo sobre el panorama actual del trabajo, con referencias a la visi\u00f3n que proporcionan la doctrina social de la iglesia y la\u00a0econom\u00eda de comuni\u00f3n. La segunda parte se centrar\u00e1 en el trabajo para colectivos vulnerables y en los \u00e1mbitos de la educaci\u00f3n y la sanidad. Como siempre en las convocatorias de la\u00a0Asociaci\u00f3n, el di\u00e1logo y el compartir buenas pr\u00e1cticas, ser\u00e1 un eje transversal a la Jornada. Y como afirman desde la organizaci\u00f3n invitando a todas aquellas personas a participar:\u00a0\u201cSomos una civilizaci\u00f3n en busca de sentido, tambi\u00e9n en el trabajo, quiz\u00e1 sobre todo en el trabajo. Merece la pena luchar por el trabajo digno y sensato, por un trabajo que no sea primariamente una mercanc\u00eda de intercambio en cualquier mercado, sino un camino de humanizaci\u00f3n, de realizaci\u00f3n, de crecimiento individual y colectivo. Por eso, proponemos una jornada para reflexionar sobre el sentido del trabajo el pr\u00f3ximo 4 de marzo en Madrid.\u201d\" \/>\n<meta property=\"og:url\" content=\"https:\/\/focolares.es\/eu\/esanahiarekin-lan-egitea\/\" \/>\n<meta property=\"og:site_name\" content=\"Movimiento de los Focolares\" \/>\n<meta property=\"article:published_time\" content=\"2023-02-13T21:33:00+00:00\" \/>\n<meta property=\"article:modified_time\" content=\"2024-03-13T22:00:06+00:00\" \/>\n<meta property=\"og:image\" content=\"https:\/\/focolares.es\/wp-content\/uploads\/2023\/02\/20230304_EdC.jpg\" \/>\n\t<meta property=\"og:image:width\" content=\"551\" \/>\n\t<meta property=\"og:image:height\" content=\"410\" \/>\n\t<meta property=\"og:image:type\" content=\"image\/jpeg\" \/>\n<meta name=\"author\" content=\"admin\" \/>\n<meta name=\"twitter:card\" content=\"summary_large_image\" \/>\n<meta name=\"twitter:label1\" content=\"Written by\" \/>\n\t<meta name=\"twitter:data1\" content=\"admin\" \/>\n\t<meta name=\"twitter:label2\" content=\"Est. reading time\" \/>\n\t<meta name=\"twitter:data2\" content=\"2 minutua\" \/>\n<script type=\"application\/ld+json\" class=\"yoast-schema-graph\">{\"@context\":\"https:\/\/schema.org\",\"@graph\":[{\"@type\":\"Article\",\"@id\":\"https:\/\/focolares.es\/trabajando-con-sentido\/#article\",\"isPartOf\":{\"@id\":\"https:\/\/focolares.es\/trabajando-con-sentido\/\"},\"author\":{\"name\":\"admin\",\"@id\":\"https:\/\/focolares.es\/#\/schema\/person\/fdbf1cac3e3957f836bf607a31e7616d\"},\"headline\":\"Trabajando con sentido\",\"datePublished\":\"2023-02-13T21:33:00+00:00\",\"dateModified\":\"2024-03-13T22:00:06+00:00\",\"mainEntityOfPage\":{\"@id\":\"https:\/\/focolares.es\/trabajando-con-sentido\/\"},\"wordCount\":223,\"commentCount\":0,\"publisher\":{\"@id\":\"https:\/\/focolares.es\/#organization\"},\"image\":{\"@id\":\"https:\/\/focolares.es\/trabajando-con-sentido\/#primaryimage\"},\"thumbnailUrl\":\"https:\/\/focolares.es\/wp-content\/uploads\/2023\/02\/20230304_EdC.jpg\",\"articleSection\":[\"Uncategorized\"],\"inLanguage\":\"eu\",\"potentialAction\":[{\"@type\":\"CommentAction\",\"name\":\"Comment\",\"target\":[\"https:\/\/focolares.es\/trabajando-con-sentido\/#respond\"]}]},{\"@type\":\"WebPage\",\"@id\":\"https:\/\/focolares.es\/trabajando-con-sentido\/\",\"url\":\"https:\/\/focolares.es\/trabajando-con-sentido\/\",\"name\":\"Trabajando con sentido - Movimiento de los Focolares\",\"isPartOf\":{\"@id\":\"https:\/\/focolares.es\/#website\"},\"primaryImageOfPage\":{\"@id\":\"https:\/\/focolares.es\/trabajando-con-sentido\/#primaryimage\"},\"image\":{\"@id\":\"https:\/\/focolares.es\/trabajando-con-sentido\/#primaryimage\"},\"thumbnailUrl\":\"https:\/\/focolares.es\/wp-content\/uploads\/2023\/02\/20230304_EdC.jpg\",\"datePublished\":\"2023-02-13T21:33:00+00:00\",\"dateModified\":\"2024-03-13T22:00:06+00:00\",\"breadcrumb\":{\"@id\":\"https:\/\/focolares.es\/trabajando-con-sentido\/#breadcrumb\"},\"inLanguage\":\"eu\",\"potentialAction\":[{\"@type\":\"ReadAction\",\"target\":[\"https:\/\/focolares.es\/trabajando-con-sentido\/\"]}]},{\"@type\":\"ImageObject\",\"inLanguage\":\"eu\",\"@id\":\"https:\/\/focolares.es\/trabajando-con-sentido\/#primaryimage\",\"url\":\"https:\/\/focolares.es\/wp-content\/uploads\/2023\/02\/20230304_EdC.jpg\",\"contentUrl\":\"https:\/\/focolares.es\/wp-content\/uploads\/2023\/02\/20230304_EdC.jpg\",\"width\":551,\"height\":410},{\"@type\":\"BreadcrumbList\",\"@id\":\"https:\/\/focolares.es\/trabajando-con-sentido\/#breadcrumb\",\"itemListElement\":[{\"@type\":\"ListItem\",\"position\":1,\"name\":\"Portada\",\"item\":\"https:\/\/focolares.es\/\"},{\"@type\":\"ListItem\",\"position\":2,\"name\":\"Trabajando con sentido\"}]},{\"@type\":\"WebSite\",\"@id\":\"https:\/\/focolares.es\/#website\",\"url\":\"https:\/\/focolares.es\/\",\"name\":\"Movimiento de los Focolares\",\"description\":\"\",\"publisher\":{\"@id\":\"https:\/\/focolares.es\/#organization\"},\"potentialAction\":[{\"@type\":\"SearchAction\",\"target\":{\"@type\":\"EntryPoint\",\"urlTemplate\":\"https:\/\/focolares.es\/?s={search_term_string}\"},\"query-input\":{\"@type\":\"PropertyValueSpecification\",\"valueRequired\":true,\"valueName\":\"search_term_string\"}}],\"inLanguage\":\"eu\"},{\"@type\":\"Organization\",\"@id\":\"https:\/\/focolares.es\/#organization\",\"name\":\"Movimiento de los Focolares\",\"url\":\"https:\/\/focolares.es\/\",\"logo\":{\"@type\":\"ImageObject\",\"inLanguage\":\"eu\",\"@id\":\"https:\/\/focolares.es\/#\/schema\/logo\/image\/\",\"url\":\"https:\/\/focolares.es\/wp-content\/uploads\/2024\/03\/Logo_focolares-1024x944-1.jpg\",\"contentUrl\":\"https:\/\/focolares.es\/wp-content\/uploads\/2024\/03\/Logo_focolares-1024x944-1.jpg\",\"width\":1024,\"height\":944,\"caption\":\"Movimiento de los Focolares\"},\"image\":{\"@id\":\"https:\/\/focolares.es\/#\/schema\/logo\/image\/\"}},{\"@type\":\"Person\",\"@id\":\"https:\/\/focolares.es\/#\/schema\/person\/fdbf1cac3e3957f836bf607a31e7616d\",\"name\":\"admin\",\"image\":{\"@type\":\"ImageObject\",\"inLanguage\":\"eu\",\"@id\":\"https:\/\/focolares.es\/wp-content\/litespeed\/avatar\/ba00c276ce0fa7863cda4038d70907a8.jpg?ver=1777380135\",\"url\":\"https:\/\/focolares.es\/wp-content\/litespeed\/avatar\/ba00c276ce0fa7863cda4038d70907a8.jpg?ver=1777380135\",\"contentUrl\":\"https:\/\/focolares.es\/wp-content\/litespeed\/avatar\/ba00c276ce0fa7863cda4038d70907a8.jpg?ver=1777380135\",\"caption\":\"admin\"},\"sameAs\":[\"https:\/\/focolares.es\"],\"url\":\"https:\/\/focolares.es\/eu\/author\/afesersl_mcjhk9wv\/\"}]}<\/script>\n<!-- \/ Yoast SEO plugin. -->","yoast_head_json":{"title":"Esanahia lantzen - Fokolen Mugimendua","robots":{"index":"index","follow":"follow","max-snippet":"max-snippet:-1","max-image-preview":"max-image-preview:large","max-video-preview":"max-video-preview:-1"},"canonical":"https:\/\/focolares.es\/eu\/esanahiarekin-lan-egitea\/","og_locale":"en_US","og_type":"article","og_title":"Trabajando con sentido - Movimiento de los Focolares","og_description":"La&nbsp;Asociaci\u00f3n por una Econom\u00eda de Comuni\u00f3n Espa\u00f1a&nbsp;organiza la&nbsp;Jornada Trabajando con sentido. Ser\u00e1 en Madrid el pr\u00f3ximo 4 de marzo de 10 a 14 h. en la C\/ Francisco Cea, n\u00aa9 \u2013 entreplanta (Metro Diego de Le\u00f3n. Autobuses 12 y C2). La ma\u00f1ana comenzar\u00e1 con un encuadre informativo sobre el panorama actual del trabajo, con referencias a la visi\u00f3n que proporcionan la doctrina social de la iglesia y la\u00a0econom\u00eda de comuni\u00f3n. La segunda parte se centrar\u00e1 en el trabajo para colectivos vulnerables y en los \u00e1mbitos de la educaci\u00f3n y la sanidad. Como siempre en las convocatorias de la\u00a0Asociaci\u00f3n, el di\u00e1logo y el compartir buenas pr\u00e1cticas, ser\u00e1 un eje transversal a la Jornada. Y como afirman desde la organizaci\u00f3n invitando a todas aquellas personas a participar:\u00a0\u201cSomos una civilizaci\u00f3n en busca de sentido, tambi\u00e9n en el trabajo, quiz\u00e1 sobre todo en el trabajo. Merece la pena luchar por el trabajo digno y sensato, por un trabajo que no sea primariamente una mercanc\u00eda de intercambio en cualquier mercado, sino un camino de humanizaci\u00f3n, de realizaci\u00f3n, de crecimiento individual y colectivo. Por eso, proponemos una jornada para reflexionar sobre el sentido del trabajo el pr\u00f3ximo 4 de marzo en Madrid.\u201d","og_url":"https:\/\/focolares.es\/eu\/esanahiarekin-lan-egitea\/","og_site_name":"Movimiento de los Focolares","article_published_time":"2023-02-13T21:33:00+00:00","article_modified_time":"2024-03-13T22:00:06+00:00","og_image":[{"width":551,"height":410,"url":"https:\/\/focolares.es\/wp-content\/uploads\/2023\/02\/20230304_EdC.jpg","type":"image\/jpeg"}],"author":"admin","twitter_card":"summary_large_image","twitter_misc":{"Written by":"admin","Est. reading time":"2 minutua"},"schema":{"@context":"https:\/\/schema.org","@graph":[{"@type":"Article","@id":"https:\/\/focolares.es\/trabajando-con-sentido\/#article","isPartOf":{"@id":"https:\/\/focolares.es\/trabajando-con-sentido\/"},"author":{"name":"admin","@id":"https:\/\/focolares.es\/#\/schema\/person\/fdbf1cac3e3957f836bf607a31e7616d"},"headline":"Trabajando con sentido","datePublished":"2023-02-13T21:33:00+00:00","dateModified":"2024-03-13T22:00:06+00:00","mainEntityOfPage":{"@id":"https:\/\/focolares.es\/trabajando-con-sentido\/"},"wordCount":223,"commentCount":0,"publisher":{"@id":"https:\/\/focolares.es\/#organization"},"image":{"@id":"https:\/\/focolares.es\/trabajando-con-sentido\/#primaryimage"},"thumbnailUrl":"https:\/\/focolares.es\/wp-content\/uploads\/2023\/02\/20230304_EdC.jpg","articleSection":["Uncategorized"],"inLanguage":"eu","potentialAction":[{"@type":"CommentAction","name":"Comment","target":["https:\/\/focolares.es\/trabajando-con-sentido\/#respond"]}]},{"@type":"WebPage","@id":"https:\/\/focolares.es\/trabajando-con-sentido\/","url":"https:\/\/focolares.es\/trabajando-con-sentido\/","name":"Esanahia lantzen - Fokolen Mugimendua","isPartOf":{"@id":"https:\/\/focolares.es\/#website"},"primaryImageOfPage":{"@id":"https:\/\/focolares.es\/trabajando-con-sentido\/#primaryimage"},"image":{"@id":"https:\/\/focolares.es\/trabajando-con-sentido\/#primaryimage"},"thumbnailUrl":"https:\/\/focolares.es\/wp-content\/uploads\/2023\/02\/20230304_EdC.jpg","datePublished":"2023-02-13T21:33:00+00:00","dateModified":"2024-03-13T22:00:06+00:00","breadcrumb":{"@id":"https:\/\/focolares.es\/trabajando-con-sentido\/#breadcrumb"},"inLanguage":"eu","potentialAction":[{"@type":"ReadAction","target":["https:\/\/focolares.es\/trabajando-con-sentido\/"]}]},{"@type":"ImageObject","inLanguage":"eu","@id":"https:\/\/focolares.es\/trabajando-con-sentido\/#primaryimage","url":"https:\/\/focolares.es\/wp-content\/uploads\/2023\/02\/20230304_EdC.jpg","contentUrl":"https:\/\/focolares.es\/wp-content\/uploads\/2023\/02\/20230304_EdC.jpg","width":551,"height":410},{"@type":"BreadcrumbList","@id":"https:\/\/focolares.es\/trabajando-con-sentido\/#breadcrumb","itemListElement":[{"@type":"ListItem","position":1,"name":"Portada","item":"https:\/\/focolares.es\/"},{"@type":"ListItem","position":2,"name":"Trabajando con sentido"}]},{"@type":"WebSite","@id":"https:\/\/focolares.es\/#website","url":"https:\/\/focolares.es\/","name":"Fokolareen Mugimenduaren","description":"","publisher":{"@id":"https:\/\/focolares.es\/#organization"},"potentialAction":[{"@type":"SearchAction","target":{"@type":"EntryPoint","urlTemplate":"https:\/\/focolares.es\/?s={search_term_string}"},"query-input":{"@type":"PropertyValueSpecification","valueRequired":true,"valueName":"search_term_string"}}],"inLanguage":"eu"},{"@type":"Organization","@id":"https:\/\/focolares.es\/#organization","name":"Fokolareen Mugimenduaren","url":"https:\/\/focolares.es\/","logo":{"@type":"ImageObject","inLanguage":"eu","@id":"https:\/\/focolares.es\/#\/schema\/logo\/image\/","url":"https:\/\/focolares.es\/wp-content\/uploads\/2024\/03\/Logo_focolares-1024x944-1.jpg","contentUrl":"https:\/\/focolares.es\/wp-content\/uploads\/2024\/03\/Logo_focolares-1024x944-1.jpg","width":1024,"height":944,"caption":"Movimiento de los Focolares"},"image":{"@id":"https:\/\/focolares.es\/#\/schema\/logo\/image\/"}},{"@type":"Person","@id":"https:\/\/focolares.es\/#\/schema\/person\/fdbf1cac3e3957f836bf607a31e7616d","name":"admin","image":{"@type":"ImageObject","inLanguage":"eu","@id":"https:\/\/focolares.es\/wp-content\/litespeed\/avatar\/ba00c276ce0fa7863cda4038d70907a8.jpg?ver=1777380135","url":"https:\/\/focolares.es\/wp-content\/litespeed\/avatar\/ba00c276ce0fa7863cda4038d70907a8.jpg?ver=1777380135","contentUrl":"https:\/\/focolares.es\/wp-content\/litespeed\/avatar\/ba00c276ce0fa7863cda4038d70907a8.jpg?ver=1777380135","caption":"admin"},"sameAs":["https:\/\/focolares.es"],"url":"https:\/\/focolares.es\/eu\/author\/afesersl_mcjhk9wv\/"}]}},"views":17,"_links":{"self":[{"href":"https:\/\/focolares.es\/eu\/wp-json\/wp\/v2\/posts\/5028","targetHints":{"allow":["GET"]}}],"collection":[{"href":"https:\/\/focolares.es\/eu\/wp-json\/wp\/v2\/posts"}],"about":[{"href":"https:\/\/focolares.es\/eu\/wp-json\/wp\/v2\/types\/post"}],"author":[{"embeddable":true,"href":"https:\/\/focolares.es\/eu\/wp-json\/wp\/v2\/users\/1"}],"replies":[{"embeddable":true,"href":"https:\/\/focolares.es\/eu\/wp-json\/wp\/v2\/comments?post=5028"}],"version-history":[{"count":4,"href":"https:\/\/focolares.es\/eu\/wp-json\/wp\/v2\/posts\/5028\/revisions"}],"predecessor-version":[{"id":5041,"href":"https:\/\/focolares.es\/eu\/wp-json\/wp\/v2\/posts\/5028\/revisions\/5041"}],"wp:featuredmedia":[{"embeddable":true,"href":"https:\/\/focolares.es\/eu\/wp-json\/wp\/v2\/media\/5030"}],"wp:attachment":[{"href":"https:\/\/focolares.es\/eu\/wp-json\/wp\/v2\/media?parent=5028"}],"wp:term":[{"taxonomy":"category","embeddable":true,"href":"https:\/\/focolares.es\/eu\/wp-json\/wp\/v2\/categories?post=5028"},{"taxonomy":"post_tag","embeddable":true,"href":"https:\/\/focolares.es\/eu\/wp-json\/wp\/v2\/tags?post=5028"}],"curies":[{"name":"wp","href":"https:\/\/api.w.org\/{rel}","templated":true}]}}