{"id":5804,"date":"2015-11-10T12:29:00","date_gmt":"2015-11-10T11:29:00","guid":{"rendered":"https:\/\/focolares.es\/?p=5804"},"modified":"2024-03-19T12:50:38","modified_gmt":"2024-03-19T11:50:38","slug":"otoitza","status":"publish","type":"post","link":"https:\/\/focolares.es\/eu\/oracion\/","title":{"rendered":"Otoitza"},"content":{"rendered":"<p><\/p>\n\n\n\n<figure class=\"wp-block-image alignleft size-full is-resized\"><img fetchpriority=\"high\" decoding=\"async\" width=\"500\" height=\"812\" src=\"https:\/\/focolares.es\/wp-content\/uploads\/2024\/03\/Luminosa.jpg\" alt=\"\" class=\"wp-image-5839\" style=\"width:336px;height:auto\" srcset=\"https:\/\/focolares.es\/wp-content\/uploads\/2024\/03\/Luminosa.jpg 500w, https:\/\/focolares.es\/wp-content\/uploads\/2024\/03\/Luminosa-185x300.jpg 185w\" sizes=\"(max-width: 500px) 100vw, 500px\" \/><\/figure>\n\n\n\n<p><strong>Zure Jaunaren aurrean begiratzen dugu<br>gure arreba Luminosari<br>zer zen bizitza honetan<br>Zure maitasunaren testigantza eta<br>bere burua eskaintzen jakin zuen, pozez eta dedikazioz,<br>besteei.<br>Bere baitan distiratzen zuen argia<br>ispilu bizi bat bihurtu zuen<br>zure betiko Pizkundearena<br>gure artean.<br>Osatzea eskatzen dugu<br>bere beatifikazioa, izan bedi<br>Elizari opari bat<br>eta Espiritu Santuak<br>argitasun berberaz gozatzen gaitu<br>zuen jabea<br>beraz, mundu osoan<br>bakea, senidetasuna eta maitasuna dira nagusi.<br>Bere interzesioaren bidez grazia eman diguzu<br>orain fedez eskatzen dizugula. Beraz, izango da.<\/strong><\/p>\n\n\n\n<p><em>Urbano VIII.a Aita Santuaren dekretuekin bat etorriz, adierazten dugu ezer ez dela Eliz Agintaritzaren epaia eragotzi nahi eta otoitz honek ez duela gurtza publikorako helbururik.<\/em><\/p>\n\n\n\n<figure class=\"wp-block-embed is-type-rich is-provider-soundcloud wp-block-embed-soundcloud\"><div class=\"wp-block-embed__wrapper\">\n<iframe title=\"Focolareren otoitz argitsua Espainian\" width=\"800\" height=\"400\" scrolling=\"no\" frameborder=\"no\" src=\"https:\/\/w.soundcloud.com\/player\/?visual=true&#038;url=https%3A%2F%2Fapi.soundcloud.com%2Ftracks%2F242085150&#038;show_artwork=true&#038;maxheight=1000&#038;maxwidth=800\"><\/iframe>\n<\/div><\/figure>\n\n\n\n<p>Eskerrak jasotzen dituztenek edo haien testigantza eman nahi dutenek Kausaren Postulaziora idatziz egin dezakete: C\/ Poniente 28, 28290 Las Matas (Madril). Edo to <a href=\"mailto:causaluminosa@telefonica.net\">posta elektronikoa<\/a>.<\/p>\n\n\n\n<p>Ekarpen ekonomikoetarako:<\/p>\n\n\n\n<p><em>&nbsp;&nbsp;&nbsp;&nbsp;&nbsp;&nbsp; Espainiatik: C\/C 2038 1023 71 6000630752<\/em><\/p>\n\n\n\n<p><em>&nbsp;&nbsp;&nbsp;&nbsp;&nbsp;&nbsp; Europatik: IBAN kodea ES63 2038 1023 7160 0063 0752<\/em><\/p>\n\n\n\n<p><em>&nbsp;&nbsp;&nbsp;&nbsp;&nbsp;&nbsp; Europatik kanpo: SWIT edo BC kodea: CAHMESMXXX 2038 1023 7160 0063 0752<\/em><\/p>","protected":false},"excerpt":{"rendered":"<p>Zure aurrean, Jauna, gure arreba Luminosagana begiratzen dugu, bizitza honetan zure maitasunaren lekuko izan zena eta bere burua besteei eskaintzen jakin zuena, pozik eta dedikazioz. Berarengan distiratzen zuen argiak zure Piztueraren ispilu bizia bihurtu zuen, gure artean iraunkorra. Otoitz egiten dugu bere beatifikazioa osatu dadin, Elizarentzat oparia izan dadin, eta Espiritu Santuak berak zuen argitasun bera gozatzen utzi diezagun, bakea, anaitasuna eta maitasuna mundu osoan erreinatu daitezen. Bere bitartekaritzaren bidez, eman iezaguzu orain fedez eskatzen dizugun grazia. Amen. Izan bedi horrela. Urbano VIII.a Aita Santuaren dekretuen arabera, adierazten dugu inola ere ez dela elizako agintaritzaren epaia aurreratzeko asmorik eta otoitz hau ez dela gurtza publikorako pentsatua. Graziak jasotzen dituztenek edo beren testigantzak eman nahi dituztenek Kausaren Postulaziora idatzi dezakete: C\/ Poniente 28, 28290 Las Matas (Madril). Edo posta elektronikoz. Ekonomia-ekarpenetarako: Espainiatik: C\/C 2038 1023 71 6000630752 Europatik: IBAN kodea ES63 2038 1023 7160 0063 0752 Europatik kanpo: SWIT edo BC kodea: CAHMESMMXXX 2038 1023 7160 0063 0752<\/p>","protected":false},"author":1,"featured_media":5025,"comment_status":"open","ping_status":"closed","sticky":false,"template":"","format":"standard","meta":{"_price":"","_stock":"","_tribe_ticket_header":"","_tribe_default_ticket_provider":"","_tribe_ticket_capacity":"0","_ticket_start_date":"","_ticket_end_date":"","_tribe_ticket_show_description":"","_tribe_ticket_show_not_going":false,"_tribe_ticket_use_global_stock":"","_tribe_ticket_global_stock_level":"","_global_stock_mode":"","_global_stock_cap":"","_tribe_rsvp_for_event":"","_tribe_ticket_going_count":"","_tribe_ticket_not_going_count":"","_tribe_tickets_list":"[]","_tribe_ticket_has_attendee_info_fields":false,"footnotes":""},"categories":[1],"tags":[],"class_list":["post-5804","post","type-post","status-publish","format-standard","has-post-thumbnail","hentry","category-uncategorized"],"yoast_head":"<!-- This site is optimized with the Yoast SEO plugin v27.2 - https:\/\/yoast.com\/product\/yoast-seo-wordpress\/ -->\n<title>Oraci\u00f3n - Movimiento de los Focolares<\/title>\n<meta name=\"robots\" content=\"index, follow, max-snippet:-1, max-image-preview:large, max-video-preview:-1\" \/>\n<link rel=\"canonical\" href=\"https:\/\/focolares.es\/eu\/otoitza\/\" \/>\n<meta property=\"og:locale\" content=\"en_US\" \/>\n<meta property=\"og:type\" content=\"article\" \/>\n<meta property=\"og:title\" content=\"Oraci\u00f3n - Movimiento de los Focolares\" \/>\n<meta property=\"og:description\" content=\"Ante ti Se\u00f1or dirigimos la miradaa nuestra hermana Luminosaque fue en esta vidaun testimonio de Tu amor ysupo ofrecerse, con alegr\u00eda y entrega,a los dem\u00e1s.La luz que en ella brill\u00f3la hizo ser espejo vivode tu Resurrecci\u00f3n permanenteentre nosotros.Te rogamos que se lleve a t\u00e9rminosu beatificaci\u00f3n, que seaun don para la Iglesiay que el Esp\u00edritu Santonos haga gozar de la misma luminosidadque ella posey\u00f3para que en el mundo enteroreine la paz, la fraternidad y el amor.Por su intercesi\u00f3n conc\u00e9denos la graciaque ahora con fe te pedimos. As\u00ed sea. De conformidad con los decretos del Papa Urbano VIII, declaramos que en nada se prentende prevenir el juicio de la Autoridad eclesi\u00e1stica y que esta oraci\u00f3n no tiene finalidad alguna de culto p\u00fablico. Quienes reciban gracias o quieran aportar sus testimonios pueden hacerlo escribiendo a la Postulaci\u00f3n de la Causa: C\/ Poniente 28, 28290 Las Matas (Madrid). O al correo electr\u00f3nico. Para aportaciones econ\u00f3micas: &nbsp;&nbsp;&nbsp;&nbsp;&nbsp;&nbsp; Desde Espa\u00f1a: C\/C 2038 1023 71 6000630752 &nbsp;&nbsp;&nbsp;&nbsp;&nbsp;&nbsp; Desde Europa: c\u00f3digo IBAN ES63 2038 1023 7160 0063 0752 &nbsp;&nbsp;&nbsp;&nbsp;&nbsp;&nbsp; Desde fuera de Europa: clave SWIT o BC: CAHMESMMXXX 2038 1023 7160 0063 0752\" \/>\n<meta property=\"og:url\" content=\"https:\/\/focolares.es\/eu\/otoitza\/\" \/>\n<meta property=\"og:site_name\" content=\"Movimiento de los Focolares\" \/>\n<meta property=\"article:published_time\" content=\"2015-11-10T11:29:00+00:00\" \/>\n<meta property=\"article:modified_time\" content=\"2024-03-19T11:50:38+00:00\" \/>\n<meta property=\"og:image\" content=\"https:\/\/focolares.es\/wp-content\/uploads\/2024\/03\/luminosa_estampa.jpg\" \/>\n\t<meta property=\"og:image:width\" content=\"883\" \/>\n\t<meta property=\"og:image:height\" content=\"1024\" \/>\n\t<meta property=\"og:image:type\" content=\"image\/jpeg\" \/>\n<meta name=\"author\" content=\"admin\" \/>\n<meta name=\"twitter:card\" content=\"summary_large_image\" \/>\n<meta name=\"twitter:label1\" content=\"Written by\" \/>\n\t<meta name=\"twitter:data1\" content=\"admin\" \/>\n\t<meta name=\"twitter:label2\" content=\"Est. reading time\" \/>\n\t<meta name=\"twitter:data2\" content=\"2 minutua\" \/>\n<script type=\"application\/ld+json\" class=\"yoast-schema-graph\">{\"@context\":\"https:\/\/schema.org\",\"@graph\":[{\"@type\":\"Article\",\"@id\":\"https:\/\/focolares.es\/oracion\/#article\",\"isPartOf\":{\"@id\":\"https:\/\/focolares.es\/oracion\/\"},\"author\":{\"name\":\"admin\",\"@id\":\"https:\/\/focolares.es\/#\/schema\/person\/fdbf1cac3e3957f836bf607a31e7616d\"},\"headline\":\"Oraci\u00f3n\",\"datePublished\":\"2015-11-10T11:29:00+00:00\",\"dateModified\":\"2024-03-19T11:50:38+00:00\",\"mainEntityOfPage\":{\"@id\":\"https:\/\/focolares.es\/oracion\/\"},\"wordCount\":215,\"commentCount\":0,\"publisher\":{\"@id\":\"https:\/\/focolares.es\/#organization\"},\"image\":{\"@id\":\"https:\/\/focolares.es\/oracion\/#primaryimage\"},\"thumbnailUrl\":\"https:\/\/focolares.es\/wp-content\/uploads\/2024\/03\/luminosa_estampa.jpg\",\"articleSection\":[\"Uncategorized\"],\"inLanguage\":\"eu\",\"potentialAction\":[{\"@type\":\"CommentAction\",\"name\":\"Comment\",\"target\":[\"https:\/\/focolares.es\/oracion\/#respond\"]}]},{\"@type\":\"WebPage\",\"@id\":\"https:\/\/focolares.es\/oracion\/\",\"url\":\"https:\/\/focolares.es\/oracion\/\",\"name\":\"Oraci\u00f3n - Movimiento de los Focolares\",\"isPartOf\":{\"@id\":\"https:\/\/focolares.es\/#website\"},\"primaryImageOfPage\":{\"@id\":\"https:\/\/focolares.es\/oracion\/#primaryimage\"},\"image\":{\"@id\":\"https:\/\/focolares.es\/oracion\/#primaryimage\"},\"thumbnailUrl\":\"https:\/\/focolares.es\/wp-content\/uploads\/2024\/03\/luminosa_estampa.jpg\",\"datePublished\":\"2015-11-10T11:29:00+00:00\",\"dateModified\":\"2024-03-19T11:50:38+00:00\",\"breadcrumb\":{\"@id\":\"https:\/\/focolares.es\/oracion\/#breadcrumb\"},\"inLanguage\":\"eu\",\"potentialAction\":[{\"@type\":\"ReadAction\",\"target\":[\"https:\/\/focolares.es\/oracion\/\"]}]},{\"@type\":\"ImageObject\",\"inLanguage\":\"eu\",\"@id\":\"https:\/\/focolares.es\/oracion\/#primaryimage\",\"url\":\"https:\/\/focolares.es\/wp-content\/uploads\/2024\/03\/luminosa_estampa.jpg\",\"contentUrl\":\"https:\/\/focolares.es\/wp-content\/uploads\/2024\/03\/luminosa_estampa.jpg\",\"width\":883,\"height\":1024},{\"@type\":\"BreadcrumbList\",\"@id\":\"https:\/\/focolares.es\/oracion\/#breadcrumb\",\"itemListElement\":[{\"@type\":\"ListItem\",\"position\":1,\"name\":\"Portada\",\"item\":\"https:\/\/focolares.es\/\"},{\"@type\":\"ListItem\",\"position\":2,\"name\":\"Oraci\u00f3n\"}]},{\"@type\":\"WebSite\",\"@id\":\"https:\/\/focolares.es\/#website\",\"url\":\"https:\/\/focolares.es\/\",\"name\":\"Movimiento de los Focolares\",\"description\":\"\",\"publisher\":{\"@id\":\"https:\/\/focolares.es\/#organization\"},\"potentialAction\":[{\"@type\":\"SearchAction\",\"target\":{\"@type\":\"EntryPoint\",\"urlTemplate\":\"https:\/\/focolares.es\/?s={search_term_string}\"},\"query-input\":{\"@type\":\"PropertyValueSpecification\",\"valueRequired\":true,\"valueName\":\"search_term_string\"}}],\"inLanguage\":\"eu\"},{\"@type\":\"Organization\",\"@id\":\"https:\/\/focolares.es\/#organization\",\"name\":\"Movimiento de los Focolares\",\"url\":\"https:\/\/focolares.es\/\",\"logo\":{\"@type\":\"ImageObject\",\"inLanguage\":\"eu\",\"@id\":\"https:\/\/focolares.es\/#\/schema\/logo\/image\/\",\"url\":\"https:\/\/focolares.es\/wp-content\/uploads\/2024\/03\/Logo_focolares-1024x944-1.jpg\",\"contentUrl\":\"https:\/\/focolares.es\/wp-content\/uploads\/2024\/03\/Logo_focolares-1024x944-1.jpg\",\"width\":1024,\"height\":944,\"caption\":\"Movimiento de los Focolares\"},\"image\":{\"@id\":\"https:\/\/focolares.es\/#\/schema\/logo\/image\/\"}},{\"@type\":\"Person\",\"@id\":\"https:\/\/focolares.es\/#\/schema\/person\/fdbf1cac3e3957f836bf607a31e7616d\",\"name\":\"admin\",\"image\":{\"@type\":\"ImageObject\",\"inLanguage\":\"eu\",\"@id\":\"https:\/\/focolares.es\/wp-content\/litespeed\/avatar\/ba00c276ce0fa7863cda4038d70907a8.jpg?ver=1777380135\",\"url\":\"https:\/\/focolares.es\/wp-content\/litespeed\/avatar\/ba00c276ce0fa7863cda4038d70907a8.jpg?ver=1777380135\",\"contentUrl\":\"https:\/\/focolares.es\/wp-content\/litespeed\/avatar\/ba00c276ce0fa7863cda4038d70907a8.jpg?ver=1777380135\",\"caption\":\"admin\"},\"sameAs\":[\"https:\/\/focolares.es\"],\"url\":\"https:\/\/focolares.es\/eu\/author\/afesersl_mcjhk9wv\/\"}]}<\/script>\n<!-- \/ Yoast SEO plugin. -->","yoast_head_json":{"title":"Otoitza - Fokolarien Mugimendua","robots":{"index":"index","follow":"follow","max-snippet":"max-snippet:-1","max-image-preview":"max-image-preview:large","max-video-preview":"max-video-preview:-1"},"canonical":"https:\/\/focolares.es\/eu\/otoitza\/","og_locale":"en_US","og_type":"article","og_title":"Oraci\u00f3n - Movimiento de los Focolares","og_description":"Ante ti Se\u00f1or dirigimos la miradaa nuestra hermana Luminosaque fue en esta vidaun testimonio de Tu amor ysupo ofrecerse, con alegr\u00eda y entrega,a los dem\u00e1s.La luz que en ella brill\u00f3la hizo ser espejo vivode tu Resurrecci\u00f3n permanenteentre nosotros.Te rogamos que se lleve a t\u00e9rminosu beatificaci\u00f3n, que seaun don para la Iglesiay que el Esp\u00edritu Santonos haga gozar de la misma luminosidadque ella posey\u00f3para que en el mundo enteroreine la paz, la fraternidad y el amor.Por su intercesi\u00f3n conc\u00e9denos la graciaque ahora con fe te pedimos. As\u00ed sea. De conformidad con los decretos del Papa Urbano VIII, declaramos que en nada se prentende prevenir el juicio de la Autoridad eclesi\u00e1stica y que esta oraci\u00f3n no tiene finalidad alguna de culto p\u00fablico. Quienes reciban gracias o quieran aportar sus testimonios pueden hacerlo escribiendo a la Postulaci\u00f3n de la Causa: C\/ Poniente 28, 28290 Las Matas (Madrid). O al correo electr\u00f3nico. Para aportaciones econ\u00f3micas: &nbsp;&nbsp;&nbsp;&nbsp;&nbsp;&nbsp; Desde Espa\u00f1a: C\/C 2038 1023 71 6000630752 &nbsp;&nbsp;&nbsp;&nbsp;&nbsp;&nbsp; Desde Europa: c\u00f3digo IBAN ES63 2038 1023 7160 0063 0752 &nbsp;&nbsp;&nbsp;&nbsp;&nbsp;&nbsp; Desde fuera de Europa: clave SWIT o BC: CAHMESMMXXX 2038 1023 7160 0063 0752","og_url":"https:\/\/focolares.es\/eu\/otoitza\/","og_site_name":"Movimiento de los Focolares","article_published_time":"2015-11-10T11:29:00+00:00","article_modified_time":"2024-03-19T11:50:38+00:00","og_image":[{"width":883,"height":1024,"url":"https:\/\/focolares.es\/wp-content\/uploads\/2024\/03\/luminosa_estampa.jpg","type":"image\/jpeg"}],"author":"admin","twitter_card":"summary_large_image","twitter_misc":{"Written by":"admin","Est. reading time":"2 minutua"},"schema":{"@context":"https:\/\/schema.org","@graph":[{"@type":"Article","@id":"https:\/\/focolares.es\/oracion\/#article","isPartOf":{"@id":"https:\/\/focolares.es\/oracion\/"},"author":{"name":"admin","@id":"https:\/\/focolares.es\/#\/schema\/person\/fdbf1cac3e3957f836bf607a31e7616d"},"headline":"Oraci\u00f3n","datePublished":"2015-11-10T11:29:00+00:00","dateModified":"2024-03-19T11:50:38+00:00","mainEntityOfPage":{"@id":"https:\/\/focolares.es\/oracion\/"},"wordCount":215,"commentCount":0,"publisher":{"@id":"https:\/\/focolares.es\/#organization"},"image":{"@id":"https:\/\/focolares.es\/oracion\/#primaryimage"},"thumbnailUrl":"https:\/\/focolares.es\/wp-content\/uploads\/2024\/03\/luminosa_estampa.jpg","articleSection":["Uncategorized"],"inLanguage":"eu","potentialAction":[{"@type":"CommentAction","name":"Comment","target":["https:\/\/focolares.es\/oracion\/#respond"]}]},{"@type":"WebPage","@id":"https:\/\/focolares.es\/oracion\/","url":"https:\/\/focolares.es\/oracion\/","name":"Otoitza - Fokolarien Mugimendua","isPartOf":{"@id":"https:\/\/focolares.es\/#website"},"primaryImageOfPage":{"@id":"https:\/\/focolares.es\/oracion\/#primaryimage"},"image":{"@id":"https:\/\/focolares.es\/oracion\/#primaryimage"},"thumbnailUrl":"https:\/\/focolares.es\/wp-content\/uploads\/2024\/03\/luminosa_estampa.jpg","datePublished":"2015-11-10T11:29:00+00:00","dateModified":"2024-03-19T11:50:38+00:00","breadcrumb":{"@id":"https:\/\/focolares.es\/oracion\/#breadcrumb"},"inLanguage":"eu","potentialAction":[{"@type":"ReadAction","target":["https:\/\/focolares.es\/oracion\/"]}]},{"@type":"ImageObject","inLanguage":"eu","@id":"https:\/\/focolares.es\/oracion\/#primaryimage","url":"https:\/\/focolares.es\/wp-content\/uploads\/2024\/03\/luminosa_estampa.jpg","contentUrl":"https:\/\/focolares.es\/wp-content\/uploads\/2024\/03\/luminosa_estampa.jpg","width":883,"height":1024},{"@type":"BreadcrumbList","@id":"https:\/\/focolares.es\/oracion\/#breadcrumb","itemListElement":[{"@type":"ListItem","position":1,"name":"Portada","item":"https:\/\/focolares.es\/"},{"@type":"ListItem","position":2,"name":"Oraci\u00f3n"}]},{"@type":"WebSite","@id":"https:\/\/focolares.es\/#website","url":"https:\/\/focolares.es\/","name":"Fokolareen Mugimenduaren","description":"","publisher":{"@id":"https:\/\/focolares.es\/#organization"},"potentialAction":[{"@type":"SearchAction","target":{"@type":"EntryPoint","urlTemplate":"https:\/\/focolares.es\/?s={search_term_string}"},"query-input":{"@type":"PropertyValueSpecification","valueRequired":true,"valueName":"search_term_string"}}],"inLanguage":"eu"},{"@type":"Organization","@id":"https:\/\/focolares.es\/#organization","name":"Fokolareen Mugimenduaren","url":"https:\/\/focolares.es\/","logo":{"@type":"ImageObject","inLanguage":"eu","@id":"https:\/\/focolares.es\/#\/schema\/logo\/image\/","url":"https:\/\/focolares.es\/wp-content\/uploads\/2024\/03\/Logo_focolares-1024x944-1.jpg","contentUrl":"https:\/\/focolares.es\/wp-content\/uploads\/2024\/03\/Logo_focolares-1024x944-1.jpg","width":1024,"height":944,"caption":"Movimiento de los Focolares"},"image":{"@id":"https:\/\/focolares.es\/#\/schema\/logo\/image\/"}},{"@type":"Person","@id":"https:\/\/focolares.es\/#\/schema\/person\/fdbf1cac3e3957f836bf607a31e7616d","name":"admin","image":{"@type":"ImageObject","inLanguage":"eu","@id":"https:\/\/focolares.es\/wp-content\/litespeed\/avatar\/ba00c276ce0fa7863cda4038d70907a8.jpg?ver=1777380135","url":"https:\/\/focolares.es\/wp-content\/litespeed\/avatar\/ba00c276ce0fa7863cda4038d70907a8.jpg?ver=1777380135","contentUrl":"https:\/\/focolares.es\/wp-content\/litespeed\/avatar\/ba00c276ce0fa7863cda4038d70907a8.jpg?ver=1777380135","caption":"admin"},"sameAs":["https:\/\/focolares.es"],"url":"https:\/\/focolares.es\/eu\/author\/afesersl_mcjhk9wv\/"}]}},"views":34,"_links":{"self":[{"href":"https:\/\/focolares.es\/eu\/wp-json\/wp\/v2\/posts\/5804","targetHints":{"allow":["GET"]}}],"collection":[{"href":"https:\/\/focolares.es\/eu\/wp-json\/wp\/v2\/posts"}],"about":[{"href":"https:\/\/focolares.es\/eu\/wp-json\/wp\/v2\/types\/post"}],"author":[{"embeddable":true,"href":"https:\/\/focolares.es\/eu\/wp-json\/wp\/v2\/users\/1"}],"replies":[{"embeddable":true,"href":"https:\/\/focolares.es\/eu\/wp-json\/wp\/v2\/comments?post=5804"}],"version-history":[{"count":11,"href":"https:\/\/focolares.es\/eu\/wp-json\/wp\/v2\/posts\/5804\/revisions"}],"predecessor-version":[{"id":5896,"href":"https:\/\/focolares.es\/eu\/wp-json\/wp\/v2\/posts\/5804\/revisions\/5896"}],"wp:featuredmedia":[{"embeddable":true,"href":"https:\/\/focolares.es\/eu\/wp-json\/wp\/v2\/media\/5025"}],"wp:attachment":[{"href":"https:\/\/focolares.es\/eu\/wp-json\/wp\/v2\/media?parent=5804"}],"wp:term":[{"taxonomy":"category","embeddable":true,"href":"https:\/\/focolares.es\/eu\/wp-json\/wp\/v2\/categories?post=5804"},{"taxonomy":"post_tag","embeddable":true,"href":"https:\/\/focolares.es\/eu\/wp-json\/wp\/v2\/tags?post=5804"}],"curies":[{"name":"wp","href":"https:\/\/api.w.org\/{rel}","templated":true}]}}