{"id":16151,"global_id":"focolares.es\/gl?id=16151","global_id_lineage":["focolares.es\/gl?id=16151"],"author":"8","status":"publish","date":"2025-05-06 23:45:05","date_utc":"2025-05-06 21:45:05","modified":"2025-05-10 18:08:50","modified_utc":"2025-05-10 16:08:50","url":"https:\/\/focolares.es\/gl\/agenda\/concierto-de-mosaico-en-sevilla\/","rest_url":"https:\/\/focolares.es\/gl\/wp-json\/tribe\/events\/v1\/events\/16151","title":"Concierto de Mosaico en Sevilla","description":"<p>Estamos encantados de anunciar que volvemos a Andaluc\u00eda, pero esta vez&#8230; \u00a1Sevilla!<\/p>\n<p>Acaban de cumplirse seis meses de un acontecimiento que marc\u00f3 un antes y un despu\u00e9s en nuestro pa\u00eds, y ya parece que nos hemos olvidado\u2026 mientras, Valencia y el resto de zonas afectadas por la DANA, siguen luchando.<\/p>\n<p>Nosotros no queremos olvidarnos. No queremos olvidar el sufrimiento de las personas que han vivido aquello en primera persona, no queremos olvidar la desolaci\u00f3n que han sentido, el abandono\u2026 y no queremos olvidar sus gritos pidiendo ayuda.<\/p>\n<p>Todos los beneficios econ\u00f3micos obtenidos ser\u00e1n destinados a ayudar a los damnificados por la DANA en Valencia, a trav\u00e9s de la asociaci\u00f3n Acciones de Familias Nuevas.<\/p>\n<p>Para hacer un donativo, acceder a la pagina web de Vivetix, con el siguiente <a href=\"https:\/\/vivetix.com\/es\/entradas-mosaico-yo-por-ti-tour-sevilla-x5jf#\/sv9w1jA4hCT\" target=\"_blank\" rel=\"noopener\">enlace.<\/a> Disponible la \u201cFila 0\u201d.<\/p>\n<p><a href=\"https:\/\/focolares.es\/wp-content\/uploads\/2025\/05\/IMG-Invitacion-Mosaico-Sevilla-2025.jpg\" target=\"_blank\" rel=\"noopener\">Enlace a la invitaci\u00f3n<\/a><\/p>","excerpt":"<p>Mosaico presenta su espect\u00e1culo \u00abYO POR TI tour\u00bb.<\/p>","slug":"concierto-de-mosaico-en-sevilla","image":{"url":"https:\/\/focolares.es\/wp-content\/uploads\/2025\/05\/IMG-Dest-Mosaico-Yo_por_ti_2025.jpg","id":16140,"extension":"jpg","width":904,"height":509,"filesize":115497,"sizes":{"medium":{"width":300,"height":169,"mime-type":"image\/jpeg","filesize":13670,"url":"https:\/\/focolares.es\/wp-content\/uploads\/2025\/05\/IMG-Dest-Mosaico-Yo_por_ti_2025-300x169.jpg"},"thumbnail":{"width":150,"height":150,"mime-type":"image\/jpeg","filesize":7219,"url":"https:\/\/focolares.es\/wp-content\/uploads\/2025\/05\/IMG-Dest-Mosaico-Yo_por_ti_2025-150x150.jpg"},"medium_large":{"width":768,"height":432,"mime-type":"image\/jpeg","filesize":61844,"url":"https:\/\/focolares.es\/wp-content\/uploads\/2025\/05\/IMG-Dest-Mosaico-Yo_por_ti_2025-768x432.jpg"},"trp-custom-language-flag":{"width":18,"height":10,"mime-type":"image\/jpeg","filesize":832,"url":"https:\/\/focolares.es\/wp-content\/uploads\/2025\/05\/IMG-Dest-Mosaico-Yo_por_ti_2025-18x10.jpg"}}},"all_day":false,"start_date":"2025-05-24 20:00:00","start_date_details":{"year":"2025","month":"05","day":"24","hour":"20","minutes":"00","seconds":"00"},"end_date":"2025-05-24 20:00:00","end_date_details":{"year":"2025","month":"05","day":"24","hour":"20","minutes":"00","seconds":"00"},"utc_start_date":"2025-05-24 18:00:00","utc_start_date_details":{"year":"2025","month":"05","day":"24","hour":"18","minutes":"00","seconds":"00"},"utc_end_date":"2025-05-24 18:00:00","utc_end_date_details":{"year":"2025","month":"05","day":"24","hour":"18","minutes":"00","seconds":"00"},"timezone":"Europe\/Madrid","timezone_abbr":"CEST","cost":"","cost_details":{"currency_symbol":"","currency_code":"","currency_position":"","values":[]},"website":"","show_map":true,"show_map_link":true,"hide_from_listings":false,"sticky":false,"featured":false,"categories":[],"tags":[{"name":"Di\u00e1logo y fraternidad","slug":"dialogo-y-fraternidad","term_group":0,"term_taxonomy_id":40,"taxonomy":"post_tag","description":"","parent":0,"count":41,"filter":"raw","id":40,"urls":{"self":"https:\/\/focolares.es\/gl\/wp-json\/tribe\/events\/v1\/tags\/40","collection":"https:\/\/focolares.es\/gl\/wp-json\/tribe\/events\/v1\/tags"}}],"venue":{"id":16153,"author":"8","status":"publish","date":"2025-05-06 23:43:34","date_utc":"2025-05-06 21:43:34","modified":"2025-05-08 12:27:27","modified_utc":"2025-05-08 10:27:27","url":"https:\/\/focolares.es\/gl\/recinto\/teatro-cajasol\/","venue":"Teatro Cajasol","slug":"teatro-cajasol","address":"C\/ Chicarreros (casco antiguo)","city":"Sevilla","json_ld":{"@type":"Place","name":"Teatro Cajasol","description":"","url":"","address":{"@type":"PostalAddress","streetAddress":"C\/ Chicarreros (casco antiguo)","addressLocality":"Sevilla"},"telephone":"","sameAs":""},"show_map":true,"show_map_link":true,"global_id":"focolares.es\/gl?id=16153","global_id_lineage":["focolares.es\/gl?id=16153"]},"organizer":[{"id":2268,"author":"1","status":"publish","date":"2024-02-19 12:36:01","date_utc":"2024-02-19 11:36:01","modified":"2025-11-26 21:10:01","modified_utc":"2025-11-26 20:10:02","url":"https:\/\/focolares.es\/gl\/protagonista\/movimiento-focolares\/","organizer":"Movimiento de los Focolares","slug":"movimiento-focolares","json_ld":{"@type":"Person","name":"Movimiento de los Focolares","description":"","url":"","telephone":"","email":"","sameAs":""},"global_id":"focolares.es\/gl?id=2268","global_id_lineage":["focolares.es\/gl?id=2268"]}],"custom_fields":[],"json_ld":{"@context":"http:\/\/schema.org","@type":"Event","name":"Concierto de Mosaico en Sevilla","description":"&lt;p&gt;Mosaico presenta su espect\u00e1culo &quot;YO POR TI tour&quot;.&lt;\/p&gt;\\n","image":"https:\/\/focolares.es\/wp-content\/uploads\/2025\/05\/IMG-Dest-Mosaico-Yo_por_ti_2025.jpg","url":"https:\/\/focolares.es\/gl\/agenda\/concierto-de-mosaico-en-sevilla\/","eventAttendanceMode":"https:\/\/schema.org\/OfflineEventAttendanceMode","eventStatus":"https:\/\/schema.org\/EventScheduled","startDate":"2025-05-24T20:00:00+02:00","endDate":"2025-05-24T20:00:00+02:00","location":{"@type":"Place","name":"Teatro Cajasol","description":"","url":"","address":{"@type":"PostalAddress","streetAddress":"C\/ Chicarreros (casco antiguo)","addressLocality":"Sevilla"},"telephone":"","sameAs":""},"organizer":{"@type":"Person","name":"Movimiento de los Focolares","description":"","url":"","telephone":"","email":"","sameAs":""},"performer":"Organization"},"ticketed":false}