{"id":14973,"date":"2025-01-02T22:15:00","date_gmt":"2025-01-02T21:15:00","guid":{"rendered":"https:\/\/focolares.es\/?p=14973"},"modified":"2025-05-10T18:17:43","modified_gmt":"2025-05-10T16:17:43","slug":"manifesto-pola-paz-en-oriente-medio","status":"publish","type":"post","link":"https:\/\/focolares.es\/gl\/manifiesto-por-la-paz-en-oriente-proximo\/","title":{"rendered":"Manifesto pola Paz en Oriente Medio"},"content":{"rendered":"<h3 class=\"wp-block-heading\"><em>Coincidindo co D\u00eda Mundial da Paz do 1 de xaneiro, publicamos este Manifesto pola Paz, que xurdiu do encontro espiritual, educativo e de amplo intercambio celebrado en Madrid con membros do Movemento dos Focolares de todo o Mediterr\u00e1neo.<\/em><\/h3>\n\n\n\n<div style=\"height:30px\" aria-hidden=\"true\" class=\"wp-block-spacer\"><\/div>\n\n\n\n<p>En decembro celebrouse en Madrid un retiro espiritual con 240 membros do Movemento dos Focolares, procedentes de distintas rexi\u00f3ns do Mediterr\u00e1neo e de varios pa\u00edses europeos.<\/p>\n\n\n\n<p>Estes d\u00edas, vividos en comu\u00f1\u00f3n, permit\u00edronnos vivir de primeira man os efectos devastadores que est\u00e1 a ter a guerra en Oriente Medio.<\/p>\n\n\n\n<p>Como conclusi\u00f3n destas xornadas, os participantes consideraron un deber moral asinar o seguinte manifesto, expresando o seu compromiso coa paz.<\/p>\n\n\n\n<blockquote class=\"wp-block-quote is-layout-flow wp-block-quote-is-layout-flow\">\n<h3 class=\"wp-block-heading\">Manifesto pola Paz en Oriente Medio<\/h3>\n\n\n\n<p>N\u00f3s,&nbsp;<strong>Reun\u00edronse en Madrid 240 representantes do Movemento dos Focolares<\/strong>N\u00f3s, os habitantes do Mediterr\u00e1neo, xunto con alg\u00fans l\u00edderes de Europa occidental e de todo o mundo, manifestamos a nosa dor e preocupaci\u00f3n pola persistencia de conflitos armados que est\u00e1n a asolar Oriente Medio e outras rexi\u00f3ns do mundo. As voces dos que sofren a barbarie e a destruci\u00f3n reflicten unha historia de violencia que parece destinada a perpetuarse; Tr\u00e1tase de persoas con dereito a vivir e desenvolverse libres de intereses xeopol\u00edticos e militares.<\/p>\n\n\n\n<p>A historia humana ens\u00ednanolo&nbsp;<strong>Sen empat\u00eda, perd\u00f3n e xustiza non se pode conseguir unha paz duradeira.<\/strong>. Por este motivo, publicamos o seguinte manifesto:<\/p>\n\n\n\n<p><strong>Comprom\u00e9tete coa paz<\/strong><\/p>\n\n\n\n<ul class=\"wp-block-list\">\n<li><strong>Reafirmamos<\/strong>&nbsp;o noso compromiso persoal e colectivo coa unidade e a fraternidade universal como garant\u00eda de paz. Cremos que a harmon\u00eda \u00e9 urxente e esixe o reco\u00f1ecemento mutuo, o respecto, a xustiza, o di\u00e1logo sincero e a cooperaci\u00f3n entre as persoas, os grupos e os pobos.<\/li>\n\n\n\n<li><strong>Experiencia coti\u00e1<\/strong>&nbsp;de aceptaci\u00f3n da diversidade cultural e das formas de vida e das historias persoais levadas adiante m\u00e1is al\u00e1 das feridas, emp\u00faxanos a berrar!<strong>suficiente para a guerra<\/strong>!<\/li>\n\n\n\n<li><strong>Condenamos<\/strong>&nbsp;calquera forma de violencia, inxustiza e opresi\u00f3n que vulnere a dignidade das persoas e dos pobos, perpetuando o sufrimento de seres inocentes.<\/li>\n<\/ul>\n\n\n\n<p><strong>Multiplicando as micro acci\u00f3ns pola paz<\/strong><\/p>\n\n\n\n<p>No \u00e1mbito da diplomacia, a necesidade de a&nbsp;<em>microfundaci\u00f3n<\/em>&nbsp;das relaci\u00f3ns internacionais \u00e9 cada vez m\u00e1is evidente, xa que a pol\u00edtica exterior dun pa\u00eds debe basearse nas decisi\u00f3ns, acci\u00f3ns e interacci\u00f3ns que os cidad\u00e1ns com\u00fans toman cada d\u00eda.<\/p>\n\n\n\n<p><strong><em>A pol\u00edtica de paz<\/em><\/strong>&nbsp;require un cambio e&nbsp;<strong>esixe que a paz estea no centro de todos os aspectos econ\u00f3micos, sociais, educativos, sanitarios,&nbsp;<\/strong>etc., porque s\u00f3 as\u00ed pode converterse nunha tarefa global e incisiva.<\/p>\n\n\n\n<p>Polo tanto, consciente de que&nbsp;<em>macro<\/em>&nbsp;Est\u00e1 constru\u00eddo no&nbsp;<em>micro<\/em>, e responsables de non deixar s\u00f3s aos gobernos, que parecen incapaces de paliar o sufrimento de pobos enteiros, compromet\u00e9monos a:<\/p>\n\n\n\n<ul class=\"wp-block-list\">\n<li><strong>Implementar<\/strong>&nbsp;alianzas e colaboraci\u00f3ns entre pobos mediterr\u00e1neos.<\/li>\n\n\n\n<li><strong>Intensificar<\/strong>&nbsp;redes de solidariedade para apoiar, ante todo, \u00e1s v\u00edtimas da guerra.<\/li>\n\n\n\n<li><strong>Promover<\/strong>&nbsp;programas educativos para reducir a fenda intercultural e interxeracional e&nbsp;<strong>inculcar nas novas xeraci\u00f3ns unha cultura de paz, inclusi\u00f3n e non violencia.<\/strong><\/li>\n\n\n\n<li><strong>Promover<\/strong>&nbsp;iniciativas locais e globais que promovan o di\u00e1logo interrelixioso e intercultural.<\/li>\n<\/ul>\n\n\n\n<p><strong>Un chamamento \u00e1 comunidade internacional<\/strong><\/p>\n\n\n\n<p>Urxe pasar dunha pol\u00edtica intergobernamental a unha pol\u00edtica planetaria que respecte ao ser humano e ao medio ambiente, e que act\u00fae&nbsp;<strong>con responsabilidade cara \u00e1s xeraci\u00f3ns futuras<\/strong>. Por iso, pedimos aos responsables pol\u00edticos e \u00e1s organizaci\u00f3ns internacionais:<\/p>\n\n\n\n<ul class=\"wp-block-list\">\n<li><strong>Redobrar<\/strong>&nbsp;esforzos diplom\u00e1ticos para o cesamento inmediato das hostilidades.<\/li>\n\n\n\n<li><strong>Reducir<\/strong>&nbsp;parar con urxencia a produci\u00f3n e o comercio de armas para frear a escalada dos conflitos.<\/li>\n\n\n\n<li><strong>Proporcionar<\/strong>&nbsp;axuda humanitaria eficaz \u00e1s poboaci\u00f3ns afectadas.<\/li>\n\n\n\n<li><strong>Establecer<\/strong>&nbsp;mecanismos xustos para a paz e a reconstruci\u00f3n nas rexi\u00f3ns devastadas.<\/li>\n<\/ul>\n\n\n\n<p><strong>Unidos por un futuro mellor<\/strong><\/p>\n\n\n\n<p>Conscientes do inmenso reto, sabemos que os nosos xestos diarios, a\u00ednda que son desproporcionados, conte\u00f1en sementes de esperanza para xerar e estender&nbsp;<em>unha cultura de irmandade<\/em>, confiando en que xunto con outras persoas, colectivos e instituci\u00f3ns, sexa posible paliar o sufrimento e abrir novos cami\u00f1os para a reconciliaci\u00f3n.<\/p>\n\n\n\n<p>Se vivimos na idade de&nbsp;<strong><em>guerra mundial en anacos<\/em><\/strong>, queremos so\u00f1ar a&nbsp;<strong><em>a paz mundial constru\u00edda peza por peza.<\/em><\/strong><\/p>\n<\/blockquote>\n\n\n\n<p class=\"has-text-align-right\"><em>240 representantes do Movemento dos Focolares dos pobos do arco mediterr\u00e1neo<br>Decembro 2024<\/em><\/p>\n\n\n\n<p><a href=\"https:\/\/focolares.es\/wp-content\/uploads\/2025\/02\/ES_Manifiesto-por-la-paz-en-Oriente-Proximo_compressed.pdf\" target=\"_blank\" rel=\"noreferrer noopener\">Descargar PDF (espa\u00f1ol)<\/a><\/p>\n\n\n\n<p><a href=\"https:\/\/focolares.es\/wp-content\/uploads\/2025\/02\/EN_Manifesto-for-Peace-in-the-Middle-East_compressed.pdf\" target=\"_blank\" rel=\"noreferrer noopener\">Descargar pdf (ingl\u00e9s)<\/a><\/p>\n\n\n\n<p><a href=\"https:\/\/focolares.es\/wp-content\/uploads\/2025\/02\/IT-Manifesto-per-la-pace-in-Medio-Oriente_compressed.pdf\" target=\"_blank\" rel=\"noreferrer noopener\">Descargar pdf (italiano)<\/a><\/p>\n\n\n\n<p><\/p>","protected":false},"excerpt":{"rendered":"<p>Manifesto pola Paz, xurdido dun encontro espiritual, educativo e de amplo intercambio celebrado en Madrid.<\/p>","protected":false},"author":8,"featured_media":14974,"comment_status":"open","ping_status":"closed","sticky":false,"template":"","format":"standard","meta":{"_price":"","_stock":"","_tribe_ticket_header":"","_tribe_default_ticket_provider":"","_tribe_ticket_capacity":"0","_ticket_start_date":"","_ticket_end_date":"","_tribe_ticket_show_description":"","_tribe_ticket_show_not_going":false,"_tribe_ticket_use_global_stock":"","_tribe_ticket_global_stock_level":"","_global_stock_mode":"","_global_stock_cap":"","_tribe_rsvp_for_event":"","_tribe_ticket_going_count":"","_tribe_ticket_not_going_count":"","_tribe_tickets_list":"[]","_tribe_ticket_has_attendee_info_fields":false,"footnotes":""},"categories":[1],"tags":[42],"class_list":["post-14973","post","type-post","status-publish","format-standard","has-post-thumbnail","hentry","category-uncategorized","tag-comunicado"],"yoast_head":"<!-- This site is optimized with the Yoast SEO plugin v27.2 - https:\/\/yoast.com\/product\/yoast-seo-wordpress\/ -->\n<title>Manifiesto por la Paz en Oriente Pr\u00f3ximo - Focolares<\/title>\n<meta name=\"description\" content=\"Manifiesto por la Paz en Oriente Pr\u00f3ximo, surgido del encuentro espiritual, formativo y de amplio intercambio celebrado en Madrid.\" \/>\n<meta name=\"robots\" content=\"index, follow, max-snippet:-1, max-image-preview:large, max-video-preview:-1\" \/>\n<link rel=\"canonical\" href=\"https:\/\/focolares.es\/gl\/manifesto-pola-paz-en-oriente-medio\/\" \/>\n<meta property=\"og:locale\" content=\"gl_ES\" \/>\n<meta property=\"og:type\" content=\"article\" \/>\n<meta property=\"og:title\" content=\"Manifiesto por la Paz en Oriente Pr\u00f3ximo - Focolares\" \/>\n<meta property=\"og:description\" content=\"Manifiesto por la Paz en Oriente Pr\u00f3ximo, surgido del encuentro espiritual, formativo y de amplio intercambio celebrado en Madrid.\" \/>\n<meta property=\"og:url\" content=\"https:\/\/focolares.es\/gl\/manifesto-pola-paz-en-oriente-medio\/\" \/>\n<meta property=\"og:site_name\" content=\"Movimiento de los Focolares\" \/>\n<meta property=\"article:published_time\" content=\"2025-01-02T21:15:00+00:00\" \/>\n<meta property=\"article:modified_time\" content=\"2025-05-10T16:17:43+00:00\" \/>\n<meta property=\"og:image\" content=\"https:\/\/focolares.es\/wp-content\/uploads\/2025\/02\/IMG-Dest-Retiro-2024-Foc-900x600-1.jpg\" \/>\n\t<meta property=\"og:image:width\" content=\"900\" \/>\n\t<meta property=\"og:image:height\" content=\"600\" \/>\n\t<meta property=\"og:image:type\" content=\"image\/jpeg\" \/>\n<meta name=\"author\" content=\"Sonia\" \/>\n<meta name=\"twitter:card\" content=\"summary_large_image\" \/>\n<meta name=\"twitter:label1\" content=\"Escrito por\" \/>\n\t<meta name=\"twitter:data1\" content=\"Sonia\" \/>\n\t<meta name=\"twitter:label2\" content=\"Tempo de lectura\" \/>\n\t<meta name=\"twitter:data2\" content=\"1 minuto\" \/>\n<script type=\"application\/ld+json\" class=\"yoast-schema-graph\">{\"@context\":\"https:\/\/schema.org\",\"@graph\":[{\"@type\":\"Article\",\"@id\":\"https:\/\/focolares.es\/manifiesto-por-la-paz-en-oriente-proximo\/#article\",\"isPartOf\":{\"@id\":\"https:\/\/focolares.es\/manifiesto-por-la-paz-en-oriente-proximo\/\"},\"author\":{\"name\":\"Sonia\",\"@id\":\"https:\/\/focolares.es\/#\/schema\/person\/460a502493de84fa7b318667e9a5c289\"},\"headline\":\"Manifiesto por la Paz en Oriente Pr\u00f3ximo\",\"datePublished\":\"2025-01-02T21:15:00+00:00\",\"dateModified\":\"2025-05-10T16:17:43+00:00\",\"mainEntityOfPage\":{\"@id\":\"https:\/\/focolares.es\/manifiesto-por-la-paz-en-oriente-proximo\/\"},\"wordCount\":797,\"commentCount\":0,\"publisher\":{\"@id\":\"https:\/\/focolares.es\/#organization\"},\"image\":{\"@id\":\"https:\/\/focolares.es\/manifiesto-por-la-paz-en-oriente-proximo\/#primaryimage\"},\"thumbnailUrl\":\"https:\/\/focolares.es\/wp-content\/uploads\/2025\/02\/IMG-Dest-Retiro-2024-Foc-900x600-1.jpg\",\"keywords\":[\"Comunicado\"],\"articleSection\":[\"Uncategorized\"],\"inLanguage\":\"gl-ES\",\"potentialAction\":[{\"@type\":\"CommentAction\",\"name\":\"Comment\",\"target\":[\"https:\/\/focolares.es\/manifiesto-por-la-paz-en-oriente-proximo\/#respond\"]}]},{\"@type\":\"WebPage\",\"@id\":\"https:\/\/focolares.es\/manifiesto-por-la-paz-en-oriente-proximo\/\",\"url\":\"https:\/\/focolares.es\/manifiesto-por-la-paz-en-oriente-proximo\/\",\"name\":\"Manifiesto por la Paz en Oriente Pr\u00f3ximo - Focolares\",\"isPartOf\":{\"@id\":\"https:\/\/focolares.es\/#website\"},\"primaryImageOfPage\":{\"@id\":\"https:\/\/focolares.es\/manifiesto-por-la-paz-en-oriente-proximo\/#primaryimage\"},\"image\":{\"@id\":\"https:\/\/focolares.es\/manifiesto-por-la-paz-en-oriente-proximo\/#primaryimage\"},\"thumbnailUrl\":\"https:\/\/focolares.es\/wp-content\/uploads\/2025\/02\/IMG-Dest-Retiro-2024-Foc-900x600-1.jpg\",\"datePublished\":\"2025-01-02T21:15:00+00:00\",\"dateModified\":\"2025-05-10T16:17:43+00:00\",\"description\":\"Manifiesto por la Paz en Oriente Pr\u00f3ximo, surgido del encuentro espiritual, formativo y de amplio intercambio celebrado en Madrid.\",\"breadcrumb\":{\"@id\":\"https:\/\/focolares.es\/manifiesto-por-la-paz-en-oriente-proximo\/#breadcrumb\"},\"inLanguage\":\"gl-ES\",\"potentialAction\":[{\"@type\":\"ReadAction\",\"target\":[\"https:\/\/focolares.es\/manifiesto-por-la-paz-en-oriente-proximo\/\"]}]},{\"@type\":\"ImageObject\",\"inLanguage\":\"gl-ES\",\"@id\":\"https:\/\/focolares.es\/manifiesto-por-la-paz-en-oriente-proximo\/#primaryimage\",\"url\":\"https:\/\/focolares.es\/wp-content\/uploads\/2025\/02\/IMG-Dest-Retiro-2024-Foc-900x600-1.jpg\",\"contentUrl\":\"https:\/\/focolares.es\/wp-content\/uploads\/2025\/02\/IMG-Dest-Retiro-2024-Foc-900x600-1.jpg\",\"width\":900,\"height\":600},{\"@type\":\"BreadcrumbList\",\"@id\":\"https:\/\/focolares.es\/manifiesto-por-la-paz-en-oriente-proximo\/#breadcrumb\",\"itemListElement\":[{\"@type\":\"ListItem\",\"position\":1,\"name\":\"Portada\",\"item\":\"https:\/\/focolares.es\/\"},{\"@type\":\"ListItem\",\"position\":2,\"name\":\"Manifiesto por la Paz en Oriente Pr\u00f3ximo\"}]},{\"@type\":\"WebSite\",\"@id\":\"https:\/\/focolares.es\/#website\",\"url\":\"https:\/\/focolares.es\/\",\"name\":\"Movimiento de los Focolares\",\"description\":\"\",\"publisher\":{\"@id\":\"https:\/\/focolares.es\/#organization\"},\"potentialAction\":[{\"@type\":\"SearchAction\",\"target\":{\"@type\":\"EntryPoint\",\"urlTemplate\":\"https:\/\/focolares.es\/?s={search_term_string}\"},\"query-input\":{\"@type\":\"PropertyValueSpecification\",\"valueRequired\":true,\"valueName\":\"search_term_string\"}}],\"inLanguage\":\"gl-ES\"},{\"@type\":\"Organization\",\"@id\":\"https:\/\/focolares.es\/#organization\",\"name\":\"Movimiento de los Focolares\",\"url\":\"https:\/\/focolares.es\/\",\"logo\":{\"@type\":\"ImageObject\",\"inLanguage\":\"gl-ES\",\"@id\":\"https:\/\/focolares.es\/#\/schema\/logo\/image\/\",\"url\":\"https:\/\/focolares.es\/wp-content\/uploads\/2024\/03\/Logo_focolares-1024x944-1.jpg\",\"contentUrl\":\"https:\/\/focolares.es\/wp-content\/uploads\/2024\/03\/Logo_focolares-1024x944-1.jpg\",\"width\":1024,\"height\":944,\"caption\":\"Movimiento de los Focolares\"},\"image\":{\"@id\":\"https:\/\/focolares.es\/#\/schema\/logo\/image\/\"}},{\"@type\":\"Person\",\"@id\":\"https:\/\/focolares.es\/#\/schema\/person\/460a502493de84fa7b318667e9a5c289\",\"name\":\"Sonia\",\"image\":{\"@type\":\"ImageObject\",\"inLanguage\":\"gl-ES\",\"@id\":\"https:\/\/focolares.es\/wp-content\/litespeed\/avatar\/cdad09e33a37c7312cdc76ceae4bbc88.jpg?ver=1777375640\",\"url\":\"https:\/\/focolares.es\/wp-content\/litespeed\/avatar\/cdad09e33a37c7312cdc76ceae4bbc88.jpg?ver=1777375640\",\"contentUrl\":\"https:\/\/focolares.es\/wp-content\/litespeed\/avatar\/cdad09e33a37c7312cdc76ceae4bbc88.jpg?ver=1777375640\",\"caption\":\"Sonia\"},\"url\":\"https:\/\/focolares.es\/gl\/author\/sonia\/\"}]}<\/script>\n<!-- \/ Yoast SEO plugin. -->","yoast_head_json":{"title":"Manifesto pola Paz en Oriente Medio - Focolares","description":"Manifesto pola Paz en Oriente Medio, xurdido do encontro de intercambio espiritual, educativo e amplo celebrado en Madrid.","robots":{"index":"index","follow":"follow","max-snippet":"max-snippet:-1","max-image-preview":"max-image-preview:large","max-video-preview":"max-video-preview:-1"},"canonical":"https:\/\/focolares.es\/gl\/manifesto-pola-paz-en-oriente-medio\/","og_locale":"gl_ES","og_type":"article","og_title":"Manifiesto por la Paz en Oriente Pr\u00f3ximo - Focolares","og_description":"Manifiesto por la Paz en Oriente Pr\u00f3ximo, surgido del encuentro espiritual, formativo y de amplio intercambio celebrado en Madrid.","og_url":"https:\/\/focolares.es\/gl\/manifesto-pola-paz-en-oriente-medio\/","og_site_name":"Movimiento de los Focolares","article_published_time":"2025-01-02T21:15:00+00:00","article_modified_time":"2025-05-10T16:17:43+00:00","og_image":[{"width":900,"height":600,"url":"https:\/\/focolares.es\/wp-content\/uploads\/2025\/02\/IMG-Dest-Retiro-2024-Foc-900x600-1.jpg","type":"image\/jpeg"}],"author":"Sonia","twitter_card":"summary_large_image","twitter_misc":{"Escrito por":"Sonia","Tempo de lectura":"1 minuto"},"schema":{"@context":"https:\/\/schema.org","@graph":[{"@type":"Article","@id":"https:\/\/focolares.es\/manifiesto-por-la-paz-en-oriente-proximo\/#article","isPartOf":{"@id":"https:\/\/focolares.es\/manifiesto-por-la-paz-en-oriente-proximo\/"},"author":{"name":"Sonia","@id":"https:\/\/focolares.es\/#\/schema\/person\/460a502493de84fa7b318667e9a5c289"},"headline":"Manifiesto por la Paz en Oriente Pr\u00f3ximo","datePublished":"2025-01-02T21:15:00+00:00","dateModified":"2025-05-10T16:17:43+00:00","mainEntityOfPage":{"@id":"https:\/\/focolares.es\/manifiesto-por-la-paz-en-oriente-proximo\/"},"wordCount":797,"commentCount":0,"publisher":{"@id":"https:\/\/focolares.es\/#organization"},"image":{"@id":"https:\/\/focolares.es\/manifiesto-por-la-paz-en-oriente-proximo\/#primaryimage"},"thumbnailUrl":"https:\/\/focolares.es\/wp-content\/uploads\/2025\/02\/IMG-Dest-Retiro-2024-Foc-900x600-1.jpg","keywords":["Comunicado"],"articleSection":["Uncategorized"],"inLanguage":"gl-ES","potentialAction":[{"@type":"CommentAction","name":"Comment","target":["https:\/\/focolares.es\/manifiesto-por-la-paz-en-oriente-proximo\/#respond"]}]},{"@type":"WebPage","@id":"https:\/\/focolares.es\/manifiesto-por-la-paz-en-oriente-proximo\/","url":"https:\/\/focolares.es\/manifiesto-por-la-paz-en-oriente-proximo\/","name":"Manifesto pola Paz en Oriente Medio - Focolares","isPartOf":{"@id":"https:\/\/focolares.es\/#website"},"primaryImageOfPage":{"@id":"https:\/\/focolares.es\/manifiesto-por-la-paz-en-oriente-proximo\/#primaryimage"},"image":{"@id":"https:\/\/focolares.es\/manifiesto-por-la-paz-en-oriente-proximo\/#primaryimage"},"thumbnailUrl":"https:\/\/focolares.es\/wp-content\/uploads\/2025\/02\/IMG-Dest-Retiro-2024-Foc-900x600-1.jpg","datePublished":"2025-01-02T21:15:00+00:00","dateModified":"2025-05-10T16:17:43+00:00","description":"Manifesto pola Paz en Oriente Medio, xurdido do encontro de intercambio espiritual, educativo e amplo celebrado en Madrid.","breadcrumb":{"@id":"https:\/\/focolares.es\/manifiesto-por-la-paz-en-oriente-proximo\/#breadcrumb"},"inLanguage":"gl-ES","potentialAction":[{"@type":"ReadAction","target":["https:\/\/focolares.es\/manifiesto-por-la-paz-en-oriente-proximo\/"]}]},{"@type":"ImageObject","inLanguage":"gl-ES","@id":"https:\/\/focolares.es\/manifiesto-por-la-paz-en-oriente-proximo\/#primaryimage","url":"https:\/\/focolares.es\/wp-content\/uploads\/2025\/02\/IMG-Dest-Retiro-2024-Foc-900x600-1.jpg","contentUrl":"https:\/\/focolares.es\/wp-content\/uploads\/2025\/02\/IMG-Dest-Retiro-2024-Foc-900x600-1.jpg","width":900,"height":600},{"@type":"BreadcrumbList","@id":"https:\/\/focolares.es\/manifiesto-por-la-paz-en-oriente-proximo\/#breadcrumb","itemListElement":[{"@type":"ListItem","position":1,"name":"Portada","item":"https:\/\/focolares.es\/"},{"@type":"ListItem","position":2,"name":"Manifiesto por la Paz en Oriente Pr\u00f3ximo"}]},{"@type":"WebSite","@id":"https:\/\/focolares.es\/#website","url":"https:\/\/focolares.es\/","name":"Movemento dos Focolares","description":"","publisher":{"@id":"https:\/\/focolares.es\/#organization"},"potentialAction":[{"@type":"SearchAction","target":{"@type":"EntryPoint","urlTemplate":"https:\/\/focolares.es\/?s={search_term_string}"},"query-input":{"@type":"PropertyValueSpecification","valueRequired":true,"valueName":"search_term_string"}}],"inLanguage":"gl-ES"},{"@type":"Organization","@id":"https:\/\/focolares.es\/#organization","name":"Movemento dos Focolares","url":"https:\/\/focolares.es\/","logo":{"@type":"ImageObject","inLanguage":"gl-ES","@id":"https:\/\/focolares.es\/#\/schema\/logo\/image\/","url":"https:\/\/focolares.es\/wp-content\/uploads\/2024\/03\/Logo_focolares-1024x944-1.jpg","contentUrl":"https:\/\/focolares.es\/wp-content\/uploads\/2024\/03\/Logo_focolares-1024x944-1.jpg","width":1024,"height":944,"caption":"Movimiento de los Focolares"},"image":{"@id":"https:\/\/focolares.es\/#\/schema\/logo\/image\/"}},{"@type":"Person","@id":"https:\/\/focolares.es\/#\/schema\/person\/460a502493de84fa7b318667e9a5c289","name":"Sonia","image":{"@type":"ImageObject","inLanguage":"gl-ES","@id":"https:\/\/focolares.es\/wp-content\/litespeed\/avatar\/cdad09e33a37c7312cdc76ceae4bbc88.jpg?ver=1777375640","url":"https:\/\/focolares.es\/wp-content\/litespeed\/avatar\/cdad09e33a37c7312cdc76ceae4bbc88.jpg?ver=1777375640","contentUrl":"https:\/\/focolares.es\/wp-content\/litespeed\/avatar\/cdad09e33a37c7312cdc76ceae4bbc88.jpg?ver=1777375640","caption":"Sonia"},"url":"https:\/\/focolares.es\/gl\/author\/sonia\/"}]}},"views":73,"_links":{"self":[{"href":"https:\/\/focolares.es\/gl\/wp-json\/wp\/v2\/posts\/14973","targetHints":{"allow":["GET"]}}],"collection":[{"href":"https:\/\/focolares.es\/gl\/wp-json\/wp\/v2\/posts"}],"about":[{"href":"https:\/\/focolares.es\/gl\/wp-json\/wp\/v2\/types\/post"}],"author":[{"embeddable":true,"href":"https:\/\/focolares.es\/gl\/wp-json\/wp\/v2\/users\/8"}],"replies":[{"embeddable":true,"href":"https:\/\/focolares.es\/gl\/wp-json\/wp\/v2\/comments?post=14973"}],"version-history":[{"count":7,"href":"https:\/\/focolares.es\/gl\/wp-json\/wp\/v2\/posts\/14973\/revisions"}],"predecessor-version":[{"id":16281,"href":"https:\/\/focolares.es\/gl\/wp-json\/wp\/v2\/posts\/14973\/revisions\/16281"}],"wp:featuredmedia":[{"embeddable":true,"href":"https:\/\/focolares.es\/gl\/wp-json\/wp\/v2\/media\/14974"}],"wp:attachment":[{"href":"https:\/\/focolares.es\/gl\/wp-json\/wp\/v2\/media?parent=14973"}],"wp:term":[{"taxonomy":"category","embeddable":true,"href":"https:\/\/focolares.es\/gl\/wp-json\/wp\/v2\/categories?post=14973"},{"taxonomy":"post_tag","embeddable":true,"href":"https:\/\/focolares.es\/gl\/wp-json\/wp\/v2\/tags?post=14973"}],"curies":[{"name":"wp","href":"https:\/\/api.w.org\/{rel}","templated":true}]}}