{"id":14981,"date":"2024-11-07T00:59:00","date_gmt":"2024-11-06T23:59:00","guid":{"rendered":"https:\/\/focolares.es\/?p=14981"},"modified":"2025-02-10T21:44:40","modified_gmt":"2025-02-10T20:44:40","slug":"pidovos-que-transmitades-a-mina-proximidade-a-todos","status":"publish","type":"post","link":"https:\/\/focolares.es\/gl\/os-pido-que-hagais-llegar-a-todos-mi-cercania\/","title":{"rendered":"P\u00eddovos que fagades chegar a mi\u00f1a proximidade a todos!"},"content":{"rendered":"<h4 class=\"wp-block-heading\"><em>Margaret Karram, presidenta do Movemento dos Focolares, escr\u00edbenos para apoiarnos ante o sufrimento de tanta xente.<\/em><\/h4>\n\n\n\n<p>Tras os dolorosos acontecementos das tremendas inundaci\u00f3ns que asolaron a Comunidade Valenciana e os seus arredores, quero asegurarvos as mi\u00f1as m\u00e1is fervorosas oraci\u00f3ns polas v\u00edtimas e por todos aqueles que perderon os seus seres queridos, casas, bens e os recordos de toda a vida.<\/p>\n\n\n\n<p>Estou ao teu lado nas labores de socorro que xa se puxeron en marcha grazas \u00e1 xenerosidade de tantos, e escr\u00edboche para ofrecer a nosa solidariedade como&nbsp;<em>Movemento&nbsp;<\/em>en todo o que consideres pode aliviar polo menos un pouco deste sufrimento.<\/p>\n\n\n\n<p>P\u00eddovos que fagades chegar a mi\u00f1a proximidade a todos!<\/p>\n\n\n\n<p>Permanecendo firmes no amor mutuo, que consola e testemu\u00f1a a presenza de Deus,<\/p>\n\n\n\n<hr class=\"wp-block-separator has-alpha-channel-opacity\"\/>\n\n\n\n<p>E<em>No Movemento dos Focolares a axuda estase a canalizar a trav\u00e9s do\u00a0<a href=\"https:\/\/fundaciongiordani.org\/proyectos\/emergencia-dana-en-espana\/\" target=\"_blank\" rel=\"noreferrer noopener\">Fundaci\u00f3n Igino Giordani<\/a><\/em><\/p>\n\n\n\n<p><em>CaixaBank: ES65 2100 5615 7902 0005 6937<\/em><\/p>\n\n\n\n<p><em>Titular: Fundaci\u00f3n Igino Giordani<\/em><\/p>\n\n\n\n<p><em>Concepto: Emerxencia DANA Espa\u00f1a<\/em><\/p>\n\n\n\n<p><em>Se desexa solicitar deduci\u00f3ns fiscais pola s\u00faa doaz\u00f3n, env\u00ede a s\u00faa informaci\u00f3n fiscal a&nbsp;<a href=\"mailto:info@fundaciongiordani.org\">info@fundaciongiordani.org<\/a>.<\/em><\/p>\n\n\n\n<p><\/p>","protected":false},"excerpt":{"rendered":"<p>Margaret Karram, presidenta do Movemento dos Focolares, escr\u00edbenos para apoiarnos ante o sufrimento de tanta xente.<\/p>","protected":false},"author":8,"featured_media":14984,"comment_status":"open","ping_status":"closed","sticky":false,"template":"","format":"standard","meta":{"_price":"","_stock":"","_tribe_ticket_header":"","_tribe_default_ticket_provider":"","_tribe_ticket_capacity":"0","_ticket_start_date":"","_ticket_end_date":"","_tribe_ticket_show_description":"","_tribe_ticket_show_not_going":false,"_tribe_ticket_use_global_stock":"","_tribe_ticket_global_stock_level":"","_global_stock_mode":"","_global_stock_cap":"","_tribe_rsvp_for_event":"","_tribe_ticket_going_count":"","_tribe_ticket_not_going_count":"","_tribe_tickets_list":"[]","_tribe_ticket_has_attendee_info_fields":false,"footnotes":""},"categories":[1],"tags":[42],"class_list":["post-14981","post","type-post","status-publish","format-standard","has-post-thumbnail","hentry","category-uncategorized","tag-comunicado"],"yoast_head":"<!-- This site is optimized with the Yoast SEO plugin v27.2 - https:\/\/yoast.com\/product\/yoast-seo-wordpress\/ -->\n<title>\u00a1Os pido que hag\u00e1is llegar a todos mi cercan\u00eda! - Focolares<\/title>\n<meta name=\"description\" content=\"Margaret Karram, Presidenta del Movimiento de los Focolares, nos escribe para ponerse a nuestro lado ante el sufrimiento de tantas personas.\" \/>\n<meta name=\"robots\" content=\"index, follow, max-snippet:-1, max-image-preview:large, max-video-preview:-1\" \/>\n<link rel=\"canonical\" href=\"https:\/\/focolares.es\/gl\/pidovos-que-transmitades-a-mina-proximidade-a-todos\/\" \/>\n<meta property=\"og:locale\" content=\"gl_ES\" \/>\n<meta property=\"og:type\" content=\"article\" \/>\n<meta property=\"og:title\" content=\"\u00a1Os pido que hag\u00e1is llegar a todos mi cercan\u00eda! - Focolares\" \/>\n<meta property=\"og:description\" content=\"Margaret Karram, Presidenta del Movimiento de los Focolares, nos escribe para ponerse a nuestro lado ante el sufrimiento de tantas personas.\" \/>\n<meta property=\"og:url\" content=\"https:\/\/focolares.es\/gl\/pidovos-que-transmitades-a-mina-proximidade-a-todos\/\" \/>\n<meta property=\"og:site_name\" content=\"Movimiento de los Focolares\" \/>\n<meta property=\"article:published_time\" content=\"2024-11-06T23:59:00+00:00\" \/>\n<meta property=\"article:modified_time\" content=\"2025-02-10T20:44:40+00:00\" \/>\n<meta property=\"og:image\" content=\"https:\/\/focolares.es\/wp-content\/uploads\/2025\/02\/foto-MK-300x185-1.jpg\" \/>\n\t<meta property=\"og:image:width\" content=\"900\" \/>\n\t<meta property=\"og:image:height\" content=\"556\" \/>\n\t<meta property=\"og:image:type\" content=\"image\/jpeg\" \/>\n<meta name=\"author\" content=\"Sonia\" \/>\n<meta name=\"twitter:card\" content=\"summary_large_image\" \/>\n<meta name=\"twitter:label1\" content=\"Escrito por\" \/>\n\t<meta name=\"twitter:data1\" content=\"Sonia\" \/>\n\t<meta name=\"twitter:label2\" content=\"Tempo de lectura\" \/>\n\t<meta name=\"twitter:data2\" content=\"2 minutos\" \/>\n<script type=\"application\/ld+json\" class=\"yoast-schema-graph\">{\"@context\":\"https:\/\/schema.org\",\"@graph\":[{\"@type\":\"Article\",\"@id\":\"https:\/\/focolares.es\/os-pido-que-hagais-llegar-a-todos-mi-cercania\/#article\",\"isPartOf\":{\"@id\":\"https:\/\/focolares.es\/os-pido-que-hagais-llegar-a-todos-mi-cercania\/\"},\"author\":{\"name\":\"Sonia\",\"@id\":\"https:\/\/focolares.es\/#\/schema\/person\/460a502493de84fa7b318667e9a5c289\"},\"headline\":\"\u00a1Os pido que hag\u00e1is llegar a todos mi cercan\u00eda!\",\"datePublished\":\"2024-11-06T23:59:00+00:00\",\"dateModified\":\"2025-02-10T20:44:40+00:00\",\"mainEntityOfPage\":{\"@id\":\"https:\/\/focolares.es\/os-pido-que-hagais-llegar-a-todos-mi-cercania\/\"},\"wordCount\":207,\"commentCount\":0,\"publisher\":{\"@id\":\"https:\/\/focolares.es\/#organization\"},\"image\":{\"@id\":\"https:\/\/focolares.es\/os-pido-que-hagais-llegar-a-todos-mi-cercania\/#primaryimage\"},\"thumbnailUrl\":\"https:\/\/focolares.es\/wp-content\/uploads\/2025\/02\/foto-MK-300x185-1.jpg\",\"keywords\":[\"Comunicado\"],\"articleSection\":[\"Uncategorized\"],\"inLanguage\":\"gl-ES\",\"potentialAction\":[{\"@type\":\"CommentAction\",\"name\":\"Comment\",\"target\":[\"https:\/\/focolares.es\/os-pido-que-hagais-llegar-a-todos-mi-cercania\/#respond\"]}]},{\"@type\":\"WebPage\",\"@id\":\"https:\/\/focolares.es\/os-pido-que-hagais-llegar-a-todos-mi-cercania\/\",\"url\":\"https:\/\/focolares.es\/os-pido-que-hagais-llegar-a-todos-mi-cercania\/\",\"name\":\"\u00a1Os pido que hag\u00e1is llegar a todos mi cercan\u00eda! - Focolares\",\"isPartOf\":{\"@id\":\"https:\/\/focolares.es\/#website\"},\"primaryImageOfPage\":{\"@id\":\"https:\/\/focolares.es\/os-pido-que-hagais-llegar-a-todos-mi-cercania\/#primaryimage\"},\"image\":{\"@id\":\"https:\/\/focolares.es\/os-pido-que-hagais-llegar-a-todos-mi-cercania\/#primaryimage\"},\"thumbnailUrl\":\"https:\/\/focolares.es\/wp-content\/uploads\/2025\/02\/foto-MK-300x185-1.jpg\",\"datePublished\":\"2024-11-06T23:59:00+00:00\",\"dateModified\":\"2025-02-10T20:44:40+00:00\",\"description\":\"Margaret Karram, Presidenta del Movimiento de los Focolares, nos escribe para ponerse a nuestro lado ante el sufrimiento de tantas personas.\",\"breadcrumb\":{\"@id\":\"https:\/\/focolares.es\/os-pido-que-hagais-llegar-a-todos-mi-cercania\/#breadcrumb\"},\"inLanguage\":\"gl-ES\",\"potentialAction\":[{\"@type\":\"ReadAction\",\"target\":[\"https:\/\/focolares.es\/os-pido-que-hagais-llegar-a-todos-mi-cercania\/\"]}]},{\"@type\":\"ImageObject\",\"inLanguage\":\"gl-ES\",\"@id\":\"https:\/\/focolares.es\/os-pido-que-hagais-llegar-a-todos-mi-cercania\/#primaryimage\",\"url\":\"https:\/\/focolares.es\/wp-content\/uploads\/2025\/02\/foto-MK-300x185-1.jpg\",\"contentUrl\":\"https:\/\/focolares.es\/wp-content\/uploads\/2025\/02\/foto-MK-300x185-1.jpg\",\"width\":900,\"height\":556},{\"@type\":\"BreadcrumbList\",\"@id\":\"https:\/\/focolares.es\/os-pido-que-hagais-llegar-a-todos-mi-cercania\/#breadcrumb\",\"itemListElement\":[{\"@type\":\"ListItem\",\"position\":1,\"name\":\"Portada\",\"item\":\"https:\/\/focolares.es\/\"},{\"@type\":\"ListItem\",\"position\":2,\"name\":\"\u00a1Os pido que hag\u00e1is llegar a todos mi cercan\u00eda!\"}]},{\"@type\":\"WebSite\",\"@id\":\"https:\/\/focolares.es\/#website\",\"url\":\"https:\/\/focolares.es\/\",\"name\":\"Movimiento de los Focolares\",\"description\":\"\",\"publisher\":{\"@id\":\"https:\/\/focolares.es\/#organization\"},\"potentialAction\":[{\"@type\":\"SearchAction\",\"target\":{\"@type\":\"EntryPoint\",\"urlTemplate\":\"https:\/\/focolares.es\/?s={search_term_string}\"},\"query-input\":{\"@type\":\"PropertyValueSpecification\",\"valueRequired\":true,\"valueName\":\"search_term_string\"}}],\"inLanguage\":\"gl-ES\"},{\"@type\":\"Organization\",\"@id\":\"https:\/\/focolares.es\/#organization\",\"name\":\"Movimiento de los Focolares\",\"url\":\"https:\/\/focolares.es\/\",\"logo\":{\"@type\":\"ImageObject\",\"inLanguage\":\"gl-ES\",\"@id\":\"https:\/\/focolares.es\/#\/schema\/logo\/image\/\",\"url\":\"https:\/\/focolares.es\/wp-content\/uploads\/2024\/03\/Logo_focolares-1024x944-1.jpg\",\"contentUrl\":\"https:\/\/focolares.es\/wp-content\/uploads\/2024\/03\/Logo_focolares-1024x944-1.jpg\",\"width\":1024,\"height\":944,\"caption\":\"Movimiento de los Focolares\"},\"image\":{\"@id\":\"https:\/\/focolares.es\/#\/schema\/logo\/image\/\"}},{\"@type\":\"Person\",\"@id\":\"https:\/\/focolares.es\/#\/schema\/person\/460a502493de84fa7b318667e9a5c289\",\"name\":\"Sonia\",\"image\":{\"@type\":\"ImageObject\",\"inLanguage\":\"gl-ES\",\"@id\":\"https:\/\/focolares.es\/wp-content\/litespeed\/avatar\/cdad09e33a37c7312cdc76ceae4bbc88.jpg?ver=1777375640\",\"url\":\"https:\/\/focolares.es\/wp-content\/litespeed\/avatar\/cdad09e33a37c7312cdc76ceae4bbc88.jpg?ver=1777375640\",\"contentUrl\":\"https:\/\/focolares.es\/wp-content\/litespeed\/avatar\/cdad09e33a37c7312cdc76ceae4bbc88.jpg?ver=1777375640\",\"caption\":\"Sonia\"},\"url\":\"https:\/\/focolares.es\/gl\/author\/sonia\/\"}]}<\/script>\n<!-- \/ Yoast SEO plugin. -->","yoast_head_json":{"title":"P\u00eddovos que fagades co\u00f1ecer a mi\u00f1a proximidade a todos! - Focolares","description":"Margaret Karram, presidenta do Movemento dos Focolares, escr\u00edbenos para apoiarnos ante o sufrimento de tanta xente.","robots":{"index":"index","follow":"follow","max-snippet":"max-snippet:-1","max-image-preview":"max-image-preview:large","max-video-preview":"max-video-preview:-1"},"canonical":"https:\/\/focolares.es\/gl\/pidovos-que-transmitades-a-mina-proximidade-a-todos\/","og_locale":"gl_ES","og_type":"article","og_title":"\u00a1Os pido que hag\u00e1is llegar a todos mi cercan\u00eda! - Focolares","og_description":"Margaret Karram, Presidenta del Movimiento de los Focolares, nos escribe para ponerse a nuestro lado ante el sufrimiento de tantas personas.","og_url":"https:\/\/focolares.es\/gl\/pidovos-que-transmitades-a-mina-proximidade-a-todos\/","og_site_name":"Movimiento de los Focolares","article_published_time":"2024-11-06T23:59:00+00:00","article_modified_time":"2025-02-10T20:44:40+00:00","og_image":[{"width":900,"height":556,"url":"https:\/\/focolares.es\/wp-content\/uploads\/2025\/02\/foto-MK-300x185-1.jpg","type":"image\/jpeg"}],"author":"Sonia","twitter_card":"summary_large_image","twitter_misc":{"Escrito por":"Sonia","Tempo de lectura":"2 minutos"},"schema":{"@context":"https:\/\/schema.org","@graph":[{"@type":"Article","@id":"https:\/\/focolares.es\/os-pido-que-hagais-llegar-a-todos-mi-cercania\/#article","isPartOf":{"@id":"https:\/\/focolares.es\/os-pido-que-hagais-llegar-a-todos-mi-cercania\/"},"author":{"name":"Sonia","@id":"https:\/\/focolares.es\/#\/schema\/person\/460a502493de84fa7b318667e9a5c289"},"headline":"\u00a1Os pido que hag\u00e1is llegar a todos mi cercan\u00eda!","datePublished":"2024-11-06T23:59:00+00:00","dateModified":"2025-02-10T20:44:40+00:00","mainEntityOfPage":{"@id":"https:\/\/focolares.es\/os-pido-que-hagais-llegar-a-todos-mi-cercania\/"},"wordCount":207,"commentCount":0,"publisher":{"@id":"https:\/\/focolares.es\/#organization"},"image":{"@id":"https:\/\/focolares.es\/os-pido-que-hagais-llegar-a-todos-mi-cercania\/#primaryimage"},"thumbnailUrl":"https:\/\/focolares.es\/wp-content\/uploads\/2025\/02\/foto-MK-300x185-1.jpg","keywords":["Comunicado"],"articleSection":["Uncategorized"],"inLanguage":"gl-ES","potentialAction":[{"@type":"CommentAction","name":"Comment","target":["https:\/\/focolares.es\/os-pido-que-hagais-llegar-a-todos-mi-cercania\/#respond"]}]},{"@type":"WebPage","@id":"https:\/\/focolares.es\/os-pido-que-hagais-llegar-a-todos-mi-cercania\/","url":"https:\/\/focolares.es\/os-pido-que-hagais-llegar-a-todos-mi-cercania\/","name":"P\u00eddovos que fagades co\u00f1ecer a mi\u00f1a proximidade a todos! - Focolares","isPartOf":{"@id":"https:\/\/focolares.es\/#website"},"primaryImageOfPage":{"@id":"https:\/\/focolares.es\/os-pido-que-hagais-llegar-a-todos-mi-cercania\/#primaryimage"},"image":{"@id":"https:\/\/focolares.es\/os-pido-que-hagais-llegar-a-todos-mi-cercania\/#primaryimage"},"thumbnailUrl":"https:\/\/focolares.es\/wp-content\/uploads\/2025\/02\/foto-MK-300x185-1.jpg","datePublished":"2024-11-06T23:59:00+00:00","dateModified":"2025-02-10T20:44:40+00:00","description":"Margaret Karram, presidenta do Movemento dos Focolares, escr\u00edbenos para apoiarnos ante o sufrimento de tanta xente.","breadcrumb":{"@id":"https:\/\/focolares.es\/os-pido-que-hagais-llegar-a-todos-mi-cercania\/#breadcrumb"},"inLanguage":"gl-ES","potentialAction":[{"@type":"ReadAction","target":["https:\/\/focolares.es\/os-pido-que-hagais-llegar-a-todos-mi-cercania\/"]}]},{"@type":"ImageObject","inLanguage":"gl-ES","@id":"https:\/\/focolares.es\/os-pido-que-hagais-llegar-a-todos-mi-cercania\/#primaryimage","url":"https:\/\/focolares.es\/wp-content\/uploads\/2025\/02\/foto-MK-300x185-1.jpg","contentUrl":"https:\/\/focolares.es\/wp-content\/uploads\/2025\/02\/foto-MK-300x185-1.jpg","width":900,"height":556},{"@type":"BreadcrumbList","@id":"https:\/\/focolares.es\/os-pido-que-hagais-llegar-a-todos-mi-cercania\/#breadcrumb","itemListElement":[{"@type":"ListItem","position":1,"name":"Portada","item":"https:\/\/focolares.es\/"},{"@type":"ListItem","position":2,"name":"\u00a1Os pido que hag\u00e1is llegar a todos mi cercan\u00eda!"}]},{"@type":"WebSite","@id":"https:\/\/focolares.es\/#website","url":"https:\/\/focolares.es\/","name":"Movemento dos Focolares","description":"","publisher":{"@id":"https:\/\/focolares.es\/#organization"},"potentialAction":[{"@type":"SearchAction","target":{"@type":"EntryPoint","urlTemplate":"https:\/\/focolares.es\/?s={search_term_string}"},"query-input":{"@type":"PropertyValueSpecification","valueRequired":true,"valueName":"search_term_string"}}],"inLanguage":"gl-ES"},{"@type":"Organization","@id":"https:\/\/focolares.es\/#organization","name":"Movemento dos Focolares","url":"https:\/\/focolares.es\/","logo":{"@type":"ImageObject","inLanguage":"gl-ES","@id":"https:\/\/focolares.es\/#\/schema\/logo\/image\/","url":"https:\/\/focolares.es\/wp-content\/uploads\/2024\/03\/Logo_focolares-1024x944-1.jpg","contentUrl":"https:\/\/focolares.es\/wp-content\/uploads\/2024\/03\/Logo_focolares-1024x944-1.jpg","width":1024,"height":944,"caption":"Movimiento de los Focolares"},"image":{"@id":"https:\/\/focolares.es\/#\/schema\/logo\/image\/"}},{"@type":"Person","@id":"https:\/\/focolares.es\/#\/schema\/person\/460a502493de84fa7b318667e9a5c289","name":"Sonia","image":{"@type":"ImageObject","inLanguage":"gl-ES","@id":"https:\/\/focolares.es\/wp-content\/litespeed\/avatar\/cdad09e33a37c7312cdc76ceae4bbc88.jpg?ver=1777375640","url":"https:\/\/focolares.es\/wp-content\/litespeed\/avatar\/cdad09e33a37c7312cdc76ceae4bbc88.jpg?ver=1777375640","contentUrl":"https:\/\/focolares.es\/wp-content\/litespeed\/avatar\/cdad09e33a37c7312cdc76ceae4bbc88.jpg?ver=1777375640","caption":"Sonia"},"url":"https:\/\/focolares.es\/gl\/author\/sonia\/"}]}},"views":40,"_links":{"self":[{"href":"https:\/\/focolares.es\/gl\/wp-json\/wp\/v2\/posts\/14981","targetHints":{"allow":["GET"]}}],"collection":[{"href":"https:\/\/focolares.es\/gl\/wp-json\/wp\/v2\/posts"}],"about":[{"href":"https:\/\/focolares.es\/gl\/wp-json\/wp\/v2\/types\/post"}],"author":[{"embeddable":true,"href":"https:\/\/focolares.es\/gl\/wp-json\/wp\/v2\/users\/8"}],"replies":[{"embeddable":true,"href":"https:\/\/focolares.es\/gl\/wp-json\/wp\/v2\/comments?post=14981"}],"version-history":[{"count":1,"href":"https:\/\/focolares.es\/gl\/wp-json\/wp\/v2\/posts\/14981\/revisions"}],"predecessor-version":[{"id":14982,"href":"https:\/\/focolares.es\/gl\/wp-json\/wp\/v2\/posts\/14981\/revisions\/14982"}],"wp:featuredmedia":[{"embeddable":true,"href":"https:\/\/focolares.es\/gl\/wp-json\/wp\/v2\/media\/14984"}],"wp:attachment":[{"href":"https:\/\/focolares.es\/gl\/wp-json\/wp\/v2\/media?parent=14981"}],"wp:term":[{"taxonomy":"category","embeddable":true,"href":"https:\/\/focolares.es\/gl\/wp-json\/wp\/v2\/categories?post=14981"},{"taxonomy":"post_tag","embeddable":true,"href":"https:\/\/focolares.es\/gl\/wp-json\/wp\/v2\/tags?post=14981"}],"curies":[{"name":"wp","href":"https:\/\/api.w.org\/{rel}","templated":true}]}}