{"id":15109,"date":"2024-11-07T21:54:00","date_gmt":"2024-11-07T20:54:00","guid":{"rendered":"https:\/\/focolares.es\/?p=15109"},"modified":"2025-02-25T11:11:40","modified_gmt":"2025-02-25T10:11:40","slug":"dana-emerxencia-e-o-momento-do-amor-concreto","status":"publish","type":"post","link":"https:\/\/focolares.es\/gl\/emergencia-dana-es-el-momento-del-amor-concreto\/","title":{"rendered":"Emerxencia DANA: \u00c9 hora do amor concreto"},"content":{"rendered":"<h4 class=\"wp-block-heading\"><em>O Movemento dos Focolares en Espa\u00f1a, ao igual que moitas persoas e organizaci\u00f3ns, expresou desde o primeiro momento a s\u00faa profunda solidariedade con todos os afectados polo recente episodio de Depresi\u00f3n Illada de Alto Nivel (DPI), que causou graves prexu\u00edzos en diversas rexi\u00f3ns. A trav\u00e9s das nosas comunidades locais, estamos proporcionando apoio e asistencia concreta nas zonas afectadas. O noso compromiso \u00e9 estar presentes e activos, promovendo a reconstruci\u00f3n da esperanza e do tecido social.<\/em><\/h4>\n\n\n\n<p>Recentemente,&nbsp;<strong>Jos\u00e9 Luis Guinot<\/strong>&nbsp;preguntouse no&nbsp;<a href=\"https:\/\/www.ciudadnueva.com\/revistalar\/riada-en-valencia-que-podemos-hacer\" target=\"_blank\" rel=\"noreferrer noopener\">Revista LAR<\/a>&nbsp;<strong>que podemos facer nesta situaci\u00f3n:<\/strong><\/p>\n\n\n\n<blockquote class=\"wp-block-quote is-layout-flow wp-block-quote-is-layout-flow\">\n<p>&quot;Algunhas persoas preg\u00fantanse onde est\u00e1 Deus nestes tr\u00e1xicos acontecementos.&nbsp;<strong>Cada un debe revisar as s\u00faas crenzas<\/strong>&nbsp;comprender a s\u00faa presenza real en cada ser humano, en cada persoa que sofre ou morre. E a s\u00faa innegable presenza a trav\u00e9s das mans que axudan a quitar o barro, que recollen alimentos, que dan un abrazo, confort, esperanza. Hai que rezar polos que sofren, polos que te\u00f1en autoridade e por toda a sociedade, que se constr\u00fae e unida nos tempos dif\u00edciles. Pero a oraci\u00f3n debe impulsar o amor a facerse concreto,&nbsp;<strong>A fe e a esperanza s\u00f3 non son suficientes<\/strong>&quot;.<br><br>Lembremos que estamos chamados ao amor concreto.<\/p>\n<\/blockquote>\n\n\n\n<p>No mesmo sentido, o&nbsp;<em>Comisi\u00f3n de Coordinaci\u00f3n da Comunidade Local&nbsp;<\/em>dende Valencia (formada por Lourdes C, Lourdes I, Tere, Jordi e Charly) remitiunos o seguinte comunicado:<\/p>\n\n\n\n<blockquote class=\"wp-block-quote is-layout-flow wp-block-quote-is-layout-flow\">\n<p>&quot;Ola a todos!<br>Queremos agradecervos todas as vosas mostras de cari\u00f1o e apoio durante o doloroso momento que DANA nos deixou. Tantos xestos de amor xenu\u00edno son realmente conmovedores e alentadores!<br>Nos \u00faltimos d\u00edas estivemos apoiando \u00e1s persoas afectadas, pero agora a circulaci\u00f3n est\u00e1 restrinxida e tam\u00e9n \u00e9 necesario tomar precauci\u00f3ns sanitarias pola auga estancada e os restos biol\u00f3xicos de tantos d\u00edas.<br>Polo tanto, nun esforzo por ser concretos,&nbsp;<strong>Lanzamos unha campa\u00f1a de recadaci\u00f3n de fondos<\/strong>&nbsp;xunto ao&nbsp;<em>Fundaci\u00f3n Igino Giordani<\/em>, fondos que xestionaremos localmente para axudar \u00e1s v\u00edtimas. Os danos e as perdas materiais son innumerables. Os superviventes quedaron sen camas, mesas, neveiras, lavadoras, coches, material de traballo...<br>Tam\u00e9n agradecemos as vosas oraci\u00f3ns, coas que por suposto seguimos contando.<br>&quot;Na Unidade&quot;.<\/p>\n<\/blockquote>\n\n\n\n<p><strong>Tam\u00e9n entre os mozos<\/strong>&nbsp;da&nbsp;<em>Movemento<\/em>&nbsp;Desde todos os puntos do noso pa\u00eds van xurdindo iniciativas e acci\u00f3ns. Como eles mesmos sinalan:<\/p>\n\n\n\n<blockquote class=\"wp-block-quote is-layout-flow wp-block-quote-is-layout-flow\">\n<p>&quot;Nestes momentos uns cincuenta estamos a organizarnos para viaxar a Valencia esta fin de semana. Sabemos que as mensaxes que estamos recibindo son numerosas e \u00e1s veces conte\u00f1en opini\u00f3ns contraditorias. Pux\u00e9monos en contacto co C<em>Comunidade Valenciana<\/em>&nbsp;e con voluntarios que xa traballan na zona e que te\u00f1en un plan de traballo organizado, para poder garantir a nosa seguridade e a dos demais, para poder prestar unha axuda real no momento actual, sen entorpecer outros traballos ou tarefas de limpeza que realicen os servizos profesionais. (...)<\/p>\n\n\n\n<p>Esta ser\u00e1 a primeira das moitas iniciativas que tentaremos levar a cabo nos pr\u00f3ximos meses\u201d.<\/p>\n\n\n\n<hr class=\"wp-block-separator has-alpha-channel-opacity\"\/>\n<\/blockquote>\n\n\n\n<p><em>No Movemento dos Focolares a axuda estase a canalizar a trav\u00e9s do&nbsp;<a href=\"https:\/\/fundaciongiordani.org\/proyectos\/emergencia-dana-en-espana\/\" target=\"_blank\" rel=\"noreferrer noopener\">Fundaci\u00f3n Igino Giordani<\/a><\/em><\/p>\n\n\n\n<p><em>CaixaBank: ES65 2100 5615 7902 0005 6937<\/em><\/p>\n\n\n\n<p><em>Titular: Fundaci\u00f3n Igino Giordani<\/em><\/p>\n\n\n\n<p><em>Concepto: Emerxencia DANA Espa\u00f1a<\/em><\/p>\n\n\n\n<p><em>Se desexa solicitar deduci\u00f3ns fiscais pola s\u00faa doaz\u00f3n, env\u00ede a s\u00faa informaci\u00f3n fiscal a&nbsp;<a href=\"mailto:info@fundaciongiordani.org\">info@fundaciongiordani.org<\/a>.<\/em><\/p>\n\n\n\n<p><\/p>","protected":false},"excerpt":{"rendered":"<p>Presentaci\u00f3n dalgunhas das iniciativas e acci\u00f3ns relacionadas coa emerxencia DANA.<\/p>","protected":false},"author":8,"featured_media":15119,"comment_status":"open","ping_status":"closed","sticky":false,"template":"","format":"standard","meta":{"_price":"","_stock":"","_tribe_ticket_header":"","_tribe_default_ticket_provider":"","_tribe_ticket_capacity":"0","_ticket_start_date":"","_ticket_end_date":"","_tribe_ticket_show_description":"","_tribe_ticket_show_not_going":false,"_tribe_ticket_use_global_stock":"","_tribe_ticket_global_stock_level":"","_global_stock_mode":"","_global_stock_cap":"","_tribe_rsvp_for_event":"","_tribe_ticket_going_count":"","_tribe_ticket_not_going_count":"","_tribe_tickets_list":"[]","_tribe_ticket_has_attendee_info_fields":false,"footnotes":""},"categories":[1],"tags":[40],"class_list":["post-15109","post","type-post","status-publish","format-standard","has-post-thumbnail","hentry","category-uncategorized","tag-dialogo-y-fraternidad"],"yoast_head":"<!-- This site is optimized with the Yoast SEO plugin v27.2 - https:\/\/yoast.com\/product\/yoast-seo-wordpress\/ -->\n<title>Emergencia DANA: es el momento del amor concreto - Focolares<\/title>\n<meta name=\"description\" content=\"Presentaci\u00f3n de algunas de las iniciativas y acciones relacionadas con la emergencia DANA.\" \/>\n<meta name=\"robots\" content=\"index, follow, max-snippet:-1, max-image-preview:large, max-video-preview:-1\" \/>\n<link rel=\"canonical\" href=\"https:\/\/focolares.es\/gl\/dana-emerxencia-e-o-momento-do-amor-concreto\/\" \/>\n<meta property=\"og:locale\" content=\"gl_ES\" \/>\n<meta property=\"og:type\" content=\"article\" \/>\n<meta property=\"og:title\" content=\"Emergencia DANA: es el momento del amor concreto - Focolares\" \/>\n<meta property=\"og:description\" content=\"Presentaci\u00f3n de algunas de las iniciativas y acciones relacionadas con la emergencia DANA.\" \/>\n<meta property=\"og:url\" content=\"https:\/\/focolares.es\/gl\/dana-emerxencia-e-o-momento-do-amor-concreto\/\" \/>\n<meta property=\"og:site_name\" content=\"Movimiento de los Focolares\" \/>\n<meta property=\"article:published_time\" content=\"2024-11-07T20:54:00+00:00\" \/>\n<meta property=\"article:modified_time\" content=\"2025-02-25T10:11:40+00:00\" \/>\n<meta property=\"og:image\" content=\"https:\/\/focolares.es\/wp-content\/uploads\/2024\/11\/IMG-DESTACADA-Emergencia-DANA-06-11-2024-300x198-1.jpeg\" \/>\n\t<meta property=\"og:image:width\" content=\"300\" \/>\n\t<meta property=\"og:image:height\" content=\"198\" \/>\n\t<meta property=\"og:image:type\" content=\"image\/jpeg\" \/>\n<meta name=\"author\" content=\"Sonia\" \/>\n<meta name=\"twitter:card\" content=\"summary_large_image\" \/>\n<meta name=\"twitter:label1\" content=\"Escrito por\" \/>\n\t<meta name=\"twitter:data1\" content=\"Sonia\" \/>\n\t<meta name=\"twitter:label2\" content=\"Tempo de lectura\" \/>\n\t<meta name=\"twitter:data2\" content=\"2 minutos\" \/>\n<script type=\"application\/ld+json\" class=\"yoast-schema-graph\">{\"@context\":\"https:\/\/schema.org\",\"@graph\":[{\"@type\":\"Article\",\"@id\":\"https:\/\/focolares.es\/emergencia-dana-es-el-momento-del-amor-concreto\/#article\",\"isPartOf\":{\"@id\":\"https:\/\/focolares.es\/emergencia-dana-es-el-momento-del-amor-concreto\/\"},\"author\":{\"name\":\"Sonia\",\"@id\":\"https:\/\/focolares.es\/#\/schema\/person\/460a502493de84fa7b318667e9a5c289\"},\"headline\":\"Emergencia DANA: es el momento del amor concreto\",\"datePublished\":\"2024-11-07T20:54:00+00:00\",\"dateModified\":\"2025-02-25T10:11:40+00:00\",\"mainEntityOfPage\":{\"@id\":\"https:\/\/focolares.es\/emergencia-dana-es-el-momento-del-amor-concreto\/\"},\"wordCount\":618,\"commentCount\":0,\"publisher\":{\"@id\":\"https:\/\/focolares.es\/#organization\"},\"image\":{\"@id\":\"https:\/\/focolares.es\/emergencia-dana-es-el-momento-del-amor-concreto\/#primaryimage\"},\"thumbnailUrl\":\"https:\/\/focolares.es\/wp-content\/uploads\/2024\/11\/IMG-DESTACADA-Emergencia-DANA-06-11-2024-300x198-1.jpeg\",\"keywords\":[\"Di\u00e1logo y fraternidad\"],\"articleSection\":[\"Uncategorized\"],\"inLanguage\":\"gl-ES\",\"potentialAction\":[{\"@type\":\"CommentAction\",\"name\":\"Comment\",\"target\":[\"https:\/\/focolares.es\/emergencia-dana-es-el-momento-del-amor-concreto\/#respond\"]}]},{\"@type\":\"WebPage\",\"@id\":\"https:\/\/focolares.es\/emergencia-dana-es-el-momento-del-amor-concreto\/\",\"url\":\"https:\/\/focolares.es\/emergencia-dana-es-el-momento-del-amor-concreto\/\",\"name\":\"Emergencia DANA: es el momento del amor concreto - Focolares\",\"isPartOf\":{\"@id\":\"https:\/\/focolares.es\/#website\"},\"primaryImageOfPage\":{\"@id\":\"https:\/\/focolares.es\/emergencia-dana-es-el-momento-del-amor-concreto\/#primaryimage\"},\"image\":{\"@id\":\"https:\/\/focolares.es\/emergencia-dana-es-el-momento-del-amor-concreto\/#primaryimage\"},\"thumbnailUrl\":\"https:\/\/focolares.es\/wp-content\/uploads\/2024\/11\/IMG-DESTACADA-Emergencia-DANA-06-11-2024-300x198-1.jpeg\",\"datePublished\":\"2024-11-07T20:54:00+00:00\",\"dateModified\":\"2025-02-25T10:11:40+00:00\",\"description\":\"Presentaci\u00f3n de algunas de las iniciativas y acciones relacionadas con la emergencia DANA.\",\"breadcrumb\":{\"@id\":\"https:\/\/focolares.es\/emergencia-dana-es-el-momento-del-amor-concreto\/#breadcrumb\"},\"inLanguage\":\"gl-ES\",\"potentialAction\":[{\"@type\":\"ReadAction\",\"target\":[\"https:\/\/focolares.es\/emergencia-dana-es-el-momento-del-amor-concreto\/\"]}]},{\"@type\":\"ImageObject\",\"inLanguage\":\"gl-ES\",\"@id\":\"https:\/\/focolares.es\/emergencia-dana-es-el-momento-del-amor-concreto\/#primaryimage\",\"url\":\"https:\/\/focolares.es\/wp-content\/uploads\/2024\/11\/IMG-DESTACADA-Emergencia-DANA-06-11-2024-300x198-1.jpeg\",\"contentUrl\":\"https:\/\/focolares.es\/wp-content\/uploads\/2024\/11\/IMG-DESTACADA-Emergencia-DANA-06-11-2024-300x198-1.jpeg\",\"width\":300,\"height\":198},{\"@type\":\"BreadcrumbList\",\"@id\":\"https:\/\/focolares.es\/emergencia-dana-es-el-momento-del-amor-concreto\/#breadcrumb\",\"itemListElement\":[{\"@type\":\"ListItem\",\"position\":1,\"name\":\"Portada\",\"item\":\"https:\/\/focolares.es\/\"},{\"@type\":\"ListItem\",\"position\":2,\"name\":\"Emergencia DANA: es el momento del amor concreto\"}]},{\"@type\":\"WebSite\",\"@id\":\"https:\/\/focolares.es\/#website\",\"url\":\"https:\/\/focolares.es\/\",\"name\":\"Movimiento de los Focolares\",\"description\":\"\",\"publisher\":{\"@id\":\"https:\/\/focolares.es\/#organization\"},\"potentialAction\":[{\"@type\":\"SearchAction\",\"target\":{\"@type\":\"EntryPoint\",\"urlTemplate\":\"https:\/\/focolares.es\/?s={search_term_string}\"},\"query-input\":{\"@type\":\"PropertyValueSpecification\",\"valueRequired\":true,\"valueName\":\"search_term_string\"}}],\"inLanguage\":\"gl-ES\"},{\"@type\":\"Organization\",\"@id\":\"https:\/\/focolares.es\/#organization\",\"name\":\"Movimiento de los Focolares\",\"url\":\"https:\/\/focolares.es\/\",\"logo\":{\"@type\":\"ImageObject\",\"inLanguage\":\"gl-ES\",\"@id\":\"https:\/\/focolares.es\/#\/schema\/logo\/image\/\",\"url\":\"https:\/\/focolares.es\/wp-content\/uploads\/2024\/03\/Logo_focolares-1024x944-1.jpg\",\"contentUrl\":\"https:\/\/focolares.es\/wp-content\/uploads\/2024\/03\/Logo_focolares-1024x944-1.jpg\",\"width\":1024,\"height\":944,\"caption\":\"Movimiento de los Focolares\"},\"image\":{\"@id\":\"https:\/\/focolares.es\/#\/schema\/logo\/image\/\"}},{\"@type\":\"Person\",\"@id\":\"https:\/\/focolares.es\/#\/schema\/person\/460a502493de84fa7b318667e9a5c289\",\"name\":\"Sonia\",\"image\":{\"@type\":\"ImageObject\",\"inLanguage\":\"gl-ES\",\"@id\":\"https:\/\/focolares.es\/wp-content\/litespeed\/avatar\/cdad09e33a37c7312cdc76ceae4bbc88.jpg?ver=1777375640\",\"url\":\"https:\/\/focolares.es\/wp-content\/litespeed\/avatar\/cdad09e33a37c7312cdc76ceae4bbc88.jpg?ver=1777375640\",\"contentUrl\":\"https:\/\/focolares.es\/wp-content\/litespeed\/avatar\/cdad09e33a37c7312cdc76ceae4bbc88.jpg?ver=1777375640\",\"caption\":\"Sonia\"},\"url\":\"https:\/\/focolares.es\/gl\/author\/sonia\/\"}]}<\/script>\n<!-- \/ Yoast SEO plugin. -->","yoast_head_json":{"title":"Emerxencia DANA: \u00e9 hora do amor concreto - Focolare","description":"Presentaci\u00f3n dalgunhas das iniciativas e acci\u00f3ns relacionadas coa emerxencia DANA.","robots":{"index":"index","follow":"follow","max-snippet":"max-snippet:-1","max-image-preview":"max-image-preview:large","max-video-preview":"max-video-preview:-1"},"canonical":"https:\/\/focolares.es\/gl\/dana-emerxencia-e-o-momento-do-amor-concreto\/","og_locale":"gl_ES","og_type":"article","og_title":"Emergencia DANA: es el momento del amor concreto - Focolares","og_description":"Presentaci\u00f3n de algunas de las iniciativas y acciones relacionadas con la emergencia DANA.","og_url":"https:\/\/focolares.es\/gl\/dana-emerxencia-e-o-momento-do-amor-concreto\/","og_site_name":"Movimiento de los Focolares","article_published_time":"2024-11-07T20:54:00+00:00","article_modified_time":"2025-02-25T10:11:40+00:00","og_image":[{"width":300,"height":198,"url":"https:\/\/focolares.es\/wp-content\/uploads\/2024\/11\/IMG-DESTACADA-Emergencia-DANA-06-11-2024-300x198-1.jpeg","type":"image\/jpeg"}],"author":"Sonia","twitter_card":"summary_large_image","twitter_misc":{"Escrito por":"Sonia","Tempo de lectura":"2 minutos"},"schema":{"@context":"https:\/\/schema.org","@graph":[{"@type":"Article","@id":"https:\/\/focolares.es\/emergencia-dana-es-el-momento-del-amor-concreto\/#article","isPartOf":{"@id":"https:\/\/focolares.es\/emergencia-dana-es-el-momento-del-amor-concreto\/"},"author":{"name":"Sonia","@id":"https:\/\/focolares.es\/#\/schema\/person\/460a502493de84fa7b318667e9a5c289"},"headline":"Emergencia DANA: es el momento del amor concreto","datePublished":"2024-11-07T20:54:00+00:00","dateModified":"2025-02-25T10:11:40+00:00","mainEntityOfPage":{"@id":"https:\/\/focolares.es\/emergencia-dana-es-el-momento-del-amor-concreto\/"},"wordCount":618,"commentCount":0,"publisher":{"@id":"https:\/\/focolares.es\/#organization"},"image":{"@id":"https:\/\/focolares.es\/emergencia-dana-es-el-momento-del-amor-concreto\/#primaryimage"},"thumbnailUrl":"https:\/\/focolares.es\/wp-content\/uploads\/2024\/11\/IMG-DESTACADA-Emergencia-DANA-06-11-2024-300x198-1.jpeg","keywords":["Di\u00e1logo y fraternidad"],"articleSection":["Uncategorized"],"inLanguage":"gl-ES","potentialAction":[{"@type":"CommentAction","name":"Comment","target":["https:\/\/focolares.es\/emergencia-dana-es-el-momento-del-amor-concreto\/#respond"]}]},{"@type":"WebPage","@id":"https:\/\/focolares.es\/emergencia-dana-es-el-momento-del-amor-concreto\/","url":"https:\/\/focolares.es\/emergencia-dana-es-el-momento-del-amor-concreto\/","name":"Emerxencia DANA: \u00e9 hora do amor concreto - Focolare","isPartOf":{"@id":"https:\/\/focolares.es\/#website"},"primaryImageOfPage":{"@id":"https:\/\/focolares.es\/emergencia-dana-es-el-momento-del-amor-concreto\/#primaryimage"},"image":{"@id":"https:\/\/focolares.es\/emergencia-dana-es-el-momento-del-amor-concreto\/#primaryimage"},"thumbnailUrl":"https:\/\/focolares.es\/wp-content\/uploads\/2024\/11\/IMG-DESTACADA-Emergencia-DANA-06-11-2024-300x198-1.jpeg","datePublished":"2024-11-07T20:54:00+00:00","dateModified":"2025-02-25T10:11:40+00:00","description":"Presentaci\u00f3n dalgunhas das iniciativas e acci\u00f3ns relacionadas coa emerxencia DANA.","breadcrumb":{"@id":"https:\/\/focolares.es\/emergencia-dana-es-el-momento-del-amor-concreto\/#breadcrumb"},"inLanguage":"gl-ES","potentialAction":[{"@type":"ReadAction","target":["https:\/\/focolares.es\/emergencia-dana-es-el-momento-del-amor-concreto\/"]}]},{"@type":"ImageObject","inLanguage":"gl-ES","@id":"https:\/\/focolares.es\/emergencia-dana-es-el-momento-del-amor-concreto\/#primaryimage","url":"https:\/\/focolares.es\/wp-content\/uploads\/2024\/11\/IMG-DESTACADA-Emergencia-DANA-06-11-2024-300x198-1.jpeg","contentUrl":"https:\/\/focolares.es\/wp-content\/uploads\/2024\/11\/IMG-DESTACADA-Emergencia-DANA-06-11-2024-300x198-1.jpeg","width":300,"height":198},{"@type":"BreadcrumbList","@id":"https:\/\/focolares.es\/emergencia-dana-es-el-momento-del-amor-concreto\/#breadcrumb","itemListElement":[{"@type":"ListItem","position":1,"name":"Portada","item":"https:\/\/focolares.es\/"},{"@type":"ListItem","position":2,"name":"Emergencia DANA: es el momento del amor concreto"}]},{"@type":"WebSite","@id":"https:\/\/focolares.es\/#website","url":"https:\/\/focolares.es\/","name":"Movemento dos Focolares","description":"","publisher":{"@id":"https:\/\/focolares.es\/#organization"},"potentialAction":[{"@type":"SearchAction","target":{"@type":"EntryPoint","urlTemplate":"https:\/\/focolares.es\/?s={search_term_string}"},"query-input":{"@type":"PropertyValueSpecification","valueRequired":true,"valueName":"search_term_string"}}],"inLanguage":"gl-ES"},{"@type":"Organization","@id":"https:\/\/focolares.es\/#organization","name":"Movemento dos Focolares","url":"https:\/\/focolares.es\/","logo":{"@type":"ImageObject","inLanguage":"gl-ES","@id":"https:\/\/focolares.es\/#\/schema\/logo\/image\/","url":"https:\/\/focolares.es\/wp-content\/uploads\/2024\/03\/Logo_focolares-1024x944-1.jpg","contentUrl":"https:\/\/focolares.es\/wp-content\/uploads\/2024\/03\/Logo_focolares-1024x944-1.jpg","width":1024,"height":944,"caption":"Movimiento de los Focolares"},"image":{"@id":"https:\/\/focolares.es\/#\/schema\/logo\/image\/"}},{"@type":"Person","@id":"https:\/\/focolares.es\/#\/schema\/person\/460a502493de84fa7b318667e9a5c289","name":"Sonia","image":{"@type":"ImageObject","inLanguage":"gl-ES","@id":"https:\/\/focolares.es\/wp-content\/litespeed\/avatar\/cdad09e33a37c7312cdc76ceae4bbc88.jpg?ver=1777375640","url":"https:\/\/focolares.es\/wp-content\/litespeed\/avatar\/cdad09e33a37c7312cdc76ceae4bbc88.jpg?ver=1777375640","contentUrl":"https:\/\/focolares.es\/wp-content\/litespeed\/avatar\/cdad09e33a37c7312cdc76ceae4bbc88.jpg?ver=1777375640","caption":"Sonia"},"url":"https:\/\/focolares.es\/gl\/author\/sonia\/"}]}},"views":32,"_links":{"self":[{"href":"https:\/\/focolares.es\/gl\/wp-json\/wp\/v2\/posts\/15109","targetHints":{"allow":["GET"]}}],"collection":[{"href":"https:\/\/focolares.es\/gl\/wp-json\/wp\/v2\/posts"}],"about":[{"href":"https:\/\/focolares.es\/gl\/wp-json\/wp\/v2\/types\/post"}],"author":[{"embeddable":true,"href":"https:\/\/focolares.es\/gl\/wp-json\/wp\/v2\/users\/8"}],"replies":[{"embeddable":true,"href":"https:\/\/focolares.es\/gl\/wp-json\/wp\/v2\/comments?post=15109"}],"version-history":[{"count":6,"href":"https:\/\/focolares.es\/gl\/wp-json\/wp\/v2\/posts\/15109\/revisions"}],"predecessor-version":[{"id":15316,"href":"https:\/\/focolares.es\/gl\/wp-json\/wp\/v2\/posts\/15109\/revisions\/15316"}],"wp:featuredmedia":[{"embeddable":true,"href":"https:\/\/focolares.es\/gl\/wp-json\/wp\/v2\/media\/15119"}],"wp:attachment":[{"href":"https:\/\/focolares.es\/gl\/wp-json\/wp\/v2\/media?parent=15109"}],"wp:term":[{"taxonomy":"category","embeddable":true,"href":"https:\/\/focolares.es\/gl\/wp-json\/wp\/v2\/categories?post=15109"},{"taxonomy":"post_tag","embeddable":true,"href":"https:\/\/focolares.es\/gl\/wp-json\/wp\/v2\/tags?post=15109"}],"curies":[{"name":"wp","href":"https:\/\/api.w.org\/{rel}","templated":true}]}}