{"id":15821,"date":"2025-04-07T16:20:29","date_gmt":"2025-04-07T14:20:29","guid":{"rendered":"https:\/\/focolares.es\/?p=15821"},"modified":"2025-04-10T22:24:34","modified_gmt":"2025-04-10T20:24:34","slug":"entrevista-a-fernando-rico","status":"publish","type":"post","link":"https:\/\/focolares.es\/gl\/entrevista-a-fernando-rico\/","title":{"rendered":"Fernando Rico, en misi\u00f3n en \u00c1frica"},"content":{"rendered":"<h4 class=\"wp-block-heading\">Fernando Rico, m\u00e9dico e consagrado do Movemento dos Focolares, def\u00ednese como \u201cbranco por f\u00f3ra e negro por dentro\u201d. E non pode ser doutro xeito despois de case 20 anos vivindo en varios pa\u00edses africanos.<\/h4>\n\n\n\n<figure class=\"wp-block-image size-large\"><img fetchpriority=\"high\" decoding=\"async\" width=\"1024\" height=\"576\" src=\"https:\/\/focolares.es\/wp-content\/uploads\/2025\/04\/DEST-TEST-Fernabnado_RIco_2025-1024x576.jpg\" alt=\"\" class=\"wp-image-15833\" srcset=\"https:\/\/focolares.es\/wp-content\/uploads\/2025\/04\/DEST-TEST-Fernabnado_RIco_2025-1024x576.jpg 1024w, https:\/\/focolares.es\/wp-content\/uploads\/2025\/04\/DEST-TEST-Fernabnado_RIco_2025-300x169.jpg 300w, https:\/\/focolares.es\/wp-content\/uploads\/2025\/04\/DEST-TEST-Fernabnado_RIco_2025-768x432.jpg 768w, https:\/\/focolares.es\/wp-content\/uploads\/2025\/04\/DEST-TEST-Fernabnado_RIco_2025-18x10.jpg 18w, https:\/\/focolares.es\/wp-content\/uploads\/2025\/04\/DEST-TEST-Fernabnado_RIco_2025.jpg 1280w\" sizes=\"(max-width: 1024px) 100vw, 1024px\" \/><\/figure>\n\n\n\n<p><a href=\"https:\/\/www.canalsurmas.es\/videos\/category\/5508-testigos-hoy\" target=\"_blank\" rel=\"noreferrer noopener\">Testemu\u00f1as de hoxe<\/a> (Canal Sur) entrevistouno recentemente. Durante o programa, Fernando conta o motivo que o levou \u00e1 misi\u00f3n e todo o que aprendeu ao longo destes anos.<\/p>\n\n\n\n<blockquote class=\"wp-block-quote is-layout-flow wp-block-quote-is-layout-flow\">\n<p><em>&quot;A vida est\u00e1 chea de sorpresas. \u00c1s veces te casas e non sabes o que te vas atopar. \u00c1s veces tes un bo traballo e nese traballo vaias mellor ou peor. Eu fixera a tese de doutoramento. Fixen un m\u00e1ster en medicina tropical en Londres prepar\u00e1ndome para ir e despois recordo que cheguei a Camer\u00fan...&quot;.<\/em><\/p>\n<\/blockquote>\n\n\n\n<p>O <a href=\"https:\/\/www.canalsurmas.es\/videos\/229839-testigos-hoy-i-semestre-2025-23032025\" target=\"_blank\" rel=\"noreferrer noopener\">entrevista a Fernando Rico<\/a> Comeza despois do resumo, no minuto 1 e 10 segundos.<\/p>\n\n\n\n<p><\/p>","protected":false},"excerpt":{"rendered":"<p>Fernando Rico, m\u00e9dico e consagrado do Movemento dos Focolares, def\u00ednese como \u201cbranco por f\u00f3ra e negro por dentro\u201d. <\/p>","protected":false},"author":8,"featured_media":15833,"comment_status":"open","ping_status":"closed","sticky":false,"template":"","format":"standard","meta":{"_price":"","_stock":"","_tribe_ticket_header":"","_tribe_default_ticket_provider":"","_tribe_ticket_capacity":"0","_ticket_start_date":"","_ticket_end_date":"","_tribe_ticket_show_description":"","_tribe_ticket_show_not_going":false,"_tribe_ticket_use_global_stock":"","_tribe_ticket_global_stock_level":"","_global_stock_mode":"","_global_stock_cap":"","_tribe_rsvp_for_event":"","_tribe_ticket_going_count":"","_tribe_ticket_not_going_count":"","_tribe_tickets_list":"[]","_tribe_ticket_has_attendee_info_fields":false,"footnotes":""},"categories":[1],"tags":[54],"class_list":["post-15821","post","type-post","status-publish","format-standard","has-post-thumbnail","hentry","category-uncategorized","tag-testimonio"],"yoast_head":"<!-- This site is optimized with the Yoast SEO plugin v27.2 - https:\/\/yoast.com\/product\/yoast-seo-wordpress\/ -->\n<title>Entrevista a Fernando Rico - Movimiento de los Focolares<\/title>\n<meta name=\"description\" content=\"Testimonio de Fernando Rico, focolarino y m\u00e9dico de los Focolares, se define \u201cblanco por fuera y negro por dentro\u201d. \u00c1frica\" \/>\n<meta name=\"robots\" content=\"index, follow, max-snippet:-1, max-image-preview:large, max-video-preview:-1\" \/>\n<link rel=\"canonical\" href=\"https:\/\/focolares.es\/gl\/entrevista-a-fernando-rico\/\" \/>\n<meta property=\"og:locale\" content=\"gl_ES\" \/>\n<meta property=\"og:type\" content=\"article\" \/>\n<meta property=\"og:title\" content=\"Entrevista a Fernando Rico - Movimiento de los Focolares\" \/>\n<meta property=\"og:description\" content=\"Testimonio de Fernando Rico, focolarino y m\u00e9dico de los Focolares, se define \u201cblanco por fuera y negro por dentro\u201d. \u00c1frica\" \/>\n<meta property=\"og:url\" content=\"https:\/\/focolares.es\/gl\/entrevista-a-fernando-rico\/\" \/>\n<meta property=\"og:site_name\" content=\"Movimiento de los Focolares\" \/>\n<meta property=\"article:published_time\" content=\"2025-04-07T14:20:29+00:00\" \/>\n<meta property=\"article:modified_time\" content=\"2025-04-10T20:24:34+00:00\" \/>\n<meta property=\"og:image\" content=\"https:\/\/focolares.es\/wp-content\/uploads\/2025\/04\/DEST-TEST-Fernabnado_RIco_2025.jpg\" \/>\n\t<meta property=\"og:image:width\" content=\"1280\" \/>\n\t<meta property=\"og:image:height\" content=\"720\" \/>\n\t<meta property=\"og:image:type\" content=\"image\/jpeg\" \/>\n<meta name=\"author\" content=\"Sonia\" \/>\n<meta name=\"twitter:card\" content=\"summary_large_image\" \/>\n<meta name=\"twitter:label1\" content=\"Escrito por\" \/>\n\t<meta name=\"twitter:data1\" content=\"Sonia\" \/>\n\t<meta name=\"twitter:label2\" content=\"Tempo de lectura\" \/>\n\t<meta name=\"twitter:data2\" content=\"1 minuto\" \/>\n<script type=\"application\/ld+json\" class=\"yoast-schema-graph\">{\"@context\":\"https:\/\/schema.org\",\"@graph\":[{\"@type\":\"Article\",\"@id\":\"https:\/\/focolares.es\/entrevista-a-fernando-rico\/#article\",\"isPartOf\":{\"@id\":\"https:\/\/focolares.es\/entrevista-a-fernando-rico\/\"},\"author\":{\"name\":\"Sonia\",\"@id\":\"https:\/\/focolares.es\/#\/schema\/person\/460a502493de84fa7b318667e9a5c289\"},\"headline\":\"Fernando Rico, de misi\u00f3n en \u00c1frica\",\"datePublished\":\"2025-04-07T14:20:29+00:00\",\"dateModified\":\"2025-04-10T20:24:34+00:00\",\"mainEntityOfPage\":{\"@id\":\"https:\/\/focolares.es\/entrevista-a-fernando-rico\/\"},\"wordCount\":160,\"commentCount\":0,\"publisher\":{\"@id\":\"https:\/\/focolares.es\/#organization\"},\"image\":{\"@id\":\"https:\/\/focolares.es\/entrevista-a-fernando-rico\/#primaryimage\"},\"thumbnailUrl\":\"https:\/\/focolares.es\/wp-content\/uploads\/2025\/04\/DEST-TEST-Fernabnado_RIco_2025.jpg\",\"keywords\":[\"Testimonio\"],\"articleSection\":[\"Uncategorized\"],\"inLanguage\":\"gl-ES\",\"potentialAction\":[{\"@type\":\"CommentAction\",\"name\":\"Comment\",\"target\":[\"https:\/\/focolares.es\/entrevista-a-fernando-rico\/#respond\"]}]},{\"@type\":\"WebPage\",\"@id\":\"https:\/\/focolares.es\/entrevista-a-fernando-rico\/\",\"url\":\"https:\/\/focolares.es\/entrevista-a-fernando-rico\/\",\"name\":\"Entrevista a Fernando Rico - Movimiento de los Focolares\",\"isPartOf\":{\"@id\":\"https:\/\/focolares.es\/#website\"},\"primaryImageOfPage\":{\"@id\":\"https:\/\/focolares.es\/entrevista-a-fernando-rico\/#primaryimage\"},\"image\":{\"@id\":\"https:\/\/focolares.es\/entrevista-a-fernando-rico\/#primaryimage\"},\"thumbnailUrl\":\"https:\/\/focolares.es\/wp-content\/uploads\/2025\/04\/DEST-TEST-Fernabnado_RIco_2025.jpg\",\"datePublished\":\"2025-04-07T14:20:29+00:00\",\"dateModified\":\"2025-04-10T20:24:34+00:00\",\"description\":\"Testimonio de Fernando Rico, focolarino y m\u00e9dico de los Focolares, se define \u201cblanco por fuera y negro por dentro\u201d. \u00c1frica\",\"breadcrumb\":{\"@id\":\"https:\/\/focolares.es\/entrevista-a-fernando-rico\/#breadcrumb\"},\"inLanguage\":\"gl-ES\",\"potentialAction\":[{\"@type\":\"ReadAction\",\"target\":[\"https:\/\/focolares.es\/entrevista-a-fernando-rico\/\"]}]},{\"@type\":\"ImageObject\",\"inLanguage\":\"gl-ES\",\"@id\":\"https:\/\/focolares.es\/entrevista-a-fernando-rico\/#primaryimage\",\"url\":\"https:\/\/focolares.es\/wp-content\/uploads\/2025\/04\/DEST-TEST-Fernabnado_RIco_2025.jpg\",\"contentUrl\":\"https:\/\/focolares.es\/wp-content\/uploads\/2025\/04\/DEST-TEST-Fernabnado_RIco_2025.jpg\",\"width\":1280,\"height\":720},{\"@type\":\"BreadcrumbList\",\"@id\":\"https:\/\/focolares.es\/entrevista-a-fernando-rico\/#breadcrumb\",\"itemListElement\":[{\"@type\":\"ListItem\",\"position\":1,\"name\":\"Portada\",\"item\":\"https:\/\/focolares.es\/\"},{\"@type\":\"ListItem\",\"position\":2,\"name\":\"Fernando Rico, de misi\u00f3n en \u00c1frica\"}]},{\"@type\":\"WebSite\",\"@id\":\"https:\/\/focolares.es\/#website\",\"url\":\"https:\/\/focolares.es\/\",\"name\":\"Movimiento de los Focolares\",\"description\":\"\",\"publisher\":{\"@id\":\"https:\/\/focolares.es\/#organization\"},\"potentialAction\":[{\"@type\":\"SearchAction\",\"target\":{\"@type\":\"EntryPoint\",\"urlTemplate\":\"https:\/\/focolares.es\/?s={search_term_string}\"},\"query-input\":{\"@type\":\"PropertyValueSpecification\",\"valueRequired\":true,\"valueName\":\"search_term_string\"}}],\"inLanguage\":\"gl-ES\"},{\"@type\":\"Organization\",\"@id\":\"https:\/\/focolares.es\/#organization\",\"name\":\"Movimiento de los Focolares\",\"url\":\"https:\/\/focolares.es\/\",\"logo\":{\"@type\":\"ImageObject\",\"inLanguage\":\"gl-ES\",\"@id\":\"https:\/\/focolares.es\/#\/schema\/logo\/image\/\",\"url\":\"https:\/\/focolares.es\/wp-content\/uploads\/2024\/03\/Logo_focolares-1024x944-1.jpg\",\"contentUrl\":\"https:\/\/focolares.es\/wp-content\/uploads\/2024\/03\/Logo_focolares-1024x944-1.jpg\",\"width\":1024,\"height\":944,\"caption\":\"Movimiento de los Focolares\"},\"image\":{\"@id\":\"https:\/\/focolares.es\/#\/schema\/logo\/image\/\"}},{\"@type\":\"Person\",\"@id\":\"https:\/\/focolares.es\/#\/schema\/person\/460a502493de84fa7b318667e9a5c289\",\"name\":\"Sonia\",\"image\":{\"@type\":\"ImageObject\",\"inLanguage\":\"gl-ES\",\"@id\":\"https:\/\/focolares.es\/wp-content\/litespeed\/avatar\/cdad09e33a37c7312cdc76ceae4bbc88.jpg?ver=1777375640\",\"url\":\"https:\/\/focolares.es\/wp-content\/litespeed\/avatar\/cdad09e33a37c7312cdc76ceae4bbc88.jpg?ver=1777375640\",\"contentUrl\":\"https:\/\/focolares.es\/wp-content\/litespeed\/avatar\/cdad09e33a37c7312cdc76ceae4bbc88.jpg?ver=1777375640\",\"caption\":\"Sonia\"},\"url\":\"https:\/\/focolares.es\/gl\/author\/sonia\/\"}]}<\/script>\n<!-- \/ Yoast SEO plugin. -->","yoast_head_json":{"title":"Entrevista a Fernando Rico - Movemento dos Focolares","description":"Testemu\u00f1o de Fernando Rico, focolare e m\u00e9dico dos focolares, def\u00ednese como \u201cbranco por f\u00f3ra e negro por dentro\u201d. \u00c1frica","robots":{"index":"index","follow":"follow","max-snippet":"max-snippet:-1","max-image-preview":"max-image-preview:large","max-video-preview":"max-video-preview:-1"},"canonical":"https:\/\/focolares.es\/gl\/entrevista-a-fernando-rico\/","og_locale":"gl_ES","og_type":"article","og_title":"Entrevista a Fernando Rico - Movimiento de los Focolares","og_description":"Testimonio de Fernando Rico, focolarino y m\u00e9dico de los Focolares, se define \u201cblanco por fuera y negro por dentro\u201d. \u00c1frica","og_url":"https:\/\/focolares.es\/gl\/entrevista-a-fernando-rico\/","og_site_name":"Movimiento de los Focolares","article_published_time":"2025-04-07T14:20:29+00:00","article_modified_time":"2025-04-10T20:24:34+00:00","og_image":[{"width":1280,"height":720,"url":"https:\/\/focolares.es\/wp-content\/uploads\/2025\/04\/DEST-TEST-Fernabnado_RIco_2025.jpg","type":"image\/jpeg"}],"author":"Sonia","twitter_card":"summary_large_image","twitter_misc":{"Escrito por":"Sonia","Tempo de lectura":"1 minuto"},"schema":{"@context":"https:\/\/schema.org","@graph":[{"@type":"Article","@id":"https:\/\/focolares.es\/entrevista-a-fernando-rico\/#article","isPartOf":{"@id":"https:\/\/focolares.es\/entrevista-a-fernando-rico\/"},"author":{"name":"Sonia","@id":"https:\/\/focolares.es\/#\/schema\/person\/460a502493de84fa7b318667e9a5c289"},"headline":"Fernando Rico, de misi\u00f3n en \u00c1frica","datePublished":"2025-04-07T14:20:29+00:00","dateModified":"2025-04-10T20:24:34+00:00","mainEntityOfPage":{"@id":"https:\/\/focolares.es\/entrevista-a-fernando-rico\/"},"wordCount":160,"commentCount":0,"publisher":{"@id":"https:\/\/focolares.es\/#organization"},"image":{"@id":"https:\/\/focolares.es\/entrevista-a-fernando-rico\/#primaryimage"},"thumbnailUrl":"https:\/\/focolares.es\/wp-content\/uploads\/2025\/04\/DEST-TEST-Fernabnado_RIco_2025.jpg","keywords":["Testimonio"],"articleSection":["Uncategorized"],"inLanguage":"gl-ES","potentialAction":[{"@type":"CommentAction","name":"Comment","target":["https:\/\/focolares.es\/entrevista-a-fernando-rico\/#respond"]}]},{"@type":"WebPage","@id":"https:\/\/focolares.es\/entrevista-a-fernando-rico\/","url":"https:\/\/focolares.es\/entrevista-a-fernando-rico\/","name":"Entrevista a Fernando Rico - Movemento dos Focolares","isPartOf":{"@id":"https:\/\/focolares.es\/#website"},"primaryImageOfPage":{"@id":"https:\/\/focolares.es\/entrevista-a-fernando-rico\/#primaryimage"},"image":{"@id":"https:\/\/focolares.es\/entrevista-a-fernando-rico\/#primaryimage"},"thumbnailUrl":"https:\/\/focolares.es\/wp-content\/uploads\/2025\/04\/DEST-TEST-Fernabnado_RIco_2025.jpg","datePublished":"2025-04-07T14:20:29+00:00","dateModified":"2025-04-10T20:24:34+00:00","description":"Testemu\u00f1o de Fernando Rico, focolare e m\u00e9dico dos focolares, def\u00ednese como \u201cbranco por f\u00f3ra e negro por dentro\u201d. \u00c1frica","breadcrumb":{"@id":"https:\/\/focolares.es\/entrevista-a-fernando-rico\/#breadcrumb"},"inLanguage":"gl-ES","potentialAction":[{"@type":"ReadAction","target":["https:\/\/focolares.es\/entrevista-a-fernando-rico\/"]}]},{"@type":"ImageObject","inLanguage":"gl-ES","@id":"https:\/\/focolares.es\/entrevista-a-fernando-rico\/#primaryimage","url":"https:\/\/focolares.es\/wp-content\/uploads\/2025\/04\/DEST-TEST-Fernabnado_RIco_2025.jpg","contentUrl":"https:\/\/focolares.es\/wp-content\/uploads\/2025\/04\/DEST-TEST-Fernabnado_RIco_2025.jpg","width":1280,"height":720},{"@type":"BreadcrumbList","@id":"https:\/\/focolares.es\/entrevista-a-fernando-rico\/#breadcrumb","itemListElement":[{"@type":"ListItem","position":1,"name":"Portada","item":"https:\/\/focolares.es\/"},{"@type":"ListItem","position":2,"name":"Fernando Rico, de misi\u00f3n en \u00c1frica"}]},{"@type":"WebSite","@id":"https:\/\/focolares.es\/#website","url":"https:\/\/focolares.es\/","name":"Movemento dos Focolares","description":"","publisher":{"@id":"https:\/\/focolares.es\/#organization"},"potentialAction":[{"@type":"SearchAction","target":{"@type":"EntryPoint","urlTemplate":"https:\/\/focolares.es\/?s={search_term_string}"},"query-input":{"@type":"PropertyValueSpecification","valueRequired":true,"valueName":"search_term_string"}}],"inLanguage":"gl-ES"},{"@type":"Organization","@id":"https:\/\/focolares.es\/#organization","name":"Movemento dos Focolares","url":"https:\/\/focolares.es\/","logo":{"@type":"ImageObject","inLanguage":"gl-ES","@id":"https:\/\/focolares.es\/#\/schema\/logo\/image\/","url":"https:\/\/focolares.es\/wp-content\/uploads\/2024\/03\/Logo_focolares-1024x944-1.jpg","contentUrl":"https:\/\/focolares.es\/wp-content\/uploads\/2024\/03\/Logo_focolares-1024x944-1.jpg","width":1024,"height":944,"caption":"Movimiento de los Focolares"},"image":{"@id":"https:\/\/focolares.es\/#\/schema\/logo\/image\/"}},{"@type":"Person","@id":"https:\/\/focolares.es\/#\/schema\/person\/460a502493de84fa7b318667e9a5c289","name":"Sonia","image":{"@type":"ImageObject","inLanguage":"gl-ES","@id":"https:\/\/focolares.es\/wp-content\/litespeed\/avatar\/cdad09e33a37c7312cdc76ceae4bbc88.jpg?ver=1777375640","url":"https:\/\/focolares.es\/wp-content\/litespeed\/avatar\/cdad09e33a37c7312cdc76ceae4bbc88.jpg?ver=1777375640","contentUrl":"https:\/\/focolares.es\/wp-content\/litespeed\/avatar\/cdad09e33a37c7312cdc76ceae4bbc88.jpg?ver=1777375640","caption":"Sonia"},"url":"https:\/\/focolares.es\/gl\/author\/sonia\/"}]}},"views":218,"_links":{"self":[{"href":"https:\/\/focolares.es\/gl\/wp-json\/wp\/v2\/posts\/15821","targetHints":{"allow":["GET"]}}],"collection":[{"href":"https:\/\/focolares.es\/gl\/wp-json\/wp\/v2\/posts"}],"about":[{"href":"https:\/\/focolares.es\/gl\/wp-json\/wp\/v2\/types\/post"}],"author":[{"embeddable":true,"href":"https:\/\/focolares.es\/gl\/wp-json\/wp\/v2\/users\/8"}],"replies":[{"embeddable":true,"href":"https:\/\/focolares.es\/gl\/wp-json\/wp\/v2\/comments?post=15821"}],"version-history":[{"count":22,"href":"https:\/\/focolares.es\/gl\/wp-json\/wp\/v2\/posts\/15821\/revisions"}],"predecessor-version":[{"id":15971,"href":"https:\/\/focolares.es\/gl\/wp-json\/wp\/v2\/posts\/15821\/revisions\/15971"}],"wp:featuredmedia":[{"embeddable":true,"href":"https:\/\/focolares.es\/gl\/wp-json\/wp\/v2\/media\/15833"}],"wp:attachment":[{"href":"https:\/\/focolares.es\/gl\/wp-json\/wp\/v2\/media?parent=15821"}],"wp:term":[{"taxonomy":"category","embeddable":true,"href":"https:\/\/focolares.es\/gl\/wp-json\/wp\/v2\/categories?post=15821"},{"taxonomy":"post_tag","embeddable":true,"href":"https:\/\/focolares.es\/gl\/wp-json\/wp\/v2\/tags?post=15821"}],"curies":[{"name":"wp","href":"https:\/\/api.w.org\/{rel}","templated":true}]}}