{"id":15959,"date":"2025-04-21T13:21:45","date_gmt":"2025-04-21T11:21:45","guid":{"rendered":"https:\/\/focolares.es\/?p=15959"},"modified":"2025-11-24T22:58:02","modified_gmt":"2025-11-24T21:58:02","slug":"grazas-papa-francisco-mensaxe-de-margaret-karram","status":"publish","type":"post","link":"https:\/\/focolares.es\/gl\/gracias-papa-francisco-mensaje-de-margaret-karram\/","title":{"rendered":"Grazas, Papa Francisco"},"content":{"rendered":"<h4 class=\"wp-block-heading\">O p\u00e9same de Margaret Karram, presidenta do Movemento dos Focolares, polo pasamento do Santo Pai Francisco.<\/h4>\n\n\n\n<figure class=\"wp-block-image size-full is-resized\"><img fetchpriority=\"high\" decoding=\"async\" width=\"750\" height=\"422\" src=\"https:\/\/focolares.es\/wp-content\/uploads\/2025\/04\/IMG-Asamblea_general_2021-750x422-1.jpg\" alt=\"\" class=\"wp-image-15965\" style=\"width:797px;height:auto\" srcset=\"https:\/\/focolares.es\/wp-content\/uploads\/2025\/04\/IMG-Asamblea_general_2021-750x422-1.jpg 750w, https:\/\/focolares.es\/wp-content\/uploads\/2025\/04\/IMG-Asamblea_general_2021-750x422-1-300x169.jpg 300w, https:\/\/focolares.es\/wp-content\/uploads\/2025\/04\/IMG-Asamblea_general_2021-750x422-1-18x10.jpg 18w\" sizes=\"(max-width: 750px) 100vw, 750px\" \/><figcaption class=\"wp-element-caption\"><em>De <a href=\"https:\/\/www.vaticannews.va\/es\/papa\/news\/2021-02\/papa-francisco-discurso-movimiento-focolares-asamblea-2021.html\" target=\"_blank\" rel=\"noreferrer noopener\">Noticias do Vaticano<\/a>: 06.02.2021 Asemblea Xeral do Movemento dos Focolares<\/em><\/figcaption><\/figure>\n\n\n\n<p>Con profunda pena souben do regreso \u00e1 casa do Pai do noso querido Papa Francisco. Xunto con toda a Igrexa, devolv\u00e9molo a Deus, cheos de gratitude polo extraordinario exemplo e don de amor que foi para cada persoa e pobo.<\/p>\n\n\n\n<p>Foron moitos os momentos ao longo do seu pontificado nos que o Santo Pai foi un pastor pr\u00f3ximo e agarimoso tam\u00e9n para o Movemento dos Focolares: sempre nos acolleu e guiounos para testemu\u00f1ar o Evanxeo con valent\u00eda e radicalidade.<\/p>\n\n\n\n<p>Dos moitos momentos vividos con el, non esqueceremos as s\u00faas palabras na Asemblea Xeral do Movemento dos Focolares, recibida en audiencia en 2021:<\/p>\n\n\n\n<blockquote class=\"wp-block-quote is-layout-flow wp-block-quote-is-layout-flow\">\n<p>\u00ab<em>Estade sempre atento ao berro do abandono de Cristo na cruz, que manifesta a m\u00e1xima expresi\u00f3n do amor. A graza que dela deriva \u00e9 capaz de espertar en n\u00f3s respostas d\u00e9biles e pecaminosas, xenerosas e \u00e1s veces heroicas; &quot;\u00c9 capaz de transformar o sufrimento e mesmo as traxedias nunha fonte de luz e esperanza para a humanidade&quot;.<\/em><sup data-fn=\"46e8761f-1945-4102-b523-6af8fd1e9f28\" class=\"fn\"><a id=\"46e8761f-1945-4102-b523-6af8fd1e9f28-link\" href=\"#46e8761f-1945-4102-b523-6af8fd1e9f28\">1<\/a><\/sup><\/p>\n<\/blockquote>\n\n\n\n<p>Finalmente, non podo menos que agradecer o amor e a atenci\u00f3n persoal do Papa cara a min, ao sufrimento do meu pobo en Terra Santa, e ao seu inmenso agradecemento por terme chamado a participar no S\u00ednodo sobre a Sinodalidade, onde el mesmo abriu as portas \u00e1 Igrexa sinodal, que est\u00e1 a dar os seus primeiros pasos en todo o mundo.<\/p>\n\n\n\n<blockquote class=\"wp-block-quote is-layout-flow wp-block-quote-is-layout-flow\">\n<p><\/p>\n<\/blockquote>\n\n\n\n<p>Xunto con todo o Movemento dos Focolares do mundo, s\u00famome \u00e1s oraci\u00f3ns da Igrexa universal e de todos os homes e mulleres de boa vontade, seguro de que a Nosa Se\u00f1ora, &quot;Salus Populi Romani&quot;, a quen era tan devoto, o acoller\u00e1 no Ceo cos brazos abertos.<\/p>\n\n\n\n<p class=\"has-text-align-right\"><em>Margaret Karram<\/em><\/p>\n\n\n\n<p><\/p>\n\n\n<ol class=\"wp-block-footnotes\"><li id=\"46e8761f-1945-4102-b523-6af8fd1e9f28\"><a href=\"https:\/\/press.vatican.va\/content\/salastampa\/es\/bollettino\/pubblico\/2021\/02\/06\/au.html\" target=\"_blank\" rel=\"noreferrer noopener\">Discurso<\/a>\u00a0do Santo Pai Francisco aos participantes na Asemblea Xeral do Movemento dos Focolares \u2013 Sal\u00f3n Paulo VI, 6 de febreiro de 2021. <a href=\"#46e8761f-1945-4102-b523-6af8fd1e9f28-link\" aria-label=\"Vaia \u00e1 referencia da nota ao final da p\u00e1xina 1\">\u21a9\ufe0e<\/a><\/li><\/ol>\n\n\n<p><\/p>","protected":false},"excerpt":{"rendered":"<p>O p\u00e9same de Margaret Karram, presidenta do Movemento dos Focolares, polo pasamento do Papa Francisco.<\/p>","protected":false},"author":13,"featured_media":15960,"comment_status":"open","ping_status":"closed","sticky":false,"template":"","format":"standard","meta":{"_price":"","_stock":"","_tribe_ticket_header":"","_tribe_default_ticket_provider":"","_tribe_ticket_capacity":"0","_ticket_start_date":"","_ticket_end_date":"","_tribe_ticket_show_description":"","_tribe_ticket_show_not_going":false,"_tribe_ticket_use_global_stock":"","_tribe_ticket_global_stock_level":"","_global_stock_mode":"","_global_stock_cap":"","_tribe_rsvp_for_event":"","_tribe_ticket_going_count":"","_tribe_ticket_not_going_count":"","_tribe_tickets_list":"[]","_tribe_ticket_has_attendee_info_fields":false,"footnotes":"[{\"content\":\"<a href=\\\"https:\/\/press.vatican.va\/content\/salastampa\/es\/bollettino\/pubblico\/2021\/02\/06\/au.html\\\" target=\\\"_blank\\\" rel=\\\"noreferrer noopener\\\">Discurso<\/a>\u00a0del Santo Padre Francisco a los participantes en la Asamblea General del Movimiento de los Focolares \u2013 Aula Pablo VI, 6 febrero 2021.\",\"id\":\"46e8761f-1945-4102-b523-6af8fd1e9f28\"}]"},"categories":[1],"tags":[42],"class_list":["post-15959","post","type-post","status-publish","format-standard","has-post-thumbnail","hentry","category-uncategorized","tag-comunicado"],"yoast_head":"<!-- This site is optimized with the Yoast SEO plugin v27.2 - https:\/\/yoast.com\/product\/yoast-seo-wordpress\/ -->\n<title>Gracias, papa Francisco - Movimiento de los Focolares<\/title>\n<meta name=\"description\" content=\"P\u00e9same de Margaret Karram, Presidenta del Movimiento de los Focolares, por el fallecimiento del Santo Padre Francisco.\" \/>\n<meta name=\"robots\" content=\"index, follow, max-snippet:-1, max-image-preview:large, max-video-preview:-1\" \/>\n<link rel=\"canonical\" href=\"https:\/\/focolares.es\/gl\/grazas-papa-francisco-mensaxe-de-margaret-karram\/\" \/>\n<meta property=\"og:locale\" content=\"gl_ES\" \/>\n<meta property=\"og:type\" content=\"article\" \/>\n<meta property=\"og:title\" content=\"Gracias, papa Francisco - Movimiento de los Focolares\" \/>\n<meta property=\"og:description\" content=\"P\u00e9same de Margaret Karram, Presidenta del Movimiento de los Focolares, por el fallecimiento del Santo Padre Francisco.\" \/>\n<meta property=\"og:url\" content=\"https:\/\/focolares.es\/gl\/grazas-papa-francisco-mensaxe-de-margaret-karram\/\" \/>\n<meta property=\"og:site_name\" content=\"Movimiento de los Focolares\" \/>\n<meta property=\"article:published_time\" content=\"2025-04-21T11:21:45+00:00\" \/>\n<meta property=\"article:modified_time\" content=\"2025-11-24T21:58:02+00:00\" \/>\n<meta property=\"og:image\" content=\"https:\/\/focolares.es\/wp-content\/uploads\/2025\/04\/Papa-Francisco-Margaret-Karram.jpg\" \/>\n\t<meta property=\"og:image:width\" content=\"893\" \/>\n\t<meta property=\"og:image:height\" content=\"523\" \/>\n\t<meta property=\"og:image:type\" content=\"image\/jpeg\" \/>\n<meta name=\"author\" content=\"Mar\u00eda Rodriguez\" \/>\n<meta name=\"twitter:card\" content=\"summary_large_image\" \/>\n<meta name=\"twitter:label1\" content=\"Escrito por\" \/>\n\t<meta name=\"twitter:data1\" content=\"Mar\u00eda Rodriguez\" \/>\n\t<meta name=\"twitter:label2\" content=\"Tempo de lectura\" \/>\n\t<meta name=\"twitter:data2\" content=\"2 minutos\" \/>\n<script type=\"application\/ld+json\" class=\"yoast-schema-graph\">{\"@context\":\"https:\/\/schema.org\",\"@graph\":[{\"@type\":\"Article\",\"@id\":\"https:\/\/focolares.es\/gracias-papa-francisco-mensaje-de-margaret-karram\/#article\",\"isPartOf\":{\"@id\":\"https:\/\/focolares.es\/gracias-papa-francisco-mensaje-de-margaret-karram\/\"},\"author\":{\"name\":\"Mar\u00eda Rodriguez\",\"@id\":\"https:\/\/focolares.es\/#\/schema\/person\/c9536462692b63cb3d81cc976d7183e7\"},\"headline\":\"Gracias, papa Francisco\",\"datePublished\":\"2025-04-21T11:21:45+00:00\",\"dateModified\":\"2025-11-24T21:58:02+00:00\",\"mainEntityOfPage\":{\"@id\":\"https:\/\/focolares.es\/gracias-papa-francisco-mensaje-de-margaret-karram\/\"},\"wordCount\":331,\"commentCount\":0,\"publisher\":{\"@id\":\"https:\/\/focolares.es\/#organization\"},\"image\":{\"@id\":\"https:\/\/focolares.es\/gracias-papa-francisco-mensaje-de-margaret-karram\/#primaryimage\"},\"thumbnailUrl\":\"https:\/\/focolares.es\/wp-content\/uploads\/2025\/04\/Papa-Francisco-Margaret-Karram.jpg\",\"keywords\":[\"Comunicado\"],\"articleSection\":[\"Uncategorized\"],\"inLanguage\":\"gl-ES\",\"potentialAction\":[{\"@type\":\"CommentAction\",\"name\":\"Comment\",\"target\":[\"https:\/\/focolares.es\/gracias-papa-francisco-mensaje-de-margaret-karram\/#respond\"]}]},{\"@type\":\"WebPage\",\"@id\":\"https:\/\/focolares.es\/gracias-papa-francisco-mensaje-de-margaret-karram\/\",\"url\":\"https:\/\/focolares.es\/gracias-papa-francisco-mensaje-de-margaret-karram\/\",\"name\":\"Gracias, papa Francisco - Movimiento de los Focolares\",\"isPartOf\":{\"@id\":\"https:\/\/focolares.es\/#website\"},\"primaryImageOfPage\":{\"@id\":\"https:\/\/focolares.es\/gracias-papa-francisco-mensaje-de-margaret-karram\/#primaryimage\"},\"image\":{\"@id\":\"https:\/\/focolares.es\/gracias-papa-francisco-mensaje-de-margaret-karram\/#primaryimage\"},\"thumbnailUrl\":\"https:\/\/focolares.es\/wp-content\/uploads\/2025\/04\/Papa-Francisco-Margaret-Karram.jpg\",\"datePublished\":\"2025-04-21T11:21:45+00:00\",\"dateModified\":\"2025-11-24T21:58:02+00:00\",\"description\":\"P\u00e9same de Margaret Karram, Presidenta del Movimiento de los Focolares, por el fallecimiento del Santo Padre Francisco.\",\"breadcrumb\":{\"@id\":\"https:\/\/focolares.es\/gracias-papa-francisco-mensaje-de-margaret-karram\/#breadcrumb\"},\"inLanguage\":\"gl-ES\",\"potentialAction\":[{\"@type\":\"ReadAction\",\"target\":[\"https:\/\/focolares.es\/gracias-papa-francisco-mensaje-de-margaret-karram\/\"]}]},{\"@type\":\"ImageObject\",\"inLanguage\":\"gl-ES\",\"@id\":\"https:\/\/focolares.es\/gracias-papa-francisco-mensaje-de-margaret-karram\/#primaryimage\",\"url\":\"https:\/\/focolares.es\/wp-content\/uploads\/2025\/04\/Papa-Francisco-Margaret-Karram.jpg\",\"contentUrl\":\"https:\/\/focolares.es\/wp-content\/uploads\/2025\/04\/Papa-Francisco-Margaret-Karram.jpg\",\"width\":893,\"height\":523},{\"@type\":\"BreadcrumbList\",\"@id\":\"https:\/\/focolares.es\/gracias-papa-francisco-mensaje-de-margaret-karram\/#breadcrumb\",\"itemListElement\":[{\"@type\":\"ListItem\",\"position\":1,\"name\":\"Portada\",\"item\":\"https:\/\/focolares.es\/\"},{\"@type\":\"ListItem\",\"position\":2,\"name\":\"Gracias, papa Francisco\"}]},{\"@type\":\"WebSite\",\"@id\":\"https:\/\/focolares.es\/#website\",\"url\":\"https:\/\/focolares.es\/\",\"name\":\"Movimiento de los Focolares\",\"description\":\"\",\"publisher\":{\"@id\":\"https:\/\/focolares.es\/#organization\"},\"potentialAction\":[{\"@type\":\"SearchAction\",\"target\":{\"@type\":\"EntryPoint\",\"urlTemplate\":\"https:\/\/focolares.es\/?s={search_term_string}\"},\"query-input\":{\"@type\":\"PropertyValueSpecification\",\"valueRequired\":true,\"valueName\":\"search_term_string\"}}],\"inLanguage\":\"gl-ES\"},{\"@type\":\"Organization\",\"@id\":\"https:\/\/focolares.es\/#organization\",\"name\":\"Movimiento de los Focolares\",\"url\":\"https:\/\/focolares.es\/\",\"logo\":{\"@type\":\"ImageObject\",\"inLanguage\":\"gl-ES\",\"@id\":\"https:\/\/focolares.es\/#\/schema\/logo\/image\/\",\"url\":\"https:\/\/focolares.es\/wp-content\/uploads\/2024\/03\/Logo_focolares-1024x944-1.jpg\",\"contentUrl\":\"https:\/\/focolares.es\/wp-content\/uploads\/2024\/03\/Logo_focolares-1024x944-1.jpg\",\"width\":1024,\"height\":944,\"caption\":\"Movimiento de los Focolares\"},\"image\":{\"@id\":\"https:\/\/focolares.es\/#\/schema\/logo\/image\/\"}},{\"@type\":\"Person\",\"@id\":\"https:\/\/focolares.es\/#\/schema\/person\/c9536462692b63cb3d81cc976d7183e7\",\"name\":\"Mar\u00eda Rodriguez\",\"image\":{\"@type\":\"ImageObject\",\"inLanguage\":\"gl-ES\",\"@id\":\"https:\/\/focolares.es\/wp-content\/litespeed\/avatar\/08f4f88ecc8610d0c1002e90a37eda2e.jpg?ver=1777383740\",\"url\":\"https:\/\/focolares.es\/wp-content\/litespeed\/avatar\/08f4f88ecc8610d0c1002e90a37eda2e.jpg?ver=1777383740\",\"contentUrl\":\"https:\/\/focolares.es\/wp-content\/litespeed\/avatar\/08f4f88ecc8610d0c1002e90a37eda2e.jpg?ver=1777383740\",\"caption\":\"Mar\u00eda Rodriguez\"},\"url\":\"https:\/\/focolares.es\/gl\/author\/maria\/\"}]}<\/script>\n<!-- \/ Yoast SEO plugin. -->","yoast_head_json":{"title":"Grazas, Papa Francisco - Movemento dos Focolares","description":"O p\u00e9same de Margaret Karram, presidenta do Movemento dos Focolares, polo pasamento do Santo Pai Francisco.","robots":{"index":"index","follow":"follow","max-snippet":"max-snippet:-1","max-image-preview":"max-image-preview:large","max-video-preview":"max-video-preview:-1"},"canonical":"https:\/\/focolares.es\/gl\/grazas-papa-francisco-mensaxe-de-margaret-karram\/","og_locale":"gl_ES","og_type":"article","og_title":"Gracias, papa Francisco - Movimiento de los Focolares","og_description":"P\u00e9same de Margaret Karram, Presidenta del Movimiento de los Focolares, por el fallecimiento del Santo Padre Francisco.","og_url":"https:\/\/focolares.es\/gl\/grazas-papa-francisco-mensaxe-de-margaret-karram\/","og_site_name":"Movimiento de los Focolares","article_published_time":"2025-04-21T11:21:45+00:00","article_modified_time":"2025-11-24T21:58:02+00:00","og_image":[{"width":893,"height":523,"url":"https:\/\/focolares.es\/wp-content\/uploads\/2025\/04\/Papa-Francisco-Margaret-Karram.jpg","type":"image\/jpeg"}],"author":"Mar\u00eda Rodriguez","twitter_card":"summary_large_image","twitter_misc":{"Escrito por":"Mar\u00eda Rodriguez","Tempo de lectura":"2 minutos"},"schema":{"@context":"https:\/\/schema.org","@graph":[{"@type":"Article","@id":"https:\/\/focolares.es\/gracias-papa-francisco-mensaje-de-margaret-karram\/#article","isPartOf":{"@id":"https:\/\/focolares.es\/gracias-papa-francisco-mensaje-de-margaret-karram\/"},"author":{"name":"Mar\u00eda Rodriguez","@id":"https:\/\/focolares.es\/#\/schema\/person\/c9536462692b63cb3d81cc976d7183e7"},"headline":"Gracias, papa Francisco","datePublished":"2025-04-21T11:21:45+00:00","dateModified":"2025-11-24T21:58:02+00:00","mainEntityOfPage":{"@id":"https:\/\/focolares.es\/gracias-papa-francisco-mensaje-de-margaret-karram\/"},"wordCount":331,"commentCount":0,"publisher":{"@id":"https:\/\/focolares.es\/#organization"},"image":{"@id":"https:\/\/focolares.es\/gracias-papa-francisco-mensaje-de-margaret-karram\/#primaryimage"},"thumbnailUrl":"https:\/\/focolares.es\/wp-content\/uploads\/2025\/04\/Papa-Francisco-Margaret-Karram.jpg","keywords":["Comunicado"],"articleSection":["Uncategorized"],"inLanguage":"gl-ES","potentialAction":[{"@type":"CommentAction","name":"Comment","target":["https:\/\/focolares.es\/gracias-papa-francisco-mensaje-de-margaret-karram\/#respond"]}]},{"@type":"WebPage","@id":"https:\/\/focolares.es\/gracias-papa-francisco-mensaje-de-margaret-karram\/","url":"https:\/\/focolares.es\/gracias-papa-francisco-mensaje-de-margaret-karram\/","name":"Grazas, Papa Francisco - Movemento dos Focolares","isPartOf":{"@id":"https:\/\/focolares.es\/#website"},"primaryImageOfPage":{"@id":"https:\/\/focolares.es\/gracias-papa-francisco-mensaje-de-margaret-karram\/#primaryimage"},"image":{"@id":"https:\/\/focolares.es\/gracias-papa-francisco-mensaje-de-margaret-karram\/#primaryimage"},"thumbnailUrl":"https:\/\/focolares.es\/wp-content\/uploads\/2025\/04\/Papa-Francisco-Margaret-Karram.jpg","datePublished":"2025-04-21T11:21:45+00:00","dateModified":"2025-11-24T21:58:02+00:00","description":"O p\u00e9same de Margaret Karram, presidenta do Movemento dos Focolares, polo pasamento do Santo Pai Francisco.","breadcrumb":{"@id":"https:\/\/focolares.es\/gracias-papa-francisco-mensaje-de-margaret-karram\/#breadcrumb"},"inLanguage":"gl-ES","potentialAction":[{"@type":"ReadAction","target":["https:\/\/focolares.es\/gracias-papa-francisco-mensaje-de-margaret-karram\/"]}]},{"@type":"ImageObject","inLanguage":"gl-ES","@id":"https:\/\/focolares.es\/gracias-papa-francisco-mensaje-de-margaret-karram\/#primaryimage","url":"https:\/\/focolares.es\/wp-content\/uploads\/2025\/04\/Papa-Francisco-Margaret-Karram.jpg","contentUrl":"https:\/\/focolares.es\/wp-content\/uploads\/2025\/04\/Papa-Francisco-Margaret-Karram.jpg","width":893,"height":523},{"@type":"BreadcrumbList","@id":"https:\/\/focolares.es\/gracias-papa-francisco-mensaje-de-margaret-karram\/#breadcrumb","itemListElement":[{"@type":"ListItem","position":1,"name":"Portada","item":"https:\/\/focolares.es\/"},{"@type":"ListItem","position":2,"name":"Gracias, papa Francisco"}]},{"@type":"WebSite","@id":"https:\/\/focolares.es\/#website","url":"https:\/\/focolares.es\/","name":"Movemento dos Focolares","description":"","publisher":{"@id":"https:\/\/focolares.es\/#organization"},"potentialAction":[{"@type":"SearchAction","target":{"@type":"EntryPoint","urlTemplate":"https:\/\/focolares.es\/?s={search_term_string}"},"query-input":{"@type":"PropertyValueSpecification","valueRequired":true,"valueName":"search_term_string"}}],"inLanguage":"gl-ES"},{"@type":"Organization","@id":"https:\/\/focolares.es\/#organization","name":"Movemento dos Focolares","url":"https:\/\/focolares.es\/","logo":{"@type":"ImageObject","inLanguage":"gl-ES","@id":"https:\/\/focolares.es\/#\/schema\/logo\/image\/","url":"https:\/\/focolares.es\/wp-content\/uploads\/2024\/03\/Logo_focolares-1024x944-1.jpg","contentUrl":"https:\/\/focolares.es\/wp-content\/uploads\/2024\/03\/Logo_focolares-1024x944-1.jpg","width":1024,"height":944,"caption":"Movimiento de los Focolares"},"image":{"@id":"https:\/\/focolares.es\/#\/schema\/logo\/image\/"}},{"@type":"Person","@id":"https:\/\/focolares.es\/#\/schema\/person\/c9536462692b63cb3d81cc976d7183e7","name":"Mar\u00eda Rodr\u00edguez","image":{"@type":"ImageObject","inLanguage":"gl-ES","@id":"https:\/\/focolares.es\/wp-content\/litespeed\/avatar\/08f4f88ecc8610d0c1002e90a37eda2e.jpg?ver=1777383740","url":"https:\/\/focolares.es\/wp-content\/litespeed\/avatar\/08f4f88ecc8610d0c1002e90a37eda2e.jpg?ver=1777383740","contentUrl":"https:\/\/focolares.es\/wp-content\/litespeed\/avatar\/08f4f88ecc8610d0c1002e90a37eda2e.jpg?ver=1777383740","caption":"Mar\u00eda Rodriguez"},"url":"https:\/\/focolares.es\/gl\/author\/maria\/"}]}},"views":742,"_links":{"self":[{"href":"https:\/\/focolares.es\/gl\/wp-json\/wp\/v2\/posts\/15959","targetHints":{"allow":["GET"]}}],"collection":[{"href":"https:\/\/focolares.es\/gl\/wp-json\/wp\/v2\/posts"}],"about":[{"href":"https:\/\/focolares.es\/gl\/wp-json\/wp\/v2\/types\/post"}],"author":[{"embeddable":true,"href":"https:\/\/focolares.es\/gl\/wp-json\/wp\/v2\/users\/13"}],"replies":[{"embeddable":true,"href":"https:\/\/focolares.es\/gl\/wp-json\/wp\/v2\/comments?post=15959"}],"version-history":[{"count":10,"href":"https:\/\/focolares.es\/gl\/wp-json\/wp\/v2\/posts\/15959\/revisions"}],"predecessor-version":[{"id":16000,"href":"https:\/\/focolares.es\/gl\/wp-json\/wp\/v2\/posts\/15959\/revisions\/16000"}],"wp:featuredmedia":[{"embeddable":true,"href":"https:\/\/focolares.es\/gl\/wp-json\/wp\/v2\/media\/15960"}],"wp:attachment":[{"href":"https:\/\/focolares.es\/gl\/wp-json\/wp\/v2\/media?parent=15959"}],"wp:term":[{"taxonomy":"category","embeddable":true,"href":"https:\/\/focolares.es\/gl\/wp-json\/wp\/v2\/categories?post=15959"},{"taxonomy":"post_tag","embeddable":true,"href":"https:\/\/focolares.es\/gl\/wp-json\/wp\/v2\/tags?post=15959"}],"curies":[{"name":"wp","href":"https:\/\/api.w.org\/{rel}","templated":true}]}}