{"id":17842,"date":"2025-09-28T15:58:49","date_gmt":"2025-09-28T13:58:49","guid":{"rendered":"https:\/\/focolares.es\/?p=17842"},"modified":"2025-11-24T23:01:56","modified_gmt":"2025-11-24T22:01:56","slug":"comprometemonos-coa-paz","status":"publish","type":"post","link":"https:\/\/focolares.es\/gl\/nos-comprometemos-por-la-paz\/","title":{"rendered":"Compromet\u00e9monos coa paz"},"content":{"rendered":"<h4 class=\"wp-block-heading\">A condena de todas as guerras e o compromiso coa paz, a xustiza e a dignidade de todas as persoas son urxentes. A declaraci\u00f3n dos l\u00edderes do Movemento dos Focolares, reunidos en Castel Gandolfo (Roma) para o seu encontro anual, invita a todos a ser conscientes de que cada xesto diario pode ser a semente dun cami\u00f1o cara \u00e1 paz, e a abrazar e subscribir coas propias vidas o compromiso que isto implica.<\/h4>\n\n\n\n<div style=\"height:79px\" aria-hidden=\"true\" class=\"wp-block-spacer\"><\/div>\n\n\n\n<p class=\"has-text-align-right\"><em>Castel Gandolfo (Roma), 27 de setembro de 2025<\/em><\/p>\n\n\n\n<p style=\"padding-top:0;padding-right:0;padding-bottom:0;padding-left:0\">N\u00f3s, os l\u00edderes do Movemento dos Focolares, reunidos en Roma, representando a todos os seus membros nos 140 pa\u00edses onde o Movemento est\u00e1 presente, expresamos a nosa profunda dor pola continua escalada dos conflitos armados que est\u00e1n a devastar Oriente Medio e moitas outras partes do mundo.<\/p>\n\n\n\n<p>Expresamos a nosa firme e concreta proximidade \u00e1s persoas e \u00e1s poboaci\u00f3ns que sofren, e condenamos tam\u00e9n toda forma de violencia, inxustiza e opresi\u00f3n.<\/p>\n\n\n\n<p>Conscientes de que a paz comeza coas nosas acci\u00f3ns coti\u00e1s, convidamos a todos a aceptar e subscribir coas s\u00faas vidas os seguintes compromisos:<\/p>\n\n\n\n<ul class=\"wp-block-list\">\n<li>Sexan \u201cartes\u00e1ns da paz\u201d, dispostos a superar ideolox\u00edas e confrontaci\u00f3ns;<\/li>\n\n\n\n<li>Promover e apoiar redes de solidariedade para proporcionar apoio material, psicol\u00f3xico e espiritual \u00e1s v\u00edtimas de todas as guerras;<\/li>\n\n\n\n<li>Facer de cada unha das nosas comunidades unha \u201ccasa de paz\u201d, onde aprendamos a desactivar a hostilidade a trav\u00e9s do di\u00e1logo e a comprensi\u00f3n mutua, onde se practique a xustiza e se forxe o perd\u00f3n;<\/li>\n\n\n\n<li>Promover programas educativos para inculcar, especialmente nas novas xeraci\u00f3ns, unha cultura de paz, inclusi\u00f3n e non violencia;<\/li>\n\n\n\n<li>Fomentar todas as iniciativas locais e globais que xeren encontro, di\u00e1logo interrelixioso e intercultural, esenciais para a reconciliaci\u00f3n.<br><\/li>\n<\/ul>\n\n\n\n<p><br>Compromet\u00e9monos a que o perd\u00f3n, o di\u00e1logo e a fraternidade non sexan s\u00f3 palabras, sen\u00f3n que se convertan en cami\u00f1os que abran o futuro e impidan que a violencia te\u00f1a a \u00faltima palabra.<\/p>\n\n\n\n<p>Que a oraci\u00f3n incesante e confiada se eleve desde todos os recunchos da terra ao Deus da paz, para que ilumine e conmova os coraz\u00f3ns daqueles que poden actuar para deter todo conflito.<\/p>\n\n\n\n<p><a href=\"https:\/\/focolares.es\/wp-content\/uploads\/2025\/09\/Manifiesto_paz-27092025-Dirigentes-Mov-Focolares.pdf\" target=\"_blank\" rel=\"noreferrer noopener\">Ligaz\u00f3n ao manifesto e \u00e1 oraci\u00f3n pola paz<\/a><\/p>\n\n\n\n\n\n<p><\/p>","protected":false},"excerpt":{"rendered":"<p>Manifesto pola Paz do Movemento dos Focolares.<\/p>","protected":false},"author":8,"featured_media":17849,"comment_status":"open","ping_status":"closed","sticky":false,"template":"","format":"standard","meta":{"_price":"","_stock":"","_tribe_ticket_header":"","_tribe_default_ticket_provider":"","_tribe_ticket_capacity":"0","_ticket_start_date":"","_ticket_end_date":"","_tribe_ticket_show_description":"","_tribe_ticket_show_not_going":false,"_tribe_ticket_use_global_stock":"","_tribe_ticket_global_stock_level":"","_global_stock_mode":"","_global_stock_cap":"","_tribe_rsvp_for_event":"","_tribe_ticket_going_count":"","_tribe_ticket_not_going_count":"","_tribe_tickets_list":"[]","_tribe_ticket_has_attendee_info_fields":false,"footnotes":""},"categories":[1],"tags":[42,59],"class_list":["post-17842","post","type-post","status-publish","format-standard","has-post-thumbnail","hentry","category-uncategorized","tag-comunicado","tag-humanidades-y-pensamiento"],"yoast_head":"<!-- This site is optimized with the Yoast SEO plugin v27.2 - https:\/\/yoast.com\/product\/yoast-seo-wordpress\/ -->\n<title>Nos comprometemos por la paz - Movimiento de los Focolares<\/title>\n<meta name=\"description\" content=\"Manifiesto por la paz del Movimiento de los Focolares despu\u00e9s del encuentro anual en Castel Gandolfo (Roma): \u00a1Compromet\u00e1monos por la paz!\" \/>\n<meta name=\"robots\" content=\"index, follow, max-snippet:-1, max-image-preview:large, max-video-preview:-1\" \/>\n<link rel=\"canonical\" href=\"https:\/\/focolares.es\/gl\/comprometemonos-coa-paz\/\" \/>\n<meta property=\"og:locale\" content=\"gl_ES\" \/>\n<meta property=\"og:type\" content=\"article\" \/>\n<meta property=\"og:title\" content=\"Nos comprometemos por la paz - Movimiento de los Focolares\" \/>\n<meta property=\"og:description\" content=\"Manifiesto por la paz del Movimiento de los Focolares despu\u00e9s del encuentro anual en Castel Gandolfo (Roma): \u00a1Compromet\u00e1monos por la paz!\" \/>\n<meta property=\"og:url\" content=\"https:\/\/focolares.es\/gl\/comprometemonos-coa-paz\/\" \/>\n<meta property=\"og:site_name\" content=\"Movimiento de los Focolares\" \/>\n<meta property=\"article:published_time\" content=\"2025-09-28T13:58:49+00:00\" \/>\n<meta property=\"article:modified_time\" content=\"2025-11-24T22:01:56+00:00\" \/>\n<meta property=\"og:image\" content=\"https:\/\/focolares.es\/wp-content\/uploads\/2025\/09\/DEST-Manifiesto_paz_CGyD-28-09-2025-r.jpg\" \/>\n\t<meta property=\"og:image:width\" content=\"897\" \/>\n\t<meta property=\"og:image:height\" content=\"505\" \/>\n\t<meta property=\"og:image:type\" content=\"image\/jpeg\" \/>\n<meta name=\"author\" content=\"Sonia\" \/>\n<meta name=\"twitter:card\" content=\"summary_large_image\" \/>\n<meta name=\"twitter:label1\" content=\"Escrito por\" \/>\n\t<meta name=\"twitter:data1\" content=\"Sonia\" \/>\n\t<meta name=\"twitter:label2\" content=\"Tempo de lectura\" \/>\n\t<meta name=\"twitter:data2\" content=\"2 minutos\" \/>\n<script type=\"application\/ld+json\" class=\"yoast-schema-graph\">{\"@context\":\"https:\/\/schema.org\",\"@graph\":[{\"@type\":\"Article\",\"@id\":\"https:\/\/focolares.es\/nos-comprometemos-por-la-paz\/#article\",\"isPartOf\":{\"@id\":\"https:\/\/focolares.es\/nos-comprometemos-por-la-paz\/\"},\"author\":{\"name\":\"Sonia\",\"@id\":\"https:\/\/focolares.es\/#\/schema\/person\/460a502493de84fa7b318667e9a5c289\"},\"headline\":\"Nos comprometemos por la paz\",\"datePublished\":\"2025-09-28T13:58:49+00:00\",\"dateModified\":\"2025-11-24T22:01:56+00:00\",\"mainEntityOfPage\":{\"@id\":\"https:\/\/focolares.es\/nos-comprometemos-por-la-paz\/\"},\"wordCount\":385,\"commentCount\":0,\"publisher\":{\"@id\":\"https:\/\/focolares.es\/#organization\"},\"image\":{\"@id\":\"https:\/\/focolares.es\/nos-comprometemos-por-la-paz\/#primaryimage\"},\"thumbnailUrl\":\"https:\/\/focolares.es\/wp-content\/uploads\/2025\/09\/DEST-Manifiesto_paz_CGyD-28-09-2025-r.jpg\",\"keywords\":[\"Comunicado\",\"Humanidades y pensamiento\"],\"articleSection\":[\"Uncategorized\"],\"inLanguage\":\"gl-ES\",\"potentialAction\":[{\"@type\":\"CommentAction\",\"name\":\"Comment\",\"target\":[\"https:\/\/focolares.es\/nos-comprometemos-por-la-paz\/#respond\"]}]},{\"@type\":\"WebPage\",\"@id\":\"https:\/\/focolares.es\/nos-comprometemos-por-la-paz\/\",\"url\":\"https:\/\/focolares.es\/nos-comprometemos-por-la-paz\/\",\"name\":\"Nos comprometemos por la paz - Movimiento de los Focolares\",\"isPartOf\":{\"@id\":\"https:\/\/focolares.es\/#website\"},\"primaryImageOfPage\":{\"@id\":\"https:\/\/focolares.es\/nos-comprometemos-por-la-paz\/#primaryimage\"},\"image\":{\"@id\":\"https:\/\/focolares.es\/nos-comprometemos-por-la-paz\/#primaryimage\"},\"thumbnailUrl\":\"https:\/\/focolares.es\/wp-content\/uploads\/2025\/09\/DEST-Manifiesto_paz_CGyD-28-09-2025-r.jpg\",\"datePublished\":\"2025-09-28T13:58:49+00:00\",\"dateModified\":\"2025-11-24T22:01:56+00:00\",\"description\":\"Manifiesto por la paz del Movimiento de los Focolares despu\u00e9s del encuentro anual en Castel Gandolfo (Roma): \u00a1Compromet\u00e1monos por la paz!\",\"breadcrumb\":{\"@id\":\"https:\/\/focolares.es\/nos-comprometemos-por-la-paz\/#breadcrumb\"},\"inLanguage\":\"gl-ES\",\"potentialAction\":[{\"@type\":\"ReadAction\",\"target\":[\"https:\/\/focolares.es\/nos-comprometemos-por-la-paz\/\"]}]},{\"@type\":\"ImageObject\",\"inLanguage\":\"gl-ES\",\"@id\":\"https:\/\/focolares.es\/nos-comprometemos-por-la-paz\/#primaryimage\",\"url\":\"https:\/\/focolares.es\/wp-content\/uploads\/2025\/09\/DEST-Manifiesto_paz_CGyD-28-09-2025-r.jpg\",\"contentUrl\":\"https:\/\/focolares.es\/wp-content\/uploads\/2025\/09\/DEST-Manifiesto_paz_CGyD-28-09-2025-r.jpg\",\"width\":897,\"height\":505},{\"@type\":\"BreadcrumbList\",\"@id\":\"https:\/\/focolares.es\/nos-comprometemos-por-la-paz\/#breadcrumb\",\"itemListElement\":[{\"@type\":\"ListItem\",\"position\":1,\"name\":\"Portada\",\"item\":\"https:\/\/focolares.es\/\"},{\"@type\":\"ListItem\",\"position\":2,\"name\":\"Nos comprometemos por la paz\"}]},{\"@type\":\"WebSite\",\"@id\":\"https:\/\/focolares.es\/#website\",\"url\":\"https:\/\/focolares.es\/\",\"name\":\"Movimiento de los Focolares\",\"description\":\"\",\"publisher\":{\"@id\":\"https:\/\/focolares.es\/#organization\"},\"potentialAction\":[{\"@type\":\"SearchAction\",\"target\":{\"@type\":\"EntryPoint\",\"urlTemplate\":\"https:\/\/focolares.es\/?s={search_term_string}\"},\"query-input\":{\"@type\":\"PropertyValueSpecification\",\"valueRequired\":true,\"valueName\":\"search_term_string\"}}],\"inLanguage\":\"gl-ES\"},{\"@type\":\"Organization\",\"@id\":\"https:\/\/focolares.es\/#organization\",\"name\":\"Movimiento de los Focolares\",\"url\":\"https:\/\/focolares.es\/\",\"logo\":{\"@type\":\"ImageObject\",\"inLanguage\":\"gl-ES\",\"@id\":\"https:\/\/focolares.es\/#\/schema\/logo\/image\/\",\"url\":\"https:\/\/focolares.es\/wp-content\/uploads\/2024\/03\/Logo_focolares-1024x944-1.jpg\",\"contentUrl\":\"https:\/\/focolares.es\/wp-content\/uploads\/2024\/03\/Logo_focolares-1024x944-1.jpg\",\"width\":1024,\"height\":944,\"caption\":\"Movimiento de los Focolares\"},\"image\":{\"@id\":\"https:\/\/focolares.es\/#\/schema\/logo\/image\/\"}},{\"@type\":\"Person\",\"@id\":\"https:\/\/focolares.es\/#\/schema\/person\/460a502493de84fa7b318667e9a5c289\",\"name\":\"Sonia\",\"image\":{\"@type\":\"ImageObject\",\"inLanguage\":\"gl-ES\",\"@id\":\"https:\/\/focolares.es\/wp-content\/litespeed\/avatar\/cdad09e33a37c7312cdc76ceae4bbc88.jpg?ver=1777375640\",\"url\":\"https:\/\/focolares.es\/wp-content\/litespeed\/avatar\/cdad09e33a37c7312cdc76ceae4bbc88.jpg?ver=1777375640\",\"contentUrl\":\"https:\/\/focolares.es\/wp-content\/litespeed\/avatar\/cdad09e33a37c7312cdc76ceae4bbc88.jpg?ver=1777375640\",\"caption\":\"Sonia\"},\"url\":\"https:\/\/focolares.es\/gl\/author\/sonia\/\"}]}<\/script>\n<!-- \/ Yoast SEO plugin. -->","yoast_head_json":{"title":"Compromet\u00e9monos coa paz - Movemento dos Focolares","description":"Manifesto pola paz do Movemento dos Focolares despois do encontro anual en Castel Gandolfo (Roma): Compromet\u00e1monos coa paz!","robots":{"index":"index","follow":"follow","max-snippet":"max-snippet:-1","max-image-preview":"max-image-preview:large","max-video-preview":"max-video-preview:-1"},"canonical":"https:\/\/focolares.es\/gl\/comprometemonos-coa-paz\/","og_locale":"gl_ES","og_type":"article","og_title":"Nos comprometemos por la paz - Movimiento de los Focolares","og_description":"Manifiesto por la paz del Movimiento de los Focolares despu\u00e9s del encuentro anual en Castel Gandolfo (Roma): \u00a1Compromet\u00e1monos por la paz!","og_url":"https:\/\/focolares.es\/gl\/comprometemonos-coa-paz\/","og_site_name":"Movimiento de los Focolares","article_published_time":"2025-09-28T13:58:49+00:00","article_modified_time":"2025-11-24T22:01:56+00:00","og_image":[{"width":897,"height":505,"url":"https:\/\/focolares.es\/wp-content\/uploads\/2025\/09\/DEST-Manifiesto_paz_CGyD-28-09-2025-r.jpg","type":"image\/jpeg"}],"author":"Sonia","twitter_card":"summary_large_image","twitter_misc":{"Escrito por":"Sonia","Tempo de lectura":"2 minutos"},"schema":{"@context":"https:\/\/schema.org","@graph":[{"@type":"Article","@id":"https:\/\/focolares.es\/nos-comprometemos-por-la-paz\/#article","isPartOf":{"@id":"https:\/\/focolares.es\/nos-comprometemos-por-la-paz\/"},"author":{"name":"Sonia","@id":"https:\/\/focolares.es\/#\/schema\/person\/460a502493de84fa7b318667e9a5c289"},"headline":"Nos comprometemos por la paz","datePublished":"2025-09-28T13:58:49+00:00","dateModified":"2025-11-24T22:01:56+00:00","mainEntityOfPage":{"@id":"https:\/\/focolares.es\/nos-comprometemos-por-la-paz\/"},"wordCount":385,"commentCount":0,"publisher":{"@id":"https:\/\/focolares.es\/#organization"},"image":{"@id":"https:\/\/focolares.es\/nos-comprometemos-por-la-paz\/#primaryimage"},"thumbnailUrl":"https:\/\/focolares.es\/wp-content\/uploads\/2025\/09\/DEST-Manifiesto_paz_CGyD-28-09-2025-r.jpg","keywords":["Comunicado","Humanidades y pensamiento"],"articleSection":["Uncategorized"],"inLanguage":"gl-ES","potentialAction":[{"@type":"CommentAction","name":"Comment","target":["https:\/\/focolares.es\/nos-comprometemos-por-la-paz\/#respond"]}]},{"@type":"WebPage","@id":"https:\/\/focolares.es\/nos-comprometemos-por-la-paz\/","url":"https:\/\/focolares.es\/nos-comprometemos-por-la-paz\/","name":"Compromet\u00e9monos coa paz - Movemento dos Focolares","isPartOf":{"@id":"https:\/\/focolares.es\/#website"},"primaryImageOfPage":{"@id":"https:\/\/focolares.es\/nos-comprometemos-por-la-paz\/#primaryimage"},"image":{"@id":"https:\/\/focolares.es\/nos-comprometemos-por-la-paz\/#primaryimage"},"thumbnailUrl":"https:\/\/focolares.es\/wp-content\/uploads\/2025\/09\/DEST-Manifiesto_paz_CGyD-28-09-2025-r.jpg","datePublished":"2025-09-28T13:58:49+00:00","dateModified":"2025-11-24T22:01:56+00:00","description":"Manifesto pola paz do Movemento dos Focolares despois do encontro anual en Castel Gandolfo (Roma): Compromet\u00e1monos coa paz!","breadcrumb":{"@id":"https:\/\/focolares.es\/nos-comprometemos-por-la-paz\/#breadcrumb"},"inLanguage":"gl-ES","potentialAction":[{"@type":"ReadAction","target":["https:\/\/focolares.es\/nos-comprometemos-por-la-paz\/"]}]},{"@type":"ImageObject","inLanguage":"gl-ES","@id":"https:\/\/focolares.es\/nos-comprometemos-por-la-paz\/#primaryimage","url":"https:\/\/focolares.es\/wp-content\/uploads\/2025\/09\/DEST-Manifiesto_paz_CGyD-28-09-2025-r.jpg","contentUrl":"https:\/\/focolares.es\/wp-content\/uploads\/2025\/09\/DEST-Manifiesto_paz_CGyD-28-09-2025-r.jpg","width":897,"height":505},{"@type":"BreadcrumbList","@id":"https:\/\/focolares.es\/nos-comprometemos-por-la-paz\/#breadcrumb","itemListElement":[{"@type":"ListItem","position":1,"name":"Portada","item":"https:\/\/focolares.es\/"},{"@type":"ListItem","position":2,"name":"Nos comprometemos por la paz"}]},{"@type":"WebSite","@id":"https:\/\/focolares.es\/#website","url":"https:\/\/focolares.es\/","name":"Movemento dos Focolares","description":"","publisher":{"@id":"https:\/\/focolares.es\/#organization"},"potentialAction":[{"@type":"SearchAction","target":{"@type":"EntryPoint","urlTemplate":"https:\/\/focolares.es\/?s={search_term_string}"},"query-input":{"@type":"PropertyValueSpecification","valueRequired":true,"valueName":"search_term_string"}}],"inLanguage":"gl-ES"},{"@type":"Organization","@id":"https:\/\/focolares.es\/#organization","name":"Movemento dos Focolares","url":"https:\/\/focolares.es\/","logo":{"@type":"ImageObject","inLanguage":"gl-ES","@id":"https:\/\/focolares.es\/#\/schema\/logo\/image\/","url":"https:\/\/focolares.es\/wp-content\/uploads\/2024\/03\/Logo_focolares-1024x944-1.jpg","contentUrl":"https:\/\/focolares.es\/wp-content\/uploads\/2024\/03\/Logo_focolares-1024x944-1.jpg","width":1024,"height":944,"caption":"Movimiento de los Focolares"},"image":{"@id":"https:\/\/focolares.es\/#\/schema\/logo\/image\/"}},{"@type":"Person","@id":"https:\/\/focolares.es\/#\/schema\/person\/460a502493de84fa7b318667e9a5c289","name":"Sonia","image":{"@type":"ImageObject","inLanguage":"gl-ES","@id":"https:\/\/focolares.es\/wp-content\/litespeed\/avatar\/cdad09e33a37c7312cdc76ceae4bbc88.jpg?ver=1777375640","url":"https:\/\/focolares.es\/wp-content\/litespeed\/avatar\/cdad09e33a37c7312cdc76ceae4bbc88.jpg?ver=1777375640","contentUrl":"https:\/\/focolares.es\/wp-content\/litespeed\/avatar\/cdad09e33a37c7312cdc76ceae4bbc88.jpg?ver=1777375640","caption":"Sonia"},"url":"https:\/\/focolares.es\/gl\/author\/sonia\/"}]}},"views":467,"_links":{"self":[{"href":"https:\/\/focolares.es\/gl\/wp-json\/wp\/v2\/posts\/17842","targetHints":{"allow":["GET"]}}],"collection":[{"href":"https:\/\/focolares.es\/gl\/wp-json\/wp\/v2\/posts"}],"about":[{"href":"https:\/\/focolares.es\/gl\/wp-json\/wp\/v2\/types\/post"}],"author":[{"embeddable":true,"href":"https:\/\/focolares.es\/gl\/wp-json\/wp\/v2\/users\/8"}],"replies":[{"embeddable":true,"href":"https:\/\/focolares.es\/gl\/wp-json\/wp\/v2\/comments?post=17842"}],"version-history":[{"count":12,"href":"https:\/\/focolares.es\/gl\/wp-json\/wp\/v2\/posts\/17842\/revisions"}],"predecessor-version":[{"id":17916,"href":"https:\/\/focolares.es\/gl\/wp-json\/wp\/v2\/posts\/17842\/revisions\/17916"}],"wp:featuredmedia":[{"embeddable":true,"href":"https:\/\/focolares.es\/gl\/wp-json\/wp\/v2\/media\/17849"}],"wp:attachment":[{"href":"https:\/\/focolares.es\/gl\/wp-json\/wp\/v2\/media?parent=17842"}],"wp:term":[{"taxonomy":"category","embeddable":true,"href":"https:\/\/focolares.es\/gl\/wp-json\/wp\/v2\/categories?post=17842"},{"taxonomy":"post_tag","embeddable":true,"href":"https:\/\/focolares.es\/gl\/wp-json\/wp\/v2\/tags?post=17842"}],"curies":[{"name":"wp","href":"https:\/\/api.w.org\/{rel}","templated":true}]}}