{"id":18397,"date":"2025-12-04T20:07:14","date_gmt":"2025-12-04T19:07:14","guid":{"rendered":"https:\/\/focolares.es\/?p=18397"},"modified":"2025-12-04T20:07:15","modified_gmt":"2025-12-04T19:07:15","slug":"apostando-pola-paz","status":"publish","type":"post","link":"https:\/\/focolares.es\/gl\/apostando-por-la-paz\/","title":{"rendered":"Apostando pola paz"},"content":{"rendered":"<h4 class=\"wp-block-heading\">O 19 de outubro, Aljucer celebrou a XIV Feira de Asociaci\u00f3ns, reunindo a dez grupos locais dedicados ao folclore, a danza, o deporte, a ecolox\u00eda, a relixiosidade e a cultura.<\/h4>\n\n\n\n<div style=\"height:68px\" aria-hidden=\"true\" class=\"wp-block-spacer\"><\/div>\n\n\n\n<p>Entre eles, como cada ano, estaba a asociaci\u00f3n ACLF Aljucer, que preparou dous obradoiros moi participativos: recortar e colorear a pomba da paz e un concurso de debuxo &quot;Pola convivencia pac\u00edfica&quot;.<\/p>\n\n\n\n<div class=\"wp-block-media-text is-stacked-on-mobile is-vertically-aligned-center\" style=\"grid-template-columns:51% auto\"><figure class=\"wp-block-media-text__media\"><img fetchpriority=\"high\" decoding=\"async\" width=\"300\" height=\"200\" src=\"https:\/\/focolares.es\/wp-content\/uploads\/2025\/11\/Feria-Aljucer-2-300x200.jpg\" alt=\"\" class=\"wp-image-18399 size-medium\" srcset=\"https:\/\/focolares.es\/wp-content\/uploads\/2025\/11\/Feria-Aljucer-2-300x200.jpg 300w, https:\/\/focolares.es\/wp-content\/uploads\/2025\/11\/Feria-Aljucer-2-1024x682.jpg 1024w, https:\/\/focolares.es\/wp-content\/uploads\/2025\/11\/Feria-Aljucer-2-768x512.jpg 768w, https:\/\/focolares.es\/wp-content\/uploads\/2025\/11\/Feria-Aljucer-2-18x12.jpg 18w, https:\/\/focolares.es\/wp-content\/uploads\/2025\/11\/Feria-Aljucer-2.jpg 1412w\" sizes=\"(max-width: 300px) 100vw, 300px\" \/><\/figure><div class=\"wp-block-media-text__content\">\n<p>Ao longo da ma\u00f1\u00e1, moita xente, especialmente nenos, visitou o posto para participar. De entre os m\u00e1is de trinta debuxos presentados, un xurado seleccionou o ga\u00f1ador, que recibiu como premio o libro &quot;O lapis m\u00e1xico de Malala&quot; da Premio Nobel da Paz Malala Yousafzai.<\/p>\n<\/div><\/div>\n\n\n\n<p>Este ano, a comunidade dos Focolares de Aljucer centra as s\u00faas actividades na construci\u00f3n da paz. Nesta ocasi\u00f3n, compartiron a s\u00faa mensaxe ao longo do Paseo, onde se celebrou a feira e por onde pasaron centos de visitantes, entre eles membros da Xunta Municipal e concelleiros do Concello de Murcia, que os animaron a continuar este traballo.<\/p>\n\n\n\n<figure class=\"wp-block-gallery has-nested-images columns-default is-cropped wp-block-gallery-1 is-layout-flex wp-block-gallery-is-layout-flex\">\n<figure class=\"wp-block-image size-large\"><img decoding=\"async\" width=\"1024\" height=\"502\" data-id=\"18400\" src=\"https:\/\/focolares.es\/wp-content\/uploads\/2025\/11\/Feria-Aljucer-3-1024x502.jpg\" alt=\"\" class=\"wp-image-18400\" srcset=\"https:\/\/focolares.es\/wp-content\/uploads\/2025\/11\/Feria-Aljucer-3-1024x502.jpg 1024w, https:\/\/focolares.es\/wp-content\/uploads\/2025\/11\/Feria-Aljucer-3-300x147.jpg 300w, https:\/\/focolares.es\/wp-content\/uploads\/2025\/11\/Feria-Aljucer-3-768x377.jpg 768w, https:\/\/focolares.es\/wp-content\/uploads\/2025\/11\/Feria-Aljucer-3-1536x753.jpg 1536w, https:\/\/focolares.es\/wp-content\/uploads\/2025\/11\/Feria-Aljucer-3-18x9.jpg 18w, https:\/\/focolares.es\/wp-content\/uploads\/2025\/11\/Feria-Aljucer-3.jpg 1578w\" sizes=\"(max-width: 1024px) 100vw, 1024px\" \/><\/figure>\n<\/figure>","protected":false},"excerpt":{"rendered":"<p>A comunidade dos Focolares de Aljucer compartiu o seu compromiso coa paz a trav\u00e9s de obradoiros creativos e mensaxes que inspiran a convivencia.<\/p>","protected":false},"author":12,"featured_media":18399,"comment_status":"open","ping_status":"closed","sticky":false,"template":"","format":"standard","meta":{"_price":"","_stock":"","_tribe_ticket_header":"","_tribe_default_ticket_provider":"","_tribe_ticket_capacity":"0","_ticket_start_date":"","_ticket_end_date":"","_tribe_ticket_show_description":"","_tribe_ticket_show_not_going":false,"_tribe_ticket_use_global_stock":"","_tribe_ticket_global_stock_level":"","_global_stock_mode":"","_global_stock_cap":"","_tribe_rsvp_for_event":"","_tribe_ticket_going_count":"","_tribe_ticket_not_going_count":"","_tribe_tickets_list":"[]","_tribe_ticket_has_attendee_info_fields":false,"footnotes":""},"categories":[1],"tags":[40,60],"class_list":["post-18397","post","type-post","status-publish","format-standard","has-post-thumbnail","hentry","category-uncategorized","tag-dialogo-y-fraternidad","tag-eventos"],"yoast_head":"<!-- This site is optimized with the Yoast SEO plugin v27.2 - https:\/\/yoast.com\/product\/yoast-seo-wordpress\/ -->\n<title>Apostando por la paz - Movimiento de los Focolares<\/title>\n<meta name=\"description\" content=\"La comunidad focolar de Aljucer impulsa talleres sobre convivencia y paz durante la 14\u00aa Feria de Asociaciones.\" \/>\n<meta name=\"robots\" content=\"index, follow, max-snippet:-1, max-image-preview:large, max-video-preview:-1\" \/>\n<link rel=\"canonical\" href=\"https:\/\/focolares.es\/gl\/apostando-pola-paz\/\" \/>\n<meta property=\"og:locale\" content=\"gl_ES\" \/>\n<meta property=\"og:type\" content=\"article\" \/>\n<meta property=\"og:title\" content=\"Apostando por la paz - Movimiento de los Focolares\" \/>\n<meta property=\"og:description\" content=\"La comunidad focolar de Aljucer impulsa talleres sobre convivencia y paz durante la 14\u00aa Feria de Asociaciones.\" \/>\n<meta property=\"og:url\" content=\"https:\/\/focolares.es\/gl\/apostando-pola-paz\/\" \/>\n<meta property=\"og:site_name\" content=\"Movimiento de los Focolares\" \/>\n<meta property=\"article:published_time\" content=\"2025-12-04T19:07:14+00:00\" \/>\n<meta property=\"article:modified_time\" content=\"2025-12-04T19:07:15+00:00\" \/>\n<meta property=\"og:image\" content=\"https:\/\/focolares.es\/wp-content\/uploads\/2025\/11\/Feria-Aljucer-2.jpg\" \/>\n\t<meta property=\"og:image:width\" content=\"1412\" \/>\n\t<meta property=\"og:image:height\" content=\"941\" \/>\n\t<meta property=\"og:image:type\" content=\"image\/jpeg\" \/>\n<meta name=\"author\" content=\"Arantza Ech\u00e1niz\" \/>\n<meta name=\"twitter:card\" content=\"summary_large_image\" \/>\n<meta name=\"twitter:label1\" content=\"Escrito por\" \/>\n\t<meta name=\"twitter:data1\" content=\"Arantza Ech\u00e1niz\" \/>\n\t<meta name=\"twitter:label2\" content=\"Tempo de lectura\" \/>\n\t<meta name=\"twitter:data2\" content=\"2 minutos\" \/>\n<script type=\"application\/ld+json\" class=\"yoast-schema-graph\">{\"@context\":\"https:\/\/schema.org\",\"@graph\":[{\"@type\":\"Article\",\"@id\":\"https:\/\/focolares.es\/apostando-por-la-paz\/#article\",\"isPartOf\":{\"@id\":\"https:\/\/focolares.es\/apostando-por-la-paz\/\"},\"author\":{\"name\":\"Arantza Ech\u00e1niz\",\"@id\":\"https:\/\/focolares.es\/#\/schema\/person\/408a88b3ec375e72bd669e45b0c95016\"},\"headline\":\"Apostando por la paz\",\"datePublished\":\"2025-12-04T19:07:14+00:00\",\"dateModified\":\"2025-12-04T19:07:15+00:00\",\"mainEntityOfPage\":{\"@id\":\"https:\/\/focolares.es\/apostando-por-la-paz\/\"},\"wordCount\":181,\"commentCount\":0,\"publisher\":{\"@id\":\"https:\/\/focolares.es\/#organization\"},\"image\":{\"@id\":\"https:\/\/focolares.es\/apostando-por-la-paz\/#primaryimage\"},\"thumbnailUrl\":\"https:\/\/focolares.es\/wp-content\/uploads\/2025\/11\/Feria-Aljucer-2.jpg\",\"keywords\":[\"Di\u00e1logo y fraternidad\",\"Eventos\"],\"articleSection\":[\"Uncategorized\"],\"inLanguage\":\"gl-ES\",\"potentialAction\":[{\"@type\":\"CommentAction\",\"name\":\"Comment\",\"target\":[\"https:\/\/focolares.es\/apostando-por-la-paz\/#respond\"]}]},{\"@type\":\"WebPage\",\"@id\":\"https:\/\/focolares.es\/apostando-por-la-paz\/\",\"url\":\"https:\/\/focolares.es\/apostando-por-la-paz\/\",\"name\":\"Apostando por la paz - Movimiento de los Focolares\",\"isPartOf\":{\"@id\":\"https:\/\/focolares.es\/#website\"},\"primaryImageOfPage\":{\"@id\":\"https:\/\/focolares.es\/apostando-por-la-paz\/#primaryimage\"},\"image\":{\"@id\":\"https:\/\/focolares.es\/apostando-por-la-paz\/#primaryimage\"},\"thumbnailUrl\":\"https:\/\/focolares.es\/wp-content\/uploads\/2025\/11\/Feria-Aljucer-2.jpg\",\"datePublished\":\"2025-12-04T19:07:14+00:00\",\"dateModified\":\"2025-12-04T19:07:15+00:00\",\"description\":\"La comunidad focolar de Aljucer impulsa talleres sobre convivencia y paz durante la 14\u00aa Feria de Asociaciones.\",\"breadcrumb\":{\"@id\":\"https:\/\/focolares.es\/apostando-por-la-paz\/#breadcrumb\"},\"inLanguage\":\"gl-ES\",\"potentialAction\":[{\"@type\":\"ReadAction\",\"target\":[\"https:\/\/focolares.es\/apostando-por-la-paz\/\"]}]},{\"@type\":\"ImageObject\",\"inLanguage\":\"gl-ES\",\"@id\":\"https:\/\/focolares.es\/apostando-por-la-paz\/#primaryimage\",\"url\":\"https:\/\/focolares.es\/wp-content\/uploads\/2025\/11\/Feria-Aljucer-2.jpg\",\"contentUrl\":\"https:\/\/focolares.es\/wp-content\/uploads\/2025\/11\/Feria-Aljucer-2.jpg\",\"width\":1412,\"height\":941},{\"@type\":\"BreadcrumbList\",\"@id\":\"https:\/\/focolares.es\/apostando-por-la-paz\/#breadcrumb\",\"itemListElement\":[{\"@type\":\"ListItem\",\"position\":1,\"name\":\"Portada\",\"item\":\"https:\/\/focolares.es\/\"},{\"@type\":\"ListItem\",\"position\":2,\"name\":\"Apostando por la paz\"}]},{\"@type\":\"WebSite\",\"@id\":\"https:\/\/focolares.es\/#website\",\"url\":\"https:\/\/focolares.es\/\",\"name\":\"Movimiento de los Focolares\",\"description\":\"\",\"publisher\":{\"@id\":\"https:\/\/focolares.es\/#organization\"},\"potentialAction\":[{\"@type\":\"SearchAction\",\"target\":{\"@type\":\"EntryPoint\",\"urlTemplate\":\"https:\/\/focolares.es\/?s={search_term_string}\"},\"query-input\":{\"@type\":\"PropertyValueSpecification\",\"valueRequired\":true,\"valueName\":\"search_term_string\"}}],\"inLanguage\":\"gl-ES\"},{\"@type\":\"Organization\",\"@id\":\"https:\/\/focolares.es\/#organization\",\"name\":\"Movimiento de los Focolares\",\"url\":\"https:\/\/focolares.es\/\",\"logo\":{\"@type\":\"ImageObject\",\"inLanguage\":\"gl-ES\",\"@id\":\"https:\/\/focolares.es\/#\/schema\/logo\/image\/\",\"url\":\"https:\/\/focolares.es\/wp-content\/uploads\/2024\/03\/Logo_focolares-1024x944-1.jpg\",\"contentUrl\":\"https:\/\/focolares.es\/wp-content\/uploads\/2024\/03\/Logo_focolares-1024x944-1.jpg\",\"width\":1024,\"height\":944,\"caption\":\"Movimiento de los Focolares\"},\"image\":{\"@id\":\"https:\/\/focolares.es\/#\/schema\/logo\/image\/\"}},{\"@type\":\"Person\",\"@id\":\"https:\/\/focolares.es\/#\/schema\/person\/408a88b3ec375e72bd669e45b0c95016\",\"name\":\"Arantza Ech\u00e1niz\",\"image\":{\"@type\":\"ImageObject\",\"inLanguage\":\"gl-ES\",\"@id\":\"https:\/\/focolares.es\/wp-content\/litespeed\/avatar\/93f247023d9e040113e796f0d8db508b.jpg?ver=1777464735\",\"url\":\"https:\/\/focolares.es\/wp-content\/litespeed\/avatar\/93f247023d9e040113e796f0d8db508b.jpg?ver=1777464735\",\"contentUrl\":\"https:\/\/focolares.es\/wp-content\/litespeed\/avatar\/93f247023d9e040113e796f0d8db508b.jpg?ver=1777464735\",\"caption\":\"Arantza Ech\u00e1niz\"},\"url\":\"https:\/\/focolares.es\/gl\/author\/arantza\/\"}]}<\/script>\n<!-- \/ Yoast SEO plugin. -->","yoast_head_json":{"title":"Apostando pola paz - Movemento dos Focolares","description":"A comunidade dos Focolares de Aljucer promove obradoiros sobre convivencia e paz durante a XIV Feira de Asociaci\u00f3ns.","robots":{"index":"index","follow":"follow","max-snippet":"max-snippet:-1","max-image-preview":"max-image-preview:large","max-video-preview":"max-video-preview:-1"},"canonical":"https:\/\/focolares.es\/gl\/apostando-pola-paz\/","og_locale":"gl_ES","og_type":"article","og_title":"Apostando por la paz - Movimiento de los Focolares","og_description":"La comunidad focolar de Aljucer impulsa talleres sobre convivencia y paz durante la 14\u00aa Feria de Asociaciones.","og_url":"https:\/\/focolares.es\/gl\/apostando-pola-paz\/","og_site_name":"Movimiento de los Focolares","article_published_time":"2025-12-04T19:07:14+00:00","article_modified_time":"2025-12-04T19:07:15+00:00","og_image":[{"width":1412,"height":941,"url":"https:\/\/focolares.es\/wp-content\/uploads\/2025\/11\/Feria-Aljucer-2.jpg","type":"image\/jpeg"}],"author":"Arantza Ech\u00e1niz","twitter_card":"summary_large_image","twitter_misc":{"Escrito por":"Arantza Ech\u00e1niz","Tempo de lectura":"2 minutos"},"schema":{"@context":"https:\/\/schema.org","@graph":[{"@type":"Article","@id":"https:\/\/focolares.es\/apostando-por-la-paz\/#article","isPartOf":{"@id":"https:\/\/focolares.es\/apostando-por-la-paz\/"},"author":{"name":"Arantza Ech\u00e1niz","@id":"https:\/\/focolares.es\/#\/schema\/person\/408a88b3ec375e72bd669e45b0c95016"},"headline":"Apostando por la paz","datePublished":"2025-12-04T19:07:14+00:00","dateModified":"2025-12-04T19:07:15+00:00","mainEntityOfPage":{"@id":"https:\/\/focolares.es\/apostando-por-la-paz\/"},"wordCount":181,"commentCount":0,"publisher":{"@id":"https:\/\/focolares.es\/#organization"},"image":{"@id":"https:\/\/focolares.es\/apostando-por-la-paz\/#primaryimage"},"thumbnailUrl":"https:\/\/focolares.es\/wp-content\/uploads\/2025\/11\/Feria-Aljucer-2.jpg","keywords":["Di\u00e1logo y fraternidad","Eventos"],"articleSection":["Uncategorized"],"inLanguage":"gl-ES","potentialAction":[{"@type":"CommentAction","name":"Comment","target":["https:\/\/focolares.es\/apostando-por-la-paz\/#respond"]}]},{"@type":"WebPage","@id":"https:\/\/focolares.es\/apostando-por-la-paz\/","url":"https:\/\/focolares.es\/apostando-por-la-paz\/","name":"Apostando pola paz - Movemento dos Focolares","isPartOf":{"@id":"https:\/\/focolares.es\/#website"},"primaryImageOfPage":{"@id":"https:\/\/focolares.es\/apostando-por-la-paz\/#primaryimage"},"image":{"@id":"https:\/\/focolares.es\/apostando-por-la-paz\/#primaryimage"},"thumbnailUrl":"https:\/\/focolares.es\/wp-content\/uploads\/2025\/11\/Feria-Aljucer-2.jpg","datePublished":"2025-12-04T19:07:14+00:00","dateModified":"2025-12-04T19:07:15+00:00","description":"A comunidade dos Focolares de Aljucer promove obradoiros sobre convivencia e paz durante a XIV Feira de Asociaci\u00f3ns.","breadcrumb":{"@id":"https:\/\/focolares.es\/apostando-por-la-paz\/#breadcrumb"},"inLanguage":"gl-ES","potentialAction":[{"@type":"ReadAction","target":["https:\/\/focolares.es\/apostando-por-la-paz\/"]}]},{"@type":"ImageObject","inLanguage":"gl-ES","@id":"https:\/\/focolares.es\/apostando-por-la-paz\/#primaryimage","url":"https:\/\/focolares.es\/wp-content\/uploads\/2025\/11\/Feria-Aljucer-2.jpg","contentUrl":"https:\/\/focolares.es\/wp-content\/uploads\/2025\/11\/Feria-Aljucer-2.jpg","width":1412,"height":941},{"@type":"BreadcrumbList","@id":"https:\/\/focolares.es\/apostando-por-la-paz\/#breadcrumb","itemListElement":[{"@type":"ListItem","position":1,"name":"Portada","item":"https:\/\/focolares.es\/"},{"@type":"ListItem","position":2,"name":"Apostando por la paz"}]},{"@type":"WebSite","@id":"https:\/\/focolares.es\/#website","url":"https:\/\/focolares.es\/","name":"Movemento dos Focolares","description":"","publisher":{"@id":"https:\/\/focolares.es\/#organization"},"potentialAction":[{"@type":"SearchAction","target":{"@type":"EntryPoint","urlTemplate":"https:\/\/focolares.es\/?s={search_term_string}"},"query-input":{"@type":"PropertyValueSpecification","valueRequired":true,"valueName":"search_term_string"}}],"inLanguage":"gl-ES"},{"@type":"Organization","@id":"https:\/\/focolares.es\/#organization","name":"Movemento dos Focolares","url":"https:\/\/focolares.es\/","logo":{"@type":"ImageObject","inLanguage":"gl-ES","@id":"https:\/\/focolares.es\/#\/schema\/logo\/image\/","url":"https:\/\/focolares.es\/wp-content\/uploads\/2024\/03\/Logo_focolares-1024x944-1.jpg","contentUrl":"https:\/\/focolares.es\/wp-content\/uploads\/2024\/03\/Logo_focolares-1024x944-1.jpg","width":1024,"height":944,"caption":"Movimiento de los Focolares"},"image":{"@id":"https:\/\/focolares.es\/#\/schema\/logo\/image\/"}},{"@type":"Person","@id":"https:\/\/focolares.es\/#\/schema\/person\/408a88b3ec375e72bd669e45b0c95016","name":"Arantza Ech\u00e1niz","image":{"@type":"ImageObject","inLanguage":"gl-ES","@id":"https:\/\/focolares.es\/wp-content\/litespeed\/avatar\/93f247023d9e040113e796f0d8db508b.jpg?ver=1777464735","url":"https:\/\/focolares.es\/wp-content\/litespeed\/avatar\/93f247023d9e040113e796f0d8db508b.jpg?ver=1777464735","contentUrl":"https:\/\/focolares.es\/wp-content\/litespeed\/avatar\/93f247023d9e040113e796f0d8db508b.jpg?ver=1777464735","caption":"Arantza Ech\u00e1niz"},"url":"https:\/\/focolares.es\/gl\/author\/arantza\/"}]}},"views":46,"_links":{"self":[{"href":"https:\/\/focolares.es\/gl\/wp-json\/wp\/v2\/posts\/18397","targetHints":{"allow":["GET"]}}],"collection":[{"href":"https:\/\/focolares.es\/gl\/wp-json\/wp\/v2\/posts"}],"about":[{"href":"https:\/\/focolares.es\/gl\/wp-json\/wp\/v2\/types\/post"}],"author":[{"embeddable":true,"href":"https:\/\/focolares.es\/gl\/wp-json\/wp\/v2\/users\/12"}],"replies":[{"embeddable":true,"href":"https:\/\/focolares.es\/gl\/wp-json\/wp\/v2\/comments?post=18397"}],"version-history":[{"count":34,"href":"https:\/\/focolares.es\/gl\/wp-json\/wp\/v2\/posts\/18397\/revisions"}],"predecessor-version":[{"id":18556,"href":"https:\/\/focolares.es\/gl\/wp-json\/wp\/v2\/posts\/18397\/revisions\/18556"}],"wp:featuredmedia":[{"embeddable":true,"href":"https:\/\/focolares.es\/gl\/wp-json\/wp\/v2\/media\/18399"}],"wp:attachment":[{"href":"https:\/\/focolares.es\/gl\/wp-json\/wp\/v2\/media?parent=18397"}],"wp:term":[{"taxonomy":"category","embeddable":true,"href":"https:\/\/focolares.es\/gl\/wp-json\/wp\/v2\/categories?post=18397"},{"taxonomy":"post_tag","embeddable":true,"href":"https:\/\/focolares.es\/gl\/wp-json\/wp\/v2\/tags?post=18397"}],"curies":[{"name":"wp","href":"https:\/\/api.w.org\/{rel}","templated":true}]}}