{"id":19360,"date":"2026-04-27T18:09:05","date_gmt":"2026-04-27T16:09:05","guid":{"rendered":"https:\/\/focolares.es\/?p=19360"},"modified":"2026-04-27T18:09:07","modified_gmt":"2026-04-27T16:09:07","slug":"cuando-la-teologia-se-hace-vida-y-cultura","status":"publish","type":"post","link":"https:\/\/focolares.es\/gl\/cuando-la-teologia-se-hace-vida-y-cultura\/","title":{"rendered":"Cando a teolox\u00eda se converte en vida e cultura"},"content":{"rendered":"<h4 class=\"wp-block-heading\">M\u00e1is al\u00e1 de ser vista como especulaci\u00f3n abstracta, a ontolox\u00eda trinitaria busca contribu\u00edr a abordar os desaf\u00edos contempor\u00e1neos como a fragmentaci\u00f3n social, a crise de significado e o di\u00e1logo interrelixioso. Esta disciplina emerxente prop\u00f3n que o &quot;Ser&quot; non \u00e9 un amor solitario, sen\u00f3n esencialmente relacional e trinitario, ofrecendo un novo marco para comprender a filosof\u00eda, a teolox\u00eda e a vida coti\u00e1.<\/h4>\n\n\n\n<div style=\"height:40px\" aria-hidden=\"true\" class=\"wp-block-spacer\"><\/div>\n\n\n\n<p>A ontolox\u00eda trinitaria enm\u00e1rcase na intuici\u00f3n de Chiara Lubich e foi desenvolvida academicamente por te\u00f3logos e fil\u00f3sofos como Piero Coda e Klaus Hemmerle, quen lle deron o seu impulso definitivo e formador de identidade en 1976, introducindo explicitamente a f\u00f3rmula na tese n\u00famero 9 do seu escrito para esbozar o nacemento dun &quot;novo pensamento&quot;. <\/p>\n\n\n\n<p>A clave reside en superar a visi\u00f3n est\u00e1tica de Deus e a humanidade. Se Deus \u00e9 Trindade \u2014relaci\u00f3n eterna\u2014, ent\u00f3n toda a realidade creada leva a marca da relacionalidade. <\/p>\n\n\n\n<p>Un aspecto novedoso desta disciplina \u00e9 que non \u00e9 nin unicamente teolox\u00eda \u2014o estudo de Deus\u2014 nin unicamente filosof\u00eda \u2014o estudo do ser\u2014, sen\u00f3n un \u00abterceiro espazo\u00bb onde ambos se enriquecen mutuamente. O t\u00edtulo dun dos seminarios celebrados en Espa\u00f1a ilustra isto moi ben: \u00abO amor trinitario enriquece a filosof\u00eda e a teolox\u00eda\u00bb.<\/p>\n\n\n\n<p>No noso pa\u00eds, xa se celebraron cinco seminarios organizados pola editorial Ciudad Nueva cos que participaron diversos expertos espa\u00f1ois e latinoamericanos, as\u00ed como alg\u00fans profesores do Instituto Universitario Sophia de Loppiano, en Italia.<\/p>\n\n\n\n<figure class=\"wp-block-image size-full\"><img fetchpriority=\"high\" decoding=\"async\" width=\"1024\" height=\"683\" src=\"https:\/\/focolares.es\/wp-content\/uploads\/2026\/04\/Granada-1-1024x683-1.jpg\" alt=\"\" class=\"wp-image-19362\" srcset=\"https:\/\/focolares.es\/wp-content\/uploads\/2026\/04\/Granada-1-1024x683-1.jpg 1024w, https:\/\/focolares.es\/wp-content\/uploads\/2026\/04\/Granada-1-1024x683-1-300x200.jpg 300w, https:\/\/focolares.es\/wp-content\/uploads\/2026\/04\/Granada-1-1024x683-1-768x512.jpg 768w, https:\/\/focolares.es\/wp-content\/uploads\/2026\/04\/Granada-1-1024x683-1-18x12.jpg 18w\" sizes=\"(max-width: 1024px) 100vw, 1024px\" \/><\/figure>\n\n\n\n<p>O \u00faltimo seminario celebrouse en Granada o pasado mes de outubro e foi acollido pola comunidade do Movemento dos Focolares desa cidade, que tam\u00e9n colaborou na presentaci\u00f3n do primeiro volume do <a href=\"https:\/\/www.ciudadnueva.com\/libro\/manifiesto-para-una-reforma-del-pensar\" target=\"_blank\" rel=\"noreferrer noopener\"><em>Dicionario din\u00e1mico de ontolox\u00eda trinitaria<\/em>.<\/a> Como afirmou un dos organizadores, \u201cfoi un momento de comunidade, de familia, un lugar privilexiado para po\u00f1er en pr\u00e1ctica estas relaci\u00f3ns trinitarias\u201d. <\/p>\n\n\n\n<p>De feito, a Ontolox\u00eda Trinitaria apr\u00e9ndese practic\u00e1ndoa nun lugar, nunha aula de estudo e investigaci\u00f3n, que \u00e9 un laboratorio de pensamento, as\u00ed como un campo de adestramento para a vida e o amor. <br>Noutras palabras, un obradoiro no que cada persoa \u00e9 actor e protagonista; responsable un do outro no seu propio cami\u00f1o, reciprocamente.<\/p>\n\n\n\n<p><\/p>","protected":false},"excerpt":{"rendered":"<p>A ontolox\u00eda trinitaria prop\u00f3n unha visi\u00f3n relacional da realidade.<\/p>","protected":false},"author":1,"featured_media":19379,"comment_status":"open","ping_status":"closed","sticky":false,"template":"","format":"standard","meta":{"_price":"","_stock":"","_tribe_ticket_header":"","_tribe_default_ticket_provider":"","_tribe_ticket_capacity":"0","_ticket_start_date":"","_ticket_end_date":"","_tribe_ticket_show_description":"","_tribe_ticket_show_not_going":false,"_tribe_ticket_use_global_stock":"","_tribe_ticket_global_stock_level":"","_global_stock_mode":"","_global_stock_cap":"","_tribe_rsvp_for_event":"","_tribe_ticket_going_count":"","_tribe_ticket_not_going_count":"","_tribe_tickets_list":"[]","_tribe_ticket_has_attendee_info_fields":false,"footnotes":""},"categories":[1],"tags":[52],"class_list":["post-19360","post","type-post","status-publish","format-standard","has-post-thumbnail","hentry","category-uncategorized","tag-ciencia-humanidades-y-pensamiento"],"yoast_head":"<!-- This site is optimized with the Yoast SEO plugin v27.2 - https:\/\/yoast.com\/product\/yoast-seo-wordpress\/ -->\n<title>Cuando la teolog\u00eda se hace vida y cultura - Movimiento de los Focolares<\/title>\n<meta name=\"description\" content=\"La Ontolog\u00eda Trinitaria contribuye a dar respuesta a retos contempor\u00e1neos como la fragmentaci\u00f3n social, la crisis de sentido o el di\u00e1logo interreligioso.\" \/>\n<meta name=\"robots\" content=\"index, follow, max-snippet:-1, max-image-preview:large, max-video-preview:-1\" \/>\n<link rel=\"canonical\" href=\"https:\/\/focolares.es\/gl\/cuando-la-teologia-se-hace-vida-y-cultura\/\" \/>\n<meta property=\"og:locale\" content=\"gl_ES\" \/>\n<meta property=\"og:type\" content=\"article\" \/>\n<meta property=\"og:title\" content=\"Cuando la teolog\u00eda se hace vida y cultura - Movimiento de los Focolares\" \/>\n<meta property=\"og:description\" content=\"La Ontolog\u00eda Trinitaria contribuye a dar respuesta a retos contempor\u00e1neos como la fragmentaci\u00f3n social, la crisis de sentido o el di\u00e1logo interreligioso.\" \/>\n<meta property=\"og:url\" content=\"https:\/\/focolares.es\/gl\/cuando-la-teologia-se-hace-vida-y-cultura\/\" \/>\n<meta property=\"og:site_name\" content=\"Movimiento de los Focolares\" \/>\n<meta property=\"article:published_time\" content=\"2026-04-27T16:09:05+00:00\" \/>\n<meta property=\"article:modified_time\" content=\"2026-04-27T16:09:07+00:00\" \/>\n<meta property=\"og:image\" content=\"https:\/\/focolares.es\/wp-content\/uploads\/2026\/04\/Ontologia-trinitaria-Las-Matas.jpg\" \/>\n\t<meta property=\"og:image:width\" content=\"900\" \/>\n\t<meta property=\"og:image:height\" content=\"506\" \/>\n\t<meta property=\"og:image:type\" content=\"image\/jpeg\" \/>\n<meta name=\"author\" content=\"admin\" \/>\n<meta name=\"twitter:card\" content=\"summary_large_image\" \/>\n<meta name=\"twitter:label1\" content=\"Escrito por\" \/>\n\t<meta name=\"twitter:data1\" content=\"admin\" \/>\n\t<meta name=\"twitter:label2\" content=\"Tempo de lectura\" \/>\n\t<meta name=\"twitter:data2\" content=\"3 minutos\" \/>\n<script type=\"application\/ld+json\" class=\"yoast-schema-graph\">{\"@context\":\"https:\/\/schema.org\",\"@graph\":[{\"@type\":\"Article\",\"@id\":\"https:\/\/focolares.es\/cuando-la-teologia-se-hace-vida-y-cultura\/#article\",\"isPartOf\":{\"@id\":\"https:\/\/focolares.es\/cuando-la-teologia-se-hace-vida-y-cultura\/\"},\"author\":{\"name\":\"admin\",\"@id\":\"https:\/\/focolares.es\/#\/schema\/person\/fdbf1cac3e3957f836bf607a31e7616d\"},\"headline\":\"Cuando la teolog\u00eda se hace vida y cultura\",\"datePublished\":\"2026-04-27T16:09:05+00:00\",\"dateModified\":\"2026-04-27T16:09:07+00:00\",\"mainEntityOfPage\":{\"@id\":\"https:\/\/focolares.es\/cuando-la-teologia-se-hace-vida-y-cultura\/\"},\"wordCount\":413,\"commentCount\":0,\"publisher\":{\"@id\":\"https:\/\/focolares.es\/#organization\"},\"image\":{\"@id\":\"https:\/\/focolares.es\/cuando-la-teologia-se-hace-vida-y-cultura\/#primaryimage\"},\"thumbnailUrl\":\"https:\/\/focolares.es\/wp-content\/uploads\/2026\/04\/Ontologia-trinitaria-Las-Matas.jpg\",\"keywords\":[\"Ciencia, humanidades y pensamiento\"],\"articleSection\":[\"Uncategorized\"],\"inLanguage\":\"gl-ES\",\"potentialAction\":[{\"@type\":\"CommentAction\",\"name\":\"Comment\",\"target\":[\"https:\/\/focolares.es\/cuando-la-teologia-se-hace-vida-y-cultura\/#respond\"]}]},{\"@type\":\"WebPage\",\"@id\":\"https:\/\/focolares.es\/cuando-la-teologia-se-hace-vida-y-cultura\/\",\"url\":\"https:\/\/focolares.es\/cuando-la-teologia-se-hace-vida-y-cultura\/\",\"name\":\"Cuando la teolog\u00eda se hace vida y cultura - Movimiento de los Focolares\",\"isPartOf\":{\"@id\":\"https:\/\/focolares.es\/#website\"},\"primaryImageOfPage\":{\"@id\":\"https:\/\/focolares.es\/cuando-la-teologia-se-hace-vida-y-cultura\/#primaryimage\"},\"image\":{\"@id\":\"https:\/\/focolares.es\/cuando-la-teologia-se-hace-vida-y-cultura\/#primaryimage\"},\"thumbnailUrl\":\"https:\/\/focolares.es\/wp-content\/uploads\/2026\/04\/Ontologia-trinitaria-Las-Matas.jpg\",\"datePublished\":\"2026-04-27T16:09:05+00:00\",\"dateModified\":\"2026-04-27T16:09:07+00:00\",\"description\":\"La Ontolog\u00eda Trinitaria contribuye a dar respuesta a retos contempor\u00e1neos como la fragmentaci\u00f3n social, la crisis de sentido o el di\u00e1logo interreligioso.\",\"breadcrumb\":{\"@id\":\"https:\/\/focolares.es\/cuando-la-teologia-se-hace-vida-y-cultura\/#breadcrumb\"},\"inLanguage\":\"gl-ES\",\"potentialAction\":[{\"@type\":\"ReadAction\",\"target\":[\"https:\/\/focolares.es\/cuando-la-teologia-se-hace-vida-y-cultura\/\"]}]},{\"@type\":\"ImageObject\",\"inLanguage\":\"gl-ES\",\"@id\":\"https:\/\/focolares.es\/cuando-la-teologia-se-hace-vida-y-cultura\/#primaryimage\",\"url\":\"https:\/\/focolares.es\/wp-content\/uploads\/2026\/04\/Ontologia-trinitaria-Las-Matas.jpg\",\"contentUrl\":\"https:\/\/focolares.es\/wp-content\/uploads\/2026\/04\/Ontologia-trinitaria-Las-Matas.jpg\",\"width\":900,\"height\":506},{\"@type\":\"BreadcrumbList\",\"@id\":\"https:\/\/focolares.es\/cuando-la-teologia-se-hace-vida-y-cultura\/#breadcrumb\",\"itemListElement\":[{\"@type\":\"ListItem\",\"position\":1,\"name\":\"Portada\",\"item\":\"https:\/\/focolares.es\/\"},{\"@type\":\"ListItem\",\"position\":2,\"name\":\"Cuando la teolog\u00eda se hace vida y cultura\"}]},{\"@type\":\"WebSite\",\"@id\":\"https:\/\/focolares.es\/#website\",\"url\":\"https:\/\/focolares.es\/\",\"name\":\"Movimiento de los Focolares\",\"description\":\"\",\"publisher\":{\"@id\":\"https:\/\/focolares.es\/#organization\"},\"potentialAction\":[{\"@type\":\"SearchAction\",\"target\":{\"@type\":\"EntryPoint\",\"urlTemplate\":\"https:\/\/focolares.es\/?s={search_term_string}\"},\"query-input\":{\"@type\":\"PropertyValueSpecification\",\"valueRequired\":true,\"valueName\":\"search_term_string\"}}],\"inLanguage\":\"gl-ES\"},{\"@type\":\"Organization\",\"@id\":\"https:\/\/focolares.es\/#organization\",\"name\":\"Movimiento de los Focolares\",\"url\":\"https:\/\/focolares.es\/\",\"logo\":{\"@type\":\"ImageObject\",\"inLanguage\":\"gl-ES\",\"@id\":\"https:\/\/focolares.es\/#\/schema\/logo\/image\/\",\"url\":\"https:\/\/focolares.es\/wp-content\/uploads\/2024\/03\/Logo_focolares-1024x944-1.jpg\",\"contentUrl\":\"https:\/\/focolares.es\/wp-content\/uploads\/2024\/03\/Logo_focolares-1024x944-1.jpg\",\"width\":1024,\"height\":944,\"caption\":\"Movimiento de los Focolares\"},\"image\":{\"@id\":\"https:\/\/focolares.es\/#\/schema\/logo\/image\/\"}},{\"@type\":\"Person\",\"@id\":\"https:\/\/focolares.es\/#\/schema\/person\/fdbf1cac3e3957f836bf607a31e7616d\",\"name\":\"admin\",\"image\":{\"@type\":\"ImageObject\",\"inLanguage\":\"gl-ES\",\"@id\":\"https:\/\/focolares.es\/wp-content\/litespeed\/avatar\/ba00c276ce0fa7863cda4038d70907a8.jpg?ver=1777380135\",\"url\":\"https:\/\/focolares.es\/wp-content\/litespeed\/avatar\/ba00c276ce0fa7863cda4038d70907a8.jpg?ver=1777380135\",\"contentUrl\":\"https:\/\/focolares.es\/wp-content\/litespeed\/avatar\/ba00c276ce0fa7863cda4038d70907a8.jpg?ver=1777380135\",\"caption\":\"admin\"},\"sameAs\":[\"https:\/\/focolares.es\"],\"url\":\"https:\/\/focolares.es\/gl\/author\/afesersl_mcjhk9wv\/\"}]}<\/script>\n<!-- \/ Yoast SEO plugin. -->","yoast_head_json":{"title":"Cando a teolox\u00eda se fai vida e cultura - O Movemento dos Focolares","description":"A ontolox\u00eda trinitaria contrib\u00fae a responder a desaf\u00edos contempor\u00e1neos como a fragmentaci\u00f3n social, a crise de sentido e o di\u00e1logo interrelixioso.","robots":{"index":"index","follow":"follow","max-snippet":"max-snippet:-1","max-image-preview":"max-image-preview:large","max-video-preview":"max-video-preview:-1"},"canonical":"https:\/\/focolares.es\/gl\/cuando-la-teologia-se-hace-vida-y-cultura\/","og_locale":"gl_ES","og_type":"article","og_title":"Cuando la teolog\u00eda se hace vida y cultura - Movimiento de los Focolares","og_description":"La Ontolog\u00eda Trinitaria contribuye a dar respuesta a retos contempor\u00e1neos como la fragmentaci\u00f3n social, la crisis de sentido o el di\u00e1logo interreligioso.","og_url":"https:\/\/focolares.es\/gl\/cuando-la-teologia-se-hace-vida-y-cultura\/","og_site_name":"Movimiento de los Focolares","article_published_time":"2026-04-27T16:09:05+00:00","article_modified_time":"2026-04-27T16:09:07+00:00","og_image":[{"width":900,"height":506,"url":"https:\/\/focolares.es\/wp-content\/uploads\/2026\/04\/Ontologia-trinitaria-Las-Matas.jpg","type":"image\/jpeg"}],"author":"admin","twitter_card":"summary_large_image","twitter_misc":{"Escrito por":"admin","Tempo de lectura":"3 minutos"},"schema":{"@context":"https:\/\/schema.org","@graph":[{"@type":"Article","@id":"https:\/\/focolares.es\/cuando-la-teologia-se-hace-vida-y-cultura\/#article","isPartOf":{"@id":"https:\/\/focolares.es\/cuando-la-teologia-se-hace-vida-y-cultura\/"},"author":{"name":"admin","@id":"https:\/\/focolares.es\/#\/schema\/person\/fdbf1cac3e3957f836bf607a31e7616d"},"headline":"Cuando la teolog\u00eda se hace vida y cultura","datePublished":"2026-04-27T16:09:05+00:00","dateModified":"2026-04-27T16:09:07+00:00","mainEntityOfPage":{"@id":"https:\/\/focolares.es\/cuando-la-teologia-se-hace-vida-y-cultura\/"},"wordCount":413,"commentCount":0,"publisher":{"@id":"https:\/\/focolares.es\/#organization"},"image":{"@id":"https:\/\/focolares.es\/cuando-la-teologia-se-hace-vida-y-cultura\/#primaryimage"},"thumbnailUrl":"https:\/\/focolares.es\/wp-content\/uploads\/2026\/04\/Ontologia-trinitaria-Las-Matas.jpg","keywords":["Ciencia, humanidades y pensamiento"],"articleSection":["Uncategorized"],"inLanguage":"gl-ES","potentialAction":[{"@type":"CommentAction","name":"Comment","target":["https:\/\/focolares.es\/cuando-la-teologia-se-hace-vida-y-cultura\/#respond"]}]},{"@type":"WebPage","@id":"https:\/\/focolares.es\/cuando-la-teologia-se-hace-vida-y-cultura\/","url":"https:\/\/focolares.es\/cuando-la-teologia-se-hace-vida-y-cultura\/","name":"Cando a teolox\u00eda se fai vida e cultura - O Movemento dos Focolares","isPartOf":{"@id":"https:\/\/focolares.es\/#website"},"primaryImageOfPage":{"@id":"https:\/\/focolares.es\/cuando-la-teologia-se-hace-vida-y-cultura\/#primaryimage"},"image":{"@id":"https:\/\/focolares.es\/cuando-la-teologia-se-hace-vida-y-cultura\/#primaryimage"},"thumbnailUrl":"https:\/\/focolares.es\/wp-content\/uploads\/2026\/04\/Ontologia-trinitaria-Las-Matas.jpg","datePublished":"2026-04-27T16:09:05+00:00","dateModified":"2026-04-27T16:09:07+00:00","description":"A ontolox\u00eda trinitaria contrib\u00fae a responder a desaf\u00edos contempor\u00e1neos como a fragmentaci\u00f3n social, a crise de sentido e o di\u00e1logo interrelixioso.","breadcrumb":{"@id":"https:\/\/focolares.es\/cuando-la-teologia-se-hace-vida-y-cultura\/#breadcrumb"},"inLanguage":"gl-ES","potentialAction":[{"@type":"ReadAction","target":["https:\/\/focolares.es\/cuando-la-teologia-se-hace-vida-y-cultura\/"]}]},{"@type":"ImageObject","inLanguage":"gl-ES","@id":"https:\/\/focolares.es\/cuando-la-teologia-se-hace-vida-y-cultura\/#primaryimage","url":"https:\/\/focolares.es\/wp-content\/uploads\/2026\/04\/Ontologia-trinitaria-Las-Matas.jpg","contentUrl":"https:\/\/focolares.es\/wp-content\/uploads\/2026\/04\/Ontologia-trinitaria-Las-Matas.jpg","width":900,"height":506},{"@type":"BreadcrumbList","@id":"https:\/\/focolares.es\/cuando-la-teologia-se-hace-vida-y-cultura\/#breadcrumb","itemListElement":[{"@type":"ListItem","position":1,"name":"Portada","item":"https:\/\/focolares.es\/"},{"@type":"ListItem","position":2,"name":"Cuando la teolog\u00eda se hace vida y cultura"}]},{"@type":"WebSite","@id":"https:\/\/focolares.es\/#website","url":"https:\/\/focolares.es\/","name":"Movemento dos Focolares","description":"","publisher":{"@id":"https:\/\/focolares.es\/#organization"},"potentialAction":[{"@type":"SearchAction","target":{"@type":"EntryPoint","urlTemplate":"https:\/\/focolares.es\/?s={search_term_string}"},"query-input":{"@type":"PropertyValueSpecification","valueRequired":true,"valueName":"search_term_string"}}],"inLanguage":"gl-ES"},{"@type":"Organization","@id":"https:\/\/focolares.es\/#organization","name":"Movemento dos Focolares","url":"https:\/\/focolares.es\/","logo":{"@type":"ImageObject","inLanguage":"gl-ES","@id":"https:\/\/focolares.es\/#\/schema\/logo\/image\/","url":"https:\/\/focolares.es\/wp-content\/uploads\/2024\/03\/Logo_focolares-1024x944-1.jpg","contentUrl":"https:\/\/focolares.es\/wp-content\/uploads\/2024\/03\/Logo_focolares-1024x944-1.jpg","width":1024,"height":944,"caption":"Movimiento de los Focolares"},"image":{"@id":"https:\/\/focolares.es\/#\/schema\/logo\/image\/"}},{"@type":"Person","@id":"https:\/\/focolares.es\/#\/schema\/person\/fdbf1cac3e3957f836bf607a31e7616d","name":"administrador","image":{"@type":"ImageObject","inLanguage":"gl-ES","@id":"https:\/\/focolares.es\/wp-content\/litespeed\/avatar\/ba00c276ce0fa7863cda4038d70907a8.jpg?ver=1777380135","url":"https:\/\/focolares.es\/wp-content\/litespeed\/avatar\/ba00c276ce0fa7863cda4038d70907a8.jpg?ver=1777380135","contentUrl":"https:\/\/focolares.es\/wp-content\/litespeed\/avatar\/ba00c276ce0fa7863cda4038d70907a8.jpg?ver=1777380135","caption":"admin"},"sameAs":["https:\/\/focolares.es"],"url":"https:\/\/focolares.es\/gl\/author\/afesersl_mcjhk9wv\/"}]}},"views":1,"_links":{"self":[{"href":"https:\/\/focolares.es\/gl\/wp-json\/wp\/v2\/posts\/19360","targetHints":{"allow":["GET"]}}],"collection":[{"href":"https:\/\/focolares.es\/gl\/wp-json\/wp\/v2\/posts"}],"about":[{"href":"https:\/\/focolares.es\/gl\/wp-json\/wp\/v2\/types\/post"}],"author":[{"embeddable":true,"href":"https:\/\/focolares.es\/gl\/wp-json\/wp\/v2\/users\/1"}],"replies":[{"embeddable":true,"href":"https:\/\/focolares.es\/gl\/wp-json\/wp\/v2\/comments?post=19360"}],"version-history":[{"count":8,"href":"https:\/\/focolares.es\/gl\/wp-json\/wp\/v2\/posts\/19360\/revisions"}],"predecessor-version":[{"id":19380,"href":"https:\/\/focolares.es\/gl\/wp-json\/wp\/v2\/posts\/19360\/revisions\/19380"}],"wp:featuredmedia":[{"embeddable":true,"href":"https:\/\/focolares.es\/gl\/wp-json\/wp\/v2\/media\/19379"}],"wp:attachment":[{"href":"https:\/\/focolares.es\/gl\/wp-json\/wp\/v2\/media?parent=19360"}],"wp:term":[{"taxonomy":"category","embeddable":true,"href":"https:\/\/focolares.es\/gl\/wp-json\/wp\/v2\/categories?post=19360"},{"taxonomy":"post_tag","embeddable":true,"href":"https:\/\/focolares.es\/gl\/wp-json\/wp\/v2\/tags?post=19360"}],"curies":[{"name":"wp","href":"https:\/\/api.w.org\/{rel}","templated":true}]}}