{"id":19778,"date":"2026-07-14T20:22:25","date_gmt":"2026-07-14T18:22:25","guid":{"rendered":"https:\/\/focolares.es\/?p=19778"},"modified":"2026-07-15T00:43:41","modified_gmt":"2026-07-14T22:43:41","slug":"fraternidade-entre-andalucia-e-marrocos","status":"publish","type":"post","link":"https:\/\/focolares.es\/gl\/fraternidad-entre-andalucia-y-marruecos\/","title":{"rendered":"A ponte que a\u00ednda non existe... xa a cruzamos"},"content":{"rendered":"<h4 class=\"wp-block-heading\">\u00c1s veces, as pontes m\u00e1is importantes non se constr\u00faen con aceiro ou formig\u00f3n, sen\u00f3n con encontros que transforman perspectivas. Sete familias andaluzas compartiron unha experiencia de fraternidade en T\u00e1nxer, Tetu\u00e1n e Martil, fortalecendo os lazos forxados hai d\u00faas d\u00e9cadas entre as d\u00faas beiras do Mediterr\u00e1neo.<\/h4>\n\n\n\n<div style=\"height:75px\" aria-hidden=\"true\" class=\"wp-block-spacer\"><\/div>\n\n\n\n<p class=\"wp-block-paragraph\">Impulsadas por unha iniciativa do grupo Familias Novas de Xa\u00e9n, sete familias de Andaluc\u00eda viaxaron a Marrocos durante a longa fin de semana do 1 de maio para co\u00f1ecer a comunidade dos Focolares presente en T\u00e1nxer e o centro dos Focolares de Martil.<\/p>\n\n\n\n<figure class=\"wp-block-image size-large\"><img fetchpriority=\"high\" decoding=\"async\" width=\"1024\" height=\"576\" src=\"https:\/\/focolares.es\/wp-content\/uploads\/2026\/07\/Al-fondo-Tarifa-1024x576.jpeg\" alt=\"\" class=\"wp-image-19779\" srcset=\"https:\/\/focolares.es\/wp-content\/uploads\/2026\/07\/Al-fondo-Tarifa-1024x576.jpeg 1024w, https:\/\/focolares.es\/wp-content\/uploads\/2026\/07\/Al-fondo-Tarifa-300x169.jpeg 300w, https:\/\/focolares.es\/wp-content\/uploads\/2026\/07\/Al-fondo-Tarifa-768x432.jpeg 768w, https:\/\/focolares.es\/wp-content\/uploads\/2026\/07\/Al-fondo-Tarifa-18x10.jpeg 18w, https:\/\/focolares.es\/wp-content\/uploads\/2026\/07\/Al-fondo-Tarifa.jpeg 1280w\" sizes=\"(max-width: 1024px) 100vw, 1024px\" \/><\/figure>\n\n\n\n<p class=\"wp-block-paragraph\">A\u00ednda que era a primeira vez que moitos deles visitaban o pa\u00eds veci\u00f1o, a viaxe ti\u00f1a ra\u00edces profundas. Hai uns vinte anos, mozos de Granada e outras cidades andaluzas comezaron a forxar amizade con mozos musulm\u00e1ns e adultos en T\u00e1nxer, inspirados polo ideal da fraternidade. Ao co\u00f1ecer esta experiencia, Chiara Lubich animounos a tender pontes de fraternidade entre as d\u00faas beiras do Mediterr\u00e1neo.<em>.<\/em><\/p>\n\n\n\n<p class=\"wp-block-paragraph\">Durante a s\u00faa estad\u00eda, o grupo de familias descubriu a rica cultura de T\u00e1nxer e Tetu\u00e1n e puido participar na vida da Igrexa local. Non obstante, o que m\u00e1is os impactou foi o encontro con familias musulm\u00e1s que, durante anos, tam\u00e9n viven o esp\u00edrito de unidade. Compartir un sinxelo t\u00e9 marroqu\u00ed foi suficiente para experimentar que as diferenzas culturais e relixiosas non impiden sentirse parte da mesma familia.<\/p>\n\n\n\n<p class=\"wp-block-paragraph\">A visita continuou en Martil, onde as familias co\u00f1eceron a vida do Centro dos Focolares \u2014inaugurado en febreiro de 2022 co obxectivo de desenvolver un di\u00e1logo fraternal entre cristi\u00e1ns e musulm\u00e1ns\u2014, as\u00ed como o traballo que se leva a cabo desde o Centro Lerchundi.<sup data-fn=\"0775b441-e668-467c-84c6-fe627e913188\" class=\"fn\"><a href=\"#0775b441-e668-467c-84c6-fe627e913188\" id=\"0775b441-e668-467c-84c6-fe627e913188-link\">1<\/a><\/sup> e o Centro de Mulleres Nosa Se\u00f1ora de Marrocos<sup data-fn=\"34cad588-8e71-42fc-a679-534368f2ac01\" class=\"fn\"><a href=\"#34cad588-8e71-42fc-a679-534368f2ac01\" id=\"34cad588-8e71-42fc-a679-534368f2ac01-link\">2<\/a><\/sup>. Al\u00ed puideron descubrir como o di\u00e1logo, a formaci\u00f3n e o servizo diario se converten en cami\u00f1os concretos para constru\u00edr unha sociedade m\u00e1is fraternal.<\/p>\n\n\n\n<p class=\"wp-block-paragraph\">Os participantes volveron cun profundo sentimento de esperanza. O encontro axudou a romper prexu\u00edzos, renovou o desexo de vivir o Evanxeo na vida coti\u00e1 e confirmou que a fraternidade \u00e9 posible cando damos o primeiro paso cara aos demais.<\/p>\n\n\n\n<p class=\"wp-block-paragraph\">A viaxe rematou, pero a ponte segue aberta. Nos coraz\u00f3ns dos que participaron, segue resoando o desexo de tecer conexi\u00f3ns entre persoas, culturas e naci\u00f3ns, convencidos de que cada encontro sincero pode achegar un pouco m\u00e1is as d\u00faas beiras do Mediterr\u00e1neo.<\/p>\n\n\n\n<div style=\"height:67px\" aria-hidden=\"true\" class=\"wp-block-spacer\"><\/div>\n\n\n\n<hr>\n\n\n\n<div style=\"height:20px\" aria-hidden=\"true\" class=\"wp-block-spacer\"><\/div>\n\n\n<ol class=\"wp-block-footnotes\"><li id=\"0775b441-e668-467c-84c6-fe627e913188\">Unha organizaci\u00f3n cultural da Igrexa Cat\u00f3lica na Arquidiocese de T\u00e1nxer (Marrocos) que leva 30 anos desenvolvendo actividades socioculturais.<a href=\"https:\/\/www.lerchundimartil.com\/\">https:\/\/www.lerchundimartil.com\/<\/a> \u00a0tampouco <a href=\"https:\/\/www.instagram.com\/lerchundi_martil\/\">https:\/\/www.instagram.com\/lerchundi_martil\/<\/a>)  <a href=\"#0775b441-e668-467c-84c6-fe627e913188-link\" aria-label=\"Vaia \u00e1 referencia da nota ao final da p\u00e1xina 1\">\u21a9\ufe0e<\/a><\/li><li id=\"34cad588-8e71-42fc-a679-534368f2ac01\"><mark class=\"has-inline-color has-black-color\">Este proxecto forma parte do Centro Lerchundi de Martil. Comezou hai tres anos, financiado por Manos Unidas, e continuou grazas \u00e1 implicaci\u00f3n de voluntarios. Est\u00e1 dirixido \u00e1s mulleres, proporcion\u00e1ndolles formaci\u00f3n, apoio e integraci\u00f3n social e profesional.<a href=\"https:\/\/www.instagram.com\/centro_de_mujeres\/\">https:\/\/www.instagram.com\/centro_de_mujeres\/<\/a>)<\/mark> <a href=\"#34cad588-8e71-42fc-a679-534368f2ac01-link\" aria-label=\"Vaia \u00e1 referencia da nota ao final da p\u00e1xina 2\">\u21a9\ufe0e<\/a><\/li><\/ol>\n\n\n<p class=\"wp-block-paragraph\"><\/p>","protected":false},"excerpt":{"rendered":"<p>Unha experiencia de di\u00e1logo, amizade e fraternidade que fortalece os lazos entre as d\u00faas beiras do Mediterr\u00e1neo.<\/p>","protected":false},"author":10,"featured_media":19779,"comment_status":"open","ping_status":"closed","sticky":false,"template":"","format":"standard","meta":{"_price":"","_stock":"","_tribe_ticket_header":"","_tribe_default_ticket_provider":"","_tribe_ticket_capacity":"0","_ticket_start_date":"","_ticket_end_date":"","_tribe_ticket_show_description":"","_tribe_ticket_show_not_going":false,"_tribe_ticket_use_global_stock":"","_tribe_ticket_global_stock_level":"","_global_stock_mode":"","_global_stock_cap":"","_tribe_rsvp_for_event":"","_tribe_ticket_going_count":"","_tribe_ticket_not_going_count":"","_tribe_tickets_list":"[]","_tribe_ticket_has_attendee_info_fields":false,"footnotes":"[{\"content\":\"Obra cultural de la Iglesia cat\u00f3lica en la Archidi\u00f3cesis de T\u00e1nger (Marruecos) que, desde hace 30 a\u00f1os, desarrolla actividades de dinamizaci\u00f3n socio-cultural. (<a href=\\\"https:\/\/www.lerchundimartil.com\/\\\">https:\/\/www.lerchundimartil.com\/<\/a> \u00a0o <a href=\\\"https:\/\/www.instagram.com\/lerchundi_martil\/\\\">https:\/\/www.instagram.com\/lerchundi_martil\/<\/a>) \",\"id\":\"0775b441-e668-467c-84c6-fe627e913188\"},{\"content\":\"<mark style=\\\"background-color:rgba(0, 0, 0, 0)\\\" class=\\\"has-inline-color has-black-color\\\">Proyecto que forma parte del Centro Lerchundi de Martil. Naci\u00f3 hace tres a\u00f1os financiado por Manos Unidas y ha continuado adelante con la implicaci\u00f3n del voluntariado. Orientado a las mujeres, para su formaci\u00f3n, apoyo e inserci\u00f3n sociolaboral (<a href=\\\"https:\/\/www.instagram.com\/centro_de_mujeres\/\\\">https:\/\/www.instagram.com\/centro_de_mujeres\/<\/a>)<\/mark>\",\"id\":\"34cad588-8e71-42fc-a679-534368f2ac01\"}]"},"categories":[1],"tags":[40,74],"class_list":["post-19778","post","type-post","status-publish","format-standard","has-post-thumbnail","hentry","category-uncategorized","tag-dialogo-y-fraternidad","tag-familia"],"yoast_head":"<!-- This site is optimized with the Yoast SEO plugin v28.1 - https:\/\/yoast.com\/product\/yoast-seo-wordpress\/ -->\n<title>El puente que a\u00fan no existe ... ya lo hemos cruzado - Movimiento de los Focolares<\/title>\n<meta name=\"description\" content=\"Experiencia de siete familias en Marruecos junto a la comunidad de los Focolares, fortaleciendo el di\u00e1logo y la amistad entre culturas.\" \/>\n<meta name=\"robots\" content=\"index, follow, max-snippet:-1, max-image-preview:large, max-video-preview:-1\" \/>\n<link rel=\"canonical\" href=\"https:\/\/focolares.es\/gl\/fraternidade-entre-andalucia-e-marrocos\/\" \/>\n<meta property=\"og:locale\" content=\"gl_ES\" \/>\n<meta property=\"og:type\" content=\"article\" \/>\n<meta property=\"og:title\" content=\"El puente que a\u00fan no existe ... ya lo hemos cruzado - Movimiento de los Focolares\" \/>\n<meta property=\"og:description\" content=\"Experiencia de siete familias en Marruecos junto a la comunidad de los Focolares, fortaleciendo el di\u00e1logo y la amistad entre culturas.\" \/>\n<meta property=\"og:url\" content=\"https:\/\/focolares.es\/gl\/fraternidade-entre-andalucia-e-marrocos\/\" \/>\n<meta property=\"og:site_name\" content=\"Movimiento de los Focolares\" \/>\n<meta property=\"article:published_time\" content=\"2026-07-14T18:22:25+00:00\" \/>\n<meta property=\"article:modified_time\" content=\"2026-07-14T22:43:41+00:00\" \/>\n<meta property=\"og:image\" content=\"https:\/\/focolares.es\/wp-content\/uploads\/2026\/07\/Al-fondo-Tarifa.jpeg\" \/>\n\t<meta property=\"og:image:width\" content=\"1280\" \/>\n\t<meta property=\"og:image:height\" content=\"720\" \/>\n\t<meta property=\"og:image:type\" content=\"image\/jpeg\" \/>\n<meta name=\"author\" content=\"Inma Tersa\" \/>\n<meta name=\"twitter:card\" content=\"summary_large_image\" \/>\n<meta name=\"twitter:label1\" content=\"Escrito por\" \/>\n\t<meta name=\"twitter:data1\" content=\"Inma Tersa\" \/>\n\t<meta name=\"twitter:label2\" content=\"Tempo de lectura\" \/>\n\t<meta name=\"twitter:data2\" content=\"3 minutos\" \/>\n<script type=\"application\/ld+json\" class=\"yoast-schema-graph\">{\"@context\":\"https:\\\/\\\/schema.org\",\"@graph\":[{\"@type\":\"Article\",\"@id\":\"https:\\\/\\\/focolares.es\\\/fraternidad-entre-andalucia-y-marruecos\\\/#article\",\"isPartOf\":{\"@id\":\"https:\\\/\\\/focolares.es\\\/fraternidad-entre-andalucia-y-marruecos\\\/\"},\"author\":{\"name\":\"Inma Tersa\",\"@id\":\"https:\\\/\\\/focolares.es\\\/#\\\/schema\\\/person\\\/8b058c1a27e387feee62383131d93e9e\"},\"headline\":\"El puente que a\u00fan no existe &#8230; ya lo hemos cruzado\",\"datePublished\":\"2026-07-14T18:22:25+00:00\",\"dateModified\":\"2026-07-14T22:43:41+00:00\",\"mainEntityOfPage\":{\"@id\":\"https:\\\/\\\/focolares.es\\\/fraternidad-entre-andalucia-y-marruecos\\\/\"},\"wordCount\":441,\"commentCount\":0,\"publisher\":{\"@id\":\"https:\\\/\\\/focolares.es\\\/#organization\"},\"image\":{\"@id\":\"https:\\\/\\\/focolares.es\\\/fraternidad-entre-andalucia-y-marruecos\\\/#primaryimage\"},\"thumbnailUrl\":\"https:\\\/\\\/focolares.es\\\/wp-content\\\/uploads\\\/2026\\\/07\\\/Al-fondo-Tarifa.jpeg\",\"keywords\":[\"Di\u00e1logo y fraternidad\",\"Familia\"],\"articleSection\":[\"Uncategorized\"],\"inLanguage\":\"gl-ES\",\"potentialAction\":[{\"@type\":\"CommentAction\",\"name\":\"Comment\",\"target\":[\"https:\\\/\\\/focolares.es\\\/fraternidad-entre-andalucia-y-marruecos\\\/#respond\"]}]},{\"@type\":\"WebPage\",\"@id\":\"https:\\\/\\\/focolares.es\\\/fraternidad-entre-andalucia-y-marruecos\\\/\",\"url\":\"https:\\\/\\\/focolares.es\\\/fraternidad-entre-andalucia-y-marruecos\\\/\",\"name\":\"El puente que a\u00fan no existe ... ya lo hemos cruzado - Movimiento de los Focolares\",\"isPartOf\":{\"@id\":\"https:\\\/\\\/focolares.es\\\/#website\"},\"primaryImageOfPage\":{\"@id\":\"https:\\\/\\\/focolares.es\\\/fraternidad-entre-andalucia-y-marruecos\\\/#primaryimage\"},\"image\":{\"@id\":\"https:\\\/\\\/focolares.es\\\/fraternidad-entre-andalucia-y-marruecos\\\/#primaryimage\"},\"thumbnailUrl\":\"https:\\\/\\\/focolares.es\\\/wp-content\\\/uploads\\\/2026\\\/07\\\/Al-fondo-Tarifa.jpeg\",\"datePublished\":\"2026-07-14T18:22:25+00:00\",\"dateModified\":\"2026-07-14T22:43:41+00:00\",\"description\":\"Experiencia de siete familias en Marruecos junto a la comunidad de los Focolares, fortaleciendo el di\u00e1logo y la amistad entre culturas.\",\"breadcrumb\":{\"@id\":\"https:\\\/\\\/focolares.es\\\/fraternidad-entre-andalucia-y-marruecos\\\/#breadcrumb\"},\"inLanguage\":\"gl-ES\",\"potentialAction\":[{\"@type\":\"ReadAction\",\"target\":[\"https:\\\/\\\/focolares.es\\\/fraternidad-entre-andalucia-y-marruecos\\\/\"]}]},{\"@type\":\"ImageObject\",\"inLanguage\":\"gl-ES\",\"@id\":\"https:\\\/\\\/focolares.es\\\/fraternidad-entre-andalucia-y-marruecos\\\/#primaryimage\",\"url\":\"https:\\\/\\\/focolares.es\\\/wp-content\\\/uploads\\\/2026\\\/07\\\/Al-fondo-Tarifa.jpeg\",\"contentUrl\":\"https:\\\/\\\/focolares.es\\\/wp-content\\\/uploads\\\/2026\\\/07\\\/Al-fondo-Tarifa.jpeg\",\"width\":1280,\"height\":720},{\"@type\":\"BreadcrumbList\",\"@id\":\"https:\\\/\\\/focolares.es\\\/fraternidad-entre-andalucia-y-marruecos\\\/#breadcrumb\",\"itemListElement\":[{\"@type\":\"ListItem\",\"position\":1,\"name\":\"Portada\",\"item\":\"https:\\\/\\\/focolares.es\\\/\"},{\"@type\":\"ListItem\",\"position\":2,\"name\":\"El puente que a\u00fan no existe &#8230; ya lo hemos cruzado\"}]},{\"@type\":\"WebSite\",\"@id\":\"https:\\\/\\\/focolares.es\\\/#website\",\"url\":\"https:\\\/\\\/focolares.es\\\/\",\"name\":\"Movimiento de los Focolares\",\"description\":\"\",\"publisher\":{\"@id\":\"https:\\\/\\\/focolares.es\\\/#organization\"},\"potentialAction\":[{\"@type\":\"SearchAction\",\"target\":{\"@type\":\"EntryPoint\",\"urlTemplate\":\"https:\\\/\\\/focolares.es\\\/?s={search_term_string}\"},\"query-input\":{\"@type\":\"PropertyValueSpecification\",\"valueRequired\":true,\"valueName\":\"search_term_string\"}}],\"inLanguage\":\"gl-ES\"},{\"@type\":\"Organization\",\"@id\":\"https:\\\/\\\/focolares.es\\\/#organization\",\"name\":\"Movimiento de los Focolares\",\"url\":\"https:\\\/\\\/focolares.es\\\/\",\"logo\":{\"@type\":\"ImageObject\",\"inLanguage\":\"gl-ES\",\"@id\":\"https:\\\/\\\/focolares.es\\\/#\\\/schema\\\/logo\\\/image\\\/\",\"url\":\"https:\\\/\\\/focolares.es\\\/wp-content\\\/uploads\\\/2024\\\/03\\\/Logo_focolares-1024x944-1.jpg\",\"contentUrl\":\"https:\\\/\\\/focolares.es\\\/wp-content\\\/uploads\\\/2024\\\/03\\\/Logo_focolares-1024x944-1.jpg\",\"width\":1024,\"height\":944,\"caption\":\"Movimiento de los Focolares\"},\"image\":{\"@id\":\"https:\\\/\\\/focolares.es\\\/#\\\/schema\\\/logo\\\/image\\\/\"}},{\"@type\":\"Person\",\"@id\":\"https:\\\/\\\/focolares.es\\\/#\\\/schema\\\/person\\\/8b058c1a27e387feee62383131d93e9e\",\"name\":\"Inma Tersa\",\"image\":{\"@type\":\"ImageObject\",\"inLanguage\":\"gl-ES\",\"@id\":\"https:\\\/\\\/focolares.es\\\/wp-content\\\/litespeed\\\/avatar\\\/7dbc96ecf8c314c6a9f957a8eec59e2a.jpg?ver=1787677034\",\"url\":\"https:\\\/\\\/focolares.es\\\/wp-content\\\/litespeed\\\/avatar\\\/7dbc96ecf8c314c6a9f957a8eec59e2a.jpg?ver=1787677034\",\"contentUrl\":\"https:\\\/\\\/focolares.es\\\/wp-content\\\/litespeed\\\/avatar\\\/7dbc96ecf8c314c6a9f957a8eec59e2a.jpg?ver=1787677034\",\"caption\":\"Inma Tersa\"},\"url\":\"https:\\\/\\\/focolares.es\\\/gl\\\/author\\\/inma\\\/\"}]}<\/script>\n<!-- \/ Yoast SEO plugin. -->","yoast_head_json":{"title":"A ponte que a\u00ednda non existe... xa a cruzamos - Movemento dos Focolares","description":"Experiencia de sete familias en Marrocos xunto coa comunidade dos Focolares, fortalecendo o di\u00e1logo e a amizade entre culturas.","robots":{"index":"index","follow":"follow","max-snippet":"max-snippet:-1","max-image-preview":"max-image-preview:large","max-video-preview":"max-video-preview:-1"},"canonical":"https:\/\/focolares.es\/gl\/fraternidade-entre-andalucia-e-marrocos\/","og_locale":"gl_ES","og_type":"article","og_title":"El puente que a\u00fan no existe ... ya lo hemos cruzado - Movimiento de los Focolares","og_description":"Experiencia de siete familias en Marruecos junto a la comunidad de los Focolares, fortaleciendo el di\u00e1logo y la amistad entre culturas.","og_url":"https:\/\/focolares.es\/gl\/fraternidade-entre-andalucia-e-marrocos\/","og_site_name":"Movimiento de los Focolares","article_published_time":"2026-07-14T18:22:25+00:00","article_modified_time":"2026-07-14T22:43:41+00:00","og_image":[{"width":1280,"height":720,"url":"https:\/\/focolares.es\/wp-content\/uploads\/2026\/07\/Al-fondo-Tarifa.jpeg","type":"image\/jpeg"}],"author":"Inma Tersa","twitter_card":"summary_large_image","twitter_misc":{"Escrito por":"Inma Tersa","Tempo de lectura":"3 minutos"},"schema":{"@context":"https:\/\/schema.org","@graph":[{"@type":"Article","@id":"https:\/\/focolares.es\/fraternidad-entre-andalucia-y-marruecos\/#article","isPartOf":{"@id":"https:\/\/focolares.es\/fraternidad-entre-andalucia-y-marruecos\/"},"author":{"name":"Inma Tersa","@id":"https:\/\/focolares.es\/#\/schema\/person\/8b058c1a27e387feee62383131d93e9e"},"headline":"El puente que a\u00fan no existe &#8230; ya lo hemos cruzado","datePublished":"2026-07-14T18:22:25+00:00","dateModified":"2026-07-14T22:43:41+00:00","mainEntityOfPage":{"@id":"https:\/\/focolares.es\/fraternidad-entre-andalucia-y-marruecos\/"},"wordCount":441,"commentCount":0,"publisher":{"@id":"https:\/\/focolares.es\/#organization"},"image":{"@id":"https:\/\/focolares.es\/fraternidad-entre-andalucia-y-marruecos\/#primaryimage"},"thumbnailUrl":"https:\/\/focolares.es\/wp-content\/uploads\/2026\/07\/Al-fondo-Tarifa.jpeg","keywords":["Di\u00e1logo y fraternidad","Familia"],"articleSection":["Uncategorized"],"inLanguage":"gl-ES","potentialAction":[{"@type":"CommentAction","name":"Comment","target":["https:\/\/focolares.es\/fraternidad-entre-andalucia-y-marruecos\/#respond"]}]},{"@type":"WebPage","@id":"https:\/\/focolares.es\/fraternidad-entre-andalucia-y-marruecos\/","url":"https:\/\/focolares.es\/fraternidad-entre-andalucia-y-marruecos\/","name":"A ponte que a\u00ednda non existe... xa a cruzamos - Movemento dos Focolares","isPartOf":{"@id":"https:\/\/focolares.es\/#website"},"primaryImageOfPage":{"@id":"https:\/\/focolares.es\/fraternidad-entre-andalucia-y-marruecos\/#primaryimage"},"image":{"@id":"https:\/\/focolares.es\/fraternidad-entre-andalucia-y-marruecos\/#primaryimage"},"thumbnailUrl":"https:\/\/focolares.es\/wp-content\/uploads\/2026\/07\/Al-fondo-Tarifa.jpeg","datePublished":"2026-07-14T18:22:25+00:00","dateModified":"2026-07-14T22:43:41+00:00","description":"Experiencia de sete familias en Marrocos xunto coa comunidade dos Focolares, fortalecendo o di\u00e1logo e a amizade entre culturas.","breadcrumb":{"@id":"https:\/\/focolares.es\/fraternidad-entre-andalucia-y-marruecos\/#breadcrumb"},"inLanguage":"gl-ES","potentialAction":[{"@type":"ReadAction","target":["https:\/\/focolares.es\/fraternidad-entre-andalucia-y-marruecos\/"]}]},{"@type":"ImageObject","inLanguage":"gl-ES","@id":"https:\/\/focolares.es\/fraternidad-entre-andalucia-y-marruecos\/#primaryimage","url":"https:\/\/focolares.es\/wp-content\/uploads\/2026\/07\/Al-fondo-Tarifa.jpeg","contentUrl":"https:\/\/focolares.es\/wp-content\/uploads\/2026\/07\/Al-fondo-Tarifa.jpeg","width":1280,"height":720},{"@type":"BreadcrumbList","@id":"https:\/\/focolares.es\/fraternidad-entre-andalucia-y-marruecos\/#breadcrumb","itemListElement":[{"@type":"ListItem","position":1,"name":"Portada","item":"https:\/\/focolares.es\/"},{"@type":"ListItem","position":2,"name":"El puente que a\u00fan no existe &#8230; ya lo hemos cruzado"}]},{"@type":"WebSite","@id":"https:\/\/focolares.es\/#website","url":"https:\/\/focolares.es\/","name":"Movemento dos Focolares","description":"","publisher":{"@id":"https:\/\/focolares.es\/#organization"},"potentialAction":[{"@type":"SearchAction","target":{"@type":"EntryPoint","urlTemplate":"https:\/\/focolares.es\/?s={search_term_string}"},"query-input":{"@type":"PropertyValueSpecification","valueRequired":true,"valueName":"search_term_string"}}],"inLanguage":"gl-ES"},{"@type":"Organization","@id":"https:\/\/focolares.es\/#organization","name":"Movemento dos Focolares","url":"https:\/\/focolares.es\/","logo":{"@type":"ImageObject","inLanguage":"gl-ES","@id":"https:\/\/focolares.es\/#\/schema\/logo\/image\/","url":"https:\/\/focolares.es\/wp-content\/uploads\/2024\/03\/Logo_focolares-1024x944-1.jpg","contentUrl":"https:\/\/focolares.es\/wp-content\/uploads\/2024\/03\/Logo_focolares-1024x944-1.jpg","width":1024,"height":944,"caption":"Movimiento de los Focolares"},"image":{"@id":"https:\/\/focolares.es\/#\/schema\/logo\/image\/"}},{"@type":"Person","@id":"https:\/\/focolares.es\/#\/schema\/person\/8b058c1a27e387feee62383131d93e9e","name":"Inma Tersa","image":{"@type":"ImageObject","inLanguage":"gl-ES","@id":"https:\/\/focolares.es\/wp-content\/litespeed\/avatar\/7dbc96ecf8c314c6a9f957a8eec59e2a.jpg?ver=1787677034","url":"https:\/\/focolares.es\/wp-content\/litespeed\/avatar\/7dbc96ecf8c314c6a9f957a8eec59e2a.jpg?ver=1787677034","contentUrl":"https:\/\/focolares.es\/wp-content\/litespeed\/avatar\/7dbc96ecf8c314c6a9f957a8eec59e2a.jpg?ver=1787677034","caption":"Inma Tersa"},"url":"https:\/\/focolares.es\/gl\/author\/inma\/"}]}},"views":130,"_links":{"self":[{"href":"https:\/\/focolares.es\/gl\/wp-json\/wp\/v2\/posts\/19778","targetHints":{"allow":["GET"]}}],"collection":[{"href":"https:\/\/focolares.es\/gl\/wp-json\/wp\/v2\/posts"}],"about":[{"href":"https:\/\/focolares.es\/gl\/wp-json\/wp\/v2\/types\/post"}],"author":[{"embeddable":true,"href":"https:\/\/focolares.es\/gl\/wp-json\/wp\/v2\/users\/10"}],"replies":[{"embeddable":true,"href":"https:\/\/focolares.es\/gl\/wp-json\/wp\/v2\/comments?post=19778"}],"version-history":[{"count":5,"href":"https:\/\/focolares.es\/gl\/wp-json\/wp\/v2\/posts\/19778\/revisions"}],"predecessor-version":[{"id":19874,"href":"https:\/\/focolares.es\/gl\/wp-json\/wp\/v2\/posts\/19778\/revisions\/19874"}],"wp:featuredmedia":[{"embeddable":true,"href":"https:\/\/focolares.es\/gl\/wp-json\/wp\/v2\/media\/19779"}],"wp:attachment":[{"href":"https:\/\/focolares.es\/gl\/wp-json\/wp\/v2\/media?parent=19778"}],"wp:term":[{"taxonomy":"category","embeddable":true,"href":"https:\/\/focolares.es\/gl\/wp-json\/wp\/v2\/categories?post=19778"},{"taxonomy":"post_tag","embeddable":true,"href":"https:\/\/focolares.es\/gl\/wp-json\/wp\/v2\/tags?post=19778"}],"curies":[{"name":"wp","href":"https:\/\/api.w.org\/{rel}","templated":true}]}}