{"id":4477,"date":"2024-01-04T22:31:00","date_gmt":"2024-01-04T21:31:00","guid":{"rendered":"https:\/\/focolares.es\/?p=4477"},"modified":"2025-05-13T15:42:51","modified_gmt":"2025-05-13T13:42:51","slug":"80-aniversario-do-movemento-dos-focolares-o-carisma-como-agasallo","status":"publish","type":"post","link":"https:\/\/focolares.es\/gl\/80-aniversario-movimiento-focolares-el-carisma-como-un-don\/","title":{"rendered":"80 aniversario do Movemento dos Focolares: o carisma como don"},"content":{"rendered":"<h4 class=\"wp-block-heading\"><em>Permanecer &quot;na encrucillada de hoxe&quot; coa mesma actitude confiada de Mar\u00eda. Estes son os desexos do cardeal Kevin Farrell, prefecto do Dicasterio dos Laicos, Familia e Vida, na homil\u00eda que ofreceu na Bas\u00edlica de Santa Maggiore (Roma) durante a Santa Misa de Acci\u00f3n de Grazas o 7 de decembro de 2023, con motivo do 80 Aniversario do nacemento do Movemento dos Focolares.<\/em><\/h4>\n\n\n\n<p>Queridos, o d\u00eda no que hai 80 anos o comezo do&nbsp;<em>carisma focarino<\/em>Aqu\u00ed, na casa de Mar\u00eda, preto do pesebre e do misterio da s\u00faa maternidade divina, demos grazas ao Se\u00f1or polo don de Chiara Lubich e da gran familia que tivo vida ao seu redor. Repitoche as palabras do Anxo Gabriel a Mar\u00eda: &quot;Non te\u00f1as medo!&quot; Ti tam\u00e9n &quot;atopaches o favor de Deus!&quot;<\/p>\n\n\n\n<figure class=\"wp-block-image aligncenter size-full is-resized\"><img fetchpriority=\"high\" decoding=\"async\" width=\"600\" height=\"400\" src=\"https:\/\/focolares.es\/wp-content\/uploads\/2024\/03\/SAM_3408-600x400-1.jpg\" alt=\"\" class=\"wp-image-4482\" style=\"width:792px;height:auto\" srcset=\"https:\/\/focolares.es\/wp-content\/uploads\/2024\/03\/SAM_3408-600x400-1.jpg 600w, https:\/\/focolares.es\/wp-content\/uploads\/2024\/03\/SAM_3408-600x400-1-300x200.jpg 300w\" sizes=\"(max-width: 600px) 100vw, 600px\" \/><\/figure>\n\n\n\n<p>Con estas palabras, o cardeal Kevin Joseph Farrell, prefecto do Dicasterio para Laicos, Familia e Vida, animou a&nbsp;<em>Movemento dos Focolares<\/em>, presidindo a Santa Misa que tivo lugar na Bas\u00edlica de Santa Maria Maggiore, Roma, o 7 de decembro de 2023.<\/p>\n\n\n\n<p>No 80 aniversario do &quot;Si&quot; a Deus de Chiara Lubich, o cardeal Farrell, durante a liturxia coa que a Igrexa celebra a solemnidade da Inmaculada Concepci\u00f3n, invitou aos presentes a lembrar o encontro coa&nbsp;<em>carisma<\/em>: \u201c\u00c9 certo que todos v\u00f3s abrazades o&nbsp;<em>Focolarino ideal<\/em>&nbsp;como un gran agasallo de graza, como un favor de Deus\u201d, animando a cada un a seguir tra\u00e9ndoo fielmente ao mundo.<\/p>\n\n\n\n<p><a href=\"https:\/\/www.focolare.org\/wp-content\/uploads\/2023\/12\/Prefetto_Focolari_Omelia_7122023-ES.pdf\" target=\"_blank\" rel=\"noreferrer noopener\">Para ler a homil\u00eda completa (A nosa traduci\u00f3n)<\/a><\/p>\n\n\n\n<p><\/p>","protected":false},"excerpt":{"rendered":"<p>Misa de Acci\u00f3n de Grazas o 7 de decembro de 2023, con motivo do 80 aniversario do nacemento do Movemento dos Focolares.<\/p>","protected":false},"author":3,"featured_media":4480,"comment_status":"open","ping_status":"closed","sticky":false,"template":"","format":"standard","meta":{"_price":"","_stock":"","_tribe_ticket_header":"","_tribe_default_ticket_provider":"","_tribe_ticket_capacity":"0","_ticket_start_date":"","_ticket_end_date":"","_tribe_ticket_show_description":"","_tribe_ticket_show_not_going":false,"_tribe_ticket_use_global_stock":"","_tribe_ticket_global_stock_level":"","_global_stock_mode":"","_global_stock_cap":"","_tribe_rsvp_for_event":"","_tribe_ticket_going_count":"","_tribe_ticket_not_going_count":"","_tribe_tickets_list":"[]","_tribe_ticket_has_attendee_info_fields":false,"footnotes":""},"categories":[1],"tags":[46,47],"class_list":["post-4477","post","type-post","status-publish","format-standard","has-post-thumbnail","hentry","category-uncategorized","tag-espiritualidad","tag-iglesia"],"yoast_head":"<!-- This site is optimized with the Yoast SEO plugin v27.2 - https:\/\/yoast.com\/product\/yoast-seo-wordpress\/ -->\n<title>80\u00ba aniversario Movimiento Focolares: el carisma como un don - Focolares<\/title>\n<meta name=\"description\" content=\"Misa de acci\u00f3n de gracias del 7 de diciembre de 2023, con ocasi\u00f3n del 80\u00ba Aniversario del nacimiento del Movimiento de los Focolares.\" \/>\n<meta name=\"robots\" content=\"index, follow, max-snippet:-1, max-image-preview:large, max-video-preview:-1\" \/>\n<link rel=\"canonical\" href=\"https:\/\/focolares.es\/gl\/80-aniversario-do-movemento-dos-focolares-o-carisma-como-agasallo\/\" \/>\n<meta property=\"og:locale\" content=\"gl_ES\" \/>\n<meta property=\"og:type\" content=\"article\" \/>\n<meta property=\"og:title\" content=\"80\u00ba aniversario Movimiento Focolares: el carisma como un don - Focolares\" \/>\n<meta property=\"og:description\" content=\"Misa de acci\u00f3n de gracias del 7 de diciembre de 2023, con ocasi\u00f3n del 80\u00ba Aniversario del nacimiento del Movimiento de los Focolares.\" \/>\n<meta property=\"og:url\" content=\"https:\/\/focolares.es\/gl\/80-aniversario-do-movemento-dos-focolares-o-carisma-como-agasallo\/\" \/>\n<meta property=\"og:site_name\" content=\"Movimiento de los Focolares\" \/>\n<meta property=\"article:published_time\" content=\"2024-01-04T21:31:00+00:00\" \/>\n<meta property=\"article:modified_time\" content=\"2025-05-13T13:42:51+00:00\" \/>\n<meta property=\"og:image\" content=\"https:\/\/focolares.es\/wp-content\/uploads\/2024\/03\/Farrell-header_900x600.gif\" \/>\n\t<meta property=\"og:image:width\" content=\"900\" \/>\n\t<meta property=\"og:image:height\" content=\"600\" \/>\n\t<meta property=\"og:image:type\" content=\"image\/gif\" \/>\n<meta name=\"author\" content=\"Jordi Illa\" \/>\n<meta name=\"twitter:card\" content=\"summary_large_image\" \/>\n<meta name=\"twitter:label1\" content=\"Escrito por\" \/>\n\t<meta name=\"twitter:data1\" content=\"Jordi Illa\" \/>\n\t<meta name=\"twitter:label2\" content=\"Tempo de lectura\" \/>\n\t<meta name=\"twitter:data2\" content=\"2 minutos\" \/>\n<script type=\"application\/ld+json\" class=\"yoast-schema-graph\">{\"@context\":\"https:\/\/schema.org\",\"@graph\":[{\"@type\":\"Article\",\"@id\":\"https:\/\/focolares.es\/80-aniversario-movimiento-focolares-el-carisma-como-un-don\/#article\",\"isPartOf\":{\"@id\":\"https:\/\/focolares.es\/80-aniversario-movimiento-focolares-el-carisma-como-un-don\/\"},\"author\":{\"name\":\"Jordi Illa\",\"@id\":\"https:\/\/focolares.es\/#\/schema\/person\/126bed8dcef374cce0a19e99bfdc4fcd\"},\"headline\":\"80\u00b0 aniversario del Movimiento de los Focolares: el carisma como un don\",\"datePublished\":\"2024-01-04T21:31:00+00:00\",\"dateModified\":\"2025-05-13T13:42:51+00:00\",\"mainEntityOfPage\":{\"@id\":\"https:\/\/focolares.es\/80-aniversario-movimiento-focolares-el-carisma-como-un-don\/\"},\"wordCount\":301,\"commentCount\":0,\"publisher\":{\"@id\":\"https:\/\/focolares.es\/#organization\"},\"image\":{\"@id\":\"https:\/\/focolares.es\/80-aniversario-movimiento-focolares-el-carisma-como-un-don\/#primaryimage\"},\"thumbnailUrl\":\"https:\/\/focolares.es\/wp-content\/uploads\/2024\/03\/Farrell-header_900x600.gif\",\"keywords\":[\"Espiritualidad\",\"Iglesia\"],\"articleSection\":[\"Uncategorized\"],\"inLanguage\":\"gl-ES\",\"potentialAction\":[{\"@type\":\"CommentAction\",\"name\":\"Comment\",\"target\":[\"https:\/\/focolares.es\/80-aniversario-movimiento-focolares-el-carisma-como-un-don\/#respond\"]}]},{\"@type\":\"WebPage\",\"@id\":\"https:\/\/focolares.es\/80-aniversario-movimiento-focolares-el-carisma-como-un-don\/\",\"url\":\"https:\/\/focolares.es\/80-aniversario-movimiento-focolares-el-carisma-como-un-don\/\",\"name\":\"80\u00ba aniversario Movimiento Focolares: el carisma como un don - Focolares\",\"isPartOf\":{\"@id\":\"https:\/\/focolares.es\/#website\"},\"primaryImageOfPage\":{\"@id\":\"https:\/\/focolares.es\/80-aniversario-movimiento-focolares-el-carisma-como-un-don\/#primaryimage\"},\"image\":{\"@id\":\"https:\/\/focolares.es\/80-aniversario-movimiento-focolares-el-carisma-como-un-don\/#primaryimage\"},\"thumbnailUrl\":\"https:\/\/focolares.es\/wp-content\/uploads\/2024\/03\/Farrell-header_900x600.gif\",\"datePublished\":\"2024-01-04T21:31:00+00:00\",\"dateModified\":\"2025-05-13T13:42:51+00:00\",\"description\":\"Misa de acci\u00f3n de gracias del 7 de diciembre de 2023, con ocasi\u00f3n del 80\u00ba Aniversario del nacimiento del Movimiento de los Focolares.\",\"breadcrumb\":{\"@id\":\"https:\/\/focolares.es\/80-aniversario-movimiento-focolares-el-carisma-como-un-don\/#breadcrumb\"},\"inLanguage\":\"gl-ES\",\"potentialAction\":[{\"@type\":\"ReadAction\",\"target\":[\"https:\/\/focolares.es\/80-aniversario-movimiento-focolares-el-carisma-como-un-don\/\"]}]},{\"@type\":\"ImageObject\",\"inLanguage\":\"gl-ES\",\"@id\":\"https:\/\/focolares.es\/80-aniversario-movimiento-focolares-el-carisma-como-un-don\/#primaryimage\",\"url\":\"https:\/\/focolares.es\/wp-content\/uploads\/2024\/03\/Farrell-header_900x600.gif\",\"contentUrl\":\"https:\/\/focolares.es\/wp-content\/uploads\/2024\/03\/Farrell-header_900x600.gif\",\"width\":900,\"height\":600},{\"@type\":\"BreadcrumbList\",\"@id\":\"https:\/\/focolares.es\/80-aniversario-movimiento-focolares-el-carisma-como-un-don\/#breadcrumb\",\"itemListElement\":[{\"@type\":\"ListItem\",\"position\":1,\"name\":\"Portada\",\"item\":\"https:\/\/focolares.es\/\"},{\"@type\":\"ListItem\",\"position\":2,\"name\":\"80\u00b0 aniversario del Movimiento de los Focolares: el carisma como un don\"}]},{\"@type\":\"WebSite\",\"@id\":\"https:\/\/focolares.es\/#website\",\"url\":\"https:\/\/focolares.es\/\",\"name\":\"Movimiento de los Focolares\",\"description\":\"\",\"publisher\":{\"@id\":\"https:\/\/focolares.es\/#organization\"},\"potentialAction\":[{\"@type\":\"SearchAction\",\"target\":{\"@type\":\"EntryPoint\",\"urlTemplate\":\"https:\/\/focolares.es\/?s={search_term_string}\"},\"query-input\":{\"@type\":\"PropertyValueSpecification\",\"valueRequired\":true,\"valueName\":\"search_term_string\"}}],\"inLanguage\":\"gl-ES\"},{\"@type\":\"Organization\",\"@id\":\"https:\/\/focolares.es\/#organization\",\"name\":\"Movimiento de los Focolares\",\"url\":\"https:\/\/focolares.es\/\",\"logo\":{\"@type\":\"ImageObject\",\"inLanguage\":\"gl-ES\",\"@id\":\"https:\/\/focolares.es\/#\/schema\/logo\/image\/\",\"url\":\"https:\/\/focolares.es\/wp-content\/uploads\/2024\/03\/Logo_focolares-1024x944-1.jpg\",\"contentUrl\":\"https:\/\/focolares.es\/wp-content\/uploads\/2024\/03\/Logo_focolares-1024x944-1.jpg\",\"width\":1024,\"height\":944,\"caption\":\"Movimiento de los Focolares\"},\"image\":{\"@id\":\"https:\/\/focolares.es\/#\/schema\/logo\/image\/\"}},{\"@type\":\"Person\",\"@id\":\"https:\/\/focolares.es\/#\/schema\/person\/126bed8dcef374cce0a19e99bfdc4fcd\",\"name\":\"Jordi Illa\",\"image\":{\"@type\":\"ImageObject\",\"inLanguage\":\"gl-ES\",\"@id\":\"https:\/\/focolares.es\/wp-content\/litespeed\/avatar\/e8decbc8631810d24ab614c6ffa68ee7.jpg?ver=1777387854\",\"url\":\"https:\/\/focolares.es\/wp-content\/litespeed\/avatar\/e8decbc8631810d24ab614c6ffa68ee7.jpg?ver=1777387854\",\"contentUrl\":\"https:\/\/focolares.es\/wp-content\/litespeed\/avatar\/e8decbc8631810d24ab614c6ffa68ee7.jpg?ver=1777387854\",\"caption\":\"Jordi Illa\"},\"url\":\"https:\/\/focolares.es\/gl\/author\/jordi\/\"}]}<\/script>\n<!-- \/ Yoast SEO plugin. -->","yoast_head_json":{"title":"80 Aniversario do Movemento dos Focolares: Carisma como Don - Focolare","description":"Misa de Acci\u00f3n de Grazas o 7 de decembro de 2023, con motivo do 80 aniversario do nacemento do Movemento dos Focolares.","robots":{"index":"index","follow":"follow","max-snippet":"max-snippet:-1","max-image-preview":"max-image-preview:large","max-video-preview":"max-video-preview:-1"},"canonical":"https:\/\/focolares.es\/gl\/80-aniversario-do-movemento-dos-focolares-o-carisma-como-agasallo\/","og_locale":"gl_ES","og_type":"article","og_title":"80\u00ba aniversario Movimiento Focolares: el carisma como un don - Focolares","og_description":"Misa de acci\u00f3n de gracias del 7 de diciembre de 2023, con ocasi\u00f3n del 80\u00ba Aniversario del nacimiento del Movimiento de los Focolares.","og_url":"https:\/\/focolares.es\/gl\/80-aniversario-do-movemento-dos-focolares-o-carisma-como-agasallo\/","og_site_name":"Movimiento de los Focolares","article_published_time":"2024-01-04T21:31:00+00:00","article_modified_time":"2025-05-13T13:42:51+00:00","og_image":[{"width":900,"height":600,"url":"https:\/\/focolares.es\/wp-content\/uploads\/2024\/03\/Farrell-header_900x600.gif","type":"image\/gif"}],"author":"Jordi Illa","twitter_card":"summary_large_image","twitter_misc":{"Escrito por":"Jordi Illa","Tempo de lectura":"2 minutos"},"schema":{"@context":"https:\/\/schema.org","@graph":[{"@type":"Article","@id":"https:\/\/focolares.es\/80-aniversario-movimiento-focolares-el-carisma-como-un-don\/#article","isPartOf":{"@id":"https:\/\/focolares.es\/80-aniversario-movimiento-focolares-el-carisma-como-un-don\/"},"author":{"name":"Jordi Illa","@id":"https:\/\/focolares.es\/#\/schema\/person\/126bed8dcef374cce0a19e99bfdc4fcd"},"headline":"80\u00b0 aniversario del Movimiento de los Focolares: el carisma como un don","datePublished":"2024-01-04T21:31:00+00:00","dateModified":"2025-05-13T13:42:51+00:00","mainEntityOfPage":{"@id":"https:\/\/focolares.es\/80-aniversario-movimiento-focolares-el-carisma-como-un-don\/"},"wordCount":301,"commentCount":0,"publisher":{"@id":"https:\/\/focolares.es\/#organization"},"image":{"@id":"https:\/\/focolares.es\/80-aniversario-movimiento-focolares-el-carisma-como-un-don\/#primaryimage"},"thumbnailUrl":"https:\/\/focolares.es\/wp-content\/uploads\/2024\/03\/Farrell-header_900x600.gif","keywords":["Espiritualidad","Iglesia"],"articleSection":["Uncategorized"],"inLanguage":"gl-ES","potentialAction":[{"@type":"CommentAction","name":"Comment","target":["https:\/\/focolares.es\/80-aniversario-movimiento-focolares-el-carisma-como-un-don\/#respond"]}]},{"@type":"WebPage","@id":"https:\/\/focolares.es\/80-aniversario-movimiento-focolares-el-carisma-como-un-don\/","url":"https:\/\/focolares.es\/80-aniversario-movimiento-focolares-el-carisma-como-un-don\/","name":"80 Aniversario do Movemento dos Focolares: Carisma como Don - Focolare","isPartOf":{"@id":"https:\/\/focolares.es\/#website"},"primaryImageOfPage":{"@id":"https:\/\/focolares.es\/80-aniversario-movimiento-focolares-el-carisma-como-un-don\/#primaryimage"},"image":{"@id":"https:\/\/focolares.es\/80-aniversario-movimiento-focolares-el-carisma-como-un-don\/#primaryimage"},"thumbnailUrl":"https:\/\/focolares.es\/wp-content\/uploads\/2024\/03\/Farrell-header_900x600.gif","datePublished":"2024-01-04T21:31:00+00:00","dateModified":"2025-05-13T13:42:51+00:00","description":"Misa de Acci\u00f3n de Grazas o 7 de decembro de 2023, con motivo do 80 aniversario do nacemento do Movemento dos Focolares.","breadcrumb":{"@id":"https:\/\/focolares.es\/80-aniversario-movimiento-focolares-el-carisma-como-un-don\/#breadcrumb"},"inLanguage":"gl-ES","potentialAction":[{"@type":"ReadAction","target":["https:\/\/focolares.es\/80-aniversario-movimiento-focolares-el-carisma-como-un-don\/"]}]},{"@type":"ImageObject","inLanguage":"gl-ES","@id":"https:\/\/focolares.es\/80-aniversario-movimiento-focolares-el-carisma-como-un-don\/#primaryimage","url":"https:\/\/focolares.es\/wp-content\/uploads\/2024\/03\/Farrell-header_900x600.gif","contentUrl":"https:\/\/focolares.es\/wp-content\/uploads\/2024\/03\/Farrell-header_900x600.gif","width":900,"height":600},{"@type":"BreadcrumbList","@id":"https:\/\/focolares.es\/80-aniversario-movimiento-focolares-el-carisma-como-un-don\/#breadcrumb","itemListElement":[{"@type":"ListItem","position":1,"name":"Portada","item":"https:\/\/focolares.es\/"},{"@type":"ListItem","position":2,"name":"80\u00b0 aniversario del Movimiento de los Focolares: el carisma como un don"}]},{"@type":"WebSite","@id":"https:\/\/focolares.es\/#website","url":"https:\/\/focolares.es\/","name":"Movemento dos Focolares","description":"","publisher":{"@id":"https:\/\/focolares.es\/#organization"},"potentialAction":[{"@type":"SearchAction","target":{"@type":"EntryPoint","urlTemplate":"https:\/\/focolares.es\/?s={search_term_string}"},"query-input":{"@type":"PropertyValueSpecification","valueRequired":true,"valueName":"search_term_string"}}],"inLanguage":"gl-ES"},{"@type":"Organization","@id":"https:\/\/focolares.es\/#organization","name":"Movemento dos Focolares","url":"https:\/\/focolares.es\/","logo":{"@type":"ImageObject","inLanguage":"gl-ES","@id":"https:\/\/focolares.es\/#\/schema\/logo\/image\/","url":"https:\/\/focolares.es\/wp-content\/uploads\/2024\/03\/Logo_focolares-1024x944-1.jpg","contentUrl":"https:\/\/focolares.es\/wp-content\/uploads\/2024\/03\/Logo_focolares-1024x944-1.jpg","width":1024,"height":944,"caption":"Movimiento de los Focolares"},"image":{"@id":"https:\/\/focolares.es\/#\/schema\/logo\/image\/"}},{"@type":"Person","@id":"https:\/\/focolares.es\/#\/schema\/person\/126bed8dcef374cce0a19e99bfdc4fcd","name":"Jordi Illa","image":{"@type":"ImageObject","inLanguage":"gl-ES","@id":"https:\/\/focolares.es\/wp-content\/litespeed\/avatar\/e8decbc8631810d24ab614c6ffa68ee7.jpg?ver=1777387854","url":"https:\/\/focolares.es\/wp-content\/litespeed\/avatar\/e8decbc8631810d24ab614c6ffa68ee7.jpg?ver=1777387854","contentUrl":"https:\/\/focolares.es\/wp-content\/litespeed\/avatar\/e8decbc8631810d24ab614c6ffa68ee7.jpg?ver=1777387854","caption":"Jordi Illa"},"url":"https:\/\/focolares.es\/gl\/author\/jordi\/"}]}},"views":27,"_links":{"self":[{"href":"https:\/\/focolares.es\/gl\/wp-json\/wp\/v2\/posts\/4477","targetHints":{"allow":["GET"]}}],"collection":[{"href":"https:\/\/focolares.es\/gl\/wp-json\/wp\/v2\/posts"}],"about":[{"href":"https:\/\/focolares.es\/gl\/wp-json\/wp\/v2\/types\/post"}],"author":[{"embeddable":true,"href":"https:\/\/focolares.es\/gl\/wp-json\/wp\/v2\/users\/3"}],"replies":[{"embeddable":true,"href":"https:\/\/focolares.es\/gl\/wp-json\/wp\/v2\/comments?post=4477"}],"version-history":[{"count":6,"href":"https:\/\/focolares.es\/gl\/wp-json\/wp\/v2\/posts\/4477\/revisions"}],"predecessor-version":[{"id":15147,"href":"https:\/\/focolares.es\/gl\/wp-json\/wp\/v2\/posts\/4477\/revisions\/15147"}],"wp:featuredmedia":[{"embeddable":true,"href":"https:\/\/focolares.es\/gl\/wp-json\/wp\/v2\/media\/4480"}],"wp:attachment":[{"href":"https:\/\/focolares.es\/gl\/wp-json\/wp\/v2\/media?parent=4477"}],"wp:term":[{"taxonomy":"category","embeddable":true,"href":"https:\/\/focolares.es\/gl\/wp-json\/wp\/v2\/categories?post=4477"},{"taxonomy":"post_tag","embeddable":true,"href":"https:\/\/focolares.es\/gl\/wp-json\/wp\/v2\/tags?post=4477"}],"curies":[{"name":"wp","href":"https:\/\/api.w.org\/{rel}","templated":true}]}}